{"id":111130,"date":"2023-10-26T09:31:31","date_gmt":"2023-10-26T15:31:31","guid":{"rendered":"https:\/\/canal7slp.tv\/2023\/?p=111130"},"modified":"2023-10-26T09:31:31","modified_gmt":"2023-10-26T15:31:31","slug":"llama-iglesia-catolica-a-que-dependencias-privilegien-transparencia-sin-tomar-personal-cuestionamientos","status":"publish","type":"post","link":"https:\/\/canal7slp.tv\/2023\/llama-iglesia-catolica-a-que-dependencias-privilegien-transparencia-sin-tomar-personal-cuestionamientos\/","title":{"rendered":"Llama Iglesia Cat\u00f3lica a que dependencias privilegien transparencia, sin tomar personal cuestionamientos"},"content":{"rendered":"<p style=\"text-align: justify;\">SLP.-\u00a0Como sociedad se tiene derecho a la transparencia y este compromiso debe asumirse desde las instituciones.<\/p>\n<p style=\"text-align: justify;\">Este mensaje emana de la Iglesia Cat\u00f3lica, una vez que durante las comparecencias de funcionariado estatal, hubo coincidencia en la necesidad de que se rindan cuentas y publiquen datos que como entes obligados corresponden.<\/p>\n<p style=\"text-align: justify;\">El vocero del Arzobispado, Tom\u00e1s Cruz Perales expres\u00f3 que quienes son cuestionados, no tienen porqu\u00e9 tomarlo de forma personal.<\/p>\n<p style=\"text-align: justify;\">Madurez es lo que -afirm\u00f3- se esperar\u00eda de quienes se involucran en la pol\u00edtica.<\/p>\n<p style=\"text-align: justify;\">En ese sentido, se refiri\u00f3 a las cr\u00edticas vertidas a diputados locales por no cuestionar a fondo -como algunos esperaban-.<\/p>\n<p>Por: Paulina Rodr\u00edguez<\/p>\n","protected":false},"excerpt":{"rendered":"<p>SLP.-\u00a0Como sociedad se tiene derecho a la transparencia y este compromiso debe asumirse desde las instituciones. Este mensaje emana de la Iglesia Cat\u00f3lica, una vez que durante las comparecencias de funcionariado estatal, hubo coincidencia en la necesidad de que se rindan cuentas y publiquen datos que como entes obligados corresponden. El vocero del Arzobispado, Tom\u00e1s Cruz Perales expres\u00f3 que quienes son cuestionados, no tienen porqu\u00e9 tomarlo de forma personal. Madurez es lo que -afirm\u00f3- se esperar\u00eda de quienes se involucran en la pol\u00edtica. En ese sentido, se refiri\u00f3 a las cr\u00edticas vertidas a diputados locales por no cuestionar a fondo [&hellip;]<\/p>\n","protected":false},"author":2,"featured_media":111131,"comment_status":"closed","ping_status":"closed","sticky":false,"template":"","format":"video","meta":{"footnotes":""},"categories":[5,45],"tags":[],"class_list":["post-111130","post","type-post","status-publish","format-video","has-post-thumbnail","hentry","category-destacadas","category-localesyregionales","post_format-post-format-video","post--single"],"yoast_head":"<!-- This site is optimized with the Yoast SEO plugin v27.4 - https:\/\/yoast.com\/product\/yoast-seo-wordpress\/ -->\n<title>Llama Iglesia Cat\u00f3lica a que dependencias privilegien transparencia, sin tomar personal cuestionamientos - Canal 7 SLP - 2023<\/title>\n<meta name=\"robots\" content=\"index, follow, max-snippet:-1, max-image-preview:large, max-video-preview:-1\" \/>\n<link rel=\"canonical\" href=\"https:\/\/canal7slp.tv\/2023\/llama-iglesia-catolica-a-que-dependencias-privilegien-transparencia-sin-tomar-personal-cuestionamientos\/\" \/>\n<meta property=\"og:locale\" content=\"es_ES\" \/>\n<meta property=\"og:type\" content=\"article\" \/>\n<meta property=\"og:title\" content=\"Llama Iglesia Cat\u00f3lica a que dependencias privilegien transparencia, sin tomar personal cuestionamientos - Canal 7 SLP - 2023\" \/>\n<meta property=\"og:description\" content=\"SLP.-\u00a0Como sociedad se tiene derecho a la transparencia y este compromiso debe asumirse desde las instituciones. Este mensaje emana de la Iglesia Cat\u00f3lica, una vez que durante las comparecencias de funcionariado estatal, hubo coincidencia en la necesidad de que se rindan cuentas y publiquen datos que como entes obligados corresponden. El vocero del Arzobispado, Tom\u00e1s Cruz Perales expres\u00f3 que quienes son cuestionados, no tienen porqu\u00e9 tomarlo de forma personal. Madurez es lo que -afirm\u00f3- se esperar\u00eda de quienes se involucran en la pol\u00edtica. En ese sentido, se refiri\u00f3 a las cr\u00edticas vertidas a diputados locales por no cuestionar a fondo [&hellip;]\" \/>\n<meta property=\"og:url\" content=\"https:\/\/canal7slp.tv\/2023\/llama-iglesia-catolica-a-que-dependencias-privilegien-transparencia-sin-tomar-personal-cuestionamientos\/\" \/>\n<meta property=\"og:site_name\" content=\"Canal 7 SLP - 2023\" \/>\n<meta property=\"article:publisher\" content=\"https:\/\/www.facebook.com\/noticieroscanalsiete\" \/>\n<meta property=\"article:published_time\" content=\"2023-10-26T15:31:31+00:00\" \/>\n<meta property=\"og:image\" content=\"https:\/\/canal7slp.tv\/2023\/wp-content\/uploads\/2023\/10\/Pau03Transparencia.jpg\" \/>\n\t<meta property=\"og:image:width\" content=\"1280\" \/>\n\t<meta property=\"og:image:height\" content=\"720\" \/>\n\t<meta property=\"og:image:type\" content=\"image\/jpeg\" \/>\n<meta name=\"author\" content=\"Edici\u00f3n Web\" \/>\n<meta name=\"twitter:card\" content=\"summary_large_image\" \/>\n<meta name=\"twitter:creator\" content=\"@NOTICIEROS7\" \/>\n<meta name=\"twitter:site\" content=\"@NOTICIEROS7\" \/>\n<meta name=\"twitter:label1\" content=\"Escrito por\" \/>\n\t<meta name=\"twitter:data1\" content=\"Edici\u00f3n Web\" \/>\n\t<meta name=\"twitter:label2\" content=\"Tiempo de lectura\" \/>\n\t<meta name=\"twitter:data2\" content=\"1 minuto\" \/>\n<script type=\"application\/ld+json\" class=\"yoast-schema-graph\">{\"@context\":\"https:\\\/\\\/schema.org\",\"@graph\":[{\"@type\":\"Article\",\"@id\":\"https:\\\/\\\/canal7slp.tv\\\/2023\\\/llama-iglesia-catolica-a-que-dependencias-privilegien-transparencia-sin-tomar-personal-cuestionamientos\\\/#article\",\"isPartOf\":{\"@id\":\"https:\\\/\\\/canal7slp.tv\\\/2023\\\/llama-iglesia-catolica-a-que-dependencias-privilegien-transparencia-sin-tomar-personal-cuestionamientos\\\/\"},\"author\":{\"name\":\"Edici\u00f3n Web\",\"@id\":\"https:\\\/\\\/canal7slp.tv\\\/2023\\\/#\\\/schema\\\/person\\\/639c424e3584069003b11ae813915da6\"},\"headline\":\"Llama Iglesia Cat\u00f3lica a que dependencias privilegien transparencia, sin tomar personal cuestionamientos\",\"datePublished\":\"2023-10-26T15:31:31+00:00\",\"mainEntityOfPage\":{\"@id\":\"https:\\\/\\\/canal7slp.tv\\\/2023\\\/llama-iglesia-catolica-a-que-dependencias-privilegien-transparencia-sin-tomar-personal-cuestionamientos\\\/\"},\"wordCount\":128,\"publisher\":{\"@id\":\"https:\\\/\\\/canal7slp.tv\\\/2023\\\/#organization\"},\"image\":{\"@id\":\"https:\\\/\\\/canal7slp.tv\\\/2023\\\/llama-iglesia-catolica-a-que-dependencias-privilegien-transparencia-sin-tomar-personal-cuestionamientos\\\/#primaryimage\"},\"thumbnailUrl\":\"https:\\\/\\\/canal7slp.tv\\\/2023\\\/wp-content\\\/uploads\\\/2023\\\/10\\\/Pau03Transparencia.jpg\",\"articleSection\":[\"DESTACADAS\",\"LOCALES Y REGIONALES\"],\"inLanguage\":\"es\"},{\"@type\":\"WebPage\",\"@id\":\"https:\\\/\\\/canal7slp.tv\\\/2023\\\/llama-iglesia-catolica-a-que-dependencias-privilegien-transparencia-sin-tomar-personal-cuestionamientos\\\/\",\"url\":\"https:\\\/\\\/canal7slp.tv\\\/2023\\\/llama-iglesia-catolica-a-que-dependencias-privilegien-transparencia-sin-tomar-personal-cuestionamientos\\\/\",\"name\":\"Llama Iglesia Cat\u00f3lica a que dependencias privilegien transparencia, sin tomar personal cuestionamientos - Canal 7 SLP - 2023\",\"isPartOf\":{\"@id\":\"https:\\\/\\\/canal7slp.tv\\\/2023\\\/#website\"},\"primaryImageOfPage\":{\"@id\":\"https:\\\/\\\/canal7slp.tv\\\/2023\\\/llama-iglesia-catolica-a-que-dependencias-privilegien-transparencia-sin-tomar-personal-cuestionamientos\\\/#primaryimage\"},\"image\":{\"@id\":\"https:\\\/\\\/canal7slp.tv\\\/2023\\\/llama-iglesia-catolica-a-que-dependencias-privilegien-transparencia-sin-tomar-personal-cuestionamientos\\\/#primaryimage\"},\"thumbnailUrl\":\"https:\\\/\\\/canal7slp.tv\\\/2023\\\/wp-content\\\/uploads\\\/2023\\\/10\\\/Pau03Transparencia.jpg\",\"datePublished\":\"2023-10-26T15:31:31+00:00\",\"breadcrumb\":{\"@id\":\"https:\\\/\\\/canal7slp.tv\\\/2023\\\/llama-iglesia-catolica-a-que-dependencias-privilegien-transparencia-sin-tomar-personal-cuestionamientos\\\/#breadcrumb\"},\"inLanguage\":\"es\",\"potentialAction\":[{\"@type\":\"ReadAction\",\"target\":[\"https:\\\/\\\/canal7slp.tv\\\/2023\\\/llama-iglesia-catolica-a-que-dependencias-privilegien-transparencia-sin-tomar-personal-cuestionamientos\\\/\"]}]},{\"@type\":\"ImageObject\",\"inLanguage\":\"es\",\"@id\":\"https:\\\/\\\/canal7slp.tv\\\/2023\\\/llama-iglesia-catolica-a-que-dependencias-privilegien-transparencia-sin-tomar-personal-cuestionamientos\\\/#primaryimage\",\"url\":\"https:\\\/\\\/canal7slp.tv\\\/2023\\\/wp-content\\\/uploads\\\/2023\\\/10\\\/Pau03Transparencia.jpg\",\"contentUrl\":\"https:\\\/\\\/canal7slp.tv\\\/2023\\\/wp-content\\\/uploads\\\/2023\\\/10\\\/Pau03Transparencia.jpg\",\"width\":1280,\"height\":720},{\"@type\":\"BreadcrumbList\",\"@id\":\"https:\\\/\\\/canal7slp.tv\\\/2023\\\/llama-iglesia-catolica-a-que-dependencias-privilegien-transparencia-sin-tomar-personal-cuestionamientos\\\/#breadcrumb\",\"itemListElement\":[{\"@type\":\"ListItem\",\"position\":1,\"name\":\"Portada\",\"item\":\"https:\\\/\\\/canal7slp.tv\\\/2023\\\/\"},{\"@type\":\"ListItem\",\"position\":2,\"name\":\"Llama Iglesia Cat\u00f3lica a que dependencias privilegien transparencia, sin tomar personal cuestionamientos\"}]},{\"@type\":\"WebSite\",\"@id\":\"https:\\\/\\\/canal7slp.tv\\\/2023\\\/#website\",\"url\":\"https:\\\/\\\/canal7slp.tv\\\/2023\\\/\",\"name\":\"N7 - Noticieros Canal 7\",\"description\":\"Somos Televisi\u00f3n\",\"publisher\":{\"@id\":\"https:\\\/\\\/canal7slp.tv\\\/2023\\\/#organization\"},\"potentialAction\":[{\"@type\":\"SearchAction\",\"target\":{\"@type\":\"EntryPoint\",\"urlTemplate\":\"https:\\\/\\\/canal7slp.tv\\\/2023\\\/?s={search_term_string}\"},\"query-input\":{\"@type\":\"PropertyValueSpecification\",\"valueRequired\":true,\"valueName\":\"search_term_string\"}}],\"inLanguage\":\"es\"},{\"@type\":\"Organization\",\"@id\":\"https:\\\/\\\/canal7slp.tv\\\/2023\\\/#organization\",\"name\":\"Noticieros Canal 7\",\"url\":\"https:\\\/\\\/canal7slp.tv\\\/2023\\\/\",\"logo\":{\"@type\":\"ImageObject\",\"inLanguage\":\"es\",\"@id\":\"https:\\\/\\\/canal7slp.tv\\\/2023\\\/#\\\/schema\\\/logo\\\/image\\\/\",\"url\":\"https:\\\/\\\/canal7slp.tv\\\/2023\\\/wp-content\\\/uploads\\\/2021\\\/01\\\/logo-noticieros@2x.png\",\"contentUrl\":\"https:\\\/\\\/canal7slp.tv\\\/2023\\\/wp-content\\\/uploads\\\/2021\\\/01\\\/logo-noticieros@2x.png\",\"width\":1017,\"height\":268,\"caption\":\"Noticieros Canal 7\"},\"image\":{\"@id\":\"https:\\\/\\\/canal7slp.tv\\\/2023\\\/#\\\/schema\\\/logo\\\/image\\\/\"},\"sameAs\":[\"https:\\\/\\\/www.facebook.com\\\/noticieroscanalsiete\",\"https:\\\/\\\/x.com\\\/NOTICIEROS7\",\"https:\\\/\\\/www.instagram.com\\\/canal7_slp\",\"https:\\\/\\\/www.youtube.com\\\/channel\\\/UCliiYs-gP3JfJeqdPrNdd5A\"]},{\"@type\":\"Person\",\"@id\":\"https:\\\/\\\/canal7slp.tv\\\/2023\\\/#\\\/schema\\\/person\\\/639c424e3584069003b11ae813915da6\",\"name\":\"Edici\u00f3n Web\",\"image\":{\"@type\":\"ImageObject\",\"inLanguage\":\"es\",\"@id\":\"https:\\\/\\\/secure.gravatar.com\\\/avatar\\\/eee448fc3f7164808013b816ba91ac7e43bbe82a70bebac296f8bc6f0addaa1a?s=96&d=mm&r=g\",\"url\":\"https:\\\/\\\/secure.gravatar.com\\\/avatar\\\/eee448fc3f7164808013b816ba91ac7e43bbe82a70bebac296f8bc6f0addaa1a?s=96&d=mm&r=g\",\"contentUrl\":\"https:\\\/\\\/secure.gravatar.com\\\/avatar\\\/eee448fc3f7164808013b816ba91ac7e43bbe82a70bebac296f8bc6f0addaa1a?s=96&d=mm&r=g\",\"caption\":\"Edici\u00f3n Web\"},\"url\":\"https:\\\/\\\/canal7slp.tv\\\/2023\\\/author\\\/edicionweb\\\/\"}]}<\/script>\n<!-- \/ Yoast SEO plugin. -->","yoast_head_json":{"title":"Llama Iglesia Cat\u00f3lica a que dependencias privilegien transparencia, sin tomar personal cuestionamientos - Canal 7 SLP - 2023","robots":{"index":"index","follow":"follow","max-snippet":"max-snippet:-1","max-image-preview":"max-image-preview:large","max-video-preview":"max-video-preview:-1"},"canonical":"https:\/\/canal7slp.tv\/2023\/llama-iglesia-catolica-a-que-dependencias-privilegien-transparencia-sin-tomar-personal-cuestionamientos\/","og_locale":"es_ES","og_type":"article","og_title":"Llama Iglesia Cat\u00f3lica a que dependencias privilegien transparencia, sin tomar personal cuestionamientos - Canal 7 SLP - 2023","og_description":"SLP.-\u00a0Como sociedad se tiene derecho a la transparencia y este compromiso debe asumirse desde las instituciones. Este mensaje emana de la Iglesia Cat\u00f3lica, una vez que durante las comparecencias de funcionariado estatal, hubo coincidencia en la necesidad de que se rindan cuentas y publiquen datos que como entes obligados corresponden. El vocero del Arzobispado, Tom\u00e1s Cruz Perales expres\u00f3 que quienes son cuestionados, no tienen porqu\u00e9 tomarlo de forma personal. Madurez es lo que -afirm\u00f3- se esperar\u00eda de quienes se involucran en la pol\u00edtica. En ese sentido, se refiri\u00f3 a las cr\u00edticas vertidas a diputados locales por no cuestionar a fondo [&hellip;]","og_url":"https:\/\/canal7slp.tv\/2023\/llama-iglesia-catolica-a-que-dependencias-privilegien-transparencia-sin-tomar-personal-cuestionamientos\/","og_site_name":"Canal 7 SLP - 2023","article_publisher":"https:\/\/www.facebook.com\/noticieroscanalsiete","article_published_time":"2023-10-26T15:31:31+00:00","og_image":[{"width":1280,"height":720,"url":"https:\/\/canal7slp.tv\/2023\/wp-content\/uploads\/2023\/10\/Pau03Transparencia.jpg","type":"image\/jpeg"}],"author":"Edici\u00f3n Web","twitter_card":"summary_large_image","twitter_creator":"@NOTICIEROS7","twitter_site":"@NOTICIEROS7","twitter_misc":{"Escrito por":"Edici\u00f3n Web","Tiempo de lectura":"1 minuto"},"schema":{"@context":"https:\/\/schema.org","@graph":[{"@type":"Article","@id":"https:\/\/canal7slp.tv\/2023\/llama-iglesia-catolica-a-que-dependencias-privilegien-transparencia-sin-tomar-personal-cuestionamientos\/#article","isPartOf":{"@id":"https:\/\/canal7slp.tv\/2023\/llama-iglesia-catolica-a-que-dependencias-privilegien-transparencia-sin-tomar-personal-cuestionamientos\/"},"author":{"name":"Edici\u00f3n Web","@id":"https:\/\/canal7slp.tv\/2023\/#\/schema\/person\/639c424e3584069003b11ae813915da6"},"headline":"Llama Iglesia Cat\u00f3lica a que dependencias privilegien transparencia, sin tomar personal cuestionamientos","datePublished":"2023-10-26T15:31:31+00:00","mainEntityOfPage":{"@id":"https:\/\/canal7slp.tv\/2023\/llama-iglesia-catolica-a-que-dependencias-privilegien-transparencia-sin-tomar-personal-cuestionamientos\/"},"wordCount":128,"publisher":{"@id":"https:\/\/canal7slp.tv\/2023\/#organization"},"image":{"@id":"https:\/\/canal7slp.tv\/2023\/llama-iglesia-catolica-a-que-dependencias-privilegien-transparencia-sin-tomar-personal-cuestionamientos\/#primaryimage"},"thumbnailUrl":"https:\/\/canal7slp.tv\/2023\/wp-content\/uploads\/2023\/10\/Pau03Transparencia.jpg","articleSection":["DESTACADAS","LOCALES Y REGIONALES"],"inLanguage":"es"},{"@type":"WebPage","@id":"https:\/\/canal7slp.tv\/2023\/llama-iglesia-catolica-a-que-dependencias-privilegien-transparencia-sin-tomar-personal-cuestionamientos\/","url":"https:\/\/canal7slp.tv\/2023\/llama-iglesia-catolica-a-que-dependencias-privilegien-transparencia-sin-tomar-personal-cuestionamientos\/","name":"Llama Iglesia Cat\u00f3lica a que dependencias privilegien transparencia, sin tomar personal cuestionamientos - Canal 7 SLP - 2023","isPartOf":{"@id":"https:\/\/canal7slp.tv\/2023\/#website"},"primaryImageOfPage":{"@id":"https:\/\/canal7slp.tv\/2023\/llama-iglesia-catolica-a-que-dependencias-privilegien-transparencia-sin-tomar-personal-cuestionamientos\/#primaryimage"},"image":{"@id":"https:\/\/canal7slp.tv\/2023\/llama-iglesia-catolica-a-que-dependencias-privilegien-transparencia-sin-tomar-personal-cuestionamientos\/#primaryimage"},"thumbnailUrl":"https:\/\/canal7slp.tv\/2023\/wp-content\/uploads\/2023\/10\/Pau03Transparencia.jpg","datePublished":"2023-10-26T15:31:31+00:00","breadcrumb":{"@id":"https:\/\/canal7slp.tv\/2023\/llama-iglesia-catolica-a-que-dependencias-privilegien-transparencia-sin-tomar-personal-cuestionamientos\/#breadcrumb"},"inLanguage":"es","potentialAction":[{"@type":"ReadAction","target":["https:\/\/canal7slp.tv\/2023\/llama-iglesia-catolica-a-que-dependencias-privilegien-transparencia-sin-tomar-personal-cuestionamientos\/"]}]},{"@type":"ImageObject","inLanguage":"es","@id":"https:\/\/canal7slp.tv\/2023\/llama-iglesia-catolica-a-que-dependencias-privilegien-transparencia-sin-tomar-personal-cuestionamientos\/#primaryimage","url":"https:\/\/canal7slp.tv\/2023\/wp-content\/uploads\/2023\/10\/Pau03Transparencia.jpg","contentUrl":"https:\/\/canal7slp.tv\/2023\/wp-content\/uploads\/2023\/10\/Pau03Transparencia.jpg","width":1280,"height":720},{"@type":"BreadcrumbList","@id":"https:\/\/canal7slp.tv\/2023\/llama-iglesia-catolica-a-que-dependencias-privilegien-transparencia-sin-tomar-personal-cuestionamientos\/#breadcrumb","itemListElement":[{"@type":"ListItem","position":1,"name":"Portada","item":"https:\/\/canal7slp.tv\/2023\/"},{"@type":"ListItem","position":2,"name":"Llama Iglesia Cat\u00f3lica a que dependencias privilegien transparencia, sin tomar personal cuestionamientos"}]},{"@type":"WebSite","@id":"https:\/\/canal7slp.tv\/2023\/#website","url":"https:\/\/canal7slp.tv\/2023\/","name":"N7 - Noticieros Canal 7","description":"Somos Televisi\u00f3n","publisher":{"@id":"https:\/\/canal7slp.tv\/2023\/#organization"},"potentialAction":[{"@type":"SearchAction","target":{"@type":"EntryPoint","urlTemplate":"https:\/\/canal7slp.tv\/2023\/?s={search_term_string}"},"query-input":{"@type":"PropertyValueSpecification","valueRequired":true,"valueName":"search_term_string"}}],"inLanguage":"es"},{"@type":"Organization","@id":"https:\/\/canal7slp.tv\/2023\/#organization","name":"Noticieros Canal 7","url":"https:\/\/canal7slp.tv\/2023\/","logo":{"@type":"ImageObject","inLanguage":"es","@id":"https:\/\/canal7slp.tv\/2023\/#\/schema\/logo\/image\/","url":"https:\/\/canal7slp.tv\/2023\/wp-content\/uploads\/2021\/01\/logo-noticieros@2x.png","contentUrl":"https:\/\/canal7slp.tv\/2023\/wp-content\/uploads\/2021\/01\/logo-noticieros@2x.png","width":1017,"height":268,"caption":"Noticieros Canal 7"},"image":{"@id":"https:\/\/canal7slp.tv\/2023\/#\/schema\/logo\/image\/"},"sameAs":["https:\/\/www.facebook.com\/noticieroscanalsiete","https:\/\/x.com\/NOTICIEROS7","https:\/\/www.instagram.com\/canal7_slp","https:\/\/www.youtube.com\/channel\/UCliiYs-gP3JfJeqdPrNdd5A"]},{"@type":"Person","@id":"https:\/\/canal7slp.tv\/2023\/#\/schema\/person\/639c424e3584069003b11ae813915da6","name":"Edici\u00f3n Web","image":{"@type":"ImageObject","inLanguage":"es","@id":"https:\/\/secure.gravatar.com\/avatar\/eee448fc3f7164808013b816ba91ac7e43bbe82a70bebac296f8bc6f0addaa1a?s=96&d=mm&r=g","url":"https:\/\/secure.gravatar.com\/avatar\/eee448fc3f7164808013b816ba91ac7e43bbe82a70bebac296f8bc6f0addaa1a?s=96&d=mm&r=g","contentUrl":"https:\/\/secure.gravatar.com\/avatar\/eee448fc3f7164808013b816ba91ac7e43bbe82a70bebac296f8bc6f0addaa1a?s=96&d=mm&r=g","caption":"Edici\u00f3n Web"},"url":"https:\/\/canal7slp.tv\/2023\/author\/edicionweb\/"}]}},"_links":{"self":[{"href":"https:\/\/canal7slp.tv\/2023\/wp-json\/wp\/v2\/posts\/111130","targetHints":{"allow":["GET"]}}],"collection":[{"href":"https:\/\/canal7slp.tv\/2023\/wp-json\/wp\/v2\/posts"}],"about":[{"href":"https:\/\/canal7slp.tv\/2023\/wp-json\/wp\/v2\/types\/post"}],"author":[{"embeddable":true,"href":"https:\/\/canal7slp.tv\/2023\/wp-json\/wp\/v2\/users\/2"}],"replies":[{"embeddable":true,"href":"https:\/\/canal7slp.tv\/2023\/wp-json\/wp\/v2\/comments?post=111130"}],"version-history":[{"count":1,"href":"https:\/\/canal7slp.tv\/2023\/wp-json\/wp\/v2\/posts\/111130\/revisions"}],"predecessor-version":[{"id":111132,"href":"https:\/\/canal7slp.tv\/2023\/wp-json\/wp\/v2\/posts\/111130\/revisions\/111132"}],"wp:featuredmedia":[{"embeddable":true,"href":"https:\/\/canal7slp.tv\/2023\/wp-json\/wp\/v2\/media\/111131"}],"wp:attachment":[{"href":"https:\/\/canal7slp.tv\/2023\/wp-json\/wp\/v2\/media?parent=111130"}],"wp:term":[{"taxonomy":"category","embeddable":true,"href":"https:\/\/canal7slp.tv\/2023\/wp-json\/wp\/v2\/categories?post=111130"},{"taxonomy":"post_tag","embeddable":true,"href":"https:\/\/canal7slp.tv\/2023\/wp-json\/wp\/v2\/tags?post=111130"}],"curies":[{"name":"wp","href":"https:\/\/api.w.org\/{rel}","templated":true}]}}