{"id":111030,"date":"2023-10-25T16:36:32","date_gmt":"2023-10-25T22:36:32","guid":{"rendered":"https:\/\/canal7slp.tv\/2023\/?p=111030"},"modified":"2023-10-25T16:36:32","modified_gmt":"2023-10-25T22:36:32","slug":"caen-solicitudes-de-asilo-en-frontera-sur-de-mexico","status":"publish","type":"post","link":"https:\/\/canal7slp.tv\/2023\/caen-solicitudes-de-asilo-en-frontera-sur-de-mexico\/","title":{"rendered":"Caen solicitudes de asilo en frontera sur de M\u00e9xico"},"content":{"rendered":"<p style=\"text-align: justify;\">M\u00e9xico.- La Comisi\u00f3n Mexicana de Ayuda a Refugiados (COMAR) report\u00f3 una ca\u00edda del 50% en la atenci\u00f3n a solicitantes de asilo en la frontera sur de M\u00e9xico durante octubre, tras la oleada migratoria de septiembre.<\/p>\n<p style=\"text-align: justify;\">Aunque se ha registrado una disminuci\u00f3n, la saturaci\u00f3n de migrantes contin\u00faa siendo un desaf\u00edo.<\/p>\n<p style=\"text-align: justify;\">Daladier Anzueto, jefe de la Comar en Chiapas, destac\u00f3 que si bien ha habido una reducci\u00f3n en el n\u00famero de migrantes, a\u00fan se considera considerable.<\/p>\n<p style=\"text-align: justify;\">\u00abAntes atend\u00edamos entre 6 mil y 7 mil migrantes diarios, ahora estamos recibiendo entre 2 mil 500 y mil 800\u00bb, indic\u00f3 el funcionario.<\/p>\n<p style=\"text-align: justify;\">A pesar de la disminuci\u00f3n del flujo migratorio, se han producido seis enfrentamientos en menos de una semana en el Parque Ecol\u00f3gico de Tapachula, en la frontera entre M\u00e9xico y Guatemala.<\/p>\n<p style=\"text-align: justify;\">Estos enfrentamientos involucran a miles de migrantes, principalmente haitianos, quienes exigen atenci\u00f3n por parte de la Comar.<\/p>\n<p style=\"text-align: justify;\">Incluso el lunes pasado se registr\u00f3 un choque entre miles de migrantes y las autoridades, resultando en dos detenidos y al menos diez heridos.<\/p>\n<p style=\"text-align: justify;\">Ante esta situaci\u00f3n, la Comar ha implementado nuevas estrategias para evitar aglomeraciones.<\/p>\n<p style=\"text-align: justify;\">\u00abAhora hemos adoptado una nueva estrategia que consiste en no emitir ning\u00fan documento aqu\u00ed en el Parque Ecol\u00f3gico, ya que muchas veces ese documento era utilizado como un documento de viaje. Con el objetivo de evitar complicaciones, hemos decidido no emitir ning\u00fan documento\u00bb, explic\u00f3 Anzueto.<\/p>\n","protected":false},"excerpt":{"rendered":"<p>M\u00e9xico.- La Comisi\u00f3n Mexicana de Ayuda a Refugiados (COMAR) report\u00f3 una ca\u00edda del 50% en la atenci\u00f3n a solicitantes de asilo en la frontera sur de M\u00e9xico durante octubre, tras la oleada migratoria de septiembre. Aunque se ha registrado una disminuci\u00f3n, la saturaci\u00f3n de migrantes contin\u00faa siendo un desaf\u00edo. Daladier Anzueto, jefe de la Comar en Chiapas, destac\u00f3 que si bien ha habido una reducci\u00f3n en el n\u00famero de migrantes, a\u00fan se considera considerable. \u00abAntes atend\u00edamos entre 6 mil y 7 mil migrantes diarios, ahora estamos recibiendo entre 2 mil 500 y mil 800\u00bb, indic\u00f3 el funcionario. A pesar de [&hellip;]<\/p>\n","protected":false},"author":2,"featured_media":111056,"comment_status":"closed","ping_status":"closed","sticky":false,"template":"","format":"standard","meta":{"footnotes":""},"categories":[46],"tags":[],"class_list":["post-111030","post","type-post","status-publish","format-standard","has-post-thumbnail","hentry","category-nacional","post--single"],"yoast_head":"<!-- This site is optimized with the Yoast SEO plugin v27.5 - https:\/\/yoast.com\/product\/yoast-seo-wordpress\/ -->\n<title>Caen solicitudes de asilo en frontera sur de M\u00e9xico - Canal 7 SLP - 2023<\/title>\n<meta name=\"robots\" content=\"index, follow, max-snippet:-1, max-image-preview:large, max-video-preview:-1\" \/>\n<link rel=\"canonical\" href=\"https:\/\/canal7slp.tv\/2023\/caen-solicitudes-de-asilo-en-frontera-sur-de-mexico\/\" \/>\n<meta property=\"og:locale\" content=\"es_ES\" \/>\n<meta property=\"og:type\" content=\"article\" \/>\n<meta property=\"og:title\" content=\"Caen solicitudes de asilo en frontera sur de M\u00e9xico - Canal 7 SLP - 2023\" \/>\n<meta property=\"og:description\" content=\"M\u00e9xico.- La Comisi\u00f3n Mexicana de Ayuda a Refugiados (COMAR) report\u00f3 una ca\u00edda del 50% en la atenci\u00f3n a solicitantes de asilo en la frontera sur de M\u00e9xico durante octubre, tras la oleada migratoria de septiembre. Aunque se ha registrado una disminuci\u00f3n, la saturaci\u00f3n de migrantes contin\u00faa siendo un desaf\u00edo. Daladier Anzueto, jefe de la Comar en Chiapas, destac\u00f3 que si bien ha habido una reducci\u00f3n en el n\u00famero de migrantes, a\u00fan se considera considerable. \u00abAntes atend\u00edamos entre 6 mil y 7 mil migrantes diarios, ahora estamos recibiendo entre 2 mil 500 y mil 800\u00bb, indic\u00f3 el funcionario. A pesar de [&hellip;]\" \/>\n<meta property=\"og:url\" content=\"https:\/\/canal7slp.tv\/2023\/caen-solicitudes-de-asilo-en-frontera-sur-de-mexico\/\" \/>\n<meta property=\"og:site_name\" content=\"Canal 7 SLP - 2023\" \/>\n<meta property=\"article:publisher\" content=\"https:\/\/www.facebook.com\/noticieroscanalsiete\" \/>\n<meta property=\"article:published_time\" content=\"2023-10-25T22:36:32+00:00\" \/>\n<meta property=\"og:image\" content=\"https:\/\/canal7slp.tv\/2023\/wp-content\/uploads\/2023\/10\/02-21.jpg\" \/>\n\t<meta property=\"og:image:width\" content=\"1200\" \/>\n\t<meta property=\"og:image:height\" content=\"830\" \/>\n\t<meta property=\"og:image:type\" content=\"image\/jpeg\" \/>\n<meta name=\"author\" content=\"Edici\u00f3n Web\" \/>\n<meta name=\"twitter:card\" content=\"summary_large_image\" \/>\n<meta name=\"twitter:creator\" content=\"@NOTICIEROS7\" \/>\n<meta name=\"twitter:site\" content=\"@NOTICIEROS7\" \/>\n<meta name=\"twitter:label1\" content=\"Escrito por\" \/>\n\t<meta name=\"twitter:data1\" content=\"Edici\u00f3n Web\" \/>\n\t<meta name=\"twitter:label2\" content=\"Tiempo de lectura\" \/>\n\t<meta name=\"twitter:data2\" content=\"2 minutos\" \/>\n<script type=\"application\/ld+json\" class=\"yoast-schema-graph\">{\"@context\":\"https:\\\/\\\/schema.org\",\"@graph\":[{\"@type\":\"Article\",\"@id\":\"https:\\\/\\\/canal7slp.tv\\\/2023\\\/caen-solicitudes-de-asilo-en-frontera-sur-de-mexico\\\/#article\",\"isPartOf\":{\"@id\":\"https:\\\/\\\/canal7slp.tv\\\/2023\\\/caen-solicitudes-de-asilo-en-frontera-sur-de-mexico\\\/\"},\"author\":{\"name\":\"Edici\u00f3n Web\",\"@id\":\"https:\\\/\\\/canal7slp.tv\\\/2023\\\/#\\\/schema\\\/person\\\/639c424e3584069003b11ae813915da6\"},\"headline\":\"Caen solicitudes de asilo en frontera sur de M\u00e9xico\",\"datePublished\":\"2023-10-25T22:36:32+00:00\",\"mainEntityOfPage\":{\"@id\":\"https:\\\/\\\/canal7slp.tv\\\/2023\\\/caen-solicitudes-de-asilo-en-frontera-sur-de-mexico\\\/\"},\"wordCount\":252,\"publisher\":{\"@id\":\"https:\\\/\\\/canal7slp.tv\\\/2023\\\/#organization\"},\"image\":{\"@id\":\"https:\\\/\\\/canal7slp.tv\\\/2023\\\/caen-solicitudes-de-asilo-en-frontera-sur-de-mexico\\\/#primaryimage\"},\"thumbnailUrl\":\"https:\\\/\\\/canal7slp.tv\\\/2023\\\/wp-content\\\/uploads\\\/2023\\\/10\\\/02-21.jpg\",\"articleSection\":[\"NACIONALES\"],\"inLanguage\":\"es\"},{\"@type\":\"WebPage\",\"@id\":\"https:\\\/\\\/canal7slp.tv\\\/2023\\\/caen-solicitudes-de-asilo-en-frontera-sur-de-mexico\\\/\",\"url\":\"https:\\\/\\\/canal7slp.tv\\\/2023\\\/caen-solicitudes-de-asilo-en-frontera-sur-de-mexico\\\/\",\"name\":\"Caen solicitudes de asilo en frontera sur de M\u00e9xico - Canal 7 SLP - 2023\",\"isPartOf\":{\"@id\":\"https:\\\/\\\/canal7slp.tv\\\/2023\\\/#website\"},\"primaryImageOfPage\":{\"@id\":\"https:\\\/\\\/canal7slp.tv\\\/2023\\\/caen-solicitudes-de-asilo-en-frontera-sur-de-mexico\\\/#primaryimage\"},\"image\":{\"@id\":\"https:\\\/\\\/canal7slp.tv\\\/2023\\\/caen-solicitudes-de-asilo-en-frontera-sur-de-mexico\\\/#primaryimage\"},\"thumbnailUrl\":\"https:\\\/\\\/canal7slp.tv\\\/2023\\\/wp-content\\\/uploads\\\/2023\\\/10\\\/02-21.jpg\",\"datePublished\":\"2023-10-25T22:36:32+00:00\",\"breadcrumb\":{\"@id\":\"https:\\\/\\\/canal7slp.tv\\\/2023\\\/caen-solicitudes-de-asilo-en-frontera-sur-de-mexico\\\/#breadcrumb\"},\"inLanguage\":\"es\",\"potentialAction\":[{\"@type\":\"ReadAction\",\"target\":[\"https:\\\/\\\/canal7slp.tv\\\/2023\\\/caen-solicitudes-de-asilo-en-frontera-sur-de-mexico\\\/\"]}]},{\"@type\":\"ImageObject\",\"inLanguage\":\"es\",\"@id\":\"https:\\\/\\\/canal7slp.tv\\\/2023\\\/caen-solicitudes-de-asilo-en-frontera-sur-de-mexico\\\/#primaryimage\",\"url\":\"https:\\\/\\\/canal7slp.tv\\\/2023\\\/wp-content\\\/uploads\\\/2023\\\/10\\\/02-21.jpg\",\"contentUrl\":\"https:\\\/\\\/canal7slp.tv\\\/2023\\\/wp-content\\\/uploads\\\/2023\\\/10\\\/02-21.jpg\",\"width\":1200,\"height\":830},{\"@type\":\"BreadcrumbList\",\"@id\":\"https:\\\/\\\/canal7slp.tv\\\/2023\\\/caen-solicitudes-de-asilo-en-frontera-sur-de-mexico\\\/#breadcrumb\",\"itemListElement\":[{\"@type\":\"ListItem\",\"position\":1,\"name\":\"Portada\",\"item\":\"https:\\\/\\\/canal7slp.tv\\\/2023\\\/\"},{\"@type\":\"ListItem\",\"position\":2,\"name\":\"Caen solicitudes de asilo en frontera sur de M\u00e9xico\"}]},{\"@type\":\"WebSite\",\"@id\":\"https:\\\/\\\/canal7slp.tv\\\/2023\\\/#website\",\"url\":\"https:\\\/\\\/canal7slp.tv\\\/2023\\\/\",\"name\":\"N7 - Noticieros Canal 7\",\"description\":\"Somos Televisi\u00f3n\",\"publisher\":{\"@id\":\"https:\\\/\\\/canal7slp.tv\\\/2023\\\/#organization\"},\"potentialAction\":[{\"@type\":\"SearchAction\",\"target\":{\"@type\":\"EntryPoint\",\"urlTemplate\":\"https:\\\/\\\/canal7slp.tv\\\/2023\\\/?s={search_term_string}\"},\"query-input\":{\"@type\":\"PropertyValueSpecification\",\"valueRequired\":true,\"valueName\":\"search_term_string\"}}],\"inLanguage\":\"es\"},{\"@type\":\"Organization\",\"@id\":\"https:\\\/\\\/canal7slp.tv\\\/2023\\\/#organization\",\"name\":\"Noticieros Canal 7\",\"url\":\"https:\\\/\\\/canal7slp.tv\\\/2023\\\/\",\"logo\":{\"@type\":\"ImageObject\",\"inLanguage\":\"es\",\"@id\":\"https:\\\/\\\/canal7slp.tv\\\/2023\\\/#\\\/schema\\\/logo\\\/image\\\/\",\"url\":\"https:\\\/\\\/canal7slp.tv\\\/2023\\\/wp-content\\\/uploads\\\/2021\\\/01\\\/logo-noticieros@2x.png\",\"contentUrl\":\"https:\\\/\\\/canal7slp.tv\\\/2023\\\/wp-content\\\/uploads\\\/2021\\\/01\\\/logo-noticieros@2x.png\",\"width\":1017,\"height\":268,\"caption\":\"Noticieros Canal 7\"},\"image\":{\"@id\":\"https:\\\/\\\/canal7slp.tv\\\/2023\\\/#\\\/schema\\\/logo\\\/image\\\/\"},\"sameAs\":[\"https:\\\/\\\/www.facebook.com\\\/noticieroscanalsiete\",\"https:\\\/\\\/x.com\\\/NOTICIEROS7\",\"https:\\\/\\\/www.instagram.com\\\/canal7_slp\",\"https:\\\/\\\/www.youtube.com\\\/channel\\\/UCliiYs-gP3JfJeqdPrNdd5A\"]},{\"@type\":\"Person\",\"@id\":\"https:\\\/\\\/canal7slp.tv\\\/2023\\\/#\\\/schema\\\/person\\\/639c424e3584069003b11ae813915da6\",\"name\":\"Edici\u00f3n Web\",\"image\":{\"@type\":\"ImageObject\",\"inLanguage\":\"es\",\"@id\":\"https:\\\/\\\/secure.gravatar.com\\\/avatar\\\/eee448fc3f7164808013b816ba91ac7e43bbe82a70bebac296f8bc6f0addaa1a?s=96&d=mm&r=g\",\"url\":\"https:\\\/\\\/secure.gravatar.com\\\/avatar\\\/eee448fc3f7164808013b816ba91ac7e43bbe82a70bebac296f8bc6f0addaa1a?s=96&d=mm&r=g\",\"contentUrl\":\"https:\\\/\\\/secure.gravatar.com\\\/avatar\\\/eee448fc3f7164808013b816ba91ac7e43bbe82a70bebac296f8bc6f0addaa1a?s=96&d=mm&r=g\",\"caption\":\"Edici\u00f3n Web\"},\"url\":\"https:\\\/\\\/canal7slp.tv\\\/2023\\\/author\\\/edicionweb\\\/\"}]}<\/script>\n<!-- \/ Yoast SEO plugin. -->","yoast_head_json":{"title":"Caen solicitudes de asilo en frontera sur de M\u00e9xico - Canal 7 SLP - 2023","robots":{"index":"index","follow":"follow","max-snippet":"max-snippet:-1","max-image-preview":"max-image-preview:large","max-video-preview":"max-video-preview:-1"},"canonical":"https:\/\/canal7slp.tv\/2023\/caen-solicitudes-de-asilo-en-frontera-sur-de-mexico\/","og_locale":"es_ES","og_type":"article","og_title":"Caen solicitudes de asilo en frontera sur de M\u00e9xico - Canal 7 SLP - 2023","og_description":"M\u00e9xico.- La Comisi\u00f3n Mexicana de Ayuda a Refugiados (COMAR) report\u00f3 una ca\u00edda del 50% en la atenci\u00f3n a solicitantes de asilo en la frontera sur de M\u00e9xico durante octubre, tras la oleada migratoria de septiembre. Aunque se ha registrado una disminuci\u00f3n, la saturaci\u00f3n de migrantes contin\u00faa siendo un desaf\u00edo. Daladier Anzueto, jefe de la Comar en Chiapas, destac\u00f3 que si bien ha habido una reducci\u00f3n en el n\u00famero de migrantes, a\u00fan se considera considerable. \u00abAntes atend\u00edamos entre 6 mil y 7 mil migrantes diarios, ahora estamos recibiendo entre 2 mil 500 y mil 800\u00bb, indic\u00f3 el funcionario. A pesar de [&hellip;]","og_url":"https:\/\/canal7slp.tv\/2023\/caen-solicitudes-de-asilo-en-frontera-sur-de-mexico\/","og_site_name":"Canal 7 SLP - 2023","article_publisher":"https:\/\/www.facebook.com\/noticieroscanalsiete","article_published_time":"2023-10-25T22:36:32+00:00","og_image":[{"width":1200,"height":830,"url":"https:\/\/canal7slp.tv\/2023\/wp-content\/uploads\/2023\/10\/02-21.jpg","type":"image\/jpeg"}],"author":"Edici\u00f3n Web","twitter_card":"summary_large_image","twitter_creator":"@NOTICIEROS7","twitter_site":"@NOTICIEROS7","twitter_misc":{"Escrito por":"Edici\u00f3n Web","Tiempo de lectura":"2 minutos"},"schema":{"@context":"https:\/\/schema.org","@graph":[{"@type":"Article","@id":"https:\/\/canal7slp.tv\/2023\/caen-solicitudes-de-asilo-en-frontera-sur-de-mexico\/#article","isPartOf":{"@id":"https:\/\/canal7slp.tv\/2023\/caen-solicitudes-de-asilo-en-frontera-sur-de-mexico\/"},"author":{"name":"Edici\u00f3n Web","@id":"https:\/\/canal7slp.tv\/2023\/#\/schema\/person\/639c424e3584069003b11ae813915da6"},"headline":"Caen solicitudes de asilo en frontera sur de M\u00e9xico","datePublished":"2023-10-25T22:36:32+00:00","mainEntityOfPage":{"@id":"https:\/\/canal7slp.tv\/2023\/caen-solicitudes-de-asilo-en-frontera-sur-de-mexico\/"},"wordCount":252,"publisher":{"@id":"https:\/\/canal7slp.tv\/2023\/#organization"},"image":{"@id":"https:\/\/canal7slp.tv\/2023\/caen-solicitudes-de-asilo-en-frontera-sur-de-mexico\/#primaryimage"},"thumbnailUrl":"https:\/\/canal7slp.tv\/2023\/wp-content\/uploads\/2023\/10\/02-21.jpg","articleSection":["NACIONALES"],"inLanguage":"es"},{"@type":"WebPage","@id":"https:\/\/canal7slp.tv\/2023\/caen-solicitudes-de-asilo-en-frontera-sur-de-mexico\/","url":"https:\/\/canal7slp.tv\/2023\/caen-solicitudes-de-asilo-en-frontera-sur-de-mexico\/","name":"Caen solicitudes de asilo en frontera sur de M\u00e9xico - Canal 7 SLP - 2023","isPartOf":{"@id":"https:\/\/canal7slp.tv\/2023\/#website"},"primaryImageOfPage":{"@id":"https:\/\/canal7slp.tv\/2023\/caen-solicitudes-de-asilo-en-frontera-sur-de-mexico\/#primaryimage"},"image":{"@id":"https:\/\/canal7slp.tv\/2023\/caen-solicitudes-de-asilo-en-frontera-sur-de-mexico\/#primaryimage"},"thumbnailUrl":"https:\/\/canal7slp.tv\/2023\/wp-content\/uploads\/2023\/10\/02-21.jpg","datePublished":"2023-10-25T22:36:32+00:00","breadcrumb":{"@id":"https:\/\/canal7slp.tv\/2023\/caen-solicitudes-de-asilo-en-frontera-sur-de-mexico\/#breadcrumb"},"inLanguage":"es","potentialAction":[{"@type":"ReadAction","target":["https:\/\/canal7slp.tv\/2023\/caen-solicitudes-de-asilo-en-frontera-sur-de-mexico\/"]}]},{"@type":"ImageObject","inLanguage":"es","@id":"https:\/\/canal7slp.tv\/2023\/caen-solicitudes-de-asilo-en-frontera-sur-de-mexico\/#primaryimage","url":"https:\/\/canal7slp.tv\/2023\/wp-content\/uploads\/2023\/10\/02-21.jpg","contentUrl":"https:\/\/canal7slp.tv\/2023\/wp-content\/uploads\/2023\/10\/02-21.jpg","width":1200,"height":830},{"@type":"BreadcrumbList","@id":"https:\/\/canal7slp.tv\/2023\/caen-solicitudes-de-asilo-en-frontera-sur-de-mexico\/#breadcrumb","itemListElement":[{"@type":"ListItem","position":1,"name":"Portada","item":"https:\/\/canal7slp.tv\/2023\/"},{"@type":"ListItem","position":2,"name":"Caen solicitudes de asilo en frontera sur de M\u00e9xico"}]},{"@type":"WebSite","@id":"https:\/\/canal7slp.tv\/2023\/#website","url":"https:\/\/canal7slp.tv\/2023\/","name":"N7 - Noticieros Canal 7","description":"Somos Televisi\u00f3n","publisher":{"@id":"https:\/\/canal7slp.tv\/2023\/#organization"},"potentialAction":[{"@type":"SearchAction","target":{"@type":"EntryPoint","urlTemplate":"https:\/\/canal7slp.tv\/2023\/?s={search_term_string}"},"query-input":{"@type":"PropertyValueSpecification","valueRequired":true,"valueName":"search_term_string"}}],"inLanguage":"es"},{"@type":"Organization","@id":"https:\/\/canal7slp.tv\/2023\/#organization","name":"Noticieros Canal 7","url":"https:\/\/canal7slp.tv\/2023\/","logo":{"@type":"ImageObject","inLanguage":"es","@id":"https:\/\/canal7slp.tv\/2023\/#\/schema\/logo\/image\/","url":"https:\/\/canal7slp.tv\/2023\/wp-content\/uploads\/2021\/01\/logo-noticieros@2x.png","contentUrl":"https:\/\/canal7slp.tv\/2023\/wp-content\/uploads\/2021\/01\/logo-noticieros@2x.png","width":1017,"height":268,"caption":"Noticieros Canal 7"},"image":{"@id":"https:\/\/canal7slp.tv\/2023\/#\/schema\/logo\/image\/"},"sameAs":["https:\/\/www.facebook.com\/noticieroscanalsiete","https:\/\/x.com\/NOTICIEROS7","https:\/\/www.instagram.com\/canal7_slp","https:\/\/www.youtube.com\/channel\/UCliiYs-gP3JfJeqdPrNdd5A"]},{"@type":"Person","@id":"https:\/\/canal7slp.tv\/2023\/#\/schema\/person\/639c424e3584069003b11ae813915da6","name":"Edici\u00f3n Web","image":{"@type":"ImageObject","inLanguage":"es","@id":"https:\/\/secure.gravatar.com\/avatar\/eee448fc3f7164808013b816ba91ac7e43bbe82a70bebac296f8bc6f0addaa1a?s=96&d=mm&r=g","url":"https:\/\/secure.gravatar.com\/avatar\/eee448fc3f7164808013b816ba91ac7e43bbe82a70bebac296f8bc6f0addaa1a?s=96&d=mm&r=g","contentUrl":"https:\/\/secure.gravatar.com\/avatar\/eee448fc3f7164808013b816ba91ac7e43bbe82a70bebac296f8bc6f0addaa1a?s=96&d=mm&r=g","caption":"Edici\u00f3n Web"},"url":"https:\/\/canal7slp.tv\/2023\/author\/edicionweb\/"}]}},"_links":{"self":[{"href":"https:\/\/canal7slp.tv\/2023\/wp-json\/wp\/v2\/posts\/111030","targetHints":{"allow":["GET"]}}],"collection":[{"href":"https:\/\/canal7slp.tv\/2023\/wp-json\/wp\/v2\/posts"}],"about":[{"href":"https:\/\/canal7slp.tv\/2023\/wp-json\/wp\/v2\/types\/post"}],"author":[{"embeddable":true,"href":"https:\/\/canal7slp.tv\/2023\/wp-json\/wp\/v2\/users\/2"}],"replies":[{"embeddable":true,"href":"https:\/\/canal7slp.tv\/2023\/wp-json\/wp\/v2\/comments?post=111030"}],"version-history":[{"count":3,"href":"https:\/\/canal7slp.tv\/2023\/wp-json\/wp\/v2\/posts\/111030\/revisions"}],"predecessor-version":[{"id":111073,"href":"https:\/\/canal7slp.tv\/2023\/wp-json\/wp\/v2\/posts\/111030\/revisions\/111073"}],"wp:featuredmedia":[{"embeddable":true,"href":"https:\/\/canal7slp.tv\/2023\/wp-json\/wp\/v2\/media\/111056"}],"wp:attachment":[{"href":"https:\/\/canal7slp.tv\/2023\/wp-json\/wp\/v2\/media?parent=111030"}],"wp:term":[{"taxonomy":"category","embeddable":true,"href":"https:\/\/canal7slp.tv\/2023\/wp-json\/wp\/v2\/categories?post=111030"},{"taxonomy":"post_tag","embeddable":true,"href":"https:\/\/canal7slp.tv\/2023\/wp-json\/wp\/v2\/tags?post=111030"}],"curies":[{"name":"wp","href":"https:\/\/api.w.org\/{rel}","templated":true}]}}