{"id":111029,"date":"2023-10-25T16:35:41","date_gmt":"2023-10-25T22:35:41","guid":{"rendered":"https:\/\/canal7slp.tv\/2023\/?p=111029"},"modified":"2023-10-25T16:35:41","modified_gmt":"2023-10-25T22:35:41","slug":"tras-paso-de-huracan-otis-sismo-de-cinco-grados-estremecio-a-guerrero","status":"publish","type":"post","link":"https:\/\/canal7slp.tv\/2023\/tras-paso-de-huracan-otis-sismo-de-cinco-grados-estremecio-a-guerrero\/","title":{"rendered":"Tras paso de hurac\u00e1n \u00abOtis\u00bb, sismo de cinco grados estremeci\u00f3 a Guerrero"},"content":{"rendered":"<p style=\"text-align: justify;\">Guerrero.- Durante la madrugada, un sismo sacudi\u00f3 la zona afectada por el hurac\u00e1n \u00abOtis\u00bb en Guerrero, generando preocupaci\u00f3n entre la poblaci\u00f3n.<\/p>\n<p style=\"text-align: justify;\">Sin embargo, el sistema de detecci\u00f3n s\u00edsmica de SkyAlert result\u00f3 afectado por el cicl\u00f3n, lo que impidi\u00f3 una alerta anticipada a la poblaci\u00f3n en caso de sismo.<\/p>\n<p style=\"text-align: justify;\">Por alrededor de 15 minutos, la falta de comunicaci\u00f3n en la entidad debido al hurac\u00e1n dej\u00f3 a los ciudadanos sin informaci\u00f3n oficial sobre el temblor.<\/p>\n<p style=\"text-align: justify;\">Fue hasta las 11:37 horas que el Servicio Sismol\u00f3gico Nacional (SSN) confirm\u00f3 que el sismo ocurri\u00f3 a las 11:06 horas, con una magnitud de 5.0 y una profundidad de 5 kil\u00f3metros.<\/p>\n<p style=\"text-align: justify;\">El epicentro se ubic\u00f3 a 28 km al suroeste de Zihuatanejo.<\/p>\n<p style=\"text-align: justify;\">La Coordinaci\u00f3n Nacional de Protecci\u00f3n Civil ha iniciado una evaluaci\u00f3n preliminar de la zona a partir de este sismo, manteniendo comunicaci\u00f3n con las unidades estatales y municipales.<\/p>\n","protected":false},"excerpt":{"rendered":"<p>Guerrero.- Durante la madrugada, un sismo sacudi\u00f3 la zona afectada por el hurac\u00e1n \u00abOtis\u00bb en Guerrero, generando preocupaci\u00f3n entre la poblaci\u00f3n. Sin embargo, el sistema de detecci\u00f3n s\u00edsmica de SkyAlert result\u00f3 afectado por el cicl\u00f3n, lo que impidi\u00f3 una alerta anticipada a la poblaci\u00f3n en caso de sismo. Por alrededor de 15 minutos, la falta de comunicaci\u00f3n en la entidad debido al hurac\u00e1n dej\u00f3 a los ciudadanos sin informaci\u00f3n oficial sobre el temblor. Fue hasta las 11:37 horas que el Servicio Sismol\u00f3gico Nacional (SSN) confirm\u00f3 que el sismo ocurri\u00f3 a las 11:06 horas, con una magnitud de 5.0 y una [&hellip;]<\/p>\n","protected":false},"author":2,"featured_media":111055,"comment_status":"closed","ping_status":"closed","sticky":false,"template":"","format":"standard","meta":{"footnotes":""},"categories":[46],"tags":[],"class_list":["post-111029","post","type-post","status-publish","format-standard","has-post-thumbnail","hentry","category-nacional","post--single"],"yoast_head":"<!-- This site is optimized with the Yoast SEO plugin v27.5 - https:\/\/yoast.com\/product\/yoast-seo-wordpress\/ -->\n<title>Tras paso de hurac\u00e1n &quot;Otis&quot;, sismo de cinco grados estremeci\u00f3 a Guerrero - Canal 7 SLP - 2023<\/title>\n<meta name=\"robots\" content=\"index, follow, max-snippet:-1, max-image-preview:large, max-video-preview:-1\" \/>\n<link rel=\"canonical\" href=\"https:\/\/canal7slp.tv\/2023\/tras-paso-de-huracan-otis-sismo-de-cinco-grados-estremecio-a-guerrero\/\" \/>\n<meta property=\"og:locale\" content=\"es_ES\" \/>\n<meta property=\"og:type\" content=\"article\" \/>\n<meta property=\"og:title\" content=\"Tras paso de hurac\u00e1n &quot;Otis&quot;, sismo de cinco grados estremeci\u00f3 a Guerrero - Canal 7 SLP - 2023\" \/>\n<meta property=\"og:description\" content=\"Guerrero.- Durante la madrugada, un sismo sacudi\u00f3 la zona afectada por el hurac\u00e1n \u00abOtis\u00bb en Guerrero, generando preocupaci\u00f3n entre la poblaci\u00f3n. Sin embargo, el sistema de detecci\u00f3n s\u00edsmica de SkyAlert result\u00f3 afectado por el cicl\u00f3n, lo que impidi\u00f3 una alerta anticipada a la poblaci\u00f3n en caso de sismo. Por alrededor de 15 minutos, la falta de comunicaci\u00f3n en la entidad debido al hurac\u00e1n dej\u00f3 a los ciudadanos sin informaci\u00f3n oficial sobre el temblor. Fue hasta las 11:37 horas que el Servicio Sismol\u00f3gico Nacional (SSN) confirm\u00f3 que el sismo ocurri\u00f3 a las 11:06 horas, con una magnitud de 5.0 y una [&hellip;]\" \/>\n<meta property=\"og:url\" content=\"https:\/\/canal7slp.tv\/2023\/tras-paso-de-huracan-otis-sismo-de-cinco-grados-estremecio-a-guerrero\/\" \/>\n<meta property=\"og:site_name\" content=\"Canal 7 SLP - 2023\" \/>\n<meta property=\"article:publisher\" content=\"https:\/\/www.facebook.com\/noticieroscanalsiete\" \/>\n<meta property=\"article:published_time\" content=\"2023-10-25T22:35:41+00:00\" \/>\n<meta property=\"og:image\" content=\"https:\/\/canal7slp.tv\/2023\/wp-content\/uploads\/2023\/10\/01-21.jpg\" \/>\n\t<meta property=\"og:image:width\" content=\"1080\" \/>\n\t<meta property=\"og:image:height\" content=\"624\" \/>\n\t<meta property=\"og:image:type\" content=\"image\/jpeg\" \/>\n<meta name=\"author\" content=\"Edici\u00f3n Web\" \/>\n<meta name=\"twitter:card\" content=\"summary_large_image\" \/>\n<meta name=\"twitter:creator\" content=\"@NOTICIEROS7\" \/>\n<meta name=\"twitter:site\" content=\"@NOTICIEROS7\" \/>\n<meta name=\"twitter:label1\" content=\"Escrito por\" \/>\n\t<meta name=\"twitter:data1\" content=\"Edici\u00f3n Web\" \/>\n\t<meta name=\"twitter:label2\" content=\"Tiempo de lectura\" \/>\n\t<meta name=\"twitter:data2\" content=\"1 minuto\" \/>\n<script type=\"application\/ld+json\" class=\"yoast-schema-graph\">{\"@context\":\"https:\\\/\\\/schema.org\",\"@graph\":[{\"@type\":\"Article\",\"@id\":\"https:\\\/\\\/canal7slp.tv\\\/2023\\\/tras-paso-de-huracan-otis-sismo-de-cinco-grados-estremecio-a-guerrero\\\/#article\",\"isPartOf\":{\"@id\":\"https:\\\/\\\/canal7slp.tv\\\/2023\\\/tras-paso-de-huracan-otis-sismo-de-cinco-grados-estremecio-a-guerrero\\\/\"},\"author\":{\"name\":\"Edici\u00f3n Web\",\"@id\":\"https:\\\/\\\/canal7slp.tv\\\/2023\\\/#\\\/schema\\\/person\\\/639c424e3584069003b11ae813915da6\"},\"headline\":\"Tras paso de hurac\u00e1n \u00abOtis\u00bb, sismo de cinco grados estremeci\u00f3 a Guerrero\",\"datePublished\":\"2023-10-25T22:35:41+00:00\",\"mainEntityOfPage\":{\"@id\":\"https:\\\/\\\/canal7slp.tv\\\/2023\\\/tras-paso-de-huracan-otis-sismo-de-cinco-grados-estremecio-a-guerrero\\\/\"},\"wordCount\":166,\"publisher\":{\"@id\":\"https:\\\/\\\/canal7slp.tv\\\/2023\\\/#organization\"},\"image\":{\"@id\":\"https:\\\/\\\/canal7slp.tv\\\/2023\\\/tras-paso-de-huracan-otis-sismo-de-cinco-grados-estremecio-a-guerrero\\\/#primaryimage\"},\"thumbnailUrl\":\"https:\\\/\\\/canal7slp.tv\\\/2023\\\/wp-content\\\/uploads\\\/2023\\\/10\\\/01-21.jpg\",\"articleSection\":[\"NACIONALES\"],\"inLanguage\":\"es\"},{\"@type\":\"WebPage\",\"@id\":\"https:\\\/\\\/canal7slp.tv\\\/2023\\\/tras-paso-de-huracan-otis-sismo-de-cinco-grados-estremecio-a-guerrero\\\/\",\"url\":\"https:\\\/\\\/canal7slp.tv\\\/2023\\\/tras-paso-de-huracan-otis-sismo-de-cinco-grados-estremecio-a-guerrero\\\/\",\"name\":\"Tras paso de hurac\u00e1n \\\"Otis\\\", sismo de cinco grados estremeci\u00f3 a Guerrero - Canal 7 SLP - 2023\",\"isPartOf\":{\"@id\":\"https:\\\/\\\/canal7slp.tv\\\/2023\\\/#website\"},\"primaryImageOfPage\":{\"@id\":\"https:\\\/\\\/canal7slp.tv\\\/2023\\\/tras-paso-de-huracan-otis-sismo-de-cinco-grados-estremecio-a-guerrero\\\/#primaryimage\"},\"image\":{\"@id\":\"https:\\\/\\\/canal7slp.tv\\\/2023\\\/tras-paso-de-huracan-otis-sismo-de-cinco-grados-estremecio-a-guerrero\\\/#primaryimage\"},\"thumbnailUrl\":\"https:\\\/\\\/canal7slp.tv\\\/2023\\\/wp-content\\\/uploads\\\/2023\\\/10\\\/01-21.jpg\",\"datePublished\":\"2023-10-25T22:35:41+00:00\",\"breadcrumb\":{\"@id\":\"https:\\\/\\\/canal7slp.tv\\\/2023\\\/tras-paso-de-huracan-otis-sismo-de-cinco-grados-estremecio-a-guerrero\\\/#breadcrumb\"},\"inLanguage\":\"es\",\"potentialAction\":[{\"@type\":\"ReadAction\",\"target\":[\"https:\\\/\\\/canal7slp.tv\\\/2023\\\/tras-paso-de-huracan-otis-sismo-de-cinco-grados-estremecio-a-guerrero\\\/\"]}]},{\"@type\":\"ImageObject\",\"inLanguage\":\"es\",\"@id\":\"https:\\\/\\\/canal7slp.tv\\\/2023\\\/tras-paso-de-huracan-otis-sismo-de-cinco-grados-estremecio-a-guerrero\\\/#primaryimage\",\"url\":\"https:\\\/\\\/canal7slp.tv\\\/2023\\\/wp-content\\\/uploads\\\/2023\\\/10\\\/01-21.jpg\",\"contentUrl\":\"https:\\\/\\\/canal7slp.tv\\\/2023\\\/wp-content\\\/uploads\\\/2023\\\/10\\\/01-21.jpg\",\"width\":1080,\"height\":624},{\"@type\":\"BreadcrumbList\",\"@id\":\"https:\\\/\\\/canal7slp.tv\\\/2023\\\/tras-paso-de-huracan-otis-sismo-de-cinco-grados-estremecio-a-guerrero\\\/#breadcrumb\",\"itemListElement\":[{\"@type\":\"ListItem\",\"position\":1,\"name\":\"Portada\",\"item\":\"https:\\\/\\\/canal7slp.tv\\\/2023\\\/\"},{\"@type\":\"ListItem\",\"position\":2,\"name\":\"Tras paso de hurac\u00e1n &#8220;Otis&#8221;, sismo de cinco grados estremeci\u00f3 a Guerrero\"}]},{\"@type\":\"WebSite\",\"@id\":\"https:\\\/\\\/canal7slp.tv\\\/2023\\\/#website\",\"url\":\"https:\\\/\\\/canal7slp.tv\\\/2023\\\/\",\"name\":\"N7 - Noticieros Canal 7\",\"description\":\"Somos Televisi\u00f3n\",\"publisher\":{\"@id\":\"https:\\\/\\\/canal7slp.tv\\\/2023\\\/#organization\"},\"potentialAction\":[{\"@type\":\"SearchAction\",\"target\":{\"@type\":\"EntryPoint\",\"urlTemplate\":\"https:\\\/\\\/canal7slp.tv\\\/2023\\\/?s={search_term_string}\"},\"query-input\":{\"@type\":\"PropertyValueSpecification\",\"valueRequired\":true,\"valueName\":\"search_term_string\"}}],\"inLanguage\":\"es\"},{\"@type\":\"Organization\",\"@id\":\"https:\\\/\\\/canal7slp.tv\\\/2023\\\/#organization\",\"name\":\"Noticieros Canal 7\",\"url\":\"https:\\\/\\\/canal7slp.tv\\\/2023\\\/\",\"logo\":{\"@type\":\"ImageObject\",\"inLanguage\":\"es\",\"@id\":\"https:\\\/\\\/canal7slp.tv\\\/2023\\\/#\\\/schema\\\/logo\\\/image\\\/\",\"url\":\"https:\\\/\\\/canal7slp.tv\\\/2023\\\/wp-content\\\/uploads\\\/2021\\\/01\\\/logo-noticieros@2x.png\",\"contentUrl\":\"https:\\\/\\\/canal7slp.tv\\\/2023\\\/wp-content\\\/uploads\\\/2021\\\/01\\\/logo-noticieros@2x.png\",\"width\":1017,\"height\":268,\"caption\":\"Noticieros Canal 7\"},\"image\":{\"@id\":\"https:\\\/\\\/canal7slp.tv\\\/2023\\\/#\\\/schema\\\/logo\\\/image\\\/\"},\"sameAs\":[\"https:\\\/\\\/www.facebook.com\\\/noticieroscanalsiete\",\"https:\\\/\\\/x.com\\\/NOTICIEROS7\",\"https:\\\/\\\/www.instagram.com\\\/canal7_slp\",\"https:\\\/\\\/www.youtube.com\\\/channel\\\/UCliiYs-gP3JfJeqdPrNdd5A\"]},{\"@type\":\"Person\",\"@id\":\"https:\\\/\\\/canal7slp.tv\\\/2023\\\/#\\\/schema\\\/person\\\/639c424e3584069003b11ae813915da6\",\"name\":\"Edici\u00f3n Web\",\"image\":{\"@type\":\"ImageObject\",\"inLanguage\":\"es\",\"@id\":\"https:\\\/\\\/secure.gravatar.com\\\/avatar\\\/eee448fc3f7164808013b816ba91ac7e43bbe82a70bebac296f8bc6f0addaa1a?s=96&d=mm&r=g\",\"url\":\"https:\\\/\\\/secure.gravatar.com\\\/avatar\\\/eee448fc3f7164808013b816ba91ac7e43bbe82a70bebac296f8bc6f0addaa1a?s=96&d=mm&r=g\",\"contentUrl\":\"https:\\\/\\\/secure.gravatar.com\\\/avatar\\\/eee448fc3f7164808013b816ba91ac7e43bbe82a70bebac296f8bc6f0addaa1a?s=96&d=mm&r=g\",\"caption\":\"Edici\u00f3n Web\"},\"url\":\"https:\\\/\\\/canal7slp.tv\\\/2023\\\/author\\\/edicionweb\\\/\"}]}<\/script>\n<!-- \/ Yoast SEO plugin. -->","yoast_head_json":{"title":"Tras paso de hurac\u00e1n \"Otis\", sismo de cinco grados estremeci\u00f3 a Guerrero - Canal 7 SLP - 2023","robots":{"index":"index","follow":"follow","max-snippet":"max-snippet:-1","max-image-preview":"max-image-preview:large","max-video-preview":"max-video-preview:-1"},"canonical":"https:\/\/canal7slp.tv\/2023\/tras-paso-de-huracan-otis-sismo-de-cinco-grados-estremecio-a-guerrero\/","og_locale":"es_ES","og_type":"article","og_title":"Tras paso de hurac\u00e1n \"Otis\", sismo de cinco grados estremeci\u00f3 a Guerrero - Canal 7 SLP - 2023","og_description":"Guerrero.- Durante la madrugada, un sismo sacudi\u00f3 la zona afectada por el hurac\u00e1n \u00abOtis\u00bb en Guerrero, generando preocupaci\u00f3n entre la poblaci\u00f3n. Sin embargo, el sistema de detecci\u00f3n s\u00edsmica de SkyAlert result\u00f3 afectado por el cicl\u00f3n, lo que impidi\u00f3 una alerta anticipada a la poblaci\u00f3n en caso de sismo. Por alrededor de 15 minutos, la falta de comunicaci\u00f3n en la entidad debido al hurac\u00e1n dej\u00f3 a los ciudadanos sin informaci\u00f3n oficial sobre el temblor. Fue hasta las 11:37 horas que el Servicio Sismol\u00f3gico Nacional (SSN) confirm\u00f3 que el sismo ocurri\u00f3 a las 11:06 horas, con una magnitud de 5.0 y una [&hellip;]","og_url":"https:\/\/canal7slp.tv\/2023\/tras-paso-de-huracan-otis-sismo-de-cinco-grados-estremecio-a-guerrero\/","og_site_name":"Canal 7 SLP - 2023","article_publisher":"https:\/\/www.facebook.com\/noticieroscanalsiete","article_published_time":"2023-10-25T22:35:41+00:00","og_image":[{"width":1080,"height":624,"url":"https:\/\/canal7slp.tv\/2023\/wp-content\/uploads\/2023\/10\/01-21.jpg","type":"image\/jpeg"}],"author":"Edici\u00f3n Web","twitter_card":"summary_large_image","twitter_creator":"@NOTICIEROS7","twitter_site":"@NOTICIEROS7","twitter_misc":{"Escrito por":"Edici\u00f3n Web","Tiempo de lectura":"1 minuto"},"schema":{"@context":"https:\/\/schema.org","@graph":[{"@type":"Article","@id":"https:\/\/canal7slp.tv\/2023\/tras-paso-de-huracan-otis-sismo-de-cinco-grados-estremecio-a-guerrero\/#article","isPartOf":{"@id":"https:\/\/canal7slp.tv\/2023\/tras-paso-de-huracan-otis-sismo-de-cinco-grados-estremecio-a-guerrero\/"},"author":{"name":"Edici\u00f3n Web","@id":"https:\/\/canal7slp.tv\/2023\/#\/schema\/person\/639c424e3584069003b11ae813915da6"},"headline":"Tras paso de hurac\u00e1n \u00abOtis\u00bb, sismo de cinco grados estremeci\u00f3 a Guerrero","datePublished":"2023-10-25T22:35:41+00:00","mainEntityOfPage":{"@id":"https:\/\/canal7slp.tv\/2023\/tras-paso-de-huracan-otis-sismo-de-cinco-grados-estremecio-a-guerrero\/"},"wordCount":166,"publisher":{"@id":"https:\/\/canal7slp.tv\/2023\/#organization"},"image":{"@id":"https:\/\/canal7slp.tv\/2023\/tras-paso-de-huracan-otis-sismo-de-cinco-grados-estremecio-a-guerrero\/#primaryimage"},"thumbnailUrl":"https:\/\/canal7slp.tv\/2023\/wp-content\/uploads\/2023\/10\/01-21.jpg","articleSection":["NACIONALES"],"inLanguage":"es"},{"@type":"WebPage","@id":"https:\/\/canal7slp.tv\/2023\/tras-paso-de-huracan-otis-sismo-de-cinco-grados-estremecio-a-guerrero\/","url":"https:\/\/canal7slp.tv\/2023\/tras-paso-de-huracan-otis-sismo-de-cinco-grados-estremecio-a-guerrero\/","name":"Tras paso de hurac\u00e1n \"Otis\", sismo de cinco grados estremeci\u00f3 a Guerrero - Canal 7 SLP - 2023","isPartOf":{"@id":"https:\/\/canal7slp.tv\/2023\/#website"},"primaryImageOfPage":{"@id":"https:\/\/canal7slp.tv\/2023\/tras-paso-de-huracan-otis-sismo-de-cinco-grados-estremecio-a-guerrero\/#primaryimage"},"image":{"@id":"https:\/\/canal7slp.tv\/2023\/tras-paso-de-huracan-otis-sismo-de-cinco-grados-estremecio-a-guerrero\/#primaryimage"},"thumbnailUrl":"https:\/\/canal7slp.tv\/2023\/wp-content\/uploads\/2023\/10\/01-21.jpg","datePublished":"2023-10-25T22:35:41+00:00","breadcrumb":{"@id":"https:\/\/canal7slp.tv\/2023\/tras-paso-de-huracan-otis-sismo-de-cinco-grados-estremecio-a-guerrero\/#breadcrumb"},"inLanguage":"es","potentialAction":[{"@type":"ReadAction","target":["https:\/\/canal7slp.tv\/2023\/tras-paso-de-huracan-otis-sismo-de-cinco-grados-estremecio-a-guerrero\/"]}]},{"@type":"ImageObject","inLanguage":"es","@id":"https:\/\/canal7slp.tv\/2023\/tras-paso-de-huracan-otis-sismo-de-cinco-grados-estremecio-a-guerrero\/#primaryimage","url":"https:\/\/canal7slp.tv\/2023\/wp-content\/uploads\/2023\/10\/01-21.jpg","contentUrl":"https:\/\/canal7slp.tv\/2023\/wp-content\/uploads\/2023\/10\/01-21.jpg","width":1080,"height":624},{"@type":"BreadcrumbList","@id":"https:\/\/canal7slp.tv\/2023\/tras-paso-de-huracan-otis-sismo-de-cinco-grados-estremecio-a-guerrero\/#breadcrumb","itemListElement":[{"@type":"ListItem","position":1,"name":"Portada","item":"https:\/\/canal7slp.tv\/2023\/"},{"@type":"ListItem","position":2,"name":"Tras paso de hurac\u00e1n &#8220;Otis&#8221;, sismo de cinco grados estremeci\u00f3 a Guerrero"}]},{"@type":"WebSite","@id":"https:\/\/canal7slp.tv\/2023\/#website","url":"https:\/\/canal7slp.tv\/2023\/","name":"N7 - Noticieros Canal 7","description":"Somos Televisi\u00f3n","publisher":{"@id":"https:\/\/canal7slp.tv\/2023\/#organization"},"potentialAction":[{"@type":"SearchAction","target":{"@type":"EntryPoint","urlTemplate":"https:\/\/canal7slp.tv\/2023\/?s={search_term_string}"},"query-input":{"@type":"PropertyValueSpecification","valueRequired":true,"valueName":"search_term_string"}}],"inLanguage":"es"},{"@type":"Organization","@id":"https:\/\/canal7slp.tv\/2023\/#organization","name":"Noticieros Canal 7","url":"https:\/\/canal7slp.tv\/2023\/","logo":{"@type":"ImageObject","inLanguage":"es","@id":"https:\/\/canal7slp.tv\/2023\/#\/schema\/logo\/image\/","url":"https:\/\/canal7slp.tv\/2023\/wp-content\/uploads\/2021\/01\/logo-noticieros@2x.png","contentUrl":"https:\/\/canal7slp.tv\/2023\/wp-content\/uploads\/2021\/01\/logo-noticieros@2x.png","width":1017,"height":268,"caption":"Noticieros Canal 7"},"image":{"@id":"https:\/\/canal7slp.tv\/2023\/#\/schema\/logo\/image\/"},"sameAs":["https:\/\/www.facebook.com\/noticieroscanalsiete","https:\/\/x.com\/NOTICIEROS7","https:\/\/www.instagram.com\/canal7_slp","https:\/\/www.youtube.com\/channel\/UCliiYs-gP3JfJeqdPrNdd5A"]},{"@type":"Person","@id":"https:\/\/canal7slp.tv\/2023\/#\/schema\/person\/639c424e3584069003b11ae813915da6","name":"Edici\u00f3n Web","image":{"@type":"ImageObject","inLanguage":"es","@id":"https:\/\/secure.gravatar.com\/avatar\/eee448fc3f7164808013b816ba91ac7e43bbe82a70bebac296f8bc6f0addaa1a?s=96&d=mm&r=g","url":"https:\/\/secure.gravatar.com\/avatar\/eee448fc3f7164808013b816ba91ac7e43bbe82a70bebac296f8bc6f0addaa1a?s=96&d=mm&r=g","contentUrl":"https:\/\/secure.gravatar.com\/avatar\/eee448fc3f7164808013b816ba91ac7e43bbe82a70bebac296f8bc6f0addaa1a?s=96&d=mm&r=g","caption":"Edici\u00f3n Web"},"url":"https:\/\/canal7slp.tv\/2023\/author\/edicionweb\/"}]}},"_links":{"self":[{"href":"https:\/\/canal7slp.tv\/2023\/wp-json\/wp\/v2\/posts\/111029","targetHints":{"allow":["GET"]}}],"collection":[{"href":"https:\/\/canal7slp.tv\/2023\/wp-json\/wp\/v2\/posts"}],"about":[{"href":"https:\/\/canal7slp.tv\/2023\/wp-json\/wp\/v2\/types\/post"}],"author":[{"embeddable":true,"href":"https:\/\/canal7slp.tv\/2023\/wp-json\/wp\/v2\/users\/2"}],"replies":[{"embeddable":true,"href":"https:\/\/canal7slp.tv\/2023\/wp-json\/wp\/v2\/comments?post=111029"}],"version-history":[{"count":3,"href":"https:\/\/canal7slp.tv\/2023\/wp-json\/wp\/v2\/posts\/111029\/revisions"}],"predecessor-version":[{"id":111072,"href":"https:\/\/canal7slp.tv\/2023\/wp-json\/wp\/v2\/posts\/111029\/revisions\/111072"}],"wp:featuredmedia":[{"embeddable":true,"href":"https:\/\/canal7slp.tv\/2023\/wp-json\/wp\/v2\/media\/111055"}],"wp:attachment":[{"href":"https:\/\/canal7slp.tv\/2023\/wp-json\/wp\/v2\/media?parent=111029"}],"wp:term":[{"taxonomy":"category","embeddable":true,"href":"https:\/\/canal7slp.tv\/2023\/wp-json\/wp\/v2\/categories?post=111029"},{"taxonomy":"post_tag","embeddable":true,"href":"https:\/\/canal7slp.tv\/2023\/wp-json\/wp\/v2\/tags?post=111029"}],"curies":[{"name":"wp","href":"https:\/\/api.w.org\/{rel}","templated":true}]}}