{"id":111017,"date":"2023-10-25T14:13:25","date_gmt":"2023-10-25T20:13:25","guid":{"rendered":"https:\/\/canal7slp.tv\/2023\/?p=111017"},"modified":"2023-10-25T14:13:25","modified_gmt":"2023-10-25T20:13:25","slug":"representantes-de-lima-lama-al-kl-internacional-desafio-full-contac-mexico-vs-argentina","status":"publish","type":"post","link":"https:\/\/canal7slp.tv\/2023\/representantes-de-lima-lama-al-kl-internacional-desafio-full-contac-mexico-vs-argentina\/","title":{"rendered":"Representantes de Lima Lama al KL Internacional Desaf\u00edo Full Contac M\u00e9xico vs Argentina"},"content":{"rendered":"<p style=\"text-align: justify;\">SLP.- Representantes potosinos de Lima Lama tendr\u00e1n participaci\u00f3n en el KL Internacional Desaf\u00edo Full Contac M\u00e9xico vs Argentina, el cual se desarrollar\u00e1 a partir del 28 de octubre en Buenos Aires<\/p>\n<p style=\"text-align: justify;\">Los atletas que tendr\u00e1n participaci\u00f3n son Aneline Ayala en la categor\u00eda de 52 kilogramos, Maricarmen Arias en 57 kg.; Victor Hugo Castro en 64 kg.; Jos\u00e9 Juan de la Cruz en 80 kg., todos en la modalidad de Full Contac.<\/p>\n<p style=\"text-align: justify;\">Pelear\u00e1n el 28 de octubre, pero se concentran desde el 24 de octubre en la Ciudad de M\u00e9xico para salir el 26 rumbo al pa\u00eds sudamericano.<\/p>\n<p style=\"text-align: justify;\">Acude como entrenador del contingente el Master Jes\u00fas Ayala Manrique TMB tambi\u00e9n originario de San Luis Potos\u00ed.<\/p>\n","protected":false},"excerpt":{"rendered":"<p>SLP.- Representantes potosinos de Lima Lama tendr\u00e1n participaci\u00f3n en el KL Internacional Desaf\u00edo Full Contac M\u00e9xico vs Argentina, el cual se desarrollar\u00e1 a partir del 28 de octubre en Buenos Aires Los atletas que tendr\u00e1n participaci\u00f3n son Aneline Ayala en la categor\u00eda de 52 kilogramos, Maricarmen Arias en 57 kg.; Victor Hugo Castro en 64 kg.; Jos\u00e9 Juan de la Cruz en 80 kg., todos en la modalidad de Full Contac. Pelear\u00e1n el 28 de octubre, pero se concentran desde el 24 de octubre en la Ciudad de M\u00e9xico para salir el 26 rumbo al pa\u00eds sudamericano. Acude como entrenador [&hellip;]<\/p>\n","protected":false},"author":2,"featured_media":111026,"comment_status":"closed","ping_status":"closed","sticky":false,"template":"","format":"video","meta":{"footnotes":""},"categories":[7,5],"tags":[],"class_list":["post-111017","post","type-post","status-publish","format-video","has-post-thumbnail","hentry","category-deportes","category-destacadas","post_format-post-format-video","post--single"],"yoast_head":"<!-- This site is optimized with the Yoast SEO plugin v27.5 - https:\/\/yoast.com\/product\/yoast-seo-wordpress\/ -->\n<title>Representantes de Lima Lama al KL Internacional Desaf\u00edo Full Contac M\u00e9xico vs Argentina - Canal 7 SLP - 2023<\/title>\n<meta name=\"robots\" content=\"index, follow, max-snippet:-1, max-image-preview:large, max-video-preview:-1\" \/>\n<link rel=\"canonical\" href=\"https:\/\/canal7slp.tv\/2023\/representantes-de-lima-lama-al-kl-internacional-desafio-full-contac-mexico-vs-argentina\/\" \/>\n<meta property=\"og:locale\" content=\"es_ES\" \/>\n<meta property=\"og:type\" content=\"article\" \/>\n<meta property=\"og:title\" content=\"Representantes de Lima Lama al KL Internacional Desaf\u00edo Full Contac M\u00e9xico vs Argentina - Canal 7 SLP - 2023\" \/>\n<meta property=\"og:description\" content=\"SLP.- Representantes potosinos de Lima Lama tendr\u00e1n participaci\u00f3n en el KL Internacional Desaf\u00edo Full Contac M\u00e9xico vs Argentina, el cual se desarrollar\u00e1 a partir del 28 de octubre en Buenos Aires Los atletas que tendr\u00e1n participaci\u00f3n son Aneline Ayala en la categor\u00eda de 52 kilogramos, Maricarmen Arias en 57 kg.; Victor Hugo Castro en 64 kg.; Jos\u00e9 Juan de la Cruz en 80 kg., todos en la modalidad de Full Contac. Pelear\u00e1n el 28 de octubre, pero se concentran desde el 24 de octubre en la Ciudad de M\u00e9xico para salir el 26 rumbo al pa\u00eds sudamericano. Acude como entrenador [&hellip;]\" \/>\n<meta property=\"og:url\" content=\"https:\/\/canal7slp.tv\/2023\/representantes-de-lima-lama-al-kl-internacional-desafio-full-contac-mexico-vs-argentina\/\" \/>\n<meta property=\"og:site_name\" content=\"Canal 7 SLP - 2023\" \/>\n<meta property=\"article:publisher\" content=\"https:\/\/www.facebook.com\/noticieroscanalsiete\" \/>\n<meta property=\"article:published_time\" content=\"2023-10-25T20:13:25+00:00\" \/>\n<meta property=\"og:image\" content=\"https:\/\/canal7slp.tv\/2023\/wp-content\/uploads\/2023\/10\/Froi03LimaLama.jpg\" \/>\n\t<meta property=\"og:image:width\" content=\"1280\" \/>\n\t<meta property=\"og:image:height\" content=\"720\" \/>\n\t<meta property=\"og:image:type\" content=\"image\/jpeg\" \/>\n<meta name=\"author\" content=\"Edici\u00f3n Web\" \/>\n<meta name=\"twitter:card\" content=\"summary_large_image\" \/>\n<meta name=\"twitter:creator\" content=\"@NOTICIEROS7\" \/>\n<meta name=\"twitter:site\" content=\"@NOTICIEROS7\" \/>\n<meta name=\"twitter:label1\" content=\"Escrito por\" \/>\n\t<meta name=\"twitter:data1\" content=\"Edici\u00f3n Web\" \/>\n\t<meta name=\"twitter:label2\" content=\"Tiempo de lectura\" \/>\n\t<meta name=\"twitter:data2\" content=\"1 minuto\" \/>\n<script type=\"application\/ld+json\" class=\"yoast-schema-graph\">{\"@context\":\"https:\\\/\\\/schema.org\",\"@graph\":[{\"@type\":\"Article\",\"@id\":\"https:\\\/\\\/canal7slp.tv\\\/2023\\\/representantes-de-lima-lama-al-kl-internacional-desafio-full-contac-mexico-vs-argentina\\\/#article\",\"isPartOf\":{\"@id\":\"https:\\\/\\\/canal7slp.tv\\\/2023\\\/representantes-de-lima-lama-al-kl-internacional-desafio-full-contac-mexico-vs-argentina\\\/\"},\"author\":{\"name\":\"Edici\u00f3n Web\",\"@id\":\"https:\\\/\\\/canal7slp.tv\\\/2023\\\/#\\\/schema\\\/person\\\/639c424e3584069003b11ae813915da6\"},\"headline\":\"Representantes de Lima Lama al KL Internacional Desaf\u00edo Full Contac M\u00e9xico vs Argentina\",\"datePublished\":\"2023-10-25T20:13:25+00:00\",\"mainEntityOfPage\":{\"@id\":\"https:\\\/\\\/canal7slp.tv\\\/2023\\\/representantes-de-lima-lama-al-kl-internacional-desafio-full-contac-mexico-vs-argentina\\\/\"},\"wordCount\":134,\"publisher\":{\"@id\":\"https:\\\/\\\/canal7slp.tv\\\/2023\\\/#organization\"},\"image\":{\"@id\":\"https:\\\/\\\/canal7slp.tv\\\/2023\\\/representantes-de-lima-lama-al-kl-internacional-desafio-full-contac-mexico-vs-argentina\\\/#primaryimage\"},\"thumbnailUrl\":\"https:\\\/\\\/canal7slp.tv\\\/2023\\\/wp-content\\\/uploads\\\/2023\\\/10\\\/Froi03LimaLama.jpg\",\"articleSection\":[\"DEPORTES\",\"DESTACADAS\"],\"inLanguage\":\"es\"},{\"@type\":\"WebPage\",\"@id\":\"https:\\\/\\\/canal7slp.tv\\\/2023\\\/representantes-de-lima-lama-al-kl-internacional-desafio-full-contac-mexico-vs-argentina\\\/\",\"url\":\"https:\\\/\\\/canal7slp.tv\\\/2023\\\/representantes-de-lima-lama-al-kl-internacional-desafio-full-contac-mexico-vs-argentina\\\/\",\"name\":\"Representantes de Lima Lama al KL Internacional Desaf\u00edo Full Contac M\u00e9xico vs Argentina - Canal 7 SLP - 2023\",\"isPartOf\":{\"@id\":\"https:\\\/\\\/canal7slp.tv\\\/2023\\\/#website\"},\"primaryImageOfPage\":{\"@id\":\"https:\\\/\\\/canal7slp.tv\\\/2023\\\/representantes-de-lima-lama-al-kl-internacional-desafio-full-contac-mexico-vs-argentina\\\/#primaryimage\"},\"image\":{\"@id\":\"https:\\\/\\\/canal7slp.tv\\\/2023\\\/representantes-de-lima-lama-al-kl-internacional-desafio-full-contac-mexico-vs-argentina\\\/#primaryimage\"},\"thumbnailUrl\":\"https:\\\/\\\/canal7slp.tv\\\/2023\\\/wp-content\\\/uploads\\\/2023\\\/10\\\/Froi03LimaLama.jpg\",\"datePublished\":\"2023-10-25T20:13:25+00:00\",\"breadcrumb\":{\"@id\":\"https:\\\/\\\/canal7slp.tv\\\/2023\\\/representantes-de-lima-lama-al-kl-internacional-desafio-full-contac-mexico-vs-argentina\\\/#breadcrumb\"},\"inLanguage\":\"es\",\"potentialAction\":[{\"@type\":\"ReadAction\",\"target\":[\"https:\\\/\\\/canal7slp.tv\\\/2023\\\/representantes-de-lima-lama-al-kl-internacional-desafio-full-contac-mexico-vs-argentina\\\/\"]}]},{\"@type\":\"ImageObject\",\"inLanguage\":\"es\",\"@id\":\"https:\\\/\\\/canal7slp.tv\\\/2023\\\/representantes-de-lima-lama-al-kl-internacional-desafio-full-contac-mexico-vs-argentina\\\/#primaryimage\",\"url\":\"https:\\\/\\\/canal7slp.tv\\\/2023\\\/wp-content\\\/uploads\\\/2023\\\/10\\\/Froi03LimaLama.jpg\",\"contentUrl\":\"https:\\\/\\\/canal7slp.tv\\\/2023\\\/wp-content\\\/uploads\\\/2023\\\/10\\\/Froi03LimaLama.jpg\",\"width\":1280,\"height\":720},{\"@type\":\"BreadcrumbList\",\"@id\":\"https:\\\/\\\/canal7slp.tv\\\/2023\\\/representantes-de-lima-lama-al-kl-internacional-desafio-full-contac-mexico-vs-argentina\\\/#breadcrumb\",\"itemListElement\":[{\"@type\":\"ListItem\",\"position\":1,\"name\":\"Portada\",\"item\":\"https:\\\/\\\/canal7slp.tv\\\/2023\\\/\"},{\"@type\":\"ListItem\",\"position\":2,\"name\":\"Representantes de Lima Lama al KL Internacional Desaf\u00edo Full Contac M\u00e9xico vs Argentina\"}]},{\"@type\":\"WebSite\",\"@id\":\"https:\\\/\\\/canal7slp.tv\\\/2023\\\/#website\",\"url\":\"https:\\\/\\\/canal7slp.tv\\\/2023\\\/\",\"name\":\"N7 - Noticieros Canal 7\",\"description\":\"Somos Televisi\u00f3n\",\"publisher\":{\"@id\":\"https:\\\/\\\/canal7slp.tv\\\/2023\\\/#organization\"},\"potentialAction\":[{\"@type\":\"SearchAction\",\"target\":{\"@type\":\"EntryPoint\",\"urlTemplate\":\"https:\\\/\\\/canal7slp.tv\\\/2023\\\/?s={search_term_string}\"},\"query-input\":{\"@type\":\"PropertyValueSpecification\",\"valueRequired\":true,\"valueName\":\"search_term_string\"}}],\"inLanguage\":\"es\"},{\"@type\":\"Organization\",\"@id\":\"https:\\\/\\\/canal7slp.tv\\\/2023\\\/#organization\",\"name\":\"Noticieros Canal 7\",\"url\":\"https:\\\/\\\/canal7slp.tv\\\/2023\\\/\",\"logo\":{\"@type\":\"ImageObject\",\"inLanguage\":\"es\",\"@id\":\"https:\\\/\\\/canal7slp.tv\\\/2023\\\/#\\\/schema\\\/logo\\\/image\\\/\",\"url\":\"https:\\\/\\\/canal7slp.tv\\\/2023\\\/wp-content\\\/uploads\\\/2021\\\/01\\\/logo-noticieros@2x.png\",\"contentUrl\":\"https:\\\/\\\/canal7slp.tv\\\/2023\\\/wp-content\\\/uploads\\\/2021\\\/01\\\/logo-noticieros@2x.png\",\"width\":1017,\"height\":268,\"caption\":\"Noticieros Canal 7\"},\"image\":{\"@id\":\"https:\\\/\\\/canal7slp.tv\\\/2023\\\/#\\\/schema\\\/logo\\\/image\\\/\"},\"sameAs\":[\"https:\\\/\\\/www.facebook.com\\\/noticieroscanalsiete\",\"https:\\\/\\\/x.com\\\/NOTICIEROS7\",\"https:\\\/\\\/www.instagram.com\\\/canal7_slp\",\"https:\\\/\\\/www.youtube.com\\\/channel\\\/UCliiYs-gP3JfJeqdPrNdd5A\"]},{\"@type\":\"Person\",\"@id\":\"https:\\\/\\\/canal7slp.tv\\\/2023\\\/#\\\/schema\\\/person\\\/639c424e3584069003b11ae813915da6\",\"name\":\"Edici\u00f3n Web\",\"image\":{\"@type\":\"ImageObject\",\"inLanguage\":\"es\",\"@id\":\"https:\\\/\\\/secure.gravatar.com\\\/avatar\\\/eee448fc3f7164808013b816ba91ac7e43bbe82a70bebac296f8bc6f0addaa1a?s=96&d=mm&r=g\",\"url\":\"https:\\\/\\\/secure.gravatar.com\\\/avatar\\\/eee448fc3f7164808013b816ba91ac7e43bbe82a70bebac296f8bc6f0addaa1a?s=96&d=mm&r=g\",\"contentUrl\":\"https:\\\/\\\/secure.gravatar.com\\\/avatar\\\/eee448fc3f7164808013b816ba91ac7e43bbe82a70bebac296f8bc6f0addaa1a?s=96&d=mm&r=g\",\"caption\":\"Edici\u00f3n Web\"},\"url\":\"https:\\\/\\\/canal7slp.tv\\\/2023\\\/author\\\/edicionweb\\\/\"}]}<\/script>\n<!-- \/ Yoast SEO plugin. -->","yoast_head_json":{"title":"Representantes de Lima Lama al KL Internacional Desaf\u00edo Full Contac M\u00e9xico vs Argentina - Canal 7 SLP - 2023","robots":{"index":"index","follow":"follow","max-snippet":"max-snippet:-1","max-image-preview":"max-image-preview:large","max-video-preview":"max-video-preview:-1"},"canonical":"https:\/\/canal7slp.tv\/2023\/representantes-de-lima-lama-al-kl-internacional-desafio-full-contac-mexico-vs-argentina\/","og_locale":"es_ES","og_type":"article","og_title":"Representantes de Lima Lama al KL Internacional Desaf\u00edo Full Contac M\u00e9xico vs Argentina - Canal 7 SLP - 2023","og_description":"SLP.- Representantes potosinos de Lima Lama tendr\u00e1n participaci\u00f3n en el KL Internacional Desaf\u00edo Full Contac M\u00e9xico vs Argentina, el cual se desarrollar\u00e1 a partir del 28 de octubre en Buenos Aires Los atletas que tendr\u00e1n participaci\u00f3n son Aneline Ayala en la categor\u00eda de 52 kilogramos, Maricarmen Arias en 57 kg.; Victor Hugo Castro en 64 kg.; Jos\u00e9 Juan de la Cruz en 80 kg., todos en la modalidad de Full Contac. Pelear\u00e1n el 28 de octubre, pero se concentran desde el 24 de octubre en la Ciudad de M\u00e9xico para salir el 26 rumbo al pa\u00eds sudamericano. Acude como entrenador [&hellip;]","og_url":"https:\/\/canal7slp.tv\/2023\/representantes-de-lima-lama-al-kl-internacional-desafio-full-contac-mexico-vs-argentina\/","og_site_name":"Canal 7 SLP - 2023","article_publisher":"https:\/\/www.facebook.com\/noticieroscanalsiete","article_published_time":"2023-10-25T20:13:25+00:00","og_image":[{"width":1280,"height":720,"url":"https:\/\/canal7slp.tv\/2023\/wp-content\/uploads\/2023\/10\/Froi03LimaLama.jpg","type":"image\/jpeg"}],"author":"Edici\u00f3n Web","twitter_card":"summary_large_image","twitter_creator":"@NOTICIEROS7","twitter_site":"@NOTICIEROS7","twitter_misc":{"Escrito por":"Edici\u00f3n Web","Tiempo de lectura":"1 minuto"},"schema":{"@context":"https:\/\/schema.org","@graph":[{"@type":"Article","@id":"https:\/\/canal7slp.tv\/2023\/representantes-de-lima-lama-al-kl-internacional-desafio-full-contac-mexico-vs-argentina\/#article","isPartOf":{"@id":"https:\/\/canal7slp.tv\/2023\/representantes-de-lima-lama-al-kl-internacional-desafio-full-contac-mexico-vs-argentina\/"},"author":{"name":"Edici\u00f3n Web","@id":"https:\/\/canal7slp.tv\/2023\/#\/schema\/person\/639c424e3584069003b11ae813915da6"},"headline":"Representantes de Lima Lama al KL Internacional Desaf\u00edo Full Contac M\u00e9xico vs Argentina","datePublished":"2023-10-25T20:13:25+00:00","mainEntityOfPage":{"@id":"https:\/\/canal7slp.tv\/2023\/representantes-de-lima-lama-al-kl-internacional-desafio-full-contac-mexico-vs-argentina\/"},"wordCount":134,"publisher":{"@id":"https:\/\/canal7slp.tv\/2023\/#organization"},"image":{"@id":"https:\/\/canal7slp.tv\/2023\/representantes-de-lima-lama-al-kl-internacional-desafio-full-contac-mexico-vs-argentina\/#primaryimage"},"thumbnailUrl":"https:\/\/canal7slp.tv\/2023\/wp-content\/uploads\/2023\/10\/Froi03LimaLama.jpg","articleSection":["DEPORTES","DESTACADAS"],"inLanguage":"es"},{"@type":"WebPage","@id":"https:\/\/canal7slp.tv\/2023\/representantes-de-lima-lama-al-kl-internacional-desafio-full-contac-mexico-vs-argentina\/","url":"https:\/\/canal7slp.tv\/2023\/representantes-de-lima-lama-al-kl-internacional-desafio-full-contac-mexico-vs-argentina\/","name":"Representantes de Lima Lama al KL Internacional Desaf\u00edo Full Contac M\u00e9xico vs Argentina - Canal 7 SLP - 2023","isPartOf":{"@id":"https:\/\/canal7slp.tv\/2023\/#website"},"primaryImageOfPage":{"@id":"https:\/\/canal7slp.tv\/2023\/representantes-de-lima-lama-al-kl-internacional-desafio-full-contac-mexico-vs-argentina\/#primaryimage"},"image":{"@id":"https:\/\/canal7slp.tv\/2023\/representantes-de-lima-lama-al-kl-internacional-desafio-full-contac-mexico-vs-argentina\/#primaryimage"},"thumbnailUrl":"https:\/\/canal7slp.tv\/2023\/wp-content\/uploads\/2023\/10\/Froi03LimaLama.jpg","datePublished":"2023-10-25T20:13:25+00:00","breadcrumb":{"@id":"https:\/\/canal7slp.tv\/2023\/representantes-de-lima-lama-al-kl-internacional-desafio-full-contac-mexico-vs-argentina\/#breadcrumb"},"inLanguage":"es","potentialAction":[{"@type":"ReadAction","target":["https:\/\/canal7slp.tv\/2023\/representantes-de-lima-lama-al-kl-internacional-desafio-full-contac-mexico-vs-argentina\/"]}]},{"@type":"ImageObject","inLanguage":"es","@id":"https:\/\/canal7slp.tv\/2023\/representantes-de-lima-lama-al-kl-internacional-desafio-full-contac-mexico-vs-argentina\/#primaryimage","url":"https:\/\/canal7slp.tv\/2023\/wp-content\/uploads\/2023\/10\/Froi03LimaLama.jpg","contentUrl":"https:\/\/canal7slp.tv\/2023\/wp-content\/uploads\/2023\/10\/Froi03LimaLama.jpg","width":1280,"height":720},{"@type":"BreadcrumbList","@id":"https:\/\/canal7slp.tv\/2023\/representantes-de-lima-lama-al-kl-internacional-desafio-full-contac-mexico-vs-argentina\/#breadcrumb","itemListElement":[{"@type":"ListItem","position":1,"name":"Portada","item":"https:\/\/canal7slp.tv\/2023\/"},{"@type":"ListItem","position":2,"name":"Representantes de Lima Lama al KL Internacional Desaf\u00edo Full Contac M\u00e9xico vs Argentina"}]},{"@type":"WebSite","@id":"https:\/\/canal7slp.tv\/2023\/#website","url":"https:\/\/canal7slp.tv\/2023\/","name":"N7 - Noticieros Canal 7","description":"Somos Televisi\u00f3n","publisher":{"@id":"https:\/\/canal7slp.tv\/2023\/#organization"},"potentialAction":[{"@type":"SearchAction","target":{"@type":"EntryPoint","urlTemplate":"https:\/\/canal7slp.tv\/2023\/?s={search_term_string}"},"query-input":{"@type":"PropertyValueSpecification","valueRequired":true,"valueName":"search_term_string"}}],"inLanguage":"es"},{"@type":"Organization","@id":"https:\/\/canal7slp.tv\/2023\/#organization","name":"Noticieros Canal 7","url":"https:\/\/canal7slp.tv\/2023\/","logo":{"@type":"ImageObject","inLanguage":"es","@id":"https:\/\/canal7slp.tv\/2023\/#\/schema\/logo\/image\/","url":"https:\/\/canal7slp.tv\/2023\/wp-content\/uploads\/2021\/01\/logo-noticieros@2x.png","contentUrl":"https:\/\/canal7slp.tv\/2023\/wp-content\/uploads\/2021\/01\/logo-noticieros@2x.png","width":1017,"height":268,"caption":"Noticieros Canal 7"},"image":{"@id":"https:\/\/canal7slp.tv\/2023\/#\/schema\/logo\/image\/"},"sameAs":["https:\/\/www.facebook.com\/noticieroscanalsiete","https:\/\/x.com\/NOTICIEROS7","https:\/\/www.instagram.com\/canal7_slp","https:\/\/www.youtube.com\/channel\/UCliiYs-gP3JfJeqdPrNdd5A"]},{"@type":"Person","@id":"https:\/\/canal7slp.tv\/2023\/#\/schema\/person\/639c424e3584069003b11ae813915da6","name":"Edici\u00f3n Web","image":{"@type":"ImageObject","inLanguage":"es","@id":"https:\/\/secure.gravatar.com\/avatar\/eee448fc3f7164808013b816ba91ac7e43bbe82a70bebac296f8bc6f0addaa1a?s=96&d=mm&r=g","url":"https:\/\/secure.gravatar.com\/avatar\/eee448fc3f7164808013b816ba91ac7e43bbe82a70bebac296f8bc6f0addaa1a?s=96&d=mm&r=g","contentUrl":"https:\/\/secure.gravatar.com\/avatar\/eee448fc3f7164808013b816ba91ac7e43bbe82a70bebac296f8bc6f0addaa1a?s=96&d=mm&r=g","caption":"Edici\u00f3n Web"},"url":"https:\/\/canal7slp.tv\/2023\/author\/edicionweb\/"}]}},"_links":{"self":[{"href":"https:\/\/canal7slp.tv\/2023\/wp-json\/wp\/v2\/posts\/111017","targetHints":{"allow":["GET"]}}],"collection":[{"href":"https:\/\/canal7slp.tv\/2023\/wp-json\/wp\/v2\/posts"}],"about":[{"href":"https:\/\/canal7slp.tv\/2023\/wp-json\/wp\/v2\/types\/post"}],"author":[{"embeddable":true,"href":"https:\/\/canal7slp.tv\/2023\/wp-json\/wp\/v2\/users\/2"}],"replies":[{"embeddable":true,"href":"https:\/\/canal7slp.tv\/2023\/wp-json\/wp\/v2\/comments?post=111017"}],"version-history":[{"count":3,"href":"https:\/\/canal7slp.tv\/2023\/wp-json\/wp\/v2\/posts\/111017\/revisions"}],"predecessor-version":[{"id":111027,"href":"https:\/\/canal7slp.tv\/2023\/wp-json\/wp\/v2\/posts\/111017\/revisions\/111027"}],"wp:featuredmedia":[{"embeddable":true,"href":"https:\/\/canal7slp.tv\/2023\/wp-json\/wp\/v2\/media\/111026"}],"wp:attachment":[{"href":"https:\/\/canal7slp.tv\/2023\/wp-json\/wp\/v2\/media?parent=111017"}],"wp:term":[{"taxonomy":"category","embeddable":true,"href":"https:\/\/canal7slp.tv\/2023\/wp-json\/wp\/v2\/categories?post=111017"},{"taxonomy":"post_tag","embeddable":true,"href":"https:\/\/canal7slp.tv\/2023\/wp-json\/wp\/v2\/tags?post=111017"}],"curies":[{"name":"wp","href":"https:\/\/api.w.org\/{rel}","templated":true}]}}