{"id":111016,"date":"2023-10-25T14:09:58","date_gmt":"2023-10-25T20:09:58","guid":{"rendered":"https:\/\/canal7slp.tv\/2023\/?p=111016"},"modified":"2023-10-25T14:09:58","modified_gmt":"2023-10-25T20:09:58","slug":"isaac-del-toro-estara-presente-en-el-gran-fondo-nairo-quintana","status":"publish","type":"post","link":"https:\/\/canal7slp.tv\/2023\/isaac-del-toro-estara-presente-en-el-gran-fondo-nairo-quintana\/","title":{"rendered":"Isaac del Toro estar\u00e1 presente en el Gran Fondo Nairo Quintana"},"content":{"rendered":"<p style=\"text-align: justify;\">SLP.- El ciclista mexicano originario de Baja California Isaac del Toro, estar\u00e1 presente en el Gran Fondo Nairo Quintana, a desarrollarse este pr\u00f3ximo fin de semana en San Luis Capital, donde acompa\u00f1ar\u00e1 a los participantes en esta convivencia atl\u00e9tica.<\/p>\n<p style=\"text-align: justify;\">Del Toro es la m\u00e1s grata revelaci\u00f3n del ciclismo en M\u00e9xico, luego de la obtenci\u00f3n del t\u00edtulo de la edici\u00f3n 2023 del Tour del Porvenir, considerado el Tour de Francia Juvenil, donde super\u00f3 al italiano Giulio Pellizzari y se qued\u00f3 con el tan ansiado certamen que han ganado grandes ciclistas en el mundo.<\/p>\n<p style=\"text-align: justify;\">Del Toro recientemente se incorpor\u00f3 al equipo UAE Emirates, una escuadra con la que firm\u00f3 por los pr\u00f3ximos 3 a\u00f1os, lo que le permitir\u00e1 competir en las m\u00e1s grandes justas del ciclismo mundial, como el Tour de Francia, la Vuelta a Espa\u00f1a y el Giro de Italia, entre otras. La presencia de Isaac del Toro en San Luis Potos\u00ed genera gran expectativa, con un evento que viene creciendo como el Gran Fondo Nairo Quintana, que el a\u00f1o anterior tuvo como invitado a otro de los hist\u00f3ricos del ciclismo en nuestro pa\u00eds, el gran Ra\u00fal Alcal\u00e1.<\/p>\n","protected":false},"excerpt":{"rendered":"<p>SLP.- El ciclista mexicano originario de Baja California Isaac del Toro, estar\u00e1 presente en el Gran Fondo Nairo Quintana, a desarrollarse este pr\u00f3ximo fin de semana en San Luis Capital, donde acompa\u00f1ar\u00e1 a los participantes en esta convivencia atl\u00e9tica. Del Toro es la m\u00e1s grata revelaci\u00f3n del ciclismo en M\u00e9xico, luego de la obtenci\u00f3n del t\u00edtulo de la edici\u00f3n 2023 del Tour del Porvenir, considerado el Tour de Francia Juvenil, donde super\u00f3 al italiano Giulio Pellizzari y se qued\u00f3 con el tan ansiado certamen que han ganado grandes ciclistas en el mundo. Del Toro recientemente se incorpor\u00f3 al equipo UAE [&hellip;]<\/p>\n","protected":false},"author":2,"featured_media":111024,"comment_status":"closed","ping_status":"closed","sticky":false,"template":"","format":"video","meta":{"footnotes":""},"categories":[7,5],"tags":[],"class_list":["post-111016","post","type-post","status-publish","format-video","has-post-thumbnail","hentry","category-deportes","category-destacadas","post_format-post-format-video","post--single"],"yoast_head":"<!-- This site is optimized with the Yoast SEO plugin v27.5 - https:\/\/yoast.com\/product\/yoast-seo-wordpress\/ -->\n<title>Isaac del Toro estar\u00e1 presente en el Gran Fondo Nairo Quintana - Canal 7 SLP - 2023<\/title>\n<meta name=\"robots\" content=\"index, follow, max-snippet:-1, max-image-preview:large, max-video-preview:-1\" \/>\n<link rel=\"canonical\" href=\"https:\/\/canal7slp.tv\/2023\/isaac-del-toro-estara-presente-en-el-gran-fondo-nairo-quintana\/\" \/>\n<meta property=\"og:locale\" content=\"es_ES\" \/>\n<meta property=\"og:type\" content=\"article\" \/>\n<meta property=\"og:title\" content=\"Isaac del Toro estar\u00e1 presente en el Gran Fondo Nairo Quintana - Canal 7 SLP - 2023\" \/>\n<meta property=\"og:description\" content=\"SLP.- El ciclista mexicano originario de Baja California Isaac del Toro, estar\u00e1 presente en el Gran Fondo Nairo Quintana, a desarrollarse este pr\u00f3ximo fin de semana en San Luis Capital, donde acompa\u00f1ar\u00e1 a los participantes en esta convivencia atl\u00e9tica. Del Toro es la m\u00e1s grata revelaci\u00f3n del ciclismo en M\u00e9xico, luego de la obtenci\u00f3n del t\u00edtulo de la edici\u00f3n 2023 del Tour del Porvenir, considerado el Tour de Francia Juvenil, donde super\u00f3 al italiano Giulio Pellizzari y se qued\u00f3 con el tan ansiado certamen que han ganado grandes ciclistas en el mundo. Del Toro recientemente se incorpor\u00f3 al equipo UAE [&hellip;]\" \/>\n<meta property=\"og:url\" content=\"https:\/\/canal7slp.tv\/2023\/isaac-del-toro-estara-presente-en-el-gran-fondo-nairo-quintana\/\" \/>\n<meta property=\"og:site_name\" content=\"Canal 7 SLP - 2023\" \/>\n<meta property=\"article:publisher\" content=\"https:\/\/www.facebook.com\/noticieroscanalsiete\" \/>\n<meta property=\"article:published_time\" content=\"2023-10-25T20:09:58+00:00\" \/>\n<meta property=\"og:image\" content=\"https:\/\/canal7slp.tv\/2023\/wp-content\/uploads\/2023\/10\/Froi02Nairo.jpg\" \/>\n\t<meta property=\"og:image:width\" content=\"1280\" \/>\n\t<meta property=\"og:image:height\" content=\"720\" \/>\n\t<meta property=\"og:image:type\" content=\"image\/jpeg\" \/>\n<meta name=\"author\" content=\"Edici\u00f3n Web\" \/>\n<meta name=\"twitter:card\" content=\"summary_large_image\" \/>\n<meta name=\"twitter:creator\" content=\"@NOTICIEROS7\" \/>\n<meta name=\"twitter:site\" content=\"@NOTICIEROS7\" \/>\n<meta name=\"twitter:label1\" content=\"Escrito por\" \/>\n\t<meta name=\"twitter:data1\" content=\"Edici\u00f3n Web\" \/>\n\t<meta name=\"twitter:label2\" content=\"Tiempo de lectura\" \/>\n\t<meta name=\"twitter:data2\" content=\"1 minuto\" \/>\n<script type=\"application\/ld+json\" class=\"yoast-schema-graph\">{\"@context\":\"https:\\\/\\\/schema.org\",\"@graph\":[{\"@type\":\"Article\",\"@id\":\"https:\\\/\\\/canal7slp.tv\\\/2023\\\/isaac-del-toro-estara-presente-en-el-gran-fondo-nairo-quintana\\\/#article\",\"isPartOf\":{\"@id\":\"https:\\\/\\\/canal7slp.tv\\\/2023\\\/isaac-del-toro-estara-presente-en-el-gran-fondo-nairo-quintana\\\/\"},\"author\":{\"name\":\"Edici\u00f3n Web\",\"@id\":\"https:\\\/\\\/canal7slp.tv\\\/2023\\\/#\\\/schema\\\/person\\\/639c424e3584069003b11ae813915da6\"},\"headline\":\"Isaac del Toro estar\u00e1 presente en el Gran Fondo Nairo Quintana\",\"datePublished\":\"2023-10-25T20:09:58+00:00\",\"mainEntityOfPage\":{\"@id\":\"https:\\\/\\\/canal7slp.tv\\\/2023\\\/isaac-del-toro-estara-presente-en-el-gran-fondo-nairo-quintana\\\/\"},\"wordCount\":214,\"publisher\":{\"@id\":\"https:\\\/\\\/canal7slp.tv\\\/2023\\\/#organization\"},\"image\":{\"@id\":\"https:\\\/\\\/canal7slp.tv\\\/2023\\\/isaac-del-toro-estara-presente-en-el-gran-fondo-nairo-quintana\\\/#primaryimage\"},\"thumbnailUrl\":\"https:\\\/\\\/canal7slp.tv\\\/2023\\\/wp-content\\\/uploads\\\/2023\\\/10\\\/Froi02Nairo.jpg\",\"articleSection\":[\"DEPORTES\",\"DESTACADAS\"],\"inLanguage\":\"es\"},{\"@type\":\"WebPage\",\"@id\":\"https:\\\/\\\/canal7slp.tv\\\/2023\\\/isaac-del-toro-estara-presente-en-el-gran-fondo-nairo-quintana\\\/\",\"url\":\"https:\\\/\\\/canal7slp.tv\\\/2023\\\/isaac-del-toro-estara-presente-en-el-gran-fondo-nairo-quintana\\\/\",\"name\":\"Isaac del Toro estar\u00e1 presente en el Gran Fondo Nairo Quintana - Canal 7 SLP - 2023\",\"isPartOf\":{\"@id\":\"https:\\\/\\\/canal7slp.tv\\\/2023\\\/#website\"},\"primaryImageOfPage\":{\"@id\":\"https:\\\/\\\/canal7slp.tv\\\/2023\\\/isaac-del-toro-estara-presente-en-el-gran-fondo-nairo-quintana\\\/#primaryimage\"},\"image\":{\"@id\":\"https:\\\/\\\/canal7slp.tv\\\/2023\\\/isaac-del-toro-estara-presente-en-el-gran-fondo-nairo-quintana\\\/#primaryimage\"},\"thumbnailUrl\":\"https:\\\/\\\/canal7slp.tv\\\/2023\\\/wp-content\\\/uploads\\\/2023\\\/10\\\/Froi02Nairo.jpg\",\"datePublished\":\"2023-10-25T20:09:58+00:00\",\"breadcrumb\":{\"@id\":\"https:\\\/\\\/canal7slp.tv\\\/2023\\\/isaac-del-toro-estara-presente-en-el-gran-fondo-nairo-quintana\\\/#breadcrumb\"},\"inLanguage\":\"es\",\"potentialAction\":[{\"@type\":\"ReadAction\",\"target\":[\"https:\\\/\\\/canal7slp.tv\\\/2023\\\/isaac-del-toro-estara-presente-en-el-gran-fondo-nairo-quintana\\\/\"]}]},{\"@type\":\"ImageObject\",\"inLanguage\":\"es\",\"@id\":\"https:\\\/\\\/canal7slp.tv\\\/2023\\\/isaac-del-toro-estara-presente-en-el-gran-fondo-nairo-quintana\\\/#primaryimage\",\"url\":\"https:\\\/\\\/canal7slp.tv\\\/2023\\\/wp-content\\\/uploads\\\/2023\\\/10\\\/Froi02Nairo.jpg\",\"contentUrl\":\"https:\\\/\\\/canal7slp.tv\\\/2023\\\/wp-content\\\/uploads\\\/2023\\\/10\\\/Froi02Nairo.jpg\",\"width\":1280,\"height\":720},{\"@type\":\"BreadcrumbList\",\"@id\":\"https:\\\/\\\/canal7slp.tv\\\/2023\\\/isaac-del-toro-estara-presente-en-el-gran-fondo-nairo-quintana\\\/#breadcrumb\",\"itemListElement\":[{\"@type\":\"ListItem\",\"position\":1,\"name\":\"Portada\",\"item\":\"https:\\\/\\\/canal7slp.tv\\\/2023\\\/\"},{\"@type\":\"ListItem\",\"position\":2,\"name\":\"Isaac del Toro estar\u00e1 presente en el Gran Fondo Nairo Quintana\"}]},{\"@type\":\"WebSite\",\"@id\":\"https:\\\/\\\/canal7slp.tv\\\/2023\\\/#website\",\"url\":\"https:\\\/\\\/canal7slp.tv\\\/2023\\\/\",\"name\":\"N7 - Noticieros Canal 7\",\"description\":\"Somos Televisi\u00f3n\",\"publisher\":{\"@id\":\"https:\\\/\\\/canal7slp.tv\\\/2023\\\/#organization\"},\"potentialAction\":[{\"@type\":\"SearchAction\",\"target\":{\"@type\":\"EntryPoint\",\"urlTemplate\":\"https:\\\/\\\/canal7slp.tv\\\/2023\\\/?s={search_term_string}\"},\"query-input\":{\"@type\":\"PropertyValueSpecification\",\"valueRequired\":true,\"valueName\":\"search_term_string\"}}],\"inLanguage\":\"es\"},{\"@type\":\"Organization\",\"@id\":\"https:\\\/\\\/canal7slp.tv\\\/2023\\\/#organization\",\"name\":\"Noticieros Canal 7\",\"url\":\"https:\\\/\\\/canal7slp.tv\\\/2023\\\/\",\"logo\":{\"@type\":\"ImageObject\",\"inLanguage\":\"es\",\"@id\":\"https:\\\/\\\/canal7slp.tv\\\/2023\\\/#\\\/schema\\\/logo\\\/image\\\/\",\"url\":\"https:\\\/\\\/canal7slp.tv\\\/2023\\\/wp-content\\\/uploads\\\/2021\\\/01\\\/logo-noticieros@2x.png\",\"contentUrl\":\"https:\\\/\\\/canal7slp.tv\\\/2023\\\/wp-content\\\/uploads\\\/2021\\\/01\\\/logo-noticieros@2x.png\",\"width\":1017,\"height\":268,\"caption\":\"Noticieros Canal 7\"},\"image\":{\"@id\":\"https:\\\/\\\/canal7slp.tv\\\/2023\\\/#\\\/schema\\\/logo\\\/image\\\/\"},\"sameAs\":[\"https:\\\/\\\/www.facebook.com\\\/noticieroscanalsiete\",\"https:\\\/\\\/x.com\\\/NOTICIEROS7\",\"https:\\\/\\\/www.instagram.com\\\/canal7_slp\",\"https:\\\/\\\/www.youtube.com\\\/channel\\\/UCliiYs-gP3JfJeqdPrNdd5A\"]},{\"@type\":\"Person\",\"@id\":\"https:\\\/\\\/canal7slp.tv\\\/2023\\\/#\\\/schema\\\/person\\\/639c424e3584069003b11ae813915da6\",\"name\":\"Edici\u00f3n Web\",\"image\":{\"@type\":\"ImageObject\",\"inLanguage\":\"es\",\"@id\":\"https:\\\/\\\/secure.gravatar.com\\\/avatar\\\/eee448fc3f7164808013b816ba91ac7e43bbe82a70bebac296f8bc6f0addaa1a?s=96&d=mm&r=g\",\"url\":\"https:\\\/\\\/secure.gravatar.com\\\/avatar\\\/eee448fc3f7164808013b816ba91ac7e43bbe82a70bebac296f8bc6f0addaa1a?s=96&d=mm&r=g\",\"contentUrl\":\"https:\\\/\\\/secure.gravatar.com\\\/avatar\\\/eee448fc3f7164808013b816ba91ac7e43bbe82a70bebac296f8bc6f0addaa1a?s=96&d=mm&r=g\",\"caption\":\"Edici\u00f3n Web\"},\"url\":\"https:\\\/\\\/canal7slp.tv\\\/2023\\\/author\\\/edicionweb\\\/\"}]}<\/script>\n<!-- \/ Yoast SEO plugin. -->","yoast_head_json":{"title":"Isaac del Toro estar\u00e1 presente en el Gran Fondo Nairo Quintana - Canal 7 SLP - 2023","robots":{"index":"index","follow":"follow","max-snippet":"max-snippet:-1","max-image-preview":"max-image-preview:large","max-video-preview":"max-video-preview:-1"},"canonical":"https:\/\/canal7slp.tv\/2023\/isaac-del-toro-estara-presente-en-el-gran-fondo-nairo-quintana\/","og_locale":"es_ES","og_type":"article","og_title":"Isaac del Toro estar\u00e1 presente en el Gran Fondo Nairo Quintana - Canal 7 SLP - 2023","og_description":"SLP.- El ciclista mexicano originario de Baja California Isaac del Toro, estar\u00e1 presente en el Gran Fondo Nairo Quintana, a desarrollarse este pr\u00f3ximo fin de semana en San Luis Capital, donde acompa\u00f1ar\u00e1 a los participantes en esta convivencia atl\u00e9tica. Del Toro es la m\u00e1s grata revelaci\u00f3n del ciclismo en M\u00e9xico, luego de la obtenci\u00f3n del t\u00edtulo de la edici\u00f3n 2023 del Tour del Porvenir, considerado el Tour de Francia Juvenil, donde super\u00f3 al italiano Giulio Pellizzari y se qued\u00f3 con el tan ansiado certamen que han ganado grandes ciclistas en el mundo. Del Toro recientemente se incorpor\u00f3 al equipo UAE [&hellip;]","og_url":"https:\/\/canal7slp.tv\/2023\/isaac-del-toro-estara-presente-en-el-gran-fondo-nairo-quintana\/","og_site_name":"Canal 7 SLP - 2023","article_publisher":"https:\/\/www.facebook.com\/noticieroscanalsiete","article_published_time":"2023-10-25T20:09:58+00:00","og_image":[{"width":1280,"height":720,"url":"https:\/\/canal7slp.tv\/2023\/wp-content\/uploads\/2023\/10\/Froi02Nairo.jpg","type":"image\/jpeg"}],"author":"Edici\u00f3n Web","twitter_card":"summary_large_image","twitter_creator":"@NOTICIEROS7","twitter_site":"@NOTICIEROS7","twitter_misc":{"Escrito por":"Edici\u00f3n Web","Tiempo de lectura":"1 minuto"},"schema":{"@context":"https:\/\/schema.org","@graph":[{"@type":"Article","@id":"https:\/\/canal7slp.tv\/2023\/isaac-del-toro-estara-presente-en-el-gran-fondo-nairo-quintana\/#article","isPartOf":{"@id":"https:\/\/canal7slp.tv\/2023\/isaac-del-toro-estara-presente-en-el-gran-fondo-nairo-quintana\/"},"author":{"name":"Edici\u00f3n Web","@id":"https:\/\/canal7slp.tv\/2023\/#\/schema\/person\/639c424e3584069003b11ae813915da6"},"headline":"Isaac del Toro estar\u00e1 presente en el Gran Fondo Nairo Quintana","datePublished":"2023-10-25T20:09:58+00:00","mainEntityOfPage":{"@id":"https:\/\/canal7slp.tv\/2023\/isaac-del-toro-estara-presente-en-el-gran-fondo-nairo-quintana\/"},"wordCount":214,"publisher":{"@id":"https:\/\/canal7slp.tv\/2023\/#organization"},"image":{"@id":"https:\/\/canal7slp.tv\/2023\/isaac-del-toro-estara-presente-en-el-gran-fondo-nairo-quintana\/#primaryimage"},"thumbnailUrl":"https:\/\/canal7slp.tv\/2023\/wp-content\/uploads\/2023\/10\/Froi02Nairo.jpg","articleSection":["DEPORTES","DESTACADAS"],"inLanguage":"es"},{"@type":"WebPage","@id":"https:\/\/canal7slp.tv\/2023\/isaac-del-toro-estara-presente-en-el-gran-fondo-nairo-quintana\/","url":"https:\/\/canal7slp.tv\/2023\/isaac-del-toro-estara-presente-en-el-gran-fondo-nairo-quintana\/","name":"Isaac del Toro estar\u00e1 presente en el Gran Fondo Nairo Quintana - Canal 7 SLP - 2023","isPartOf":{"@id":"https:\/\/canal7slp.tv\/2023\/#website"},"primaryImageOfPage":{"@id":"https:\/\/canal7slp.tv\/2023\/isaac-del-toro-estara-presente-en-el-gran-fondo-nairo-quintana\/#primaryimage"},"image":{"@id":"https:\/\/canal7slp.tv\/2023\/isaac-del-toro-estara-presente-en-el-gran-fondo-nairo-quintana\/#primaryimage"},"thumbnailUrl":"https:\/\/canal7slp.tv\/2023\/wp-content\/uploads\/2023\/10\/Froi02Nairo.jpg","datePublished":"2023-10-25T20:09:58+00:00","breadcrumb":{"@id":"https:\/\/canal7slp.tv\/2023\/isaac-del-toro-estara-presente-en-el-gran-fondo-nairo-quintana\/#breadcrumb"},"inLanguage":"es","potentialAction":[{"@type":"ReadAction","target":["https:\/\/canal7slp.tv\/2023\/isaac-del-toro-estara-presente-en-el-gran-fondo-nairo-quintana\/"]}]},{"@type":"ImageObject","inLanguage":"es","@id":"https:\/\/canal7slp.tv\/2023\/isaac-del-toro-estara-presente-en-el-gran-fondo-nairo-quintana\/#primaryimage","url":"https:\/\/canal7slp.tv\/2023\/wp-content\/uploads\/2023\/10\/Froi02Nairo.jpg","contentUrl":"https:\/\/canal7slp.tv\/2023\/wp-content\/uploads\/2023\/10\/Froi02Nairo.jpg","width":1280,"height":720},{"@type":"BreadcrumbList","@id":"https:\/\/canal7slp.tv\/2023\/isaac-del-toro-estara-presente-en-el-gran-fondo-nairo-quintana\/#breadcrumb","itemListElement":[{"@type":"ListItem","position":1,"name":"Portada","item":"https:\/\/canal7slp.tv\/2023\/"},{"@type":"ListItem","position":2,"name":"Isaac del Toro estar\u00e1 presente en el Gran Fondo Nairo Quintana"}]},{"@type":"WebSite","@id":"https:\/\/canal7slp.tv\/2023\/#website","url":"https:\/\/canal7slp.tv\/2023\/","name":"N7 - Noticieros Canal 7","description":"Somos Televisi\u00f3n","publisher":{"@id":"https:\/\/canal7slp.tv\/2023\/#organization"},"potentialAction":[{"@type":"SearchAction","target":{"@type":"EntryPoint","urlTemplate":"https:\/\/canal7slp.tv\/2023\/?s={search_term_string}"},"query-input":{"@type":"PropertyValueSpecification","valueRequired":true,"valueName":"search_term_string"}}],"inLanguage":"es"},{"@type":"Organization","@id":"https:\/\/canal7slp.tv\/2023\/#organization","name":"Noticieros Canal 7","url":"https:\/\/canal7slp.tv\/2023\/","logo":{"@type":"ImageObject","inLanguage":"es","@id":"https:\/\/canal7slp.tv\/2023\/#\/schema\/logo\/image\/","url":"https:\/\/canal7slp.tv\/2023\/wp-content\/uploads\/2021\/01\/logo-noticieros@2x.png","contentUrl":"https:\/\/canal7slp.tv\/2023\/wp-content\/uploads\/2021\/01\/logo-noticieros@2x.png","width":1017,"height":268,"caption":"Noticieros Canal 7"},"image":{"@id":"https:\/\/canal7slp.tv\/2023\/#\/schema\/logo\/image\/"},"sameAs":["https:\/\/www.facebook.com\/noticieroscanalsiete","https:\/\/x.com\/NOTICIEROS7","https:\/\/www.instagram.com\/canal7_slp","https:\/\/www.youtube.com\/channel\/UCliiYs-gP3JfJeqdPrNdd5A"]},{"@type":"Person","@id":"https:\/\/canal7slp.tv\/2023\/#\/schema\/person\/639c424e3584069003b11ae813915da6","name":"Edici\u00f3n Web","image":{"@type":"ImageObject","inLanguage":"es","@id":"https:\/\/secure.gravatar.com\/avatar\/eee448fc3f7164808013b816ba91ac7e43bbe82a70bebac296f8bc6f0addaa1a?s=96&d=mm&r=g","url":"https:\/\/secure.gravatar.com\/avatar\/eee448fc3f7164808013b816ba91ac7e43bbe82a70bebac296f8bc6f0addaa1a?s=96&d=mm&r=g","contentUrl":"https:\/\/secure.gravatar.com\/avatar\/eee448fc3f7164808013b816ba91ac7e43bbe82a70bebac296f8bc6f0addaa1a?s=96&d=mm&r=g","caption":"Edici\u00f3n Web"},"url":"https:\/\/canal7slp.tv\/2023\/author\/edicionweb\/"}]}},"_links":{"self":[{"href":"https:\/\/canal7slp.tv\/2023\/wp-json\/wp\/v2\/posts\/111016","targetHints":{"allow":["GET"]}}],"collection":[{"href":"https:\/\/canal7slp.tv\/2023\/wp-json\/wp\/v2\/posts"}],"about":[{"href":"https:\/\/canal7slp.tv\/2023\/wp-json\/wp\/v2\/types\/post"}],"author":[{"embeddable":true,"href":"https:\/\/canal7slp.tv\/2023\/wp-json\/wp\/v2\/users\/2"}],"replies":[{"embeddable":true,"href":"https:\/\/canal7slp.tv\/2023\/wp-json\/wp\/v2\/comments?post=111016"}],"version-history":[{"count":2,"href":"https:\/\/canal7slp.tv\/2023\/wp-json\/wp\/v2\/posts\/111016\/revisions"}],"predecessor-version":[{"id":111025,"href":"https:\/\/canal7slp.tv\/2023\/wp-json\/wp\/v2\/posts\/111016\/revisions\/111025"}],"wp:featuredmedia":[{"embeddable":true,"href":"https:\/\/canal7slp.tv\/2023\/wp-json\/wp\/v2\/media\/111024"}],"wp:attachment":[{"href":"https:\/\/canal7slp.tv\/2023\/wp-json\/wp\/v2\/media?parent=111016"}],"wp:term":[{"taxonomy":"category","embeddable":true,"href":"https:\/\/canal7slp.tv\/2023\/wp-json\/wp\/v2\/categories?post=111016"},{"taxonomy":"post_tag","embeddable":true,"href":"https:\/\/canal7slp.tv\/2023\/wp-json\/wp\/v2\/tags?post=111016"}],"curies":[{"name":"wp","href":"https:\/\/api.w.org\/{rel}","templated":true}]}}