{"id":111001,"date":"2023-10-25T08:00:25","date_gmt":"2023-10-25T14:00:25","guid":{"rendered":"https:\/\/canal7slp.tv\/2023\/?p=111001"},"modified":"2023-10-25T08:01:26","modified_gmt":"2023-10-25T14:01:26","slug":"destapan-al-empresario-luis-antonio-mahbub-sarquis-para-el-senado-por-el-frente-amplio-por-mexico","status":"publish","type":"post","link":"https:\/\/canal7slp.tv\/2023\/destapan-al-empresario-luis-antonio-mahbub-sarquis-para-el-senado-por-el-frente-amplio-por-mexico\/","title":{"rendered":"Destapan al empresario Luis Antonio Mahbub Sarquis para el Senado por el Frente Amplio por M\u00e9xico"},"content":{"rendered":"<ul>\n<li style=\"text-align: justify;\">El diputado, Juan Francisco Aguilar Hern\u00e1ndez destac\u00f3 el perfil con m\u00e1s de 35 a\u00f1os de trayectoria en la iniciativa privada.<\/li>\n<\/ul>\n<p style=\"text-align: justify;\">SLP.- Solamente con nuevos perfiles y no a trav\u00e9s de aquellos debilitados, el Frente Amplio por M\u00e9xico arrasar\u00eda en la contienda por el Senado.<\/p>\n<p style=\"text-align: justify;\">As\u00ed sentenci\u00f3 el diputado local del Partido Acci\u00f3n Nacional (PAN) Juan Francisco Aguilar Hern\u00e1ndez.<\/p>\n<p style=\"text-align: justify;\">Quien advirti\u00f3 que en la mira nunca ha estado quedarse en una tercera posici\u00f3n -y ello depende de apostar por personas que realmente han hecho la diferencia y sumen al proyecto de X\u00f3chitl G\u00e1lvez, no individuos cuestionables-.<\/p>\n<p style=\"text-align: justify;\">El legislador rechaz\u00f3 que el bloque opositor se encuentre desarticulado; solo deben tomarse decisiones.<\/p>\n<p style=\"text-align: justify;\">Sin embargo, aclar\u00f3 que existe apertura a la participaci\u00f3n de la ciudadan\u00eda.<\/p>\n<p style=\"text-align: justify;\">Aguilar Hern\u00e1ndez dio como ejemplo a personajes que han marcado la diferencia, incluso en \u00e1mbitos empresariales o bien, de desarrollo econ\u00f3mico.<\/p>\n<p style=\"text-align: justify;\">Tal ser\u00eda el caso del expresidente de la Confederaci\u00f3n de C\u00e1maras Nacionales de Comercio, Servicios y Turismo (CONCANACO-SERVyTUR) Luis Antonio Mahbub Sarquis.<\/p>\n<p style=\"text-align: justify;\">El diputado del albiazul advirti\u00f3 que la unidad permitir\u00e1 dar una verdadera batalla a la 4T.<\/p>\n<p style=\"text-align: justify;\">Por: Paulina Rodr\u00edguez<\/p>\n","protected":false},"excerpt":{"rendered":"<p>El diputado, Juan Francisco Aguilar Hern\u00e1ndez destac\u00f3 el perfil con m\u00e1s de 35 a\u00f1os de trayectoria en la iniciativa privada. SLP.- Solamente con nuevos perfiles y no a trav\u00e9s de aquellos debilitados, el Frente Amplio por M\u00e9xico arrasar\u00eda en la contienda por el Senado. As\u00ed sentenci\u00f3 el diputado local del Partido Acci\u00f3n Nacional (PAN) Juan Francisco Aguilar Hern\u00e1ndez. Quien advirti\u00f3 que en la mira nunca ha estado quedarse en una tercera posici\u00f3n -y ello depende de apostar por personas que realmente han hecho la diferencia y sumen al proyecto de X\u00f3chitl G\u00e1lvez, no individuos cuestionables-. El legislador rechaz\u00f3 que el [&hellip;]<\/p>\n","protected":false},"author":2,"featured_media":111002,"comment_status":"closed","ping_status":"closed","sticky":false,"template":"","format":"video","meta":{"footnotes":""},"categories":[5,45],"tags":[],"class_list":["post-111001","post","type-post","status-publish","format-video","has-post-thumbnail","hentry","category-destacadas","category-localesyregionales","post_format-post-format-video","post--single"],"yoast_head":"<!-- This site is optimized with the Yoast SEO plugin v27.5 - https:\/\/yoast.com\/product\/yoast-seo-wordpress\/ -->\n<title>Destapan al empresario Luis Antonio Mahbub Sarquis para el Senado por el Frente Amplio por M\u00e9xico - Canal 7 SLP - 2023<\/title>\n<meta name=\"robots\" content=\"index, follow, max-snippet:-1, max-image-preview:large, max-video-preview:-1\" \/>\n<link rel=\"canonical\" href=\"https:\/\/canal7slp.tv\/2023\/destapan-al-empresario-luis-antonio-mahbub-sarquis-para-el-senado-por-el-frente-amplio-por-mexico\/\" \/>\n<meta property=\"og:locale\" content=\"es_ES\" \/>\n<meta property=\"og:type\" content=\"article\" \/>\n<meta property=\"og:title\" content=\"Destapan al empresario Luis Antonio Mahbub Sarquis para el Senado por el Frente Amplio por M\u00e9xico - Canal 7 SLP - 2023\" \/>\n<meta property=\"og:description\" content=\"El diputado, Juan Francisco Aguilar Hern\u00e1ndez destac\u00f3 el perfil con m\u00e1s de 35 a\u00f1os de trayectoria en la iniciativa privada. SLP.- Solamente con nuevos perfiles y no a trav\u00e9s de aquellos debilitados, el Frente Amplio por M\u00e9xico arrasar\u00eda en la contienda por el Senado. As\u00ed sentenci\u00f3 el diputado local del Partido Acci\u00f3n Nacional (PAN) Juan Francisco Aguilar Hern\u00e1ndez. Quien advirti\u00f3 que en la mira nunca ha estado quedarse en una tercera posici\u00f3n -y ello depende de apostar por personas que realmente han hecho la diferencia y sumen al proyecto de X\u00f3chitl G\u00e1lvez, no individuos cuestionables-. El legislador rechaz\u00f3 que el [&hellip;]\" \/>\n<meta property=\"og:url\" content=\"https:\/\/canal7slp.tv\/2023\/destapan-al-empresario-luis-antonio-mahbub-sarquis-para-el-senado-por-el-frente-amplio-por-mexico\/\" \/>\n<meta property=\"og:site_name\" content=\"Canal 7 SLP - 2023\" \/>\n<meta property=\"article:publisher\" content=\"https:\/\/www.facebook.com\/noticieroscanalsiete\" \/>\n<meta property=\"article:published_time\" content=\"2023-10-25T14:00:25+00:00\" \/>\n<meta property=\"article:modified_time\" content=\"2023-10-25T14:01:26+00:00\" \/>\n<meta property=\"og:image\" content=\"https:\/\/canal7slp.tv\/2023\/wp-content\/uploads\/2023\/10\/Pau02JFLMahbub.jpg\" \/>\n\t<meta property=\"og:image:width\" content=\"1280\" \/>\n\t<meta property=\"og:image:height\" content=\"720\" \/>\n\t<meta property=\"og:image:type\" content=\"image\/jpeg\" \/>\n<meta name=\"author\" content=\"Edici\u00f3n Web\" \/>\n<meta name=\"twitter:card\" content=\"summary_large_image\" \/>\n<meta name=\"twitter:creator\" content=\"@NOTICIEROS7\" \/>\n<meta name=\"twitter:site\" content=\"@NOTICIEROS7\" \/>\n<meta name=\"twitter:label1\" content=\"Escrito por\" \/>\n\t<meta name=\"twitter:data1\" content=\"Edici\u00f3n Web\" \/>\n\t<meta name=\"twitter:label2\" content=\"Tiempo de lectura\" \/>\n\t<meta name=\"twitter:data2\" content=\"1 minuto\" \/>\n<script type=\"application\/ld+json\" class=\"yoast-schema-graph\">{\"@context\":\"https:\\\/\\\/schema.org\",\"@graph\":[{\"@type\":\"Article\",\"@id\":\"https:\\\/\\\/canal7slp.tv\\\/2023\\\/destapan-al-empresario-luis-antonio-mahbub-sarquis-para-el-senado-por-el-frente-amplio-por-mexico\\\/#article\",\"isPartOf\":{\"@id\":\"https:\\\/\\\/canal7slp.tv\\\/2023\\\/destapan-al-empresario-luis-antonio-mahbub-sarquis-para-el-senado-por-el-frente-amplio-por-mexico\\\/\"},\"author\":{\"name\":\"Edici\u00f3n Web\",\"@id\":\"https:\\\/\\\/canal7slp.tv\\\/2023\\\/#\\\/schema\\\/person\\\/639c424e3584069003b11ae813915da6\"},\"headline\":\"Destapan al empresario Luis Antonio Mahbub Sarquis para el Senado por el Frente Amplio por M\u00e9xico\",\"datePublished\":\"2023-10-25T14:00:25+00:00\",\"dateModified\":\"2023-10-25T14:01:26+00:00\",\"mainEntityOfPage\":{\"@id\":\"https:\\\/\\\/canal7slp.tv\\\/2023\\\/destapan-al-empresario-luis-antonio-mahbub-sarquis-para-el-senado-por-el-frente-amplio-por-mexico\\\/\"},\"wordCount\":219,\"publisher\":{\"@id\":\"https:\\\/\\\/canal7slp.tv\\\/2023\\\/#organization\"},\"image\":{\"@id\":\"https:\\\/\\\/canal7slp.tv\\\/2023\\\/destapan-al-empresario-luis-antonio-mahbub-sarquis-para-el-senado-por-el-frente-amplio-por-mexico\\\/#primaryimage\"},\"thumbnailUrl\":\"https:\\\/\\\/canal7slp.tv\\\/2023\\\/wp-content\\\/uploads\\\/2023\\\/10\\\/Pau02JFLMahbub.jpg\",\"articleSection\":[\"DESTACADAS\",\"LOCALES Y REGIONALES\"],\"inLanguage\":\"es\"},{\"@type\":\"WebPage\",\"@id\":\"https:\\\/\\\/canal7slp.tv\\\/2023\\\/destapan-al-empresario-luis-antonio-mahbub-sarquis-para-el-senado-por-el-frente-amplio-por-mexico\\\/\",\"url\":\"https:\\\/\\\/canal7slp.tv\\\/2023\\\/destapan-al-empresario-luis-antonio-mahbub-sarquis-para-el-senado-por-el-frente-amplio-por-mexico\\\/\",\"name\":\"Destapan al empresario Luis Antonio Mahbub Sarquis para el Senado por el Frente Amplio por M\u00e9xico - Canal 7 SLP - 2023\",\"isPartOf\":{\"@id\":\"https:\\\/\\\/canal7slp.tv\\\/2023\\\/#website\"},\"primaryImageOfPage\":{\"@id\":\"https:\\\/\\\/canal7slp.tv\\\/2023\\\/destapan-al-empresario-luis-antonio-mahbub-sarquis-para-el-senado-por-el-frente-amplio-por-mexico\\\/#primaryimage\"},\"image\":{\"@id\":\"https:\\\/\\\/canal7slp.tv\\\/2023\\\/destapan-al-empresario-luis-antonio-mahbub-sarquis-para-el-senado-por-el-frente-amplio-por-mexico\\\/#primaryimage\"},\"thumbnailUrl\":\"https:\\\/\\\/canal7slp.tv\\\/2023\\\/wp-content\\\/uploads\\\/2023\\\/10\\\/Pau02JFLMahbub.jpg\",\"datePublished\":\"2023-10-25T14:00:25+00:00\",\"dateModified\":\"2023-10-25T14:01:26+00:00\",\"breadcrumb\":{\"@id\":\"https:\\\/\\\/canal7slp.tv\\\/2023\\\/destapan-al-empresario-luis-antonio-mahbub-sarquis-para-el-senado-por-el-frente-amplio-por-mexico\\\/#breadcrumb\"},\"inLanguage\":\"es\",\"potentialAction\":[{\"@type\":\"ReadAction\",\"target\":[\"https:\\\/\\\/canal7slp.tv\\\/2023\\\/destapan-al-empresario-luis-antonio-mahbub-sarquis-para-el-senado-por-el-frente-amplio-por-mexico\\\/\"]}]},{\"@type\":\"ImageObject\",\"inLanguage\":\"es\",\"@id\":\"https:\\\/\\\/canal7slp.tv\\\/2023\\\/destapan-al-empresario-luis-antonio-mahbub-sarquis-para-el-senado-por-el-frente-amplio-por-mexico\\\/#primaryimage\",\"url\":\"https:\\\/\\\/canal7slp.tv\\\/2023\\\/wp-content\\\/uploads\\\/2023\\\/10\\\/Pau02JFLMahbub.jpg\",\"contentUrl\":\"https:\\\/\\\/canal7slp.tv\\\/2023\\\/wp-content\\\/uploads\\\/2023\\\/10\\\/Pau02JFLMahbub.jpg\",\"width\":1280,\"height\":720},{\"@type\":\"BreadcrumbList\",\"@id\":\"https:\\\/\\\/canal7slp.tv\\\/2023\\\/destapan-al-empresario-luis-antonio-mahbub-sarquis-para-el-senado-por-el-frente-amplio-por-mexico\\\/#breadcrumb\",\"itemListElement\":[{\"@type\":\"ListItem\",\"position\":1,\"name\":\"Portada\",\"item\":\"https:\\\/\\\/canal7slp.tv\\\/2023\\\/\"},{\"@type\":\"ListItem\",\"position\":2,\"name\":\"Destapan al empresario Luis Antonio Mahbub Sarquis para el Senado por el Frente Amplio por M\u00e9xico\"}]},{\"@type\":\"WebSite\",\"@id\":\"https:\\\/\\\/canal7slp.tv\\\/2023\\\/#website\",\"url\":\"https:\\\/\\\/canal7slp.tv\\\/2023\\\/\",\"name\":\"N7 - Noticieros Canal 7\",\"description\":\"Somos Televisi\u00f3n\",\"publisher\":{\"@id\":\"https:\\\/\\\/canal7slp.tv\\\/2023\\\/#organization\"},\"potentialAction\":[{\"@type\":\"SearchAction\",\"target\":{\"@type\":\"EntryPoint\",\"urlTemplate\":\"https:\\\/\\\/canal7slp.tv\\\/2023\\\/?s={search_term_string}\"},\"query-input\":{\"@type\":\"PropertyValueSpecification\",\"valueRequired\":true,\"valueName\":\"search_term_string\"}}],\"inLanguage\":\"es\"},{\"@type\":\"Organization\",\"@id\":\"https:\\\/\\\/canal7slp.tv\\\/2023\\\/#organization\",\"name\":\"Noticieros Canal 7\",\"url\":\"https:\\\/\\\/canal7slp.tv\\\/2023\\\/\",\"logo\":{\"@type\":\"ImageObject\",\"inLanguage\":\"es\",\"@id\":\"https:\\\/\\\/canal7slp.tv\\\/2023\\\/#\\\/schema\\\/logo\\\/image\\\/\",\"url\":\"https:\\\/\\\/canal7slp.tv\\\/2023\\\/wp-content\\\/uploads\\\/2021\\\/01\\\/logo-noticieros@2x.png\",\"contentUrl\":\"https:\\\/\\\/canal7slp.tv\\\/2023\\\/wp-content\\\/uploads\\\/2021\\\/01\\\/logo-noticieros@2x.png\",\"width\":1017,\"height\":268,\"caption\":\"Noticieros Canal 7\"},\"image\":{\"@id\":\"https:\\\/\\\/canal7slp.tv\\\/2023\\\/#\\\/schema\\\/logo\\\/image\\\/\"},\"sameAs\":[\"https:\\\/\\\/www.facebook.com\\\/noticieroscanalsiete\",\"https:\\\/\\\/x.com\\\/NOTICIEROS7\",\"https:\\\/\\\/www.instagram.com\\\/canal7_slp\",\"https:\\\/\\\/www.youtube.com\\\/channel\\\/UCliiYs-gP3JfJeqdPrNdd5A\"]},{\"@type\":\"Person\",\"@id\":\"https:\\\/\\\/canal7slp.tv\\\/2023\\\/#\\\/schema\\\/person\\\/639c424e3584069003b11ae813915da6\",\"name\":\"Edici\u00f3n Web\",\"image\":{\"@type\":\"ImageObject\",\"inLanguage\":\"es\",\"@id\":\"https:\\\/\\\/secure.gravatar.com\\\/avatar\\\/eee448fc3f7164808013b816ba91ac7e43bbe82a70bebac296f8bc6f0addaa1a?s=96&d=mm&r=g\",\"url\":\"https:\\\/\\\/secure.gravatar.com\\\/avatar\\\/eee448fc3f7164808013b816ba91ac7e43bbe82a70bebac296f8bc6f0addaa1a?s=96&d=mm&r=g\",\"contentUrl\":\"https:\\\/\\\/secure.gravatar.com\\\/avatar\\\/eee448fc3f7164808013b816ba91ac7e43bbe82a70bebac296f8bc6f0addaa1a?s=96&d=mm&r=g\",\"caption\":\"Edici\u00f3n Web\"},\"url\":\"https:\\\/\\\/canal7slp.tv\\\/2023\\\/author\\\/edicionweb\\\/\"}]}<\/script>\n<!-- \/ Yoast SEO plugin. -->","yoast_head_json":{"title":"Destapan al empresario Luis Antonio Mahbub Sarquis para el Senado por el Frente Amplio por M\u00e9xico - Canal 7 SLP - 2023","robots":{"index":"index","follow":"follow","max-snippet":"max-snippet:-1","max-image-preview":"max-image-preview:large","max-video-preview":"max-video-preview:-1"},"canonical":"https:\/\/canal7slp.tv\/2023\/destapan-al-empresario-luis-antonio-mahbub-sarquis-para-el-senado-por-el-frente-amplio-por-mexico\/","og_locale":"es_ES","og_type":"article","og_title":"Destapan al empresario Luis Antonio Mahbub Sarquis para el Senado por el Frente Amplio por M\u00e9xico - Canal 7 SLP - 2023","og_description":"El diputado, Juan Francisco Aguilar Hern\u00e1ndez destac\u00f3 el perfil con m\u00e1s de 35 a\u00f1os de trayectoria en la iniciativa privada. SLP.- Solamente con nuevos perfiles y no a trav\u00e9s de aquellos debilitados, el Frente Amplio por M\u00e9xico arrasar\u00eda en la contienda por el Senado. As\u00ed sentenci\u00f3 el diputado local del Partido Acci\u00f3n Nacional (PAN) Juan Francisco Aguilar Hern\u00e1ndez. Quien advirti\u00f3 que en la mira nunca ha estado quedarse en una tercera posici\u00f3n -y ello depende de apostar por personas que realmente han hecho la diferencia y sumen al proyecto de X\u00f3chitl G\u00e1lvez, no individuos cuestionables-. El legislador rechaz\u00f3 que el [&hellip;]","og_url":"https:\/\/canal7slp.tv\/2023\/destapan-al-empresario-luis-antonio-mahbub-sarquis-para-el-senado-por-el-frente-amplio-por-mexico\/","og_site_name":"Canal 7 SLP - 2023","article_publisher":"https:\/\/www.facebook.com\/noticieroscanalsiete","article_published_time":"2023-10-25T14:00:25+00:00","article_modified_time":"2023-10-25T14:01:26+00:00","og_image":[{"width":1280,"height":720,"url":"https:\/\/canal7slp.tv\/2023\/wp-content\/uploads\/2023\/10\/Pau02JFLMahbub.jpg","type":"image\/jpeg"}],"author":"Edici\u00f3n Web","twitter_card":"summary_large_image","twitter_creator":"@NOTICIEROS7","twitter_site":"@NOTICIEROS7","twitter_misc":{"Escrito por":"Edici\u00f3n Web","Tiempo de lectura":"1 minuto"},"schema":{"@context":"https:\/\/schema.org","@graph":[{"@type":"Article","@id":"https:\/\/canal7slp.tv\/2023\/destapan-al-empresario-luis-antonio-mahbub-sarquis-para-el-senado-por-el-frente-amplio-por-mexico\/#article","isPartOf":{"@id":"https:\/\/canal7slp.tv\/2023\/destapan-al-empresario-luis-antonio-mahbub-sarquis-para-el-senado-por-el-frente-amplio-por-mexico\/"},"author":{"name":"Edici\u00f3n Web","@id":"https:\/\/canal7slp.tv\/2023\/#\/schema\/person\/639c424e3584069003b11ae813915da6"},"headline":"Destapan al empresario Luis Antonio Mahbub Sarquis para el Senado por el Frente Amplio por M\u00e9xico","datePublished":"2023-10-25T14:00:25+00:00","dateModified":"2023-10-25T14:01:26+00:00","mainEntityOfPage":{"@id":"https:\/\/canal7slp.tv\/2023\/destapan-al-empresario-luis-antonio-mahbub-sarquis-para-el-senado-por-el-frente-amplio-por-mexico\/"},"wordCount":219,"publisher":{"@id":"https:\/\/canal7slp.tv\/2023\/#organization"},"image":{"@id":"https:\/\/canal7slp.tv\/2023\/destapan-al-empresario-luis-antonio-mahbub-sarquis-para-el-senado-por-el-frente-amplio-por-mexico\/#primaryimage"},"thumbnailUrl":"https:\/\/canal7slp.tv\/2023\/wp-content\/uploads\/2023\/10\/Pau02JFLMahbub.jpg","articleSection":["DESTACADAS","LOCALES Y REGIONALES"],"inLanguage":"es"},{"@type":"WebPage","@id":"https:\/\/canal7slp.tv\/2023\/destapan-al-empresario-luis-antonio-mahbub-sarquis-para-el-senado-por-el-frente-amplio-por-mexico\/","url":"https:\/\/canal7slp.tv\/2023\/destapan-al-empresario-luis-antonio-mahbub-sarquis-para-el-senado-por-el-frente-amplio-por-mexico\/","name":"Destapan al empresario Luis Antonio Mahbub Sarquis para el Senado por el Frente Amplio por M\u00e9xico - Canal 7 SLP - 2023","isPartOf":{"@id":"https:\/\/canal7slp.tv\/2023\/#website"},"primaryImageOfPage":{"@id":"https:\/\/canal7slp.tv\/2023\/destapan-al-empresario-luis-antonio-mahbub-sarquis-para-el-senado-por-el-frente-amplio-por-mexico\/#primaryimage"},"image":{"@id":"https:\/\/canal7slp.tv\/2023\/destapan-al-empresario-luis-antonio-mahbub-sarquis-para-el-senado-por-el-frente-amplio-por-mexico\/#primaryimage"},"thumbnailUrl":"https:\/\/canal7slp.tv\/2023\/wp-content\/uploads\/2023\/10\/Pau02JFLMahbub.jpg","datePublished":"2023-10-25T14:00:25+00:00","dateModified":"2023-10-25T14:01:26+00:00","breadcrumb":{"@id":"https:\/\/canal7slp.tv\/2023\/destapan-al-empresario-luis-antonio-mahbub-sarquis-para-el-senado-por-el-frente-amplio-por-mexico\/#breadcrumb"},"inLanguage":"es","potentialAction":[{"@type":"ReadAction","target":["https:\/\/canal7slp.tv\/2023\/destapan-al-empresario-luis-antonio-mahbub-sarquis-para-el-senado-por-el-frente-amplio-por-mexico\/"]}]},{"@type":"ImageObject","inLanguage":"es","@id":"https:\/\/canal7slp.tv\/2023\/destapan-al-empresario-luis-antonio-mahbub-sarquis-para-el-senado-por-el-frente-amplio-por-mexico\/#primaryimage","url":"https:\/\/canal7slp.tv\/2023\/wp-content\/uploads\/2023\/10\/Pau02JFLMahbub.jpg","contentUrl":"https:\/\/canal7slp.tv\/2023\/wp-content\/uploads\/2023\/10\/Pau02JFLMahbub.jpg","width":1280,"height":720},{"@type":"BreadcrumbList","@id":"https:\/\/canal7slp.tv\/2023\/destapan-al-empresario-luis-antonio-mahbub-sarquis-para-el-senado-por-el-frente-amplio-por-mexico\/#breadcrumb","itemListElement":[{"@type":"ListItem","position":1,"name":"Portada","item":"https:\/\/canal7slp.tv\/2023\/"},{"@type":"ListItem","position":2,"name":"Destapan al empresario Luis Antonio Mahbub Sarquis para el Senado por el Frente Amplio por M\u00e9xico"}]},{"@type":"WebSite","@id":"https:\/\/canal7slp.tv\/2023\/#website","url":"https:\/\/canal7slp.tv\/2023\/","name":"N7 - Noticieros Canal 7","description":"Somos Televisi\u00f3n","publisher":{"@id":"https:\/\/canal7slp.tv\/2023\/#organization"},"potentialAction":[{"@type":"SearchAction","target":{"@type":"EntryPoint","urlTemplate":"https:\/\/canal7slp.tv\/2023\/?s={search_term_string}"},"query-input":{"@type":"PropertyValueSpecification","valueRequired":true,"valueName":"search_term_string"}}],"inLanguage":"es"},{"@type":"Organization","@id":"https:\/\/canal7slp.tv\/2023\/#organization","name":"Noticieros Canal 7","url":"https:\/\/canal7slp.tv\/2023\/","logo":{"@type":"ImageObject","inLanguage":"es","@id":"https:\/\/canal7slp.tv\/2023\/#\/schema\/logo\/image\/","url":"https:\/\/canal7slp.tv\/2023\/wp-content\/uploads\/2021\/01\/logo-noticieros@2x.png","contentUrl":"https:\/\/canal7slp.tv\/2023\/wp-content\/uploads\/2021\/01\/logo-noticieros@2x.png","width":1017,"height":268,"caption":"Noticieros Canal 7"},"image":{"@id":"https:\/\/canal7slp.tv\/2023\/#\/schema\/logo\/image\/"},"sameAs":["https:\/\/www.facebook.com\/noticieroscanalsiete","https:\/\/x.com\/NOTICIEROS7","https:\/\/www.instagram.com\/canal7_slp","https:\/\/www.youtube.com\/channel\/UCliiYs-gP3JfJeqdPrNdd5A"]},{"@type":"Person","@id":"https:\/\/canal7slp.tv\/2023\/#\/schema\/person\/639c424e3584069003b11ae813915da6","name":"Edici\u00f3n Web","image":{"@type":"ImageObject","inLanguage":"es","@id":"https:\/\/secure.gravatar.com\/avatar\/eee448fc3f7164808013b816ba91ac7e43bbe82a70bebac296f8bc6f0addaa1a?s=96&d=mm&r=g","url":"https:\/\/secure.gravatar.com\/avatar\/eee448fc3f7164808013b816ba91ac7e43bbe82a70bebac296f8bc6f0addaa1a?s=96&d=mm&r=g","contentUrl":"https:\/\/secure.gravatar.com\/avatar\/eee448fc3f7164808013b816ba91ac7e43bbe82a70bebac296f8bc6f0addaa1a?s=96&d=mm&r=g","caption":"Edici\u00f3n Web"},"url":"https:\/\/canal7slp.tv\/2023\/author\/edicionweb\/"}]}},"_links":{"self":[{"href":"https:\/\/canal7slp.tv\/2023\/wp-json\/wp\/v2\/posts\/111001","targetHints":{"allow":["GET"]}}],"collection":[{"href":"https:\/\/canal7slp.tv\/2023\/wp-json\/wp\/v2\/posts"}],"about":[{"href":"https:\/\/canal7slp.tv\/2023\/wp-json\/wp\/v2\/types\/post"}],"author":[{"embeddable":true,"href":"https:\/\/canal7slp.tv\/2023\/wp-json\/wp\/v2\/users\/2"}],"replies":[{"embeddable":true,"href":"https:\/\/canal7slp.tv\/2023\/wp-json\/wp\/v2\/comments?post=111001"}],"version-history":[{"count":1,"href":"https:\/\/canal7slp.tv\/2023\/wp-json\/wp\/v2\/posts\/111001\/revisions"}],"predecessor-version":[{"id":111003,"href":"https:\/\/canal7slp.tv\/2023\/wp-json\/wp\/v2\/posts\/111001\/revisions\/111003"}],"wp:featuredmedia":[{"embeddable":true,"href":"https:\/\/canal7slp.tv\/2023\/wp-json\/wp\/v2\/media\/111002"}],"wp:attachment":[{"href":"https:\/\/canal7slp.tv\/2023\/wp-json\/wp\/v2\/media?parent=111001"}],"wp:term":[{"taxonomy":"category","embeddable":true,"href":"https:\/\/canal7slp.tv\/2023\/wp-json\/wp\/v2\/categories?post=111001"},{"taxonomy":"post_tag","embeddable":true,"href":"https:\/\/canal7slp.tv\/2023\/wp-json\/wp\/v2\/tags?post=111001"}],"curies":[{"name":"wp","href":"https:\/\/api.w.org\/{rel}","templated":true}]}}