{"id":110997,"date":"2023-10-25T15:53:03","date_gmt":"2023-10-25T21:53:03","guid":{"rendered":"https:\/\/canal7slp.tv\/2023\/?p=110997"},"modified":"2023-10-25T15:53:03","modified_gmt":"2023-10-25T21:53:03","slug":"cuestionado-sobre-finanzas-y-abasto-de-medicamento-comparecio-el-secretario-de-salud","status":"publish","type":"post","link":"https:\/\/canal7slp.tv\/2023\/cuestionado-sobre-finanzas-y-abasto-de-medicamento-comparecio-el-secretario-de-salud\/","title":{"rendered":"Cuestionado sobre finanzas y abasto de medicamento, compareci\u00f3 el Secretario de Salud"},"content":{"rendered":"<p style=\"text-align: justify;\">SLP.- Como parte de la Glosa del Segundo Informe de Gobierno del Estado de San Luis Potos\u00ed, se realiz\u00f3 la comparecencia de la Secretar\u00eda de Salud ante el Congreso local, el titular de la dependencia, Daniel Acosta D\u00edaz de Le\u00f3n, ofreci\u00f3 cifras correspondientes al a\u00f1o 2023 y comenz\u00f3 con la cantidad de espacios para la atenci\u00f3n de la poblaci\u00f3n.<\/p>\n<p style=\"text-align: justify;\">\u00abTenemos 97 Unidades M\u00e9dicas M\u00f3viles, desgraciadamente el parque vehicular es un parque viejo, modelo 2001-2003 trabaja \u00fanicamente el 46%\u00bb.<\/p>\n<p style=\"text-align: justify;\">Destac\u00f3 las acciones de la Red de Municipios Saludables.<\/p>\n<p style=\"text-align: justify;\">\u201cCon el apoyo de los 58 presidentes municipales que ah\u00ed si hay que reconocer que no ha importado color, ni creencia\u201d.<\/p>\n<p style=\"text-align: justify;\">Habl\u00f3 de la inversi\u00f3n ejercida por la secretar\u00eda.<\/p>\n<p style=\"text-align: justify;\">\u201cEn el informe de gobierno se menciona una inversi\u00f3n de 10 mil millones de pesos esa es la inversi\u00f3n de dos a\u00f1os de gobierno\u201d.<\/p>\n<p style=\"text-align: justify;\">Otro punto clave, fue la atenci\u00f3n a la COVID-19.<\/p>\n<p style=\"text-align: justify;\">\u201cLa vacunaci\u00f3n se integra a la cartilla nacional de vacunaci\u00f3n con el refuerzo del a\u00f1o\u201d.<\/p>\n<p style=\"text-align: justify;\">La prevenci\u00f3n tambi\u00e9n se ha trabajado.<br \/>\n\u201c\u00c9stas acciones de prevenci\u00f3n siguen estando presentes y vigentes en las 58 municipios del Estado a trav\u00e9s de las siete jurisdicciones que tienen los servicios de salud\u201d.<\/p>\n<p style=\"text-align: justify;\">El dengue cobr\u00f3 relevancia con el alza de casos.<\/p>\n<p style=\"text-align: justify;\">\u201cLa mayor parte de los casos que tenemos en el estado de San Luis Potos\u00ed est\u00e1n en la zona media (\u2026) llev\u00e1bamos cero mortalidad, hace un par de d\u00edas muri\u00f3 un ni\u00f1o, un muchacho de 22 a\u00f1os\u201d.<\/p>\n<p style=\"text-align: justify;\">El Hospital Central Dr. Ignacio Morones Prieto ser\u00e1 uno de los aspectos a mejorar en el 2024.<\/p>\n<p style=\"text-align: justify;\">\u201cNos apoy\u00f3 la Federaci\u00f3n con un poco m\u00e1s de 800 millones para el equipamiento del Hospital Central, ahora lo que estamos peleando es por hacerlo una unidad m\u00e9dica de alta especialidad\u201d.<\/p>\n<p style=\"text-align: justify;\">La mortalidad infantil en la entidad se encuentra en la media nacional.<\/p>\n<p style=\"text-align: justify;\">\u201cAl 2023 tenemos 198 casos de reci\u00e9n nacidos fallecidos lo que nos da una tasa del 12%\u201d.<\/p>\n<p style=\"text-align: justify;\">C\u00e1ncer de mama y las defunciones maternas tambi\u00e9n se han registrado.<\/p>\n<p style=\"text-align: justify;\">\u201cTenemos 98 defunciones este a\u00f1o y 32 casos nuevos, ah\u00ed el problema es que tenemos este a\u00f1o muy bajo n\u00famero detecciones\u201d.<\/p>\n<p style=\"text-align: justify;\">Despu\u00e9s de exponer los avances, congresistas cuestionaron sobre el abastecimiento de medicamentos, a lo que el secretario respondi\u00f3 que al momento existe un desabasto a nivel nacional, por lo que se eroga un gasto extra.<\/p>\n<p style=\"text-align: justify;\">\u201cSe recurre a la figura de la compra externa de la compra urgente sobre todo en casos que ponen en riesgo la vida\u201d.<\/p>\n<p style=\"text-align: justify;\">Se solicit\u00f3 aclarar el recurso del presupuesto anual del presente a\u00f1o, pues los n\u00fameros no cuadraban desde la perspectiva de los legisladores.<\/p>\n<p style=\"text-align: justify;\">\u201cPara este segundo informe la suma de los Servicios de Salud, m\u00e1s IMSS Bienestar, m\u00e1s el DIF, nos da 4 mil 763 millones para un total de m\u00e1s de 10 mil millones de pesos, eso es lo que explica esa sumatoria en esta parte del informe\u201d.<\/p>\n<p>Por: Juan Carlos Contreras<\/p>\n","protected":false},"excerpt":{"rendered":"<p>SLP.- Como parte de la Glosa del Segundo Informe de Gobierno del Estado de San Luis Potos\u00ed, se realiz\u00f3 la comparecencia de la Secretar\u00eda de Salud ante el Congreso local, el titular de la dependencia, Daniel Acosta D\u00edaz de Le\u00f3n, ofreci\u00f3 cifras correspondientes al a\u00f1o 2023 y comenz\u00f3 con la cantidad de espacios para la atenci\u00f3n de la poblaci\u00f3n. \u00abTenemos 97 Unidades M\u00e9dicas M\u00f3viles, desgraciadamente el parque vehicular es un parque viejo, modelo 2001-2003 trabaja \u00fanicamente el 46%\u00bb. Destac\u00f3 las acciones de la Red de Municipios Saludables. \u201cCon el apoyo de los 58 presidentes municipales que ah\u00ed si hay que [&hellip;]<\/p>\n","protected":false},"author":2,"featured_media":111047,"comment_status":"closed","ping_status":"closed","sticky":false,"template":"","format":"video","meta":{"footnotes":""},"categories":[5,45],"tags":[],"class_list":["post-110997","post","type-post","status-publish","format-video","has-post-thumbnail","hentry","category-destacadas","category-localesyregionales","post_format-post-format-video","post--single"],"yoast_head":"<!-- This site is optimized with the Yoast SEO plugin v27.5 - https:\/\/yoast.com\/product\/yoast-seo-wordpress\/ -->\n<title>Cuestionado sobre finanzas y abasto de medicamento, compareci\u00f3 el Secretario de Salud - Canal 7 SLP - 2023<\/title>\n<meta name=\"robots\" content=\"index, follow, max-snippet:-1, max-image-preview:large, max-video-preview:-1\" \/>\n<link rel=\"canonical\" href=\"https:\/\/canal7slp.tv\/2023\/cuestionado-sobre-finanzas-y-abasto-de-medicamento-comparecio-el-secretario-de-salud\/\" \/>\n<meta property=\"og:locale\" content=\"es_ES\" \/>\n<meta property=\"og:type\" content=\"article\" \/>\n<meta property=\"og:title\" content=\"Cuestionado sobre finanzas y abasto de medicamento, compareci\u00f3 el Secretario de Salud - Canal 7 SLP - 2023\" \/>\n<meta property=\"og:description\" content=\"SLP.- Como parte de la Glosa del Segundo Informe de Gobierno del Estado de San Luis Potos\u00ed, se realiz\u00f3 la comparecencia de la Secretar\u00eda de Salud ante el Congreso local, el titular de la dependencia, Daniel Acosta D\u00edaz de Le\u00f3n, ofreci\u00f3 cifras correspondientes al a\u00f1o 2023 y comenz\u00f3 con la cantidad de espacios para la atenci\u00f3n de la poblaci\u00f3n. \u00abTenemos 97 Unidades M\u00e9dicas M\u00f3viles, desgraciadamente el parque vehicular es un parque viejo, modelo 2001-2003 trabaja \u00fanicamente el 46%\u00bb. Destac\u00f3 las acciones de la Red de Municipios Saludables. \u201cCon el apoyo de los 58 presidentes municipales que ah\u00ed si hay que [&hellip;]\" \/>\n<meta property=\"og:url\" content=\"https:\/\/canal7slp.tv\/2023\/cuestionado-sobre-finanzas-y-abasto-de-medicamento-comparecio-el-secretario-de-salud\/\" \/>\n<meta property=\"og:site_name\" content=\"Canal 7 SLP - 2023\" \/>\n<meta property=\"article:publisher\" content=\"https:\/\/www.facebook.com\/noticieroscanalsiete\" \/>\n<meta property=\"article:published_time\" content=\"2023-10-25T21:53:03+00:00\" \/>\n<meta property=\"og:image\" content=\"https:\/\/canal7slp.tv\/2023\/wp-content\/uploads\/2023\/10\/Poky01Comparecencia.jpg\" \/>\n\t<meta property=\"og:image:width\" content=\"1280\" \/>\n\t<meta property=\"og:image:height\" content=\"720\" \/>\n\t<meta property=\"og:image:type\" content=\"image\/jpeg\" \/>\n<meta name=\"author\" content=\"Edici\u00f3n Web\" \/>\n<meta name=\"twitter:card\" content=\"summary_large_image\" \/>\n<meta name=\"twitter:creator\" content=\"@NOTICIEROS7\" \/>\n<meta name=\"twitter:site\" content=\"@NOTICIEROS7\" \/>\n<meta name=\"twitter:label1\" content=\"Escrito por\" \/>\n\t<meta name=\"twitter:data1\" content=\"Edici\u00f3n Web\" \/>\n\t<meta name=\"twitter:label2\" content=\"Tiempo de lectura\" \/>\n\t<meta name=\"twitter:data2\" content=\"3 minutos\" \/>\n<script type=\"application\/ld+json\" class=\"yoast-schema-graph\">{\"@context\":\"https:\\\/\\\/schema.org\",\"@graph\":[{\"@type\":\"Article\",\"@id\":\"https:\\\/\\\/canal7slp.tv\\\/2023\\\/cuestionado-sobre-finanzas-y-abasto-de-medicamento-comparecio-el-secretario-de-salud\\\/#article\",\"isPartOf\":{\"@id\":\"https:\\\/\\\/canal7slp.tv\\\/2023\\\/cuestionado-sobre-finanzas-y-abasto-de-medicamento-comparecio-el-secretario-de-salud\\\/\"},\"author\":{\"name\":\"Edici\u00f3n Web\",\"@id\":\"https:\\\/\\\/canal7slp.tv\\\/2023\\\/#\\\/schema\\\/person\\\/639c424e3584069003b11ae813915da6\"},\"headline\":\"Cuestionado sobre finanzas y abasto de medicamento, compareci\u00f3 el Secretario de Salud\",\"datePublished\":\"2023-10-25T21:53:03+00:00\",\"mainEntityOfPage\":{\"@id\":\"https:\\\/\\\/canal7slp.tv\\\/2023\\\/cuestionado-sobre-finanzas-y-abasto-de-medicamento-comparecio-el-secretario-de-salud\\\/\"},\"wordCount\":518,\"publisher\":{\"@id\":\"https:\\\/\\\/canal7slp.tv\\\/2023\\\/#organization\"},\"image\":{\"@id\":\"https:\\\/\\\/canal7slp.tv\\\/2023\\\/cuestionado-sobre-finanzas-y-abasto-de-medicamento-comparecio-el-secretario-de-salud\\\/#primaryimage\"},\"thumbnailUrl\":\"https:\\\/\\\/canal7slp.tv\\\/2023\\\/wp-content\\\/uploads\\\/2023\\\/10\\\/Poky01Comparecencia.jpg\",\"articleSection\":[\"DESTACADAS\",\"LOCALES Y REGIONALES\"],\"inLanguage\":\"es\"},{\"@type\":\"WebPage\",\"@id\":\"https:\\\/\\\/canal7slp.tv\\\/2023\\\/cuestionado-sobre-finanzas-y-abasto-de-medicamento-comparecio-el-secretario-de-salud\\\/\",\"url\":\"https:\\\/\\\/canal7slp.tv\\\/2023\\\/cuestionado-sobre-finanzas-y-abasto-de-medicamento-comparecio-el-secretario-de-salud\\\/\",\"name\":\"Cuestionado sobre finanzas y abasto de medicamento, compareci\u00f3 el Secretario de Salud - Canal 7 SLP - 2023\",\"isPartOf\":{\"@id\":\"https:\\\/\\\/canal7slp.tv\\\/2023\\\/#website\"},\"primaryImageOfPage\":{\"@id\":\"https:\\\/\\\/canal7slp.tv\\\/2023\\\/cuestionado-sobre-finanzas-y-abasto-de-medicamento-comparecio-el-secretario-de-salud\\\/#primaryimage\"},\"image\":{\"@id\":\"https:\\\/\\\/canal7slp.tv\\\/2023\\\/cuestionado-sobre-finanzas-y-abasto-de-medicamento-comparecio-el-secretario-de-salud\\\/#primaryimage\"},\"thumbnailUrl\":\"https:\\\/\\\/canal7slp.tv\\\/2023\\\/wp-content\\\/uploads\\\/2023\\\/10\\\/Poky01Comparecencia.jpg\",\"datePublished\":\"2023-10-25T21:53:03+00:00\",\"breadcrumb\":{\"@id\":\"https:\\\/\\\/canal7slp.tv\\\/2023\\\/cuestionado-sobre-finanzas-y-abasto-de-medicamento-comparecio-el-secretario-de-salud\\\/#breadcrumb\"},\"inLanguage\":\"es\",\"potentialAction\":[{\"@type\":\"ReadAction\",\"target\":[\"https:\\\/\\\/canal7slp.tv\\\/2023\\\/cuestionado-sobre-finanzas-y-abasto-de-medicamento-comparecio-el-secretario-de-salud\\\/\"]}]},{\"@type\":\"ImageObject\",\"inLanguage\":\"es\",\"@id\":\"https:\\\/\\\/canal7slp.tv\\\/2023\\\/cuestionado-sobre-finanzas-y-abasto-de-medicamento-comparecio-el-secretario-de-salud\\\/#primaryimage\",\"url\":\"https:\\\/\\\/canal7slp.tv\\\/2023\\\/wp-content\\\/uploads\\\/2023\\\/10\\\/Poky01Comparecencia.jpg\",\"contentUrl\":\"https:\\\/\\\/canal7slp.tv\\\/2023\\\/wp-content\\\/uploads\\\/2023\\\/10\\\/Poky01Comparecencia.jpg\",\"width\":1280,\"height\":720},{\"@type\":\"BreadcrumbList\",\"@id\":\"https:\\\/\\\/canal7slp.tv\\\/2023\\\/cuestionado-sobre-finanzas-y-abasto-de-medicamento-comparecio-el-secretario-de-salud\\\/#breadcrumb\",\"itemListElement\":[{\"@type\":\"ListItem\",\"position\":1,\"name\":\"Portada\",\"item\":\"https:\\\/\\\/canal7slp.tv\\\/2023\\\/\"},{\"@type\":\"ListItem\",\"position\":2,\"name\":\"Cuestionado sobre finanzas y abasto de medicamento, compareci\u00f3 el Secretario de Salud\"}]},{\"@type\":\"WebSite\",\"@id\":\"https:\\\/\\\/canal7slp.tv\\\/2023\\\/#website\",\"url\":\"https:\\\/\\\/canal7slp.tv\\\/2023\\\/\",\"name\":\"N7 - Noticieros Canal 7\",\"description\":\"Somos Televisi\u00f3n\",\"publisher\":{\"@id\":\"https:\\\/\\\/canal7slp.tv\\\/2023\\\/#organization\"},\"potentialAction\":[{\"@type\":\"SearchAction\",\"target\":{\"@type\":\"EntryPoint\",\"urlTemplate\":\"https:\\\/\\\/canal7slp.tv\\\/2023\\\/?s={search_term_string}\"},\"query-input\":{\"@type\":\"PropertyValueSpecification\",\"valueRequired\":true,\"valueName\":\"search_term_string\"}}],\"inLanguage\":\"es\"},{\"@type\":\"Organization\",\"@id\":\"https:\\\/\\\/canal7slp.tv\\\/2023\\\/#organization\",\"name\":\"Noticieros Canal 7\",\"url\":\"https:\\\/\\\/canal7slp.tv\\\/2023\\\/\",\"logo\":{\"@type\":\"ImageObject\",\"inLanguage\":\"es\",\"@id\":\"https:\\\/\\\/canal7slp.tv\\\/2023\\\/#\\\/schema\\\/logo\\\/image\\\/\",\"url\":\"https:\\\/\\\/canal7slp.tv\\\/2023\\\/wp-content\\\/uploads\\\/2021\\\/01\\\/logo-noticieros@2x.png\",\"contentUrl\":\"https:\\\/\\\/canal7slp.tv\\\/2023\\\/wp-content\\\/uploads\\\/2021\\\/01\\\/logo-noticieros@2x.png\",\"width\":1017,\"height\":268,\"caption\":\"Noticieros Canal 7\"},\"image\":{\"@id\":\"https:\\\/\\\/canal7slp.tv\\\/2023\\\/#\\\/schema\\\/logo\\\/image\\\/\"},\"sameAs\":[\"https:\\\/\\\/www.facebook.com\\\/noticieroscanalsiete\",\"https:\\\/\\\/x.com\\\/NOTICIEROS7\",\"https:\\\/\\\/www.instagram.com\\\/canal7_slp\",\"https:\\\/\\\/www.youtube.com\\\/channel\\\/UCliiYs-gP3JfJeqdPrNdd5A\"]},{\"@type\":\"Person\",\"@id\":\"https:\\\/\\\/canal7slp.tv\\\/2023\\\/#\\\/schema\\\/person\\\/639c424e3584069003b11ae813915da6\",\"name\":\"Edici\u00f3n Web\",\"image\":{\"@type\":\"ImageObject\",\"inLanguage\":\"es\",\"@id\":\"https:\\\/\\\/secure.gravatar.com\\\/avatar\\\/eee448fc3f7164808013b816ba91ac7e43bbe82a70bebac296f8bc6f0addaa1a?s=96&d=mm&r=g\",\"url\":\"https:\\\/\\\/secure.gravatar.com\\\/avatar\\\/eee448fc3f7164808013b816ba91ac7e43bbe82a70bebac296f8bc6f0addaa1a?s=96&d=mm&r=g\",\"contentUrl\":\"https:\\\/\\\/secure.gravatar.com\\\/avatar\\\/eee448fc3f7164808013b816ba91ac7e43bbe82a70bebac296f8bc6f0addaa1a?s=96&d=mm&r=g\",\"caption\":\"Edici\u00f3n Web\"},\"url\":\"https:\\\/\\\/canal7slp.tv\\\/2023\\\/author\\\/edicionweb\\\/\"}]}<\/script>\n<!-- \/ Yoast SEO plugin. -->","yoast_head_json":{"title":"Cuestionado sobre finanzas y abasto de medicamento, compareci\u00f3 el Secretario de Salud - Canal 7 SLP - 2023","robots":{"index":"index","follow":"follow","max-snippet":"max-snippet:-1","max-image-preview":"max-image-preview:large","max-video-preview":"max-video-preview:-1"},"canonical":"https:\/\/canal7slp.tv\/2023\/cuestionado-sobre-finanzas-y-abasto-de-medicamento-comparecio-el-secretario-de-salud\/","og_locale":"es_ES","og_type":"article","og_title":"Cuestionado sobre finanzas y abasto de medicamento, compareci\u00f3 el Secretario de Salud - Canal 7 SLP - 2023","og_description":"SLP.- Como parte de la Glosa del Segundo Informe de Gobierno del Estado de San Luis Potos\u00ed, se realiz\u00f3 la comparecencia de la Secretar\u00eda de Salud ante el Congreso local, el titular de la dependencia, Daniel Acosta D\u00edaz de Le\u00f3n, ofreci\u00f3 cifras correspondientes al a\u00f1o 2023 y comenz\u00f3 con la cantidad de espacios para la atenci\u00f3n de la poblaci\u00f3n. \u00abTenemos 97 Unidades M\u00e9dicas M\u00f3viles, desgraciadamente el parque vehicular es un parque viejo, modelo 2001-2003 trabaja \u00fanicamente el 46%\u00bb. Destac\u00f3 las acciones de la Red de Municipios Saludables. \u201cCon el apoyo de los 58 presidentes municipales que ah\u00ed si hay que [&hellip;]","og_url":"https:\/\/canal7slp.tv\/2023\/cuestionado-sobre-finanzas-y-abasto-de-medicamento-comparecio-el-secretario-de-salud\/","og_site_name":"Canal 7 SLP - 2023","article_publisher":"https:\/\/www.facebook.com\/noticieroscanalsiete","article_published_time":"2023-10-25T21:53:03+00:00","og_image":[{"width":1280,"height":720,"url":"https:\/\/canal7slp.tv\/2023\/wp-content\/uploads\/2023\/10\/Poky01Comparecencia.jpg","type":"image\/jpeg"}],"author":"Edici\u00f3n Web","twitter_card":"summary_large_image","twitter_creator":"@NOTICIEROS7","twitter_site":"@NOTICIEROS7","twitter_misc":{"Escrito por":"Edici\u00f3n Web","Tiempo de lectura":"3 minutos"},"schema":{"@context":"https:\/\/schema.org","@graph":[{"@type":"Article","@id":"https:\/\/canal7slp.tv\/2023\/cuestionado-sobre-finanzas-y-abasto-de-medicamento-comparecio-el-secretario-de-salud\/#article","isPartOf":{"@id":"https:\/\/canal7slp.tv\/2023\/cuestionado-sobre-finanzas-y-abasto-de-medicamento-comparecio-el-secretario-de-salud\/"},"author":{"name":"Edici\u00f3n Web","@id":"https:\/\/canal7slp.tv\/2023\/#\/schema\/person\/639c424e3584069003b11ae813915da6"},"headline":"Cuestionado sobre finanzas y abasto de medicamento, compareci\u00f3 el Secretario de Salud","datePublished":"2023-10-25T21:53:03+00:00","mainEntityOfPage":{"@id":"https:\/\/canal7slp.tv\/2023\/cuestionado-sobre-finanzas-y-abasto-de-medicamento-comparecio-el-secretario-de-salud\/"},"wordCount":518,"publisher":{"@id":"https:\/\/canal7slp.tv\/2023\/#organization"},"image":{"@id":"https:\/\/canal7slp.tv\/2023\/cuestionado-sobre-finanzas-y-abasto-de-medicamento-comparecio-el-secretario-de-salud\/#primaryimage"},"thumbnailUrl":"https:\/\/canal7slp.tv\/2023\/wp-content\/uploads\/2023\/10\/Poky01Comparecencia.jpg","articleSection":["DESTACADAS","LOCALES Y REGIONALES"],"inLanguage":"es"},{"@type":"WebPage","@id":"https:\/\/canal7slp.tv\/2023\/cuestionado-sobre-finanzas-y-abasto-de-medicamento-comparecio-el-secretario-de-salud\/","url":"https:\/\/canal7slp.tv\/2023\/cuestionado-sobre-finanzas-y-abasto-de-medicamento-comparecio-el-secretario-de-salud\/","name":"Cuestionado sobre finanzas y abasto de medicamento, compareci\u00f3 el Secretario de Salud - Canal 7 SLP - 2023","isPartOf":{"@id":"https:\/\/canal7slp.tv\/2023\/#website"},"primaryImageOfPage":{"@id":"https:\/\/canal7slp.tv\/2023\/cuestionado-sobre-finanzas-y-abasto-de-medicamento-comparecio-el-secretario-de-salud\/#primaryimage"},"image":{"@id":"https:\/\/canal7slp.tv\/2023\/cuestionado-sobre-finanzas-y-abasto-de-medicamento-comparecio-el-secretario-de-salud\/#primaryimage"},"thumbnailUrl":"https:\/\/canal7slp.tv\/2023\/wp-content\/uploads\/2023\/10\/Poky01Comparecencia.jpg","datePublished":"2023-10-25T21:53:03+00:00","breadcrumb":{"@id":"https:\/\/canal7slp.tv\/2023\/cuestionado-sobre-finanzas-y-abasto-de-medicamento-comparecio-el-secretario-de-salud\/#breadcrumb"},"inLanguage":"es","potentialAction":[{"@type":"ReadAction","target":["https:\/\/canal7slp.tv\/2023\/cuestionado-sobre-finanzas-y-abasto-de-medicamento-comparecio-el-secretario-de-salud\/"]}]},{"@type":"ImageObject","inLanguage":"es","@id":"https:\/\/canal7slp.tv\/2023\/cuestionado-sobre-finanzas-y-abasto-de-medicamento-comparecio-el-secretario-de-salud\/#primaryimage","url":"https:\/\/canal7slp.tv\/2023\/wp-content\/uploads\/2023\/10\/Poky01Comparecencia.jpg","contentUrl":"https:\/\/canal7slp.tv\/2023\/wp-content\/uploads\/2023\/10\/Poky01Comparecencia.jpg","width":1280,"height":720},{"@type":"BreadcrumbList","@id":"https:\/\/canal7slp.tv\/2023\/cuestionado-sobre-finanzas-y-abasto-de-medicamento-comparecio-el-secretario-de-salud\/#breadcrumb","itemListElement":[{"@type":"ListItem","position":1,"name":"Portada","item":"https:\/\/canal7slp.tv\/2023\/"},{"@type":"ListItem","position":2,"name":"Cuestionado sobre finanzas y abasto de medicamento, compareci\u00f3 el Secretario de Salud"}]},{"@type":"WebSite","@id":"https:\/\/canal7slp.tv\/2023\/#website","url":"https:\/\/canal7slp.tv\/2023\/","name":"N7 - Noticieros Canal 7","description":"Somos Televisi\u00f3n","publisher":{"@id":"https:\/\/canal7slp.tv\/2023\/#organization"},"potentialAction":[{"@type":"SearchAction","target":{"@type":"EntryPoint","urlTemplate":"https:\/\/canal7slp.tv\/2023\/?s={search_term_string}"},"query-input":{"@type":"PropertyValueSpecification","valueRequired":true,"valueName":"search_term_string"}}],"inLanguage":"es"},{"@type":"Organization","@id":"https:\/\/canal7slp.tv\/2023\/#organization","name":"Noticieros Canal 7","url":"https:\/\/canal7slp.tv\/2023\/","logo":{"@type":"ImageObject","inLanguage":"es","@id":"https:\/\/canal7slp.tv\/2023\/#\/schema\/logo\/image\/","url":"https:\/\/canal7slp.tv\/2023\/wp-content\/uploads\/2021\/01\/logo-noticieros@2x.png","contentUrl":"https:\/\/canal7slp.tv\/2023\/wp-content\/uploads\/2021\/01\/logo-noticieros@2x.png","width":1017,"height":268,"caption":"Noticieros Canal 7"},"image":{"@id":"https:\/\/canal7slp.tv\/2023\/#\/schema\/logo\/image\/"},"sameAs":["https:\/\/www.facebook.com\/noticieroscanalsiete","https:\/\/x.com\/NOTICIEROS7","https:\/\/www.instagram.com\/canal7_slp","https:\/\/www.youtube.com\/channel\/UCliiYs-gP3JfJeqdPrNdd5A"]},{"@type":"Person","@id":"https:\/\/canal7slp.tv\/2023\/#\/schema\/person\/639c424e3584069003b11ae813915da6","name":"Edici\u00f3n Web","image":{"@type":"ImageObject","inLanguage":"es","@id":"https:\/\/secure.gravatar.com\/avatar\/eee448fc3f7164808013b816ba91ac7e43bbe82a70bebac296f8bc6f0addaa1a?s=96&d=mm&r=g","url":"https:\/\/secure.gravatar.com\/avatar\/eee448fc3f7164808013b816ba91ac7e43bbe82a70bebac296f8bc6f0addaa1a?s=96&d=mm&r=g","contentUrl":"https:\/\/secure.gravatar.com\/avatar\/eee448fc3f7164808013b816ba91ac7e43bbe82a70bebac296f8bc6f0addaa1a?s=96&d=mm&r=g","caption":"Edici\u00f3n Web"},"url":"https:\/\/canal7slp.tv\/2023\/author\/edicionweb\/"}]}},"_links":{"self":[{"href":"https:\/\/canal7slp.tv\/2023\/wp-json\/wp\/v2\/posts\/110997","targetHints":{"allow":["GET"]}}],"collection":[{"href":"https:\/\/canal7slp.tv\/2023\/wp-json\/wp\/v2\/posts"}],"about":[{"href":"https:\/\/canal7slp.tv\/2023\/wp-json\/wp\/v2\/types\/post"}],"author":[{"embeddable":true,"href":"https:\/\/canal7slp.tv\/2023\/wp-json\/wp\/v2\/users\/2"}],"replies":[{"embeddable":true,"href":"https:\/\/canal7slp.tv\/2023\/wp-json\/wp\/v2\/comments?post=110997"}],"version-history":[{"count":2,"href":"https:\/\/canal7slp.tv\/2023\/wp-json\/wp\/v2\/posts\/110997\/revisions"}],"predecessor-version":[{"id":111048,"href":"https:\/\/canal7slp.tv\/2023\/wp-json\/wp\/v2\/posts\/110997\/revisions\/111048"}],"wp:featuredmedia":[{"embeddable":true,"href":"https:\/\/canal7slp.tv\/2023\/wp-json\/wp\/v2\/media\/111047"}],"wp:attachment":[{"href":"https:\/\/canal7slp.tv\/2023\/wp-json\/wp\/v2\/media?parent=110997"}],"wp:term":[{"taxonomy":"category","embeddable":true,"href":"https:\/\/canal7slp.tv\/2023\/wp-json\/wp\/v2\/categories?post=110997"},{"taxonomy":"post_tag","embeddable":true,"href":"https:\/\/canal7slp.tv\/2023\/wp-json\/wp\/v2\/tags?post=110997"}],"curies":[{"name":"wp","href":"https:\/\/api.w.org\/{rel}","templated":true}]}}