{"id":110981,"date":"2023-10-24T20:37:28","date_gmt":"2023-10-25T02:37:28","guid":{"rendered":"https:\/\/canal7slp.tv\/2023\/?p=110981"},"modified":"2023-10-24T20:37:28","modified_gmt":"2023-10-25T02:37:28","slug":"asuntos-urgentes-no-han-frenado-pese-el-paro-externan-trabajadores-del-pjf","status":"publish","type":"post","link":"https:\/\/canal7slp.tv\/2023\/asuntos-urgentes-no-han-frenado-pese-el-paro-externan-trabajadores-del-pjf\/","title":{"rendered":"Asuntos urgentes no han frenado pese el paro, externan trabajadores del PJF"},"content":{"rendered":"<p style=\"text-align: justify;\">SLP.- Trabajadores del Poder Judicial de la Federaci\u00f3n en San Luis Potos\u00ed contin\u00faan su manifestaci\u00f3n en contra de la posible desaparici\u00f3n de fideicomisos que se analiza a nivel nacional.<\/p>\n<p style=\"text-align: justify;\">Fue la jueza de distrito adscrita al Tribunal Laboral Federal de Asuntos Individuales en el estadi, Erika Ivonne Ortiz Becerril, qui\u00e9n habl\u00f3 sobre el pronunciamiento que se verti\u00f3 a nivel nacional con este tema.<\/p>\n<p style=\"text-align: justify;\">\u00abSe llev\u00f3 a cabo por el director nacional y hoy lo estamos replicando en cada uno de los circuitos y tiene como ustedes los vieron, hacer patente la solidaridad con los trabajadores de todo el poder judicial federal y de alguna manera dar las gracias a la ciudadan\u00eda porque nos ha apoyado\u00bb, dijo al inicio de la entrevista.<\/p>\n<p style=\"text-align: justify;\">No corresponde a los titulares de alguna manera hacer pronunciamientos si vamos a continuar o los trabajadores van a continuar, hasta donde tenemos conocimiento van a regresar a sus labores pero finalmente es un derecho de los trabajadores del poder judicial Federal sin una decisi\u00f3n de los titulares.<\/p>\n<p style=\"text-align: justify;\">La funcionaria aclar\u00f3 que las protestas seguir\u00e1n toda vez que as\u00ed lo decidan los propios trabajadores y no por decisi\u00f3n de quienes encabezan dicho poder.<\/p>\n<p style=\"text-align: justify;\">Adem\u00e1s, la entrevistada aclar\u00f3 que a los temas urgentes se les ha dado un seguimiento y estos no han sido afectados por el paro de labores.<\/p>\n<p style=\"text-align: justify;\">\u00abSe han atendido las cuestiones urgentes como se ha hecho saber a la sociedad, las cuestiones urgentes se han atendido con todos los titulares y los trabajadores correspondientes&#8230;. En cuestiones urgentes no hay rezago, entonces, estamos atendiendo, cada uno de los \u00f3rganos jurisdicciones tiene las guardias respectivas\u00bb, apunt\u00f3.<\/p>\n<p style=\"text-align: justify;\">Continu\u00f3: \u00abTenemos la firme convicci\u00f3n de atender las cuestiones que son meramente urgentes, pero tambi\u00e9n seremos respetuosos del derecho de los trabajadores de hacer la manifestaci\u00f3n en defensa de los derechos laborales que hoy se ven o se pretenden ver menoscabados con la extinci\u00f3n de los fideicomisos\u00bb.<\/p>\n<p>Por: Jos\u00e9 Luis V\u00e1zquez<\/p>\n","protected":false},"excerpt":{"rendered":"<p>SLP.- Trabajadores del Poder Judicial de la Federaci\u00f3n en San Luis Potos\u00ed contin\u00faan su manifestaci\u00f3n en contra de la posible desaparici\u00f3n de fideicomisos que se analiza a nivel nacional. Fue la jueza de distrito adscrita al Tribunal Laboral Federal de Asuntos Individuales en el estadi, Erika Ivonne Ortiz Becerril, qui\u00e9n habl\u00f3 sobre el pronunciamiento que se verti\u00f3 a nivel nacional con este tema. \u00abSe llev\u00f3 a cabo por el director nacional y hoy lo estamos replicando en cada uno de los circuitos y tiene como ustedes los vieron, hacer patente la solidaridad con los trabajadores de todo el poder judicial [&hellip;]<\/p>\n","protected":false},"author":2,"featured_media":110983,"comment_status":"closed","ping_status":"closed","sticky":false,"template":"","format":"video","meta":{"footnotes":""},"categories":[5,45],"tags":[],"class_list":["post-110981","post","type-post","status-publish","format-video","has-post-thumbnail","hentry","category-destacadas","category-localesyregionales","post_format-post-format-video","post--single"],"yoast_head":"<!-- This site is optimized with the Yoast SEO plugin v27.5 - https:\/\/yoast.com\/product\/yoast-seo-wordpress\/ -->\n<title>Asuntos urgentes no han frenado pese el paro, externan trabajadores del PJF - Canal 7 SLP - 2023<\/title>\n<meta name=\"robots\" content=\"index, follow, max-snippet:-1, max-image-preview:large, max-video-preview:-1\" \/>\n<link rel=\"canonical\" href=\"https:\/\/canal7slp.tv\/2023\/asuntos-urgentes-no-han-frenado-pese-el-paro-externan-trabajadores-del-pjf\/\" \/>\n<meta property=\"og:locale\" content=\"es_ES\" \/>\n<meta property=\"og:type\" content=\"article\" \/>\n<meta property=\"og:title\" content=\"Asuntos urgentes no han frenado pese el paro, externan trabajadores del PJF - Canal 7 SLP - 2023\" \/>\n<meta property=\"og:description\" content=\"SLP.- Trabajadores del Poder Judicial de la Federaci\u00f3n en San Luis Potos\u00ed contin\u00faan su manifestaci\u00f3n en contra de la posible desaparici\u00f3n de fideicomisos que se analiza a nivel nacional. Fue la jueza de distrito adscrita al Tribunal Laboral Federal de Asuntos Individuales en el estadi, Erika Ivonne Ortiz Becerril, qui\u00e9n habl\u00f3 sobre el pronunciamiento que se verti\u00f3 a nivel nacional con este tema. \u00abSe llev\u00f3 a cabo por el director nacional y hoy lo estamos replicando en cada uno de los circuitos y tiene como ustedes los vieron, hacer patente la solidaridad con los trabajadores de todo el poder judicial [&hellip;]\" \/>\n<meta property=\"og:url\" content=\"https:\/\/canal7slp.tv\/2023\/asuntos-urgentes-no-han-frenado-pese-el-paro-externan-trabajadores-del-pjf\/\" \/>\n<meta property=\"og:site_name\" content=\"Canal 7 SLP - 2023\" \/>\n<meta property=\"article:publisher\" content=\"https:\/\/www.facebook.com\/noticieroscanalsiete\" \/>\n<meta property=\"article:published_time\" content=\"2023-10-25T02:37:28+00:00\" \/>\n<meta property=\"og:image\" content=\"https:\/\/canal7slp.tv\/2023\/wp-content\/uploads\/2023\/10\/Vazquez04PJF.jpg\" \/>\n\t<meta property=\"og:image:width\" content=\"1280\" \/>\n\t<meta property=\"og:image:height\" content=\"720\" \/>\n\t<meta property=\"og:image:type\" content=\"image\/jpeg\" \/>\n<meta name=\"author\" content=\"Edici\u00f3n Web\" \/>\n<meta name=\"twitter:card\" content=\"summary_large_image\" \/>\n<meta name=\"twitter:creator\" content=\"@NOTICIEROS7\" \/>\n<meta name=\"twitter:site\" content=\"@NOTICIEROS7\" \/>\n<meta name=\"twitter:label1\" content=\"Escrito por\" \/>\n\t<meta name=\"twitter:data1\" content=\"Edici\u00f3n Web\" \/>\n\t<meta name=\"twitter:label2\" content=\"Tiempo de lectura\" \/>\n\t<meta name=\"twitter:data2\" content=\"2 minutos\" \/>\n<script type=\"application\/ld+json\" class=\"yoast-schema-graph\">{\"@context\":\"https:\\\/\\\/schema.org\",\"@graph\":[{\"@type\":\"Article\",\"@id\":\"https:\\\/\\\/canal7slp.tv\\\/2023\\\/asuntos-urgentes-no-han-frenado-pese-el-paro-externan-trabajadores-del-pjf\\\/#article\",\"isPartOf\":{\"@id\":\"https:\\\/\\\/canal7slp.tv\\\/2023\\\/asuntos-urgentes-no-han-frenado-pese-el-paro-externan-trabajadores-del-pjf\\\/\"},\"author\":{\"name\":\"Edici\u00f3n Web\",\"@id\":\"https:\\\/\\\/canal7slp.tv\\\/2023\\\/#\\\/schema\\\/person\\\/639c424e3584069003b11ae813915da6\"},\"headline\":\"Asuntos urgentes no han frenado pese el paro, externan trabajadores del PJF\",\"datePublished\":\"2023-10-25T02:37:28+00:00\",\"mainEntityOfPage\":{\"@id\":\"https:\\\/\\\/canal7slp.tv\\\/2023\\\/asuntos-urgentes-no-han-frenado-pese-el-paro-externan-trabajadores-del-pjf\\\/\"},\"wordCount\":347,\"publisher\":{\"@id\":\"https:\\\/\\\/canal7slp.tv\\\/2023\\\/#organization\"},\"image\":{\"@id\":\"https:\\\/\\\/canal7slp.tv\\\/2023\\\/asuntos-urgentes-no-han-frenado-pese-el-paro-externan-trabajadores-del-pjf\\\/#primaryimage\"},\"thumbnailUrl\":\"https:\\\/\\\/canal7slp.tv\\\/2023\\\/wp-content\\\/uploads\\\/2023\\\/10\\\/Vazquez04PJF.jpg\",\"articleSection\":[\"DESTACADAS\",\"LOCALES Y REGIONALES\"],\"inLanguage\":\"es\"},{\"@type\":\"WebPage\",\"@id\":\"https:\\\/\\\/canal7slp.tv\\\/2023\\\/asuntos-urgentes-no-han-frenado-pese-el-paro-externan-trabajadores-del-pjf\\\/\",\"url\":\"https:\\\/\\\/canal7slp.tv\\\/2023\\\/asuntos-urgentes-no-han-frenado-pese-el-paro-externan-trabajadores-del-pjf\\\/\",\"name\":\"Asuntos urgentes no han frenado pese el paro, externan trabajadores del PJF - Canal 7 SLP - 2023\",\"isPartOf\":{\"@id\":\"https:\\\/\\\/canal7slp.tv\\\/2023\\\/#website\"},\"primaryImageOfPage\":{\"@id\":\"https:\\\/\\\/canal7slp.tv\\\/2023\\\/asuntos-urgentes-no-han-frenado-pese-el-paro-externan-trabajadores-del-pjf\\\/#primaryimage\"},\"image\":{\"@id\":\"https:\\\/\\\/canal7slp.tv\\\/2023\\\/asuntos-urgentes-no-han-frenado-pese-el-paro-externan-trabajadores-del-pjf\\\/#primaryimage\"},\"thumbnailUrl\":\"https:\\\/\\\/canal7slp.tv\\\/2023\\\/wp-content\\\/uploads\\\/2023\\\/10\\\/Vazquez04PJF.jpg\",\"datePublished\":\"2023-10-25T02:37:28+00:00\",\"breadcrumb\":{\"@id\":\"https:\\\/\\\/canal7slp.tv\\\/2023\\\/asuntos-urgentes-no-han-frenado-pese-el-paro-externan-trabajadores-del-pjf\\\/#breadcrumb\"},\"inLanguage\":\"es\",\"potentialAction\":[{\"@type\":\"ReadAction\",\"target\":[\"https:\\\/\\\/canal7slp.tv\\\/2023\\\/asuntos-urgentes-no-han-frenado-pese-el-paro-externan-trabajadores-del-pjf\\\/\"]}]},{\"@type\":\"ImageObject\",\"inLanguage\":\"es\",\"@id\":\"https:\\\/\\\/canal7slp.tv\\\/2023\\\/asuntos-urgentes-no-han-frenado-pese-el-paro-externan-trabajadores-del-pjf\\\/#primaryimage\",\"url\":\"https:\\\/\\\/canal7slp.tv\\\/2023\\\/wp-content\\\/uploads\\\/2023\\\/10\\\/Vazquez04PJF.jpg\",\"contentUrl\":\"https:\\\/\\\/canal7slp.tv\\\/2023\\\/wp-content\\\/uploads\\\/2023\\\/10\\\/Vazquez04PJF.jpg\",\"width\":1280,\"height\":720},{\"@type\":\"BreadcrumbList\",\"@id\":\"https:\\\/\\\/canal7slp.tv\\\/2023\\\/asuntos-urgentes-no-han-frenado-pese-el-paro-externan-trabajadores-del-pjf\\\/#breadcrumb\",\"itemListElement\":[{\"@type\":\"ListItem\",\"position\":1,\"name\":\"Portada\",\"item\":\"https:\\\/\\\/canal7slp.tv\\\/2023\\\/\"},{\"@type\":\"ListItem\",\"position\":2,\"name\":\"Asuntos urgentes no han frenado pese el paro, externan trabajadores del PJF\"}]},{\"@type\":\"WebSite\",\"@id\":\"https:\\\/\\\/canal7slp.tv\\\/2023\\\/#website\",\"url\":\"https:\\\/\\\/canal7slp.tv\\\/2023\\\/\",\"name\":\"N7 - Noticieros Canal 7\",\"description\":\"Somos Televisi\u00f3n\",\"publisher\":{\"@id\":\"https:\\\/\\\/canal7slp.tv\\\/2023\\\/#organization\"},\"potentialAction\":[{\"@type\":\"SearchAction\",\"target\":{\"@type\":\"EntryPoint\",\"urlTemplate\":\"https:\\\/\\\/canal7slp.tv\\\/2023\\\/?s={search_term_string}\"},\"query-input\":{\"@type\":\"PropertyValueSpecification\",\"valueRequired\":true,\"valueName\":\"search_term_string\"}}],\"inLanguage\":\"es\"},{\"@type\":\"Organization\",\"@id\":\"https:\\\/\\\/canal7slp.tv\\\/2023\\\/#organization\",\"name\":\"Noticieros Canal 7\",\"url\":\"https:\\\/\\\/canal7slp.tv\\\/2023\\\/\",\"logo\":{\"@type\":\"ImageObject\",\"inLanguage\":\"es\",\"@id\":\"https:\\\/\\\/canal7slp.tv\\\/2023\\\/#\\\/schema\\\/logo\\\/image\\\/\",\"url\":\"https:\\\/\\\/canal7slp.tv\\\/2023\\\/wp-content\\\/uploads\\\/2021\\\/01\\\/logo-noticieros@2x.png\",\"contentUrl\":\"https:\\\/\\\/canal7slp.tv\\\/2023\\\/wp-content\\\/uploads\\\/2021\\\/01\\\/logo-noticieros@2x.png\",\"width\":1017,\"height\":268,\"caption\":\"Noticieros Canal 7\"},\"image\":{\"@id\":\"https:\\\/\\\/canal7slp.tv\\\/2023\\\/#\\\/schema\\\/logo\\\/image\\\/\"},\"sameAs\":[\"https:\\\/\\\/www.facebook.com\\\/noticieroscanalsiete\",\"https:\\\/\\\/x.com\\\/NOTICIEROS7\",\"https:\\\/\\\/www.instagram.com\\\/canal7_slp\",\"https:\\\/\\\/www.youtube.com\\\/channel\\\/UCliiYs-gP3JfJeqdPrNdd5A\"]},{\"@type\":\"Person\",\"@id\":\"https:\\\/\\\/canal7slp.tv\\\/2023\\\/#\\\/schema\\\/person\\\/639c424e3584069003b11ae813915da6\",\"name\":\"Edici\u00f3n Web\",\"image\":{\"@type\":\"ImageObject\",\"inLanguage\":\"es\",\"@id\":\"https:\\\/\\\/secure.gravatar.com\\\/avatar\\\/eee448fc3f7164808013b816ba91ac7e43bbe82a70bebac296f8bc6f0addaa1a?s=96&d=mm&r=g\",\"url\":\"https:\\\/\\\/secure.gravatar.com\\\/avatar\\\/eee448fc3f7164808013b816ba91ac7e43bbe82a70bebac296f8bc6f0addaa1a?s=96&d=mm&r=g\",\"contentUrl\":\"https:\\\/\\\/secure.gravatar.com\\\/avatar\\\/eee448fc3f7164808013b816ba91ac7e43bbe82a70bebac296f8bc6f0addaa1a?s=96&d=mm&r=g\",\"caption\":\"Edici\u00f3n Web\"},\"url\":\"https:\\\/\\\/canal7slp.tv\\\/2023\\\/author\\\/edicionweb\\\/\"}]}<\/script>\n<!-- \/ Yoast SEO plugin. -->","yoast_head_json":{"title":"Asuntos urgentes no han frenado pese el paro, externan trabajadores del PJF - Canal 7 SLP - 2023","robots":{"index":"index","follow":"follow","max-snippet":"max-snippet:-1","max-image-preview":"max-image-preview:large","max-video-preview":"max-video-preview:-1"},"canonical":"https:\/\/canal7slp.tv\/2023\/asuntos-urgentes-no-han-frenado-pese-el-paro-externan-trabajadores-del-pjf\/","og_locale":"es_ES","og_type":"article","og_title":"Asuntos urgentes no han frenado pese el paro, externan trabajadores del PJF - Canal 7 SLP - 2023","og_description":"SLP.- Trabajadores del Poder Judicial de la Federaci\u00f3n en San Luis Potos\u00ed contin\u00faan su manifestaci\u00f3n en contra de la posible desaparici\u00f3n de fideicomisos que se analiza a nivel nacional. Fue la jueza de distrito adscrita al Tribunal Laboral Federal de Asuntos Individuales en el estadi, Erika Ivonne Ortiz Becerril, qui\u00e9n habl\u00f3 sobre el pronunciamiento que se verti\u00f3 a nivel nacional con este tema. \u00abSe llev\u00f3 a cabo por el director nacional y hoy lo estamos replicando en cada uno de los circuitos y tiene como ustedes los vieron, hacer patente la solidaridad con los trabajadores de todo el poder judicial [&hellip;]","og_url":"https:\/\/canal7slp.tv\/2023\/asuntos-urgentes-no-han-frenado-pese-el-paro-externan-trabajadores-del-pjf\/","og_site_name":"Canal 7 SLP - 2023","article_publisher":"https:\/\/www.facebook.com\/noticieroscanalsiete","article_published_time":"2023-10-25T02:37:28+00:00","og_image":[{"width":1280,"height":720,"url":"https:\/\/canal7slp.tv\/2023\/wp-content\/uploads\/2023\/10\/Vazquez04PJF.jpg","type":"image\/jpeg"}],"author":"Edici\u00f3n Web","twitter_card":"summary_large_image","twitter_creator":"@NOTICIEROS7","twitter_site":"@NOTICIEROS7","twitter_misc":{"Escrito por":"Edici\u00f3n Web","Tiempo de lectura":"2 minutos"},"schema":{"@context":"https:\/\/schema.org","@graph":[{"@type":"Article","@id":"https:\/\/canal7slp.tv\/2023\/asuntos-urgentes-no-han-frenado-pese-el-paro-externan-trabajadores-del-pjf\/#article","isPartOf":{"@id":"https:\/\/canal7slp.tv\/2023\/asuntos-urgentes-no-han-frenado-pese-el-paro-externan-trabajadores-del-pjf\/"},"author":{"name":"Edici\u00f3n Web","@id":"https:\/\/canal7slp.tv\/2023\/#\/schema\/person\/639c424e3584069003b11ae813915da6"},"headline":"Asuntos urgentes no han frenado pese el paro, externan trabajadores del PJF","datePublished":"2023-10-25T02:37:28+00:00","mainEntityOfPage":{"@id":"https:\/\/canal7slp.tv\/2023\/asuntos-urgentes-no-han-frenado-pese-el-paro-externan-trabajadores-del-pjf\/"},"wordCount":347,"publisher":{"@id":"https:\/\/canal7slp.tv\/2023\/#organization"},"image":{"@id":"https:\/\/canal7slp.tv\/2023\/asuntos-urgentes-no-han-frenado-pese-el-paro-externan-trabajadores-del-pjf\/#primaryimage"},"thumbnailUrl":"https:\/\/canal7slp.tv\/2023\/wp-content\/uploads\/2023\/10\/Vazquez04PJF.jpg","articleSection":["DESTACADAS","LOCALES Y REGIONALES"],"inLanguage":"es"},{"@type":"WebPage","@id":"https:\/\/canal7slp.tv\/2023\/asuntos-urgentes-no-han-frenado-pese-el-paro-externan-trabajadores-del-pjf\/","url":"https:\/\/canal7slp.tv\/2023\/asuntos-urgentes-no-han-frenado-pese-el-paro-externan-trabajadores-del-pjf\/","name":"Asuntos urgentes no han frenado pese el paro, externan trabajadores del PJF - Canal 7 SLP - 2023","isPartOf":{"@id":"https:\/\/canal7slp.tv\/2023\/#website"},"primaryImageOfPage":{"@id":"https:\/\/canal7slp.tv\/2023\/asuntos-urgentes-no-han-frenado-pese-el-paro-externan-trabajadores-del-pjf\/#primaryimage"},"image":{"@id":"https:\/\/canal7slp.tv\/2023\/asuntos-urgentes-no-han-frenado-pese-el-paro-externan-trabajadores-del-pjf\/#primaryimage"},"thumbnailUrl":"https:\/\/canal7slp.tv\/2023\/wp-content\/uploads\/2023\/10\/Vazquez04PJF.jpg","datePublished":"2023-10-25T02:37:28+00:00","breadcrumb":{"@id":"https:\/\/canal7slp.tv\/2023\/asuntos-urgentes-no-han-frenado-pese-el-paro-externan-trabajadores-del-pjf\/#breadcrumb"},"inLanguage":"es","potentialAction":[{"@type":"ReadAction","target":["https:\/\/canal7slp.tv\/2023\/asuntos-urgentes-no-han-frenado-pese-el-paro-externan-trabajadores-del-pjf\/"]}]},{"@type":"ImageObject","inLanguage":"es","@id":"https:\/\/canal7slp.tv\/2023\/asuntos-urgentes-no-han-frenado-pese-el-paro-externan-trabajadores-del-pjf\/#primaryimage","url":"https:\/\/canal7slp.tv\/2023\/wp-content\/uploads\/2023\/10\/Vazquez04PJF.jpg","contentUrl":"https:\/\/canal7slp.tv\/2023\/wp-content\/uploads\/2023\/10\/Vazquez04PJF.jpg","width":1280,"height":720},{"@type":"BreadcrumbList","@id":"https:\/\/canal7slp.tv\/2023\/asuntos-urgentes-no-han-frenado-pese-el-paro-externan-trabajadores-del-pjf\/#breadcrumb","itemListElement":[{"@type":"ListItem","position":1,"name":"Portada","item":"https:\/\/canal7slp.tv\/2023\/"},{"@type":"ListItem","position":2,"name":"Asuntos urgentes no han frenado pese el paro, externan trabajadores del PJF"}]},{"@type":"WebSite","@id":"https:\/\/canal7slp.tv\/2023\/#website","url":"https:\/\/canal7slp.tv\/2023\/","name":"N7 - Noticieros Canal 7","description":"Somos Televisi\u00f3n","publisher":{"@id":"https:\/\/canal7slp.tv\/2023\/#organization"},"potentialAction":[{"@type":"SearchAction","target":{"@type":"EntryPoint","urlTemplate":"https:\/\/canal7slp.tv\/2023\/?s={search_term_string}"},"query-input":{"@type":"PropertyValueSpecification","valueRequired":true,"valueName":"search_term_string"}}],"inLanguage":"es"},{"@type":"Organization","@id":"https:\/\/canal7slp.tv\/2023\/#organization","name":"Noticieros Canal 7","url":"https:\/\/canal7slp.tv\/2023\/","logo":{"@type":"ImageObject","inLanguage":"es","@id":"https:\/\/canal7slp.tv\/2023\/#\/schema\/logo\/image\/","url":"https:\/\/canal7slp.tv\/2023\/wp-content\/uploads\/2021\/01\/logo-noticieros@2x.png","contentUrl":"https:\/\/canal7slp.tv\/2023\/wp-content\/uploads\/2021\/01\/logo-noticieros@2x.png","width":1017,"height":268,"caption":"Noticieros Canal 7"},"image":{"@id":"https:\/\/canal7slp.tv\/2023\/#\/schema\/logo\/image\/"},"sameAs":["https:\/\/www.facebook.com\/noticieroscanalsiete","https:\/\/x.com\/NOTICIEROS7","https:\/\/www.instagram.com\/canal7_slp","https:\/\/www.youtube.com\/channel\/UCliiYs-gP3JfJeqdPrNdd5A"]},{"@type":"Person","@id":"https:\/\/canal7slp.tv\/2023\/#\/schema\/person\/639c424e3584069003b11ae813915da6","name":"Edici\u00f3n Web","image":{"@type":"ImageObject","inLanguage":"es","@id":"https:\/\/secure.gravatar.com\/avatar\/eee448fc3f7164808013b816ba91ac7e43bbe82a70bebac296f8bc6f0addaa1a?s=96&d=mm&r=g","url":"https:\/\/secure.gravatar.com\/avatar\/eee448fc3f7164808013b816ba91ac7e43bbe82a70bebac296f8bc6f0addaa1a?s=96&d=mm&r=g","contentUrl":"https:\/\/secure.gravatar.com\/avatar\/eee448fc3f7164808013b816ba91ac7e43bbe82a70bebac296f8bc6f0addaa1a?s=96&d=mm&r=g","caption":"Edici\u00f3n Web"},"url":"https:\/\/canal7slp.tv\/2023\/author\/edicionweb\/"}]}},"_links":{"self":[{"href":"https:\/\/canal7slp.tv\/2023\/wp-json\/wp\/v2\/posts\/110981","targetHints":{"allow":["GET"]}}],"collection":[{"href":"https:\/\/canal7slp.tv\/2023\/wp-json\/wp\/v2\/posts"}],"about":[{"href":"https:\/\/canal7slp.tv\/2023\/wp-json\/wp\/v2\/types\/post"}],"author":[{"embeddable":true,"href":"https:\/\/canal7slp.tv\/2023\/wp-json\/wp\/v2\/users\/2"}],"replies":[{"embeddable":true,"href":"https:\/\/canal7slp.tv\/2023\/wp-json\/wp\/v2\/comments?post=110981"}],"version-history":[{"count":2,"href":"https:\/\/canal7slp.tv\/2023\/wp-json\/wp\/v2\/posts\/110981\/revisions"}],"predecessor-version":[{"id":110984,"href":"https:\/\/canal7slp.tv\/2023\/wp-json\/wp\/v2\/posts\/110981\/revisions\/110984"}],"wp:featuredmedia":[{"embeddable":true,"href":"https:\/\/canal7slp.tv\/2023\/wp-json\/wp\/v2\/media\/110983"}],"wp:attachment":[{"href":"https:\/\/canal7slp.tv\/2023\/wp-json\/wp\/v2\/media?parent=110981"}],"wp:term":[{"taxonomy":"category","embeddable":true,"href":"https:\/\/canal7slp.tv\/2023\/wp-json\/wp\/v2\/categories?post=110981"},{"taxonomy":"post_tag","embeddable":true,"href":"https:\/\/canal7slp.tv\/2023\/wp-json\/wp\/v2\/tags?post=110981"}],"curies":[{"name":"wp","href":"https:\/\/api.w.org\/{rel}","templated":true}]}}