{"id":110978,"date":"2023-10-24T20:32:40","date_gmt":"2023-10-25T02:32:40","guid":{"rendered":"https:\/\/canal7slp.tv\/2023\/?p=110978"},"modified":"2023-10-24T20:32:40","modified_gmt":"2023-10-25T02:32:40","slug":"arremete-gallardo-contra-policias-municipales-acusa-a-las-corporaciones-de-no-cumplir-tareas-preventivas","status":"publish","type":"post","link":"https:\/\/canal7slp.tv\/2023\/arremete-gallardo-contra-policias-municipales-acusa-a-las-corporaciones-de-no-cumplir-tareas-preventivas\/","title":{"rendered":"Arremete Gallardo contra polic\u00edas municipales; acusa a las corporaciones de no cumplir tareas preventivas"},"content":{"rendered":"<p style=\"text-align: justify;\">SLP.- El gobernador del estado, Jos\u00e9 Ricardo Gallardo Cardona, nuevamente acus\u00f3 la falta de presencia policiaca en las calles de San Luis Potos\u00ed y se\u00f1al\u00f3 a las corporaciones municipales de no realizar las labores que les corresponde en materia de seguridad.<\/p>\n<p style=\"text-align: justify;\">\u00abEs en demas\u00eda como en la noche se desaparecen totalmente, no existe o no ves una sola patrulla municipal en las noches, entonces pedirles que salgan, tienen que salir a patrullar, a hacer su trabajo, no se les est\u00e1 pidiendo otra cosa m\u00e1s que hacer su trabajo y es a todas las corporaciones\u00bb indic\u00f3.<\/p>\n<p style=\"text-align: justify;\">Pese a sus declaraciones, aclar\u00f3 que entre la Guardia Civil y el Ej\u00e9rcito Mexicano existe una coordinaci\u00f3n para vigilar las vialidades a altas horas de la noche.<\/p>\n<p style=\"text-align: justify;\">\u00abAhorita en el d\u00eda ven muchas patrullas por todos lados y en las noches solamente est\u00e1 la Guardia Civil del Estado y el Ej\u00e9rcito Mexicano patrullando, son los \u00fanicos que ves en la noche, todos los dem\u00e1s se guardan ,se ocultan, no sabemos qu\u00e9 pasa, entonces, pedirle a todas las instituciones que se involucren\u00bb, reiter\u00f3.<\/p>\n<p style=\"text-align: justify;\">En ese sentido, Gallardo Cardona descart\u00f3 que se trate de una omisi\u00f3n por parte de las autoridades municipales.<\/p>\n<p style=\"text-align: justify;\">\u00abNo lo quiero llamar como una omisi\u00f3n, pero algo se tiene que hacer para que se pongan las pilas, yo creo que hoy la corporaci\u00f3n est\u00e1 dando techo y coraz\u00f3n y lo va a seguir dando por los potosinos, es una corporaci\u00f3n muy noble, es la \u00fanica que ha entregado resultados en su totalidad junto con el ej\u00e9rcito, no hay otra corporaci\u00f3n que est\u00e1 dando resultados\u00bb, asegur\u00f3.<\/p>\n<p>Por: Jos\u00e9 Luis V\u00e1zquez<\/p>\n","protected":false},"excerpt":{"rendered":"<p>SLP.- El gobernador del estado, Jos\u00e9 Ricardo Gallardo Cardona, nuevamente acus\u00f3 la falta de presencia policiaca en las calles de San Luis Potos\u00ed y se\u00f1al\u00f3 a las corporaciones municipales de no realizar las labores que les corresponde en materia de seguridad. \u00abEs en demas\u00eda como en la noche se desaparecen totalmente, no existe o no ves una sola patrulla municipal en las noches, entonces pedirles que salgan, tienen que salir a patrullar, a hacer su trabajo, no se les est\u00e1 pidiendo otra cosa m\u00e1s que hacer su trabajo y es a todas las corporaciones\u00bb indic\u00f3. Pese a sus declaraciones, aclar\u00f3 [&hellip;]<\/p>\n","protected":false},"author":2,"featured_media":110979,"comment_status":"closed","ping_status":"closed","sticky":false,"template":"","format":"video","meta":{"footnotes":""},"categories":[5,510,45],"tags":[],"class_list":["post-110978","post","type-post","status-publish","format-video","has-post-thumbnail","hentry","category-destacadas","category-gobedoslp","category-localesyregionales","post_format-post-format-video","post--single"],"yoast_head":"<!-- This site is optimized with the Yoast SEO plugin v27.5 - https:\/\/yoast.com\/product\/yoast-seo-wordpress\/ -->\n<title>Arremete Gallardo contra polic\u00edas municipales; acusa a las corporaciones de no cumplir tareas preventivas - Canal 7 SLP - 2023<\/title>\n<meta name=\"robots\" content=\"index, follow, max-snippet:-1, max-image-preview:large, max-video-preview:-1\" \/>\n<link rel=\"canonical\" href=\"https:\/\/canal7slp.tv\/2023\/arremete-gallardo-contra-policias-municipales-acusa-a-las-corporaciones-de-no-cumplir-tareas-preventivas\/\" \/>\n<meta property=\"og:locale\" content=\"es_ES\" \/>\n<meta property=\"og:type\" content=\"article\" \/>\n<meta property=\"og:title\" content=\"Arremete Gallardo contra polic\u00edas municipales; acusa a las corporaciones de no cumplir tareas preventivas - Canal 7 SLP - 2023\" \/>\n<meta property=\"og:description\" content=\"SLP.- El gobernador del estado, Jos\u00e9 Ricardo Gallardo Cardona, nuevamente acus\u00f3 la falta de presencia policiaca en las calles de San Luis Potos\u00ed y se\u00f1al\u00f3 a las corporaciones municipales de no realizar las labores que les corresponde en materia de seguridad. \u00abEs en demas\u00eda como en la noche se desaparecen totalmente, no existe o no ves una sola patrulla municipal en las noches, entonces pedirles que salgan, tienen que salir a patrullar, a hacer su trabajo, no se les est\u00e1 pidiendo otra cosa m\u00e1s que hacer su trabajo y es a todas las corporaciones\u00bb indic\u00f3. Pese a sus declaraciones, aclar\u00f3 [&hellip;]\" \/>\n<meta property=\"og:url\" content=\"https:\/\/canal7slp.tv\/2023\/arremete-gallardo-contra-policias-municipales-acusa-a-las-corporaciones-de-no-cumplir-tareas-preventivas\/\" \/>\n<meta property=\"og:site_name\" content=\"Canal 7 SLP - 2023\" \/>\n<meta property=\"article:publisher\" content=\"https:\/\/www.facebook.com\/noticieroscanalsiete\" \/>\n<meta property=\"article:published_time\" content=\"2023-10-25T02:32:40+00:00\" \/>\n<meta property=\"og:image\" content=\"https:\/\/canal7slp.tv\/2023\/wp-content\/uploads\/2023\/10\/Vazquez03Seguridad.jpg\" \/>\n\t<meta property=\"og:image:width\" content=\"1280\" \/>\n\t<meta property=\"og:image:height\" content=\"720\" \/>\n\t<meta property=\"og:image:type\" content=\"image\/jpeg\" \/>\n<meta name=\"author\" content=\"Edici\u00f3n Web\" \/>\n<meta name=\"twitter:card\" content=\"summary_large_image\" \/>\n<meta name=\"twitter:creator\" content=\"@NOTICIEROS7\" \/>\n<meta name=\"twitter:site\" content=\"@NOTICIEROS7\" \/>\n<meta name=\"twitter:label1\" content=\"Escrito por\" \/>\n\t<meta name=\"twitter:data1\" content=\"Edici\u00f3n Web\" \/>\n\t<meta name=\"twitter:label2\" content=\"Tiempo de lectura\" \/>\n\t<meta name=\"twitter:data2\" content=\"2 minutos\" \/>\n<script type=\"application\/ld+json\" class=\"yoast-schema-graph\">{\"@context\":\"https:\\\/\\\/schema.org\",\"@graph\":[{\"@type\":\"Article\",\"@id\":\"https:\\\/\\\/canal7slp.tv\\\/2023\\\/arremete-gallardo-contra-policias-municipales-acusa-a-las-corporaciones-de-no-cumplir-tareas-preventivas\\\/#article\",\"isPartOf\":{\"@id\":\"https:\\\/\\\/canal7slp.tv\\\/2023\\\/arremete-gallardo-contra-policias-municipales-acusa-a-las-corporaciones-de-no-cumplir-tareas-preventivas\\\/\"},\"author\":{\"name\":\"Edici\u00f3n Web\",\"@id\":\"https:\\\/\\\/canal7slp.tv\\\/2023\\\/#\\\/schema\\\/person\\\/639c424e3584069003b11ae813915da6\"},\"headline\":\"Arremete Gallardo contra polic\u00edas municipales; acusa a las corporaciones de no cumplir tareas preventivas\",\"datePublished\":\"2023-10-25T02:32:40+00:00\",\"mainEntityOfPage\":{\"@id\":\"https:\\\/\\\/canal7slp.tv\\\/2023\\\/arremete-gallardo-contra-policias-municipales-acusa-a-las-corporaciones-de-no-cumplir-tareas-preventivas\\\/\"},\"wordCount\":298,\"publisher\":{\"@id\":\"https:\\\/\\\/canal7slp.tv\\\/2023\\\/#organization\"},\"image\":{\"@id\":\"https:\\\/\\\/canal7slp.tv\\\/2023\\\/arremete-gallardo-contra-policias-municipales-acusa-a-las-corporaciones-de-no-cumplir-tareas-preventivas\\\/#primaryimage\"},\"thumbnailUrl\":\"https:\\\/\\\/canal7slp.tv\\\/2023\\\/wp-content\\\/uploads\\\/2023\\\/10\\\/Vazquez03Seguridad.jpg\",\"articleSection\":[\"DESTACADAS\",\"GOBEDOSLP\",\"LOCALES Y REGIONALES\"],\"inLanguage\":\"es\"},{\"@type\":\"WebPage\",\"@id\":\"https:\\\/\\\/canal7slp.tv\\\/2023\\\/arremete-gallardo-contra-policias-municipales-acusa-a-las-corporaciones-de-no-cumplir-tareas-preventivas\\\/\",\"url\":\"https:\\\/\\\/canal7slp.tv\\\/2023\\\/arremete-gallardo-contra-policias-municipales-acusa-a-las-corporaciones-de-no-cumplir-tareas-preventivas\\\/\",\"name\":\"Arremete Gallardo contra polic\u00edas municipales; acusa a las corporaciones de no cumplir tareas preventivas - Canal 7 SLP - 2023\",\"isPartOf\":{\"@id\":\"https:\\\/\\\/canal7slp.tv\\\/2023\\\/#website\"},\"primaryImageOfPage\":{\"@id\":\"https:\\\/\\\/canal7slp.tv\\\/2023\\\/arremete-gallardo-contra-policias-municipales-acusa-a-las-corporaciones-de-no-cumplir-tareas-preventivas\\\/#primaryimage\"},\"image\":{\"@id\":\"https:\\\/\\\/canal7slp.tv\\\/2023\\\/arremete-gallardo-contra-policias-municipales-acusa-a-las-corporaciones-de-no-cumplir-tareas-preventivas\\\/#primaryimage\"},\"thumbnailUrl\":\"https:\\\/\\\/canal7slp.tv\\\/2023\\\/wp-content\\\/uploads\\\/2023\\\/10\\\/Vazquez03Seguridad.jpg\",\"datePublished\":\"2023-10-25T02:32:40+00:00\",\"breadcrumb\":{\"@id\":\"https:\\\/\\\/canal7slp.tv\\\/2023\\\/arremete-gallardo-contra-policias-municipales-acusa-a-las-corporaciones-de-no-cumplir-tareas-preventivas\\\/#breadcrumb\"},\"inLanguage\":\"es\",\"potentialAction\":[{\"@type\":\"ReadAction\",\"target\":[\"https:\\\/\\\/canal7slp.tv\\\/2023\\\/arremete-gallardo-contra-policias-municipales-acusa-a-las-corporaciones-de-no-cumplir-tareas-preventivas\\\/\"]}]},{\"@type\":\"ImageObject\",\"inLanguage\":\"es\",\"@id\":\"https:\\\/\\\/canal7slp.tv\\\/2023\\\/arremete-gallardo-contra-policias-municipales-acusa-a-las-corporaciones-de-no-cumplir-tareas-preventivas\\\/#primaryimage\",\"url\":\"https:\\\/\\\/canal7slp.tv\\\/2023\\\/wp-content\\\/uploads\\\/2023\\\/10\\\/Vazquez03Seguridad.jpg\",\"contentUrl\":\"https:\\\/\\\/canal7slp.tv\\\/2023\\\/wp-content\\\/uploads\\\/2023\\\/10\\\/Vazquez03Seguridad.jpg\",\"width\":1280,\"height\":720},{\"@type\":\"BreadcrumbList\",\"@id\":\"https:\\\/\\\/canal7slp.tv\\\/2023\\\/arremete-gallardo-contra-policias-municipales-acusa-a-las-corporaciones-de-no-cumplir-tareas-preventivas\\\/#breadcrumb\",\"itemListElement\":[{\"@type\":\"ListItem\",\"position\":1,\"name\":\"Portada\",\"item\":\"https:\\\/\\\/canal7slp.tv\\\/2023\\\/\"},{\"@type\":\"ListItem\",\"position\":2,\"name\":\"Arremete Gallardo contra polic\u00edas municipales; acusa a las corporaciones de no cumplir tareas preventivas\"}]},{\"@type\":\"WebSite\",\"@id\":\"https:\\\/\\\/canal7slp.tv\\\/2023\\\/#website\",\"url\":\"https:\\\/\\\/canal7slp.tv\\\/2023\\\/\",\"name\":\"N7 - Noticieros Canal 7\",\"description\":\"Somos Televisi\u00f3n\",\"publisher\":{\"@id\":\"https:\\\/\\\/canal7slp.tv\\\/2023\\\/#organization\"},\"potentialAction\":[{\"@type\":\"SearchAction\",\"target\":{\"@type\":\"EntryPoint\",\"urlTemplate\":\"https:\\\/\\\/canal7slp.tv\\\/2023\\\/?s={search_term_string}\"},\"query-input\":{\"@type\":\"PropertyValueSpecification\",\"valueRequired\":true,\"valueName\":\"search_term_string\"}}],\"inLanguage\":\"es\"},{\"@type\":\"Organization\",\"@id\":\"https:\\\/\\\/canal7slp.tv\\\/2023\\\/#organization\",\"name\":\"Noticieros Canal 7\",\"url\":\"https:\\\/\\\/canal7slp.tv\\\/2023\\\/\",\"logo\":{\"@type\":\"ImageObject\",\"inLanguage\":\"es\",\"@id\":\"https:\\\/\\\/canal7slp.tv\\\/2023\\\/#\\\/schema\\\/logo\\\/image\\\/\",\"url\":\"https:\\\/\\\/canal7slp.tv\\\/2023\\\/wp-content\\\/uploads\\\/2021\\\/01\\\/logo-noticieros@2x.png\",\"contentUrl\":\"https:\\\/\\\/canal7slp.tv\\\/2023\\\/wp-content\\\/uploads\\\/2021\\\/01\\\/logo-noticieros@2x.png\",\"width\":1017,\"height\":268,\"caption\":\"Noticieros Canal 7\"},\"image\":{\"@id\":\"https:\\\/\\\/canal7slp.tv\\\/2023\\\/#\\\/schema\\\/logo\\\/image\\\/\"},\"sameAs\":[\"https:\\\/\\\/www.facebook.com\\\/noticieroscanalsiete\",\"https:\\\/\\\/x.com\\\/NOTICIEROS7\",\"https:\\\/\\\/www.instagram.com\\\/canal7_slp\",\"https:\\\/\\\/www.youtube.com\\\/channel\\\/UCliiYs-gP3JfJeqdPrNdd5A\"]},{\"@type\":\"Person\",\"@id\":\"https:\\\/\\\/canal7slp.tv\\\/2023\\\/#\\\/schema\\\/person\\\/639c424e3584069003b11ae813915da6\",\"name\":\"Edici\u00f3n Web\",\"image\":{\"@type\":\"ImageObject\",\"inLanguage\":\"es\",\"@id\":\"https:\\\/\\\/secure.gravatar.com\\\/avatar\\\/eee448fc3f7164808013b816ba91ac7e43bbe82a70bebac296f8bc6f0addaa1a?s=96&d=mm&r=g\",\"url\":\"https:\\\/\\\/secure.gravatar.com\\\/avatar\\\/eee448fc3f7164808013b816ba91ac7e43bbe82a70bebac296f8bc6f0addaa1a?s=96&d=mm&r=g\",\"contentUrl\":\"https:\\\/\\\/secure.gravatar.com\\\/avatar\\\/eee448fc3f7164808013b816ba91ac7e43bbe82a70bebac296f8bc6f0addaa1a?s=96&d=mm&r=g\",\"caption\":\"Edici\u00f3n Web\"},\"url\":\"https:\\\/\\\/canal7slp.tv\\\/2023\\\/author\\\/edicionweb\\\/\"}]}<\/script>\n<!-- \/ Yoast SEO plugin. -->","yoast_head_json":{"title":"Arremete Gallardo contra polic\u00edas municipales; acusa a las corporaciones de no cumplir tareas preventivas - Canal 7 SLP - 2023","robots":{"index":"index","follow":"follow","max-snippet":"max-snippet:-1","max-image-preview":"max-image-preview:large","max-video-preview":"max-video-preview:-1"},"canonical":"https:\/\/canal7slp.tv\/2023\/arremete-gallardo-contra-policias-municipales-acusa-a-las-corporaciones-de-no-cumplir-tareas-preventivas\/","og_locale":"es_ES","og_type":"article","og_title":"Arremete Gallardo contra polic\u00edas municipales; acusa a las corporaciones de no cumplir tareas preventivas - Canal 7 SLP - 2023","og_description":"SLP.- El gobernador del estado, Jos\u00e9 Ricardo Gallardo Cardona, nuevamente acus\u00f3 la falta de presencia policiaca en las calles de San Luis Potos\u00ed y se\u00f1al\u00f3 a las corporaciones municipales de no realizar las labores que les corresponde en materia de seguridad. \u00abEs en demas\u00eda como en la noche se desaparecen totalmente, no existe o no ves una sola patrulla municipal en las noches, entonces pedirles que salgan, tienen que salir a patrullar, a hacer su trabajo, no se les est\u00e1 pidiendo otra cosa m\u00e1s que hacer su trabajo y es a todas las corporaciones\u00bb indic\u00f3. Pese a sus declaraciones, aclar\u00f3 [&hellip;]","og_url":"https:\/\/canal7slp.tv\/2023\/arremete-gallardo-contra-policias-municipales-acusa-a-las-corporaciones-de-no-cumplir-tareas-preventivas\/","og_site_name":"Canal 7 SLP - 2023","article_publisher":"https:\/\/www.facebook.com\/noticieroscanalsiete","article_published_time":"2023-10-25T02:32:40+00:00","og_image":[{"width":1280,"height":720,"url":"https:\/\/canal7slp.tv\/2023\/wp-content\/uploads\/2023\/10\/Vazquez03Seguridad.jpg","type":"image\/jpeg"}],"author":"Edici\u00f3n Web","twitter_card":"summary_large_image","twitter_creator":"@NOTICIEROS7","twitter_site":"@NOTICIEROS7","twitter_misc":{"Escrito por":"Edici\u00f3n Web","Tiempo de lectura":"2 minutos"},"schema":{"@context":"https:\/\/schema.org","@graph":[{"@type":"Article","@id":"https:\/\/canal7slp.tv\/2023\/arremete-gallardo-contra-policias-municipales-acusa-a-las-corporaciones-de-no-cumplir-tareas-preventivas\/#article","isPartOf":{"@id":"https:\/\/canal7slp.tv\/2023\/arremete-gallardo-contra-policias-municipales-acusa-a-las-corporaciones-de-no-cumplir-tareas-preventivas\/"},"author":{"name":"Edici\u00f3n Web","@id":"https:\/\/canal7slp.tv\/2023\/#\/schema\/person\/639c424e3584069003b11ae813915da6"},"headline":"Arremete Gallardo contra polic\u00edas municipales; acusa a las corporaciones de no cumplir tareas preventivas","datePublished":"2023-10-25T02:32:40+00:00","mainEntityOfPage":{"@id":"https:\/\/canal7slp.tv\/2023\/arremete-gallardo-contra-policias-municipales-acusa-a-las-corporaciones-de-no-cumplir-tareas-preventivas\/"},"wordCount":298,"publisher":{"@id":"https:\/\/canal7slp.tv\/2023\/#organization"},"image":{"@id":"https:\/\/canal7slp.tv\/2023\/arremete-gallardo-contra-policias-municipales-acusa-a-las-corporaciones-de-no-cumplir-tareas-preventivas\/#primaryimage"},"thumbnailUrl":"https:\/\/canal7slp.tv\/2023\/wp-content\/uploads\/2023\/10\/Vazquez03Seguridad.jpg","articleSection":["DESTACADAS","GOBEDOSLP","LOCALES Y REGIONALES"],"inLanguage":"es"},{"@type":"WebPage","@id":"https:\/\/canal7slp.tv\/2023\/arremete-gallardo-contra-policias-municipales-acusa-a-las-corporaciones-de-no-cumplir-tareas-preventivas\/","url":"https:\/\/canal7slp.tv\/2023\/arremete-gallardo-contra-policias-municipales-acusa-a-las-corporaciones-de-no-cumplir-tareas-preventivas\/","name":"Arremete Gallardo contra polic\u00edas municipales; acusa a las corporaciones de no cumplir tareas preventivas - Canal 7 SLP - 2023","isPartOf":{"@id":"https:\/\/canal7slp.tv\/2023\/#website"},"primaryImageOfPage":{"@id":"https:\/\/canal7slp.tv\/2023\/arremete-gallardo-contra-policias-municipales-acusa-a-las-corporaciones-de-no-cumplir-tareas-preventivas\/#primaryimage"},"image":{"@id":"https:\/\/canal7slp.tv\/2023\/arremete-gallardo-contra-policias-municipales-acusa-a-las-corporaciones-de-no-cumplir-tareas-preventivas\/#primaryimage"},"thumbnailUrl":"https:\/\/canal7slp.tv\/2023\/wp-content\/uploads\/2023\/10\/Vazquez03Seguridad.jpg","datePublished":"2023-10-25T02:32:40+00:00","breadcrumb":{"@id":"https:\/\/canal7slp.tv\/2023\/arremete-gallardo-contra-policias-municipales-acusa-a-las-corporaciones-de-no-cumplir-tareas-preventivas\/#breadcrumb"},"inLanguage":"es","potentialAction":[{"@type":"ReadAction","target":["https:\/\/canal7slp.tv\/2023\/arremete-gallardo-contra-policias-municipales-acusa-a-las-corporaciones-de-no-cumplir-tareas-preventivas\/"]}]},{"@type":"ImageObject","inLanguage":"es","@id":"https:\/\/canal7slp.tv\/2023\/arremete-gallardo-contra-policias-municipales-acusa-a-las-corporaciones-de-no-cumplir-tareas-preventivas\/#primaryimage","url":"https:\/\/canal7slp.tv\/2023\/wp-content\/uploads\/2023\/10\/Vazquez03Seguridad.jpg","contentUrl":"https:\/\/canal7slp.tv\/2023\/wp-content\/uploads\/2023\/10\/Vazquez03Seguridad.jpg","width":1280,"height":720},{"@type":"BreadcrumbList","@id":"https:\/\/canal7slp.tv\/2023\/arremete-gallardo-contra-policias-municipales-acusa-a-las-corporaciones-de-no-cumplir-tareas-preventivas\/#breadcrumb","itemListElement":[{"@type":"ListItem","position":1,"name":"Portada","item":"https:\/\/canal7slp.tv\/2023\/"},{"@type":"ListItem","position":2,"name":"Arremete Gallardo contra polic\u00edas municipales; acusa a las corporaciones de no cumplir tareas preventivas"}]},{"@type":"WebSite","@id":"https:\/\/canal7slp.tv\/2023\/#website","url":"https:\/\/canal7slp.tv\/2023\/","name":"N7 - Noticieros Canal 7","description":"Somos Televisi\u00f3n","publisher":{"@id":"https:\/\/canal7slp.tv\/2023\/#organization"},"potentialAction":[{"@type":"SearchAction","target":{"@type":"EntryPoint","urlTemplate":"https:\/\/canal7slp.tv\/2023\/?s={search_term_string}"},"query-input":{"@type":"PropertyValueSpecification","valueRequired":true,"valueName":"search_term_string"}}],"inLanguage":"es"},{"@type":"Organization","@id":"https:\/\/canal7slp.tv\/2023\/#organization","name":"Noticieros Canal 7","url":"https:\/\/canal7slp.tv\/2023\/","logo":{"@type":"ImageObject","inLanguage":"es","@id":"https:\/\/canal7slp.tv\/2023\/#\/schema\/logo\/image\/","url":"https:\/\/canal7slp.tv\/2023\/wp-content\/uploads\/2021\/01\/logo-noticieros@2x.png","contentUrl":"https:\/\/canal7slp.tv\/2023\/wp-content\/uploads\/2021\/01\/logo-noticieros@2x.png","width":1017,"height":268,"caption":"Noticieros Canal 7"},"image":{"@id":"https:\/\/canal7slp.tv\/2023\/#\/schema\/logo\/image\/"},"sameAs":["https:\/\/www.facebook.com\/noticieroscanalsiete","https:\/\/x.com\/NOTICIEROS7","https:\/\/www.instagram.com\/canal7_slp","https:\/\/www.youtube.com\/channel\/UCliiYs-gP3JfJeqdPrNdd5A"]},{"@type":"Person","@id":"https:\/\/canal7slp.tv\/2023\/#\/schema\/person\/639c424e3584069003b11ae813915da6","name":"Edici\u00f3n Web","image":{"@type":"ImageObject","inLanguage":"es","@id":"https:\/\/secure.gravatar.com\/avatar\/eee448fc3f7164808013b816ba91ac7e43bbe82a70bebac296f8bc6f0addaa1a?s=96&d=mm&r=g","url":"https:\/\/secure.gravatar.com\/avatar\/eee448fc3f7164808013b816ba91ac7e43bbe82a70bebac296f8bc6f0addaa1a?s=96&d=mm&r=g","contentUrl":"https:\/\/secure.gravatar.com\/avatar\/eee448fc3f7164808013b816ba91ac7e43bbe82a70bebac296f8bc6f0addaa1a?s=96&d=mm&r=g","caption":"Edici\u00f3n Web"},"url":"https:\/\/canal7slp.tv\/2023\/author\/edicionweb\/"}]}},"_links":{"self":[{"href":"https:\/\/canal7slp.tv\/2023\/wp-json\/wp\/v2\/posts\/110978","targetHints":{"allow":["GET"]}}],"collection":[{"href":"https:\/\/canal7slp.tv\/2023\/wp-json\/wp\/v2\/posts"}],"about":[{"href":"https:\/\/canal7slp.tv\/2023\/wp-json\/wp\/v2\/types\/post"}],"author":[{"embeddable":true,"href":"https:\/\/canal7slp.tv\/2023\/wp-json\/wp\/v2\/users\/2"}],"replies":[{"embeddable":true,"href":"https:\/\/canal7slp.tv\/2023\/wp-json\/wp\/v2\/comments?post=110978"}],"version-history":[{"count":1,"href":"https:\/\/canal7slp.tv\/2023\/wp-json\/wp\/v2\/posts\/110978\/revisions"}],"predecessor-version":[{"id":110980,"href":"https:\/\/canal7slp.tv\/2023\/wp-json\/wp\/v2\/posts\/110978\/revisions\/110980"}],"wp:featuredmedia":[{"embeddable":true,"href":"https:\/\/canal7slp.tv\/2023\/wp-json\/wp\/v2\/media\/110979"}],"wp:attachment":[{"href":"https:\/\/canal7slp.tv\/2023\/wp-json\/wp\/v2\/media?parent=110978"}],"wp:term":[{"taxonomy":"category","embeddable":true,"href":"https:\/\/canal7slp.tv\/2023\/wp-json\/wp\/v2\/categories?post=110978"},{"taxonomy":"post_tag","embeddable":true,"href":"https:\/\/canal7slp.tv\/2023\/wp-json\/wp\/v2\/tags?post=110978"}],"curies":[{"name":"wp","href":"https:\/\/api.w.org\/{rel}","templated":true}]}}