{"id":110910,"date":"2023-10-24T16:17:06","date_gmt":"2023-10-24T22:17:06","guid":{"rendered":"https:\/\/canal7slp.tv\/2023\/?p=110910"},"modified":"2023-10-24T16:17:06","modified_gmt":"2023-10-24T22:17:06","slug":"marcelo-ebrard-entre-las-opciones-de-mc-para-la-candidatura-presidencial","status":"publish","type":"post","link":"https:\/\/canal7slp.tv\/2023\/marcelo-ebrard-entre-las-opciones-de-mc-para-la-candidatura-presidencial\/","title":{"rendered":"Marcelo Ebrard, entre las opciones de MC para la candidatura presidencial"},"content":{"rendered":"<p style=\"text-align: justify;\">M\u00e9xico.- Dante Delgado, l\u00edder de Movimiento Ciudadano (MC), ha planteado la posibilidad de que Marcelo Ebrard compita por la candidatura presidencial sin afiliarse al partido.<\/p>\n<p style=\"text-align: justify;\">Por otro lado, Samuel Garc\u00eda, gobernador con licencia de Nuevo Le\u00f3n, es considerado como una opci\u00f3n interna del partido.<\/p>\n<p style=\"text-align: justify;\">Delgado ha destacado las cualidades de Garc\u00eda, como su dinamismo, creatividad y aceptaci\u00f3n regional en los medios, mientras que Ebrard ha sido elogiado por su trayectoria, historia de vida y pr\u00e1cticas de buen gobierno.<\/p>\n<p style=\"text-align: justify;\">El dirigente de MC ha aclarado que no buscar\u00e1 la candidatura de su partido, dejando en claro que otros compa\u00f1eros han manifestado su inter\u00e9s en contender.<\/p>\n","protected":false},"excerpt":{"rendered":"<p>M\u00e9xico.- Dante Delgado, l\u00edder de Movimiento Ciudadano (MC), ha planteado la posibilidad de que Marcelo Ebrard compita por la candidatura presidencial sin afiliarse al partido. Por otro lado, Samuel Garc\u00eda, gobernador con licencia de Nuevo Le\u00f3n, es considerado como una opci\u00f3n interna del partido. Delgado ha destacado las cualidades de Garc\u00eda, como su dinamismo, creatividad y aceptaci\u00f3n regional en los medios, mientras que Ebrard ha sido elogiado por su trayectoria, historia de vida y pr\u00e1cticas de buen gobierno. El dirigente de MC ha aclarado que no buscar\u00e1 la candidatura de su partido, dejando en claro que otros compa\u00f1eros han manifestado [&hellip;]<\/p>\n","protected":false},"author":2,"featured_media":110932,"comment_status":"closed","ping_status":"closed","sticky":false,"template":"","format":"standard","meta":{"footnotes":""},"categories":[46],"tags":[],"class_list":["post-110910","post","type-post","status-publish","format-standard","has-post-thumbnail","hentry","category-nacional","post--single"],"yoast_head":"<!-- This site is optimized with the Yoast SEO plugin v27.5 - https:\/\/yoast.com\/product\/yoast-seo-wordpress\/ -->\n<title>Marcelo Ebrard, entre las opciones de MC para la candidatura presidencial - Canal 7 SLP - 2023<\/title>\n<meta name=\"robots\" content=\"index, follow, max-snippet:-1, max-image-preview:large, max-video-preview:-1\" \/>\n<link rel=\"canonical\" href=\"https:\/\/canal7slp.tv\/2023\/marcelo-ebrard-entre-las-opciones-de-mc-para-la-candidatura-presidencial\/\" \/>\n<meta property=\"og:locale\" content=\"es_ES\" \/>\n<meta property=\"og:type\" content=\"article\" \/>\n<meta property=\"og:title\" content=\"Marcelo Ebrard, entre las opciones de MC para la candidatura presidencial - Canal 7 SLP - 2023\" \/>\n<meta property=\"og:description\" content=\"M\u00e9xico.- Dante Delgado, l\u00edder de Movimiento Ciudadano (MC), ha planteado la posibilidad de que Marcelo Ebrard compita por la candidatura presidencial sin afiliarse al partido. Por otro lado, Samuel Garc\u00eda, gobernador con licencia de Nuevo Le\u00f3n, es considerado como una opci\u00f3n interna del partido. Delgado ha destacado las cualidades de Garc\u00eda, como su dinamismo, creatividad y aceptaci\u00f3n regional en los medios, mientras que Ebrard ha sido elogiado por su trayectoria, historia de vida y pr\u00e1cticas de buen gobierno. El dirigente de MC ha aclarado que no buscar\u00e1 la candidatura de su partido, dejando en claro que otros compa\u00f1eros han manifestado [&hellip;]\" \/>\n<meta property=\"og:url\" content=\"https:\/\/canal7slp.tv\/2023\/marcelo-ebrard-entre-las-opciones-de-mc-para-la-candidatura-presidencial\/\" \/>\n<meta property=\"og:site_name\" content=\"Canal 7 SLP - 2023\" \/>\n<meta property=\"article:publisher\" content=\"https:\/\/www.facebook.com\/noticieroscanalsiete\" \/>\n<meta property=\"article:published_time\" content=\"2023-10-24T22:17:06+00:00\" \/>\n<meta property=\"og:image\" content=\"https:\/\/canal7slp.tv\/2023\/wp-content\/uploads\/2023\/10\/11.jpg\" \/>\n\t<meta property=\"og:image:width\" content=\"580\" \/>\n\t<meta property=\"og:image:height\" content=\"330\" \/>\n\t<meta property=\"og:image:type\" content=\"image\/jpeg\" \/>\n<meta name=\"author\" content=\"Edici\u00f3n Web\" \/>\n<meta name=\"twitter:card\" content=\"summary_large_image\" \/>\n<meta name=\"twitter:creator\" content=\"@NOTICIEROS7\" \/>\n<meta name=\"twitter:site\" content=\"@NOTICIEROS7\" \/>\n<meta name=\"twitter:label1\" content=\"Escrito por\" \/>\n\t<meta name=\"twitter:data1\" content=\"Edici\u00f3n Web\" \/>\n\t<meta name=\"twitter:label2\" content=\"Tiempo de lectura\" \/>\n\t<meta name=\"twitter:data2\" content=\"1 minuto\" \/>\n<script type=\"application\/ld+json\" class=\"yoast-schema-graph\">{\"@context\":\"https:\\\/\\\/schema.org\",\"@graph\":[{\"@type\":\"Article\",\"@id\":\"https:\\\/\\\/canal7slp.tv\\\/2023\\\/marcelo-ebrard-entre-las-opciones-de-mc-para-la-candidatura-presidencial\\\/#article\",\"isPartOf\":{\"@id\":\"https:\\\/\\\/canal7slp.tv\\\/2023\\\/marcelo-ebrard-entre-las-opciones-de-mc-para-la-candidatura-presidencial\\\/\"},\"author\":{\"name\":\"Edici\u00f3n Web\",\"@id\":\"https:\\\/\\\/canal7slp.tv\\\/2023\\\/#\\\/schema\\\/person\\\/639c424e3584069003b11ae813915da6\"},\"headline\":\"Marcelo Ebrard, entre las opciones de MC para la candidatura presidencial\",\"datePublished\":\"2023-10-24T22:17:06+00:00\",\"mainEntityOfPage\":{\"@id\":\"https:\\\/\\\/canal7slp.tv\\\/2023\\\/marcelo-ebrard-entre-las-opciones-de-mc-para-la-candidatura-presidencial\\\/\"},\"wordCount\":126,\"publisher\":{\"@id\":\"https:\\\/\\\/canal7slp.tv\\\/2023\\\/#organization\"},\"image\":{\"@id\":\"https:\\\/\\\/canal7slp.tv\\\/2023\\\/marcelo-ebrard-entre-las-opciones-de-mc-para-la-candidatura-presidencial\\\/#primaryimage\"},\"thumbnailUrl\":\"https:\\\/\\\/canal7slp.tv\\\/2023\\\/wp-content\\\/uploads\\\/2023\\\/10\\\/11.jpg\",\"articleSection\":[\"NACIONALES\"],\"inLanguage\":\"es\"},{\"@type\":\"WebPage\",\"@id\":\"https:\\\/\\\/canal7slp.tv\\\/2023\\\/marcelo-ebrard-entre-las-opciones-de-mc-para-la-candidatura-presidencial\\\/\",\"url\":\"https:\\\/\\\/canal7slp.tv\\\/2023\\\/marcelo-ebrard-entre-las-opciones-de-mc-para-la-candidatura-presidencial\\\/\",\"name\":\"Marcelo Ebrard, entre las opciones de MC para la candidatura presidencial - Canal 7 SLP - 2023\",\"isPartOf\":{\"@id\":\"https:\\\/\\\/canal7slp.tv\\\/2023\\\/#website\"},\"primaryImageOfPage\":{\"@id\":\"https:\\\/\\\/canal7slp.tv\\\/2023\\\/marcelo-ebrard-entre-las-opciones-de-mc-para-la-candidatura-presidencial\\\/#primaryimage\"},\"image\":{\"@id\":\"https:\\\/\\\/canal7slp.tv\\\/2023\\\/marcelo-ebrard-entre-las-opciones-de-mc-para-la-candidatura-presidencial\\\/#primaryimage\"},\"thumbnailUrl\":\"https:\\\/\\\/canal7slp.tv\\\/2023\\\/wp-content\\\/uploads\\\/2023\\\/10\\\/11.jpg\",\"datePublished\":\"2023-10-24T22:17:06+00:00\",\"breadcrumb\":{\"@id\":\"https:\\\/\\\/canal7slp.tv\\\/2023\\\/marcelo-ebrard-entre-las-opciones-de-mc-para-la-candidatura-presidencial\\\/#breadcrumb\"},\"inLanguage\":\"es\",\"potentialAction\":[{\"@type\":\"ReadAction\",\"target\":[\"https:\\\/\\\/canal7slp.tv\\\/2023\\\/marcelo-ebrard-entre-las-opciones-de-mc-para-la-candidatura-presidencial\\\/\"]}]},{\"@type\":\"ImageObject\",\"inLanguage\":\"es\",\"@id\":\"https:\\\/\\\/canal7slp.tv\\\/2023\\\/marcelo-ebrard-entre-las-opciones-de-mc-para-la-candidatura-presidencial\\\/#primaryimage\",\"url\":\"https:\\\/\\\/canal7slp.tv\\\/2023\\\/wp-content\\\/uploads\\\/2023\\\/10\\\/11.jpg\",\"contentUrl\":\"https:\\\/\\\/canal7slp.tv\\\/2023\\\/wp-content\\\/uploads\\\/2023\\\/10\\\/11.jpg\",\"width\":580,\"height\":330},{\"@type\":\"BreadcrumbList\",\"@id\":\"https:\\\/\\\/canal7slp.tv\\\/2023\\\/marcelo-ebrard-entre-las-opciones-de-mc-para-la-candidatura-presidencial\\\/#breadcrumb\",\"itemListElement\":[{\"@type\":\"ListItem\",\"position\":1,\"name\":\"Portada\",\"item\":\"https:\\\/\\\/canal7slp.tv\\\/2023\\\/\"},{\"@type\":\"ListItem\",\"position\":2,\"name\":\"Marcelo Ebrard, entre las opciones de MC para la candidatura presidencial\"}]},{\"@type\":\"WebSite\",\"@id\":\"https:\\\/\\\/canal7slp.tv\\\/2023\\\/#website\",\"url\":\"https:\\\/\\\/canal7slp.tv\\\/2023\\\/\",\"name\":\"N7 - Noticieros Canal 7\",\"description\":\"Somos Televisi\u00f3n\",\"publisher\":{\"@id\":\"https:\\\/\\\/canal7slp.tv\\\/2023\\\/#organization\"},\"potentialAction\":[{\"@type\":\"SearchAction\",\"target\":{\"@type\":\"EntryPoint\",\"urlTemplate\":\"https:\\\/\\\/canal7slp.tv\\\/2023\\\/?s={search_term_string}\"},\"query-input\":{\"@type\":\"PropertyValueSpecification\",\"valueRequired\":true,\"valueName\":\"search_term_string\"}}],\"inLanguage\":\"es\"},{\"@type\":\"Organization\",\"@id\":\"https:\\\/\\\/canal7slp.tv\\\/2023\\\/#organization\",\"name\":\"Noticieros Canal 7\",\"url\":\"https:\\\/\\\/canal7slp.tv\\\/2023\\\/\",\"logo\":{\"@type\":\"ImageObject\",\"inLanguage\":\"es\",\"@id\":\"https:\\\/\\\/canal7slp.tv\\\/2023\\\/#\\\/schema\\\/logo\\\/image\\\/\",\"url\":\"https:\\\/\\\/canal7slp.tv\\\/2023\\\/wp-content\\\/uploads\\\/2021\\\/01\\\/logo-noticieros@2x.png\",\"contentUrl\":\"https:\\\/\\\/canal7slp.tv\\\/2023\\\/wp-content\\\/uploads\\\/2021\\\/01\\\/logo-noticieros@2x.png\",\"width\":1017,\"height\":268,\"caption\":\"Noticieros Canal 7\"},\"image\":{\"@id\":\"https:\\\/\\\/canal7slp.tv\\\/2023\\\/#\\\/schema\\\/logo\\\/image\\\/\"},\"sameAs\":[\"https:\\\/\\\/www.facebook.com\\\/noticieroscanalsiete\",\"https:\\\/\\\/x.com\\\/NOTICIEROS7\",\"https:\\\/\\\/www.instagram.com\\\/canal7_slp\",\"https:\\\/\\\/www.youtube.com\\\/channel\\\/UCliiYs-gP3JfJeqdPrNdd5A\"]},{\"@type\":\"Person\",\"@id\":\"https:\\\/\\\/canal7slp.tv\\\/2023\\\/#\\\/schema\\\/person\\\/639c424e3584069003b11ae813915da6\",\"name\":\"Edici\u00f3n Web\",\"image\":{\"@type\":\"ImageObject\",\"inLanguage\":\"es\",\"@id\":\"https:\\\/\\\/secure.gravatar.com\\\/avatar\\\/eee448fc3f7164808013b816ba91ac7e43bbe82a70bebac296f8bc6f0addaa1a?s=96&d=mm&r=g\",\"url\":\"https:\\\/\\\/secure.gravatar.com\\\/avatar\\\/eee448fc3f7164808013b816ba91ac7e43bbe82a70bebac296f8bc6f0addaa1a?s=96&d=mm&r=g\",\"contentUrl\":\"https:\\\/\\\/secure.gravatar.com\\\/avatar\\\/eee448fc3f7164808013b816ba91ac7e43bbe82a70bebac296f8bc6f0addaa1a?s=96&d=mm&r=g\",\"caption\":\"Edici\u00f3n Web\"},\"url\":\"https:\\\/\\\/canal7slp.tv\\\/2023\\\/author\\\/edicionweb\\\/\"}]}<\/script>\n<!-- \/ Yoast SEO plugin. -->","yoast_head_json":{"title":"Marcelo Ebrard, entre las opciones de MC para la candidatura presidencial - Canal 7 SLP - 2023","robots":{"index":"index","follow":"follow","max-snippet":"max-snippet:-1","max-image-preview":"max-image-preview:large","max-video-preview":"max-video-preview:-1"},"canonical":"https:\/\/canal7slp.tv\/2023\/marcelo-ebrard-entre-las-opciones-de-mc-para-la-candidatura-presidencial\/","og_locale":"es_ES","og_type":"article","og_title":"Marcelo Ebrard, entre las opciones de MC para la candidatura presidencial - Canal 7 SLP - 2023","og_description":"M\u00e9xico.- Dante Delgado, l\u00edder de Movimiento Ciudadano (MC), ha planteado la posibilidad de que Marcelo Ebrard compita por la candidatura presidencial sin afiliarse al partido. Por otro lado, Samuel Garc\u00eda, gobernador con licencia de Nuevo Le\u00f3n, es considerado como una opci\u00f3n interna del partido. Delgado ha destacado las cualidades de Garc\u00eda, como su dinamismo, creatividad y aceptaci\u00f3n regional en los medios, mientras que Ebrard ha sido elogiado por su trayectoria, historia de vida y pr\u00e1cticas de buen gobierno. El dirigente de MC ha aclarado que no buscar\u00e1 la candidatura de su partido, dejando en claro que otros compa\u00f1eros han manifestado [&hellip;]","og_url":"https:\/\/canal7slp.tv\/2023\/marcelo-ebrard-entre-las-opciones-de-mc-para-la-candidatura-presidencial\/","og_site_name":"Canal 7 SLP - 2023","article_publisher":"https:\/\/www.facebook.com\/noticieroscanalsiete","article_published_time":"2023-10-24T22:17:06+00:00","og_image":[{"width":580,"height":330,"url":"https:\/\/canal7slp.tv\/2023\/wp-content\/uploads\/2023\/10\/11.jpg","type":"image\/jpeg"}],"author":"Edici\u00f3n Web","twitter_card":"summary_large_image","twitter_creator":"@NOTICIEROS7","twitter_site":"@NOTICIEROS7","twitter_misc":{"Escrito por":"Edici\u00f3n Web","Tiempo de lectura":"1 minuto"},"schema":{"@context":"https:\/\/schema.org","@graph":[{"@type":"Article","@id":"https:\/\/canal7slp.tv\/2023\/marcelo-ebrard-entre-las-opciones-de-mc-para-la-candidatura-presidencial\/#article","isPartOf":{"@id":"https:\/\/canal7slp.tv\/2023\/marcelo-ebrard-entre-las-opciones-de-mc-para-la-candidatura-presidencial\/"},"author":{"name":"Edici\u00f3n Web","@id":"https:\/\/canal7slp.tv\/2023\/#\/schema\/person\/639c424e3584069003b11ae813915da6"},"headline":"Marcelo Ebrard, entre las opciones de MC para la candidatura presidencial","datePublished":"2023-10-24T22:17:06+00:00","mainEntityOfPage":{"@id":"https:\/\/canal7slp.tv\/2023\/marcelo-ebrard-entre-las-opciones-de-mc-para-la-candidatura-presidencial\/"},"wordCount":126,"publisher":{"@id":"https:\/\/canal7slp.tv\/2023\/#organization"},"image":{"@id":"https:\/\/canal7slp.tv\/2023\/marcelo-ebrard-entre-las-opciones-de-mc-para-la-candidatura-presidencial\/#primaryimage"},"thumbnailUrl":"https:\/\/canal7slp.tv\/2023\/wp-content\/uploads\/2023\/10\/11.jpg","articleSection":["NACIONALES"],"inLanguage":"es"},{"@type":"WebPage","@id":"https:\/\/canal7slp.tv\/2023\/marcelo-ebrard-entre-las-opciones-de-mc-para-la-candidatura-presidencial\/","url":"https:\/\/canal7slp.tv\/2023\/marcelo-ebrard-entre-las-opciones-de-mc-para-la-candidatura-presidencial\/","name":"Marcelo Ebrard, entre las opciones de MC para la candidatura presidencial - Canal 7 SLP - 2023","isPartOf":{"@id":"https:\/\/canal7slp.tv\/2023\/#website"},"primaryImageOfPage":{"@id":"https:\/\/canal7slp.tv\/2023\/marcelo-ebrard-entre-las-opciones-de-mc-para-la-candidatura-presidencial\/#primaryimage"},"image":{"@id":"https:\/\/canal7slp.tv\/2023\/marcelo-ebrard-entre-las-opciones-de-mc-para-la-candidatura-presidencial\/#primaryimage"},"thumbnailUrl":"https:\/\/canal7slp.tv\/2023\/wp-content\/uploads\/2023\/10\/11.jpg","datePublished":"2023-10-24T22:17:06+00:00","breadcrumb":{"@id":"https:\/\/canal7slp.tv\/2023\/marcelo-ebrard-entre-las-opciones-de-mc-para-la-candidatura-presidencial\/#breadcrumb"},"inLanguage":"es","potentialAction":[{"@type":"ReadAction","target":["https:\/\/canal7slp.tv\/2023\/marcelo-ebrard-entre-las-opciones-de-mc-para-la-candidatura-presidencial\/"]}]},{"@type":"ImageObject","inLanguage":"es","@id":"https:\/\/canal7slp.tv\/2023\/marcelo-ebrard-entre-las-opciones-de-mc-para-la-candidatura-presidencial\/#primaryimage","url":"https:\/\/canal7slp.tv\/2023\/wp-content\/uploads\/2023\/10\/11.jpg","contentUrl":"https:\/\/canal7slp.tv\/2023\/wp-content\/uploads\/2023\/10\/11.jpg","width":580,"height":330},{"@type":"BreadcrumbList","@id":"https:\/\/canal7slp.tv\/2023\/marcelo-ebrard-entre-las-opciones-de-mc-para-la-candidatura-presidencial\/#breadcrumb","itemListElement":[{"@type":"ListItem","position":1,"name":"Portada","item":"https:\/\/canal7slp.tv\/2023\/"},{"@type":"ListItem","position":2,"name":"Marcelo Ebrard, entre las opciones de MC para la candidatura presidencial"}]},{"@type":"WebSite","@id":"https:\/\/canal7slp.tv\/2023\/#website","url":"https:\/\/canal7slp.tv\/2023\/","name":"N7 - Noticieros Canal 7","description":"Somos Televisi\u00f3n","publisher":{"@id":"https:\/\/canal7slp.tv\/2023\/#organization"},"potentialAction":[{"@type":"SearchAction","target":{"@type":"EntryPoint","urlTemplate":"https:\/\/canal7slp.tv\/2023\/?s={search_term_string}"},"query-input":{"@type":"PropertyValueSpecification","valueRequired":true,"valueName":"search_term_string"}}],"inLanguage":"es"},{"@type":"Organization","@id":"https:\/\/canal7slp.tv\/2023\/#organization","name":"Noticieros Canal 7","url":"https:\/\/canal7slp.tv\/2023\/","logo":{"@type":"ImageObject","inLanguage":"es","@id":"https:\/\/canal7slp.tv\/2023\/#\/schema\/logo\/image\/","url":"https:\/\/canal7slp.tv\/2023\/wp-content\/uploads\/2021\/01\/logo-noticieros@2x.png","contentUrl":"https:\/\/canal7slp.tv\/2023\/wp-content\/uploads\/2021\/01\/logo-noticieros@2x.png","width":1017,"height":268,"caption":"Noticieros Canal 7"},"image":{"@id":"https:\/\/canal7slp.tv\/2023\/#\/schema\/logo\/image\/"},"sameAs":["https:\/\/www.facebook.com\/noticieroscanalsiete","https:\/\/x.com\/NOTICIEROS7","https:\/\/www.instagram.com\/canal7_slp","https:\/\/www.youtube.com\/channel\/UCliiYs-gP3JfJeqdPrNdd5A"]},{"@type":"Person","@id":"https:\/\/canal7slp.tv\/2023\/#\/schema\/person\/639c424e3584069003b11ae813915da6","name":"Edici\u00f3n Web","image":{"@type":"ImageObject","inLanguage":"es","@id":"https:\/\/secure.gravatar.com\/avatar\/eee448fc3f7164808013b816ba91ac7e43bbe82a70bebac296f8bc6f0addaa1a?s=96&d=mm&r=g","url":"https:\/\/secure.gravatar.com\/avatar\/eee448fc3f7164808013b816ba91ac7e43bbe82a70bebac296f8bc6f0addaa1a?s=96&d=mm&r=g","contentUrl":"https:\/\/secure.gravatar.com\/avatar\/eee448fc3f7164808013b816ba91ac7e43bbe82a70bebac296f8bc6f0addaa1a?s=96&d=mm&r=g","caption":"Edici\u00f3n Web"},"url":"https:\/\/canal7slp.tv\/2023\/author\/edicionweb\/"}]}},"_links":{"self":[{"href":"https:\/\/canal7slp.tv\/2023\/wp-json\/wp\/v2\/posts\/110910","targetHints":{"allow":["GET"]}}],"collection":[{"href":"https:\/\/canal7slp.tv\/2023\/wp-json\/wp\/v2\/posts"}],"about":[{"href":"https:\/\/canal7slp.tv\/2023\/wp-json\/wp\/v2\/types\/post"}],"author":[{"embeddable":true,"href":"https:\/\/canal7slp.tv\/2023\/wp-json\/wp\/v2\/users\/2"}],"replies":[{"embeddable":true,"href":"https:\/\/canal7slp.tv\/2023\/wp-json\/wp\/v2\/comments?post=110910"}],"version-history":[{"count":3,"href":"https:\/\/canal7slp.tv\/2023\/wp-json\/wp\/v2\/posts\/110910\/revisions"}],"predecessor-version":[{"id":110954,"href":"https:\/\/canal7slp.tv\/2023\/wp-json\/wp\/v2\/posts\/110910\/revisions\/110954"}],"wp:featuredmedia":[{"embeddable":true,"href":"https:\/\/canal7slp.tv\/2023\/wp-json\/wp\/v2\/media\/110932"}],"wp:attachment":[{"href":"https:\/\/canal7slp.tv\/2023\/wp-json\/wp\/v2\/media?parent=110910"}],"wp:term":[{"taxonomy":"category","embeddable":true,"href":"https:\/\/canal7slp.tv\/2023\/wp-json\/wp\/v2\/categories?post=110910"},{"taxonomy":"post_tag","embeddable":true,"href":"https:\/\/canal7slp.tv\/2023\/wp-json\/wp\/v2\/tags?post=110910"}],"curies":[{"name":"wp","href":"https:\/\/api.w.org\/{rel}","templated":true}]}}