{"id":110908,"date":"2023-10-24T16:15:45","date_gmt":"2023-10-24T22:15:45","guid":{"rendered":"https:\/\/canal7slp.tv\/2023\/?p=110908"},"modified":"2023-10-24T16:15:45","modified_gmt":"2023-10-24T22:15:45","slug":"checo-perez-entra-a-la-historia-de-la-formula-1","status":"publish","type":"post","link":"https:\/\/canal7slp.tv\/2023\/checo-perez-entra-a-la-historia-de-la-formula-1\/","title":{"rendered":"Checo P\u00e9rez entra a la historia de la F\u00f3rmula 1"},"content":{"rendered":"<p style=\"text-align: justify;\">M\u00e9xico.- El piloto mexicano Sergio \u00abCheco\u00bb P\u00e9rez logr\u00f3 convertirse en el Circuito de Las Am\u00e9ricas en Austin, Texas, en el d\u00e9cimo piloto con m\u00e1s carreras en la historia de la F\u00f3rmula 1, acumulando un total de 253 participaciones.<\/p>\n<p style=\"text-align: justify;\">Su trayectoria de 13 a\u00f1os en la m\u00e1xima categor\u00eda del automovilismo lo ha llevado a codearse con los mejores de todos los tiempos.<\/p>\n<p style=\"text-align: justify;\">En la lista de pilotos con m\u00e1s apariciones, figuran nombres ic\u00f3nicos como Fernando Alonso, l\u00edder con 373 carreras, seguido por Kimi Raikkonen con 349 competencias. Lewis Hamilton, tricampe\u00f3n mundial, ocupa el tercer lugar con 328 carreras, seguido por otros destacados como Rubens Barrichello, Michael Schumacher, Jenson Button, Sebastian Vettel, Felipe Massa y Ricardo Patrese.<\/p>\n<p style=\"text-align: justify;\">Checo P\u00e9rez ha dejado su marca al superar al italiano Jarno Trulli, quien compiti\u00f3 en 252 ocasiones entre 1997 y 2011.<\/p>\n","protected":false},"excerpt":{"rendered":"<p>M\u00e9xico.- El piloto mexicano Sergio \u00abCheco\u00bb P\u00e9rez logr\u00f3 convertirse en el Circuito de Las Am\u00e9ricas en Austin, Texas, en el d\u00e9cimo piloto con m\u00e1s carreras en la historia de la F\u00f3rmula 1, acumulando un total de 253 participaciones. Su trayectoria de 13 a\u00f1os en la m\u00e1xima categor\u00eda del automovilismo lo ha llevado a codearse con los mejores de todos los tiempos. En la lista de pilotos con m\u00e1s apariciones, figuran nombres ic\u00f3nicos como Fernando Alonso, l\u00edder con 373 carreras, seguido por Kimi Raikkonen con 349 competencias. Lewis Hamilton, tricampe\u00f3n mundial, ocupa el tercer lugar con 328 carreras, seguido por otros [&hellip;]<\/p>\n","protected":false},"author":2,"featured_media":110930,"comment_status":"closed","ping_status":"closed","sticky":false,"template":"","format":"standard","meta":{"footnotes":""},"categories":[7],"tags":[],"class_list":["post-110908","post","type-post","status-publish","format-standard","has-post-thumbnail","hentry","category-deportes","post--single"],"yoast_head":"<!-- This site is optimized with the Yoast SEO plugin v27.5 - https:\/\/yoast.com\/product\/yoast-seo-wordpress\/ -->\n<title>Checo P\u00e9rez entra a la historia de la F\u00f3rmula 1 - Canal 7 SLP - 2023<\/title>\n<meta name=\"robots\" content=\"index, follow, max-snippet:-1, max-image-preview:large, max-video-preview:-1\" \/>\n<link rel=\"canonical\" href=\"https:\/\/canal7slp.tv\/2023\/checo-perez-entra-a-la-historia-de-la-formula-1\/\" \/>\n<meta property=\"og:locale\" content=\"es_ES\" \/>\n<meta property=\"og:type\" content=\"article\" \/>\n<meta property=\"og:title\" content=\"Checo P\u00e9rez entra a la historia de la F\u00f3rmula 1 - Canal 7 SLP - 2023\" \/>\n<meta property=\"og:description\" content=\"M\u00e9xico.- El piloto mexicano Sergio \u00abCheco\u00bb P\u00e9rez logr\u00f3 convertirse en el Circuito de Las Am\u00e9ricas en Austin, Texas, en el d\u00e9cimo piloto con m\u00e1s carreras en la historia de la F\u00f3rmula 1, acumulando un total de 253 participaciones. Su trayectoria de 13 a\u00f1os en la m\u00e1xima categor\u00eda del automovilismo lo ha llevado a codearse con los mejores de todos los tiempos. En la lista de pilotos con m\u00e1s apariciones, figuran nombres ic\u00f3nicos como Fernando Alonso, l\u00edder con 373 carreras, seguido por Kimi Raikkonen con 349 competencias. Lewis Hamilton, tricampe\u00f3n mundial, ocupa el tercer lugar con 328 carreras, seguido por otros [&hellip;]\" \/>\n<meta property=\"og:url\" content=\"https:\/\/canal7slp.tv\/2023\/checo-perez-entra-a-la-historia-de-la-formula-1\/\" \/>\n<meta property=\"og:site_name\" content=\"Canal 7 SLP - 2023\" \/>\n<meta property=\"article:publisher\" content=\"https:\/\/www.facebook.com\/noticieroscanalsiete\" \/>\n<meta property=\"article:published_time\" content=\"2023-10-24T22:15:45+00:00\" \/>\n<meta property=\"og:image\" content=\"https:\/\/canal7slp.tv\/2023\/wp-content\/uploads\/2023\/10\/09-1.jpg\" \/>\n\t<meta property=\"og:image:width\" content=\"850\" \/>\n\t<meta property=\"og:image:height\" content=\"567\" \/>\n\t<meta property=\"og:image:type\" content=\"image\/jpeg\" \/>\n<meta name=\"author\" content=\"Edici\u00f3n Web\" \/>\n<meta name=\"twitter:card\" content=\"summary_large_image\" \/>\n<meta name=\"twitter:creator\" content=\"@NOTICIEROS7\" \/>\n<meta name=\"twitter:site\" content=\"@NOTICIEROS7\" \/>\n<meta name=\"twitter:label1\" content=\"Escrito por\" \/>\n\t<meta name=\"twitter:data1\" content=\"Edici\u00f3n Web\" \/>\n\t<meta name=\"twitter:label2\" content=\"Tiempo de lectura\" \/>\n\t<meta name=\"twitter:data2\" content=\"1 minuto\" \/>\n<script type=\"application\/ld+json\" class=\"yoast-schema-graph\">{\"@context\":\"https:\\\/\\\/schema.org\",\"@graph\":[{\"@type\":\"Article\",\"@id\":\"https:\\\/\\\/canal7slp.tv\\\/2023\\\/checo-perez-entra-a-la-historia-de-la-formula-1\\\/#article\",\"isPartOf\":{\"@id\":\"https:\\\/\\\/canal7slp.tv\\\/2023\\\/checo-perez-entra-a-la-historia-de-la-formula-1\\\/\"},\"author\":{\"name\":\"Edici\u00f3n Web\",\"@id\":\"https:\\\/\\\/canal7slp.tv\\\/2023\\\/#\\\/schema\\\/person\\\/639c424e3584069003b11ae813915da6\"},\"headline\":\"Checo P\u00e9rez entra a la historia de la F\u00f3rmula 1\",\"datePublished\":\"2023-10-24T22:15:45+00:00\",\"mainEntityOfPage\":{\"@id\":\"https:\\\/\\\/canal7slp.tv\\\/2023\\\/checo-perez-entra-a-la-historia-de-la-formula-1\\\/\"},\"wordCount\":153,\"publisher\":{\"@id\":\"https:\\\/\\\/canal7slp.tv\\\/2023\\\/#organization\"},\"image\":{\"@id\":\"https:\\\/\\\/canal7slp.tv\\\/2023\\\/checo-perez-entra-a-la-historia-de-la-formula-1\\\/#primaryimage\"},\"thumbnailUrl\":\"https:\\\/\\\/canal7slp.tv\\\/2023\\\/wp-content\\\/uploads\\\/2023\\\/10\\\/09-1.jpg\",\"articleSection\":[\"DEPORTES\"],\"inLanguage\":\"es\"},{\"@type\":\"WebPage\",\"@id\":\"https:\\\/\\\/canal7slp.tv\\\/2023\\\/checo-perez-entra-a-la-historia-de-la-formula-1\\\/\",\"url\":\"https:\\\/\\\/canal7slp.tv\\\/2023\\\/checo-perez-entra-a-la-historia-de-la-formula-1\\\/\",\"name\":\"Checo P\u00e9rez entra a la historia de la F\u00f3rmula 1 - Canal 7 SLP - 2023\",\"isPartOf\":{\"@id\":\"https:\\\/\\\/canal7slp.tv\\\/2023\\\/#website\"},\"primaryImageOfPage\":{\"@id\":\"https:\\\/\\\/canal7slp.tv\\\/2023\\\/checo-perez-entra-a-la-historia-de-la-formula-1\\\/#primaryimage\"},\"image\":{\"@id\":\"https:\\\/\\\/canal7slp.tv\\\/2023\\\/checo-perez-entra-a-la-historia-de-la-formula-1\\\/#primaryimage\"},\"thumbnailUrl\":\"https:\\\/\\\/canal7slp.tv\\\/2023\\\/wp-content\\\/uploads\\\/2023\\\/10\\\/09-1.jpg\",\"datePublished\":\"2023-10-24T22:15:45+00:00\",\"breadcrumb\":{\"@id\":\"https:\\\/\\\/canal7slp.tv\\\/2023\\\/checo-perez-entra-a-la-historia-de-la-formula-1\\\/#breadcrumb\"},\"inLanguage\":\"es\",\"potentialAction\":[{\"@type\":\"ReadAction\",\"target\":[\"https:\\\/\\\/canal7slp.tv\\\/2023\\\/checo-perez-entra-a-la-historia-de-la-formula-1\\\/\"]}]},{\"@type\":\"ImageObject\",\"inLanguage\":\"es\",\"@id\":\"https:\\\/\\\/canal7slp.tv\\\/2023\\\/checo-perez-entra-a-la-historia-de-la-formula-1\\\/#primaryimage\",\"url\":\"https:\\\/\\\/canal7slp.tv\\\/2023\\\/wp-content\\\/uploads\\\/2023\\\/10\\\/09-1.jpg\",\"contentUrl\":\"https:\\\/\\\/canal7slp.tv\\\/2023\\\/wp-content\\\/uploads\\\/2023\\\/10\\\/09-1.jpg\",\"width\":850,\"height\":567,\"caption\":\"Red Bull driver Sergio Perez, of Mexico, during the sprint shootout ahead of the Formula One U.S. Grand Prix auto race at Circuit of the Americas, Saturday, Oct. 21, 2023, in Austin, Texas. (AP Photo\\\/Nick Didlick)\"},{\"@type\":\"BreadcrumbList\",\"@id\":\"https:\\\/\\\/canal7slp.tv\\\/2023\\\/checo-perez-entra-a-la-historia-de-la-formula-1\\\/#breadcrumb\",\"itemListElement\":[{\"@type\":\"ListItem\",\"position\":1,\"name\":\"Portada\",\"item\":\"https:\\\/\\\/canal7slp.tv\\\/2023\\\/\"},{\"@type\":\"ListItem\",\"position\":2,\"name\":\"Checo P\u00e9rez entra a la historia de la F\u00f3rmula 1\"}]},{\"@type\":\"WebSite\",\"@id\":\"https:\\\/\\\/canal7slp.tv\\\/2023\\\/#website\",\"url\":\"https:\\\/\\\/canal7slp.tv\\\/2023\\\/\",\"name\":\"N7 - Noticieros Canal 7\",\"description\":\"Somos Televisi\u00f3n\",\"publisher\":{\"@id\":\"https:\\\/\\\/canal7slp.tv\\\/2023\\\/#organization\"},\"potentialAction\":[{\"@type\":\"SearchAction\",\"target\":{\"@type\":\"EntryPoint\",\"urlTemplate\":\"https:\\\/\\\/canal7slp.tv\\\/2023\\\/?s={search_term_string}\"},\"query-input\":{\"@type\":\"PropertyValueSpecification\",\"valueRequired\":true,\"valueName\":\"search_term_string\"}}],\"inLanguage\":\"es\"},{\"@type\":\"Organization\",\"@id\":\"https:\\\/\\\/canal7slp.tv\\\/2023\\\/#organization\",\"name\":\"Noticieros Canal 7\",\"url\":\"https:\\\/\\\/canal7slp.tv\\\/2023\\\/\",\"logo\":{\"@type\":\"ImageObject\",\"inLanguage\":\"es\",\"@id\":\"https:\\\/\\\/canal7slp.tv\\\/2023\\\/#\\\/schema\\\/logo\\\/image\\\/\",\"url\":\"https:\\\/\\\/canal7slp.tv\\\/2023\\\/wp-content\\\/uploads\\\/2021\\\/01\\\/logo-noticieros@2x.png\",\"contentUrl\":\"https:\\\/\\\/canal7slp.tv\\\/2023\\\/wp-content\\\/uploads\\\/2021\\\/01\\\/logo-noticieros@2x.png\",\"width\":1017,\"height\":268,\"caption\":\"Noticieros Canal 7\"},\"image\":{\"@id\":\"https:\\\/\\\/canal7slp.tv\\\/2023\\\/#\\\/schema\\\/logo\\\/image\\\/\"},\"sameAs\":[\"https:\\\/\\\/www.facebook.com\\\/noticieroscanalsiete\",\"https:\\\/\\\/x.com\\\/NOTICIEROS7\",\"https:\\\/\\\/www.instagram.com\\\/canal7_slp\",\"https:\\\/\\\/www.youtube.com\\\/channel\\\/UCliiYs-gP3JfJeqdPrNdd5A\"]},{\"@type\":\"Person\",\"@id\":\"https:\\\/\\\/canal7slp.tv\\\/2023\\\/#\\\/schema\\\/person\\\/639c424e3584069003b11ae813915da6\",\"name\":\"Edici\u00f3n Web\",\"image\":{\"@type\":\"ImageObject\",\"inLanguage\":\"es\",\"@id\":\"https:\\\/\\\/secure.gravatar.com\\\/avatar\\\/eee448fc3f7164808013b816ba91ac7e43bbe82a70bebac296f8bc6f0addaa1a?s=96&d=mm&r=g\",\"url\":\"https:\\\/\\\/secure.gravatar.com\\\/avatar\\\/eee448fc3f7164808013b816ba91ac7e43bbe82a70bebac296f8bc6f0addaa1a?s=96&d=mm&r=g\",\"contentUrl\":\"https:\\\/\\\/secure.gravatar.com\\\/avatar\\\/eee448fc3f7164808013b816ba91ac7e43bbe82a70bebac296f8bc6f0addaa1a?s=96&d=mm&r=g\",\"caption\":\"Edici\u00f3n Web\"},\"url\":\"https:\\\/\\\/canal7slp.tv\\\/2023\\\/author\\\/edicionweb\\\/\"}]}<\/script>\n<!-- \/ Yoast SEO plugin. -->","yoast_head_json":{"title":"Checo P\u00e9rez entra a la historia de la F\u00f3rmula 1 - Canal 7 SLP - 2023","robots":{"index":"index","follow":"follow","max-snippet":"max-snippet:-1","max-image-preview":"max-image-preview:large","max-video-preview":"max-video-preview:-1"},"canonical":"https:\/\/canal7slp.tv\/2023\/checo-perez-entra-a-la-historia-de-la-formula-1\/","og_locale":"es_ES","og_type":"article","og_title":"Checo P\u00e9rez entra a la historia de la F\u00f3rmula 1 - Canal 7 SLP - 2023","og_description":"M\u00e9xico.- El piloto mexicano Sergio \u00abCheco\u00bb P\u00e9rez logr\u00f3 convertirse en el Circuito de Las Am\u00e9ricas en Austin, Texas, en el d\u00e9cimo piloto con m\u00e1s carreras en la historia de la F\u00f3rmula 1, acumulando un total de 253 participaciones. Su trayectoria de 13 a\u00f1os en la m\u00e1xima categor\u00eda del automovilismo lo ha llevado a codearse con los mejores de todos los tiempos. En la lista de pilotos con m\u00e1s apariciones, figuran nombres ic\u00f3nicos como Fernando Alonso, l\u00edder con 373 carreras, seguido por Kimi Raikkonen con 349 competencias. Lewis Hamilton, tricampe\u00f3n mundial, ocupa el tercer lugar con 328 carreras, seguido por otros [&hellip;]","og_url":"https:\/\/canal7slp.tv\/2023\/checo-perez-entra-a-la-historia-de-la-formula-1\/","og_site_name":"Canal 7 SLP - 2023","article_publisher":"https:\/\/www.facebook.com\/noticieroscanalsiete","article_published_time":"2023-10-24T22:15:45+00:00","og_image":[{"width":850,"height":567,"url":"https:\/\/canal7slp.tv\/2023\/wp-content\/uploads\/2023\/10\/09-1.jpg","type":"image\/jpeg"}],"author":"Edici\u00f3n Web","twitter_card":"summary_large_image","twitter_creator":"@NOTICIEROS7","twitter_site":"@NOTICIEROS7","twitter_misc":{"Escrito por":"Edici\u00f3n Web","Tiempo de lectura":"1 minuto"},"schema":{"@context":"https:\/\/schema.org","@graph":[{"@type":"Article","@id":"https:\/\/canal7slp.tv\/2023\/checo-perez-entra-a-la-historia-de-la-formula-1\/#article","isPartOf":{"@id":"https:\/\/canal7slp.tv\/2023\/checo-perez-entra-a-la-historia-de-la-formula-1\/"},"author":{"name":"Edici\u00f3n Web","@id":"https:\/\/canal7slp.tv\/2023\/#\/schema\/person\/639c424e3584069003b11ae813915da6"},"headline":"Checo P\u00e9rez entra a la historia de la F\u00f3rmula 1","datePublished":"2023-10-24T22:15:45+00:00","mainEntityOfPage":{"@id":"https:\/\/canal7slp.tv\/2023\/checo-perez-entra-a-la-historia-de-la-formula-1\/"},"wordCount":153,"publisher":{"@id":"https:\/\/canal7slp.tv\/2023\/#organization"},"image":{"@id":"https:\/\/canal7slp.tv\/2023\/checo-perez-entra-a-la-historia-de-la-formula-1\/#primaryimage"},"thumbnailUrl":"https:\/\/canal7slp.tv\/2023\/wp-content\/uploads\/2023\/10\/09-1.jpg","articleSection":["DEPORTES"],"inLanguage":"es"},{"@type":"WebPage","@id":"https:\/\/canal7slp.tv\/2023\/checo-perez-entra-a-la-historia-de-la-formula-1\/","url":"https:\/\/canal7slp.tv\/2023\/checo-perez-entra-a-la-historia-de-la-formula-1\/","name":"Checo P\u00e9rez entra a la historia de la F\u00f3rmula 1 - Canal 7 SLP - 2023","isPartOf":{"@id":"https:\/\/canal7slp.tv\/2023\/#website"},"primaryImageOfPage":{"@id":"https:\/\/canal7slp.tv\/2023\/checo-perez-entra-a-la-historia-de-la-formula-1\/#primaryimage"},"image":{"@id":"https:\/\/canal7slp.tv\/2023\/checo-perez-entra-a-la-historia-de-la-formula-1\/#primaryimage"},"thumbnailUrl":"https:\/\/canal7slp.tv\/2023\/wp-content\/uploads\/2023\/10\/09-1.jpg","datePublished":"2023-10-24T22:15:45+00:00","breadcrumb":{"@id":"https:\/\/canal7slp.tv\/2023\/checo-perez-entra-a-la-historia-de-la-formula-1\/#breadcrumb"},"inLanguage":"es","potentialAction":[{"@type":"ReadAction","target":["https:\/\/canal7slp.tv\/2023\/checo-perez-entra-a-la-historia-de-la-formula-1\/"]}]},{"@type":"ImageObject","inLanguage":"es","@id":"https:\/\/canal7slp.tv\/2023\/checo-perez-entra-a-la-historia-de-la-formula-1\/#primaryimage","url":"https:\/\/canal7slp.tv\/2023\/wp-content\/uploads\/2023\/10\/09-1.jpg","contentUrl":"https:\/\/canal7slp.tv\/2023\/wp-content\/uploads\/2023\/10\/09-1.jpg","width":850,"height":567,"caption":"Red Bull driver Sergio Perez, of Mexico, during the sprint shootout ahead of the Formula One U.S. Grand Prix auto race at Circuit of the Americas, Saturday, Oct. 21, 2023, in Austin, Texas. (AP Photo\/Nick Didlick)"},{"@type":"BreadcrumbList","@id":"https:\/\/canal7slp.tv\/2023\/checo-perez-entra-a-la-historia-de-la-formula-1\/#breadcrumb","itemListElement":[{"@type":"ListItem","position":1,"name":"Portada","item":"https:\/\/canal7slp.tv\/2023\/"},{"@type":"ListItem","position":2,"name":"Checo P\u00e9rez entra a la historia de la F\u00f3rmula 1"}]},{"@type":"WebSite","@id":"https:\/\/canal7slp.tv\/2023\/#website","url":"https:\/\/canal7slp.tv\/2023\/","name":"N7 - Noticieros Canal 7","description":"Somos Televisi\u00f3n","publisher":{"@id":"https:\/\/canal7slp.tv\/2023\/#organization"},"potentialAction":[{"@type":"SearchAction","target":{"@type":"EntryPoint","urlTemplate":"https:\/\/canal7slp.tv\/2023\/?s={search_term_string}"},"query-input":{"@type":"PropertyValueSpecification","valueRequired":true,"valueName":"search_term_string"}}],"inLanguage":"es"},{"@type":"Organization","@id":"https:\/\/canal7slp.tv\/2023\/#organization","name":"Noticieros Canal 7","url":"https:\/\/canal7slp.tv\/2023\/","logo":{"@type":"ImageObject","inLanguage":"es","@id":"https:\/\/canal7slp.tv\/2023\/#\/schema\/logo\/image\/","url":"https:\/\/canal7slp.tv\/2023\/wp-content\/uploads\/2021\/01\/logo-noticieros@2x.png","contentUrl":"https:\/\/canal7slp.tv\/2023\/wp-content\/uploads\/2021\/01\/logo-noticieros@2x.png","width":1017,"height":268,"caption":"Noticieros Canal 7"},"image":{"@id":"https:\/\/canal7slp.tv\/2023\/#\/schema\/logo\/image\/"},"sameAs":["https:\/\/www.facebook.com\/noticieroscanalsiete","https:\/\/x.com\/NOTICIEROS7","https:\/\/www.instagram.com\/canal7_slp","https:\/\/www.youtube.com\/channel\/UCliiYs-gP3JfJeqdPrNdd5A"]},{"@type":"Person","@id":"https:\/\/canal7slp.tv\/2023\/#\/schema\/person\/639c424e3584069003b11ae813915da6","name":"Edici\u00f3n Web","image":{"@type":"ImageObject","inLanguage":"es","@id":"https:\/\/secure.gravatar.com\/avatar\/eee448fc3f7164808013b816ba91ac7e43bbe82a70bebac296f8bc6f0addaa1a?s=96&d=mm&r=g","url":"https:\/\/secure.gravatar.com\/avatar\/eee448fc3f7164808013b816ba91ac7e43bbe82a70bebac296f8bc6f0addaa1a?s=96&d=mm&r=g","contentUrl":"https:\/\/secure.gravatar.com\/avatar\/eee448fc3f7164808013b816ba91ac7e43bbe82a70bebac296f8bc6f0addaa1a?s=96&d=mm&r=g","caption":"Edici\u00f3n Web"},"url":"https:\/\/canal7slp.tv\/2023\/author\/edicionweb\/"}]}},"_links":{"self":[{"href":"https:\/\/canal7slp.tv\/2023\/wp-json\/wp\/v2\/posts\/110908","targetHints":{"allow":["GET"]}}],"collection":[{"href":"https:\/\/canal7slp.tv\/2023\/wp-json\/wp\/v2\/posts"}],"about":[{"href":"https:\/\/canal7slp.tv\/2023\/wp-json\/wp\/v2\/types\/post"}],"author":[{"embeddable":true,"href":"https:\/\/canal7slp.tv\/2023\/wp-json\/wp\/v2\/users\/2"}],"replies":[{"embeddable":true,"href":"https:\/\/canal7slp.tv\/2023\/wp-json\/wp\/v2\/comments?post=110908"}],"version-history":[{"count":3,"href":"https:\/\/canal7slp.tv\/2023\/wp-json\/wp\/v2\/posts\/110908\/revisions"}],"predecessor-version":[{"id":110952,"href":"https:\/\/canal7slp.tv\/2023\/wp-json\/wp\/v2\/posts\/110908\/revisions\/110952"}],"wp:featuredmedia":[{"embeddable":true,"href":"https:\/\/canal7slp.tv\/2023\/wp-json\/wp\/v2\/media\/110930"}],"wp:attachment":[{"href":"https:\/\/canal7slp.tv\/2023\/wp-json\/wp\/v2\/media?parent=110908"}],"wp:term":[{"taxonomy":"category","embeddable":true,"href":"https:\/\/canal7slp.tv\/2023\/wp-json\/wp\/v2\/categories?post=110908"},{"taxonomy":"post_tag","embeddable":true,"href":"https:\/\/canal7slp.tv\/2023\/wp-json\/wp\/v2\/tags?post=110908"}],"curies":[{"name":"wp","href":"https:\/\/api.w.org\/{rel}","templated":true}]}}