{"id":110907,"date":"2023-10-24T16:15:07","date_gmt":"2023-10-24T22:15:07","guid":{"rendered":"https:\/\/canal7slp.tv\/2023\/?p=110907"},"modified":"2023-10-24T16:15:07","modified_gmt":"2023-10-24T22:15:07","slug":"decenas-de-estados-demandan-a-meta-por-supuestas-funciones-adictivas-y-danos-a-la-salud-mental-de-jovenes","status":"publish","type":"post","link":"https:\/\/canal7slp.tv\/2023\/decenas-de-estados-demandan-a-meta-por-supuestas-funciones-adictivas-y-danos-a-la-salud-mental-de-jovenes\/","title":{"rendered":"Decenas de estados demandan a Meta, por supuestas funciones adictivas y da\u00f1os a la salud mental de j\u00f3venes"},"content":{"rendered":"<p style=\"text-align: justify;\">EUA.- Meta Platforms Inc., la empresa matriz de Facebook e Instagram, est\u00e1 siendo demandada por 33 entidades de Estados Unidos por su presunta responsabilidad en el deterioro de la salud mental de los j\u00f3venes.<\/p>\n<p style=\"text-align: justify;\">La demanda acusa a la compa\u00f1\u00eda de dise\u00f1ar sus plataformas de manera adictiva para los menores y de recopilar datos de menores de 13 a\u00f1os sin el consentimiento de los padres, violando la ley federal.<\/p>\n<p style=\"text-align: justify;\">Por su parte, la fiscal general del estado de Nueva York, Letitia James afirm\u00f3 que las compa\u00f1\u00edas de redes sociales son responsables del aumento alarmante de las enfermedades mentales en ni\u00f1os y adolescentes.<\/p>\n<p style=\"text-align: justify;\">Seg\u00fan ella, Meta ha lucrado a expensas de los j\u00f3venes al dise\u00f1ar plataformas con caracter\u00edsticas manipuladoras que generan adicci\u00f3n y afectan la autoestima.<\/p>\n<p style=\"text-align: justify;\">Cabe se\u00f1alar que la demanda surge despu\u00e9s de una investigaci\u00f3n realizada por una coalici\u00f3n bipartidista de fiscales generales de varios estados.<\/p>\n<p style=\"text-align: justify;\">Informes de prensa revelaron estudios internos de Meta que indicaban los efectos perjudiciales que Instagram puede tener en la salud mental y la imagen corporal de los adolescentes.<\/p>\n<p style=\"text-align: justify;\">Uno de los estudios revel\u00f3 que el 13.5% de las ni\u00f1as adolescentes encuestadas cre\u00eda que Instagram intensificaba sus pensamientos suicidas, mientras que el 17% afirmaba que empeoraba los trastornos alimentarios.<\/p>\n<p style=\"text-align: justify;\">Adem\u00e1s de los estados que presentaron la demanda conjunta, otros nueve fiscales generales est\u00e1n tomando medidas legales en sus respectivos estados, lo que eleva el n\u00famero total de estados involucrados a 42.<\/p>\n","protected":false},"excerpt":{"rendered":"<p>EUA.- Meta Platforms Inc., la empresa matriz de Facebook e Instagram, est\u00e1 siendo demandada por 33 entidades de Estados Unidos por su presunta responsabilidad en el deterioro de la salud mental de los j\u00f3venes. La demanda acusa a la compa\u00f1\u00eda de dise\u00f1ar sus plataformas de manera adictiva para los menores y de recopilar datos de menores de 13 a\u00f1os sin el consentimiento de los padres, violando la ley federal. Por su parte, la fiscal general del estado de Nueva York, Letitia James afirm\u00f3 que las compa\u00f1\u00edas de redes sociales son responsables del aumento alarmante de las enfermedades mentales en ni\u00f1os [&hellip;]<\/p>\n","protected":false},"author":2,"featured_media":110929,"comment_status":"closed","ping_status":"closed","sticky":false,"template":"","format":"standard","meta":{"footnotes":""},"categories":[44],"tags":[],"class_list":["post-110907","post","type-post","status-publish","format-standard","has-post-thumbnail","hentry","category-internacional","post--single"],"yoast_head":"<!-- This site is optimized with the Yoast SEO plugin v27.5 - https:\/\/yoast.com\/product\/yoast-seo-wordpress\/ -->\n<title>Decenas de estados demandan a Meta, por supuestas funciones adictivas y da\u00f1os a la salud mental de j\u00f3venes - Canal 7 SLP - 2023<\/title>\n<meta name=\"robots\" content=\"index, follow, max-snippet:-1, max-image-preview:large, max-video-preview:-1\" \/>\n<link rel=\"canonical\" href=\"https:\/\/canal7slp.tv\/2023\/decenas-de-estados-demandan-a-meta-por-supuestas-funciones-adictivas-y-danos-a-la-salud-mental-de-jovenes\/\" \/>\n<meta property=\"og:locale\" content=\"es_ES\" \/>\n<meta property=\"og:type\" content=\"article\" \/>\n<meta property=\"og:title\" content=\"Decenas de estados demandan a Meta, por supuestas funciones adictivas y da\u00f1os a la salud mental de j\u00f3venes - Canal 7 SLP - 2023\" \/>\n<meta property=\"og:description\" content=\"EUA.- Meta Platforms Inc., la empresa matriz de Facebook e Instagram, est\u00e1 siendo demandada por 33 entidades de Estados Unidos por su presunta responsabilidad en el deterioro de la salud mental de los j\u00f3venes. La demanda acusa a la compa\u00f1\u00eda de dise\u00f1ar sus plataformas de manera adictiva para los menores y de recopilar datos de menores de 13 a\u00f1os sin el consentimiento de los padres, violando la ley federal. Por su parte, la fiscal general del estado de Nueva York, Letitia James afirm\u00f3 que las compa\u00f1\u00edas de redes sociales son responsables del aumento alarmante de las enfermedades mentales en ni\u00f1os [&hellip;]\" \/>\n<meta property=\"og:url\" content=\"https:\/\/canal7slp.tv\/2023\/decenas-de-estados-demandan-a-meta-por-supuestas-funciones-adictivas-y-danos-a-la-salud-mental-de-jovenes\/\" \/>\n<meta property=\"og:site_name\" content=\"Canal 7 SLP - 2023\" \/>\n<meta property=\"article:publisher\" content=\"https:\/\/www.facebook.com\/noticieroscanalsiete\" \/>\n<meta property=\"article:published_time\" content=\"2023-10-24T22:15:07+00:00\" \/>\n<meta property=\"og:image\" content=\"https:\/\/canal7slp.tv\/2023\/wp-content\/uploads\/2023\/10\/08-7.jpg\" \/>\n\t<meta property=\"og:image:width\" content=\"1200\" \/>\n\t<meta property=\"og:image:height\" content=\"800\" \/>\n\t<meta property=\"og:image:type\" content=\"image\/jpeg\" \/>\n<meta name=\"author\" content=\"Edici\u00f3n Web\" \/>\n<meta name=\"twitter:card\" content=\"summary_large_image\" \/>\n<meta name=\"twitter:creator\" content=\"@NOTICIEROS7\" \/>\n<meta name=\"twitter:site\" content=\"@NOTICIEROS7\" \/>\n<meta name=\"twitter:label1\" content=\"Escrito por\" \/>\n\t<meta name=\"twitter:data1\" content=\"Edici\u00f3n Web\" \/>\n\t<meta name=\"twitter:label2\" content=\"Tiempo de lectura\" \/>\n\t<meta name=\"twitter:data2\" content=\"2 minutos\" \/>\n<script type=\"application\/ld+json\" class=\"yoast-schema-graph\">{\"@context\":\"https:\\\/\\\/schema.org\",\"@graph\":[{\"@type\":\"Article\",\"@id\":\"https:\\\/\\\/canal7slp.tv\\\/2023\\\/decenas-de-estados-demandan-a-meta-por-supuestas-funciones-adictivas-y-danos-a-la-salud-mental-de-jovenes\\\/#article\",\"isPartOf\":{\"@id\":\"https:\\\/\\\/canal7slp.tv\\\/2023\\\/decenas-de-estados-demandan-a-meta-por-supuestas-funciones-adictivas-y-danos-a-la-salud-mental-de-jovenes\\\/\"},\"author\":{\"name\":\"Edici\u00f3n Web\",\"@id\":\"https:\\\/\\\/canal7slp.tv\\\/2023\\\/#\\\/schema\\\/person\\\/639c424e3584069003b11ae813915da6\"},\"headline\":\"Decenas de estados demandan a Meta, por supuestas funciones adictivas y da\u00f1os a la salud mental de j\u00f3venes\",\"datePublished\":\"2023-10-24T22:15:07+00:00\",\"mainEntityOfPage\":{\"@id\":\"https:\\\/\\\/canal7slp.tv\\\/2023\\\/decenas-de-estados-demandan-a-meta-por-supuestas-funciones-adictivas-y-danos-a-la-salud-mental-de-jovenes\\\/\"},\"wordCount\":272,\"publisher\":{\"@id\":\"https:\\\/\\\/canal7slp.tv\\\/2023\\\/#organization\"},\"image\":{\"@id\":\"https:\\\/\\\/canal7slp.tv\\\/2023\\\/decenas-de-estados-demandan-a-meta-por-supuestas-funciones-adictivas-y-danos-a-la-salud-mental-de-jovenes\\\/#primaryimage\"},\"thumbnailUrl\":\"https:\\\/\\\/canal7slp.tv\\\/2023\\\/wp-content\\\/uploads\\\/2023\\\/10\\\/08-7.jpg\",\"articleSection\":[\"INTERNACIONALES\"],\"inLanguage\":\"es\"},{\"@type\":\"WebPage\",\"@id\":\"https:\\\/\\\/canal7slp.tv\\\/2023\\\/decenas-de-estados-demandan-a-meta-por-supuestas-funciones-adictivas-y-danos-a-la-salud-mental-de-jovenes\\\/\",\"url\":\"https:\\\/\\\/canal7slp.tv\\\/2023\\\/decenas-de-estados-demandan-a-meta-por-supuestas-funciones-adictivas-y-danos-a-la-salud-mental-de-jovenes\\\/\",\"name\":\"Decenas de estados demandan a Meta, por supuestas funciones adictivas y da\u00f1os a la salud mental de j\u00f3venes - Canal 7 SLP - 2023\",\"isPartOf\":{\"@id\":\"https:\\\/\\\/canal7slp.tv\\\/2023\\\/#website\"},\"primaryImageOfPage\":{\"@id\":\"https:\\\/\\\/canal7slp.tv\\\/2023\\\/decenas-de-estados-demandan-a-meta-por-supuestas-funciones-adictivas-y-danos-a-la-salud-mental-de-jovenes\\\/#primaryimage\"},\"image\":{\"@id\":\"https:\\\/\\\/canal7slp.tv\\\/2023\\\/decenas-de-estados-demandan-a-meta-por-supuestas-funciones-adictivas-y-danos-a-la-salud-mental-de-jovenes\\\/#primaryimage\"},\"thumbnailUrl\":\"https:\\\/\\\/canal7slp.tv\\\/2023\\\/wp-content\\\/uploads\\\/2023\\\/10\\\/08-7.jpg\",\"datePublished\":\"2023-10-24T22:15:07+00:00\",\"breadcrumb\":{\"@id\":\"https:\\\/\\\/canal7slp.tv\\\/2023\\\/decenas-de-estados-demandan-a-meta-por-supuestas-funciones-adictivas-y-danos-a-la-salud-mental-de-jovenes\\\/#breadcrumb\"},\"inLanguage\":\"es\",\"potentialAction\":[{\"@type\":\"ReadAction\",\"target\":[\"https:\\\/\\\/canal7slp.tv\\\/2023\\\/decenas-de-estados-demandan-a-meta-por-supuestas-funciones-adictivas-y-danos-a-la-salud-mental-de-jovenes\\\/\"]}]},{\"@type\":\"ImageObject\",\"inLanguage\":\"es\",\"@id\":\"https:\\\/\\\/canal7slp.tv\\\/2023\\\/decenas-de-estados-demandan-a-meta-por-supuestas-funciones-adictivas-y-danos-a-la-salud-mental-de-jovenes\\\/#primaryimage\",\"url\":\"https:\\\/\\\/canal7slp.tv\\\/2023\\\/wp-content\\\/uploads\\\/2023\\\/10\\\/08-7.jpg\",\"contentUrl\":\"https:\\\/\\\/canal7slp.tv\\\/2023\\\/wp-content\\\/uploads\\\/2023\\\/10\\\/08-7.jpg\",\"width\":1200,\"height\":800},{\"@type\":\"BreadcrumbList\",\"@id\":\"https:\\\/\\\/canal7slp.tv\\\/2023\\\/decenas-de-estados-demandan-a-meta-por-supuestas-funciones-adictivas-y-danos-a-la-salud-mental-de-jovenes\\\/#breadcrumb\",\"itemListElement\":[{\"@type\":\"ListItem\",\"position\":1,\"name\":\"Portada\",\"item\":\"https:\\\/\\\/canal7slp.tv\\\/2023\\\/\"},{\"@type\":\"ListItem\",\"position\":2,\"name\":\"Decenas de estados demandan a Meta, por supuestas funciones adictivas y da\u00f1os a la salud mental de j\u00f3venes\"}]},{\"@type\":\"WebSite\",\"@id\":\"https:\\\/\\\/canal7slp.tv\\\/2023\\\/#website\",\"url\":\"https:\\\/\\\/canal7slp.tv\\\/2023\\\/\",\"name\":\"N7 - Noticieros Canal 7\",\"description\":\"Somos Televisi\u00f3n\",\"publisher\":{\"@id\":\"https:\\\/\\\/canal7slp.tv\\\/2023\\\/#organization\"},\"potentialAction\":[{\"@type\":\"SearchAction\",\"target\":{\"@type\":\"EntryPoint\",\"urlTemplate\":\"https:\\\/\\\/canal7slp.tv\\\/2023\\\/?s={search_term_string}\"},\"query-input\":{\"@type\":\"PropertyValueSpecification\",\"valueRequired\":true,\"valueName\":\"search_term_string\"}}],\"inLanguage\":\"es\"},{\"@type\":\"Organization\",\"@id\":\"https:\\\/\\\/canal7slp.tv\\\/2023\\\/#organization\",\"name\":\"Noticieros Canal 7\",\"url\":\"https:\\\/\\\/canal7slp.tv\\\/2023\\\/\",\"logo\":{\"@type\":\"ImageObject\",\"inLanguage\":\"es\",\"@id\":\"https:\\\/\\\/canal7slp.tv\\\/2023\\\/#\\\/schema\\\/logo\\\/image\\\/\",\"url\":\"https:\\\/\\\/canal7slp.tv\\\/2023\\\/wp-content\\\/uploads\\\/2021\\\/01\\\/logo-noticieros@2x.png\",\"contentUrl\":\"https:\\\/\\\/canal7slp.tv\\\/2023\\\/wp-content\\\/uploads\\\/2021\\\/01\\\/logo-noticieros@2x.png\",\"width\":1017,\"height\":268,\"caption\":\"Noticieros Canal 7\"},\"image\":{\"@id\":\"https:\\\/\\\/canal7slp.tv\\\/2023\\\/#\\\/schema\\\/logo\\\/image\\\/\"},\"sameAs\":[\"https:\\\/\\\/www.facebook.com\\\/noticieroscanalsiete\",\"https:\\\/\\\/x.com\\\/NOTICIEROS7\",\"https:\\\/\\\/www.instagram.com\\\/canal7_slp\",\"https:\\\/\\\/www.youtube.com\\\/channel\\\/UCliiYs-gP3JfJeqdPrNdd5A\"]},{\"@type\":\"Person\",\"@id\":\"https:\\\/\\\/canal7slp.tv\\\/2023\\\/#\\\/schema\\\/person\\\/639c424e3584069003b11ae813915da6\",\"name\":\"Edici\u00f3n Web\",\"image\":{\"@type\":\"ImageObject\",\"inLanguage\":\"es\",\"@id\":\"https:\\\/\\\/secure.gravatar.com\\\/avatar\\\/eee448fc3f7164808013b816ba91ac7e43bbe82a70bebac296f8bc6f0addaa1a?s=96&d=mm&r=g\",\"url\":\"https:\\\/\\\/secure.gravatar.com\\\/avatar\\\/eee448fc3f7164808013b816ba91ac7e43bbe82a70bebac296f8bc6f0addaa1a?s=96&d=mm&r=g\",\"contentUrl\":\"https:\\\/\\\/secure.gravatar.com\\\/avatar\\\/eee448fc3f7164808013b816ba91ac7e43bbe82a70bebac296f8bc6f0addaa1a?s=96&d=mm&r=g\",\"caption\":\"Edici\u00f3n Web\"},\"url\":\"https:\\\/\\\/canal7slp.tv\\\/2023\\\/author\\\/edicionweb\\\/\"}]}<\/script>\n<!-- \/ Yoast SEO plugin. -->","yoast_head_json":{"title":"Decenas de estados demandan a Meta, por supuestas funciones adictivas y da\u00f1os a la salud mental de j\u00f3venes - Canal 7 SLP - 2023","robots":{"index":"index","follow":"follow","max-snippet":"max-snippet:-1","max-image-preview":"max-image-preview:large","max-video-preview":"max-video-preview:-1"},"canonical":"https:\/\/canal7slp.tv\/2023\/decenas-de-estados-demandan-a-meta-por-supuestas-funciones-adictivas-y-danos-a-la-salud-mental-de-jovenes\/","og_locale":"es_ES","og_type":"article","og_title":"Decenas de estados demandan a Meta, por supuestas funciones adictivas y da\u00f1os a la salud mental de j\u00f3venes - Canal 7 SLP - 2023","og_description":"EUA.- Meta Platforms Inc., la empresa matriz de Facebook e Instagram, est\u00e1 siendo demandada por 33 entidades de Estados Unidos por su presunta responsabilidad en el deterioro de la salud mental de los j\u00f3venes. La demanda acusa a la compa\u00f1\u00eda de dise\u00f1ar sus plataformas de manera adictiva para los menores y de recopilar datos de menores de 13 a\u00f1os sin el consentimiento de los padres, violando la ley federal. Por su parte, la fiscal general del estado de Nueva York, Letitia James afirm\u00f3 que las compa\u00f1\u00edas de redes sociales son responsables del aumento alarmante de las enfermedades mentales en ni\u00f1os [&hellip;]","og_url":"https:\/\/canal7slp.tv\/2023\/decenas-de-estados-demandan-a-meta-por-supuestas-funciones-adictivas-y-danos-a-la-salud-mental-de-jovenes\/","og_site_name":"Canal 7 SLP - 2023","article_publisher":"https:\/\/www.facebook.com\/noticieroscanalsiete","article_published_time":"2023-10-24T22:15:07+00:00","og_image":[{"width":1200,"height":800,"url":"https:\/\/canal7slp.tv\/2023\/wp-content\/uploads\/2023\/10\/08-7.jpg","type":"image\/jpeg"}],"author":"Edici\u00f3n Web","twitter_card":"summary_large_image","twitter_creator":"@NOTICIEROS7","twitter_site":"@NOTICIEROS7","twitter_misc":{"Escrito por":"Edici\u00f3n Web","Tiempo de lectura":"2 minutos"},"schema":{"@context":"https:\/\/schema.org","@graph":[{"@type":"Article","@id":"https:\/\/canal7slp.tv\/2023\/decenas-de-estados-demandan-a-meta-por-supuestas-funciones-adictivas-y-danos-a-la-salud-mental-de-jovenes\/#article","isPartOf":{"@id":"https:\/\/canal7slp.tv\/2023\/decenas-de-estados-demandan-a-meta-por-supuestas-funciones-adictivas-y-danos-a-la-salud-mental-de-jovenes\/"},"author":{"name":"Edici\u00f3n Web","@id":"https:\/\/canal7slp.tv\/2023\/#\/schema\/person\/639c424e3584069003b11ae813915da6"},"headline":"Decenas de estados demandan a Meta, por supuestas funciones adictivas y da\u00f1os a la salud mental de j\u00f3venes","datePublished":"2023-10-24T22:15:07+00:00","mainEntityOfPage":{"@id":"https:\/\/canal7slp.tv\/2023\/decenas-de-estados-demandan-a-meta-por-supuestas-funciones-adictivas-y-danos-a-la-salud-mental-de-jovenes\/"},"wordCount":272,"publisher":{"@id":"https:\/\/canal7slp.tv\/2023\/#organization"},"image":{"@id":"https:\/\/canal7slp.tv\/2023\/decenas-de-estados-demandan-a-meta-por-supuestas-funciones-adictivas-y-danos-a-la-salud-mental-de-jovenes\/#primaryimage"},"thumbnailUrl":"https:\/\/canal7slp.tv\/2023\/wp-content\/uploads\/2023\/10\/08-7.jpg","articleSection":["INTERNACIONALES"],"inLanguage":"es"},{"@type":"WebPage","@id":"https:\/\/canal7slp.tv\/2023\/decenas-de-estados-demandan-a-meta-por-supuestas-funciones-adictivas-y-danos-a-la-salud-mental-de-jovenes\/","url":"https:\/\/canal7slp.tv\/2023\/decenas-de-estados-demandan-a-meta-por-supuestas-funciones-adictivas-y-danos-a-la-salud-mental-de-jovenes\/","name":"Decenas de estados demandan a Meta, por supuestas funciones adictivas y da\u00f1os a la salud mental de j\u00f3venes - Canal 7 SLP - 2023","isPartOf":{"@id":"https:\/\/canal7slp.tv\/2023\/#website"},"primaryImageOfPage":{"@id":"https:\/\/canal7slp.tv\/2023\/decenas-de-estados-demandan-a-meta-por-supuestas-funciones-adictivas-y-danos-a-la-salud-mental-de-jovenes\/#primaryimage"},"image":{"@id":"https:\/\/canal7slp.tv\/2023\/decenas-de-estados-demandan-a-meta-por-supuestas-funciones-adictivas-y-danos-a-la-salud-mental-de-jovenes\/#primaryimage"},"thumbnailUrl":"https:\/\/canal7slp.tv\/2023\/wp-content\/uploads\/2023\/10\/08-7.jpg","datePublished":"2023-10-24T22:15:07+00:00","breadcrumb":{"@id":"https:\/\/canal7slp.tv\/2023\/decenas-de-estados-demandan-a-meta-por-supuestas-funciones-adictivas-y-danos-a-la-salud-mental-de-jovenes\/#breadcrumb"},"inLanguage":"es","potentialAction":[{"@type":"ReadAction","target":["https:\/\/canal7slp.tv\/2023\/decenas-de-estados-demandan-a-meta-por-supuestas-funciones-adictivas-y-danos-a-la-salud-mental-de-jovenes\/"]}]},{"@type":"ImageObject","inLanguage":"es","@id":"https:\/\/canal7slp.tv\/2023\/decenas-de-estados-demandan-a-meta-por-supuestas-funciones-adictivas-y-danos-a-la-salud-mental-de-jovenes\/#primaryimage","url":"https:\/\/canal7slp.tv\/2023\/wp-content\/uploads\/2023\/10\/08-7.jpg","contentUrl":"https:\/\/canal7slp.tv\/2023\/wp-content\/uploads\/2023\/10\/08-7.jpg","width":1200,"height":800},{"@type":"BreadcrumbList","@id":"https:\/\/canal7slp.tv\/2023\/decenas-de-estados-demandan-a-meta-por-supuestas-funciones-adictivas-y-danos-a-la-salud-mental-de-jovenes\/#breadcrumb","itemListElement":[{"@type":"ListItem","position":1,"name":"Portada","item":"https:\/\/canal7slp.tv\/2023\/"},{"@type":"ListItem","position":2,"name":"Decenas de estados demandan a Meta, por supuestas funciones adictivas y da\u00f1os a la salud mental de j\u00f3venes"}]},{"@type":"WebSite","@id":"https:\/\/canal7slp.tv\/2023\/#website","url":"https:\/\/canal7slp.tv\/2023\/","name":"N7 - Noticieros Canal 7","description":"Somos Televisi\u00f3n","publisher":{"@id":"https:\/\/canal7slp.tv\/2023\/#organization"},"potentialAction":[{"@type":"SearchAction","target":{"@type":"EntryPoint","urlTemplate":"https:\/\/canal7slp.tv\/2023\/?s={search_term_string}"},"query-input":{"@type":"PropertyValueSpecification","valueRequired":true,"valueName":"search_term_string"}}],"inLanguage":"es"},{"@type":"Organization","@id":"https:\/\/canal7slp.tv\/2023\/#organization","name":"Noticieros Canal 7","url":"https:\/\/canal7slp.tv\/2023\/","logo":{"@type":"ImageObject","inLanguage":"es","@id":"https:\/\/canal7slp.tv\/2023\/#\/schema\/logo\/image\/","url":"https:\/\/canal7slp.tv\/2023\/wp-content\/uploads\/2021\/01\/logo-noticieros@2x.png","contentUrl":"https:\/\/canal7slp.tv\/2023\/wp-content\/uploads\/2021\/01\/logo-noticieros@2x.png","width":1017,"height":268,"caption":"Noticieros Canal 7"},"image":{"@id":"https:\/\/canal7slp.tv\/2023\/#\/schema\/logo\/image\/"},"sameAs":["https:\/\/www.facebook.com\/noticieroscanalsiete","https:\/\/x.com\/NOTICIEROS7","https:\/\/www.instagram.com\/canal7_slp","https:\/\/www.youtube.com\/channel\/UCliiYs-gP3JfJeqdPrNdd5A"]},{"@type":"Person","@id":"https:\/\/canal7slp.tv\/2023\/#\/schema\/person\/639c424e3584069003b11ae813915da6","name":"Edici\u00f3n Web","image":{"@type":"ImageObject","inLanguage":"es","@id":"https:\/\/secure.gravatar.com\/avatar\/eee448fc3f7164808013b816ba91ac7e43bbe82a70bebac296f8bc6f0addaa1a?s=96&d=mm&r=g","url":"https:\/\/secure.gravatar.com\/avatar\/eee448fc3f7164808013b816ba91ac7e43bbe82a70bebac296f8bc6f0addaa1a?s=96&d=mm&r=g","contentUrl":"https:\/\/secure.gravatar.com\/avatar\/eee448fc3f7164808013b816ba91ac7e43bbe82a70bebac296f8bc6f0addaa1a?s=96&d=mm&r=g","caption":"Edici\u00f3n Web"},"url":"https:\/\/canal7slp.tv\/2023\/author\/edicionweb\/"}]}},"_links":{"self":[{"href":"https:\/\/canal7slp.tv\/2023\/wp-json\/wp\/v2\/posts\/110907","targetHints":{"allow":["GET"]}}],"collection":[{"href":"https:\/\/canal7slp.tv\/2023\/wp-json\/wp\/v2\/posts"}],"about":[{"href":"https:\/\/canal7slp.tv\/2023\/wp-json\/wp\/v2\/types\/post"}],"author":[{"embeddable":true,"href":"https:\/\/canal7slp.tv\/2023\/wp-json\/wp\/v2\/users\/2"}],"replies":[{"embeddable":true,"href":"https:\/\/canal7slp.tv\/2023\/wp-json\/wp\/v2\/comments?post=110907"}],"version-history":[{"count":3,"href":"https:\/\/canal7slp.tv\/2023\/wp-json\/wp\/v2\/posts\/110907\/revisions"}],"predecessor-version":[{"id":110951,"href":"https:\/\/canal7slp.tv\/2023\/wp-json\/wp\/v2\/posts\/110907\/revisions\/110951"}],"wp:featuredmedia":[{"embeddable":true,"href":"https:\/\/canal7slp.tv\/2023\/wp-json\/wp\/v2\/media\/110929"}],"wp:attachment":[{"href":"https:\/\/canal7slp.tv\/2023\/wp-json\/wp\/v2\/media?parent=110907"}],"wp:term":[{"taxonomy":"category","embeddable":true,"href":"https:\/\/canal7slp.tv\/2023\/wp-json\/wp\/v2\/categories?post=110907"},{"taxonomy":"post_tag","embeddable":true,"href":"https:\/\/canal7slp.tv\/2023\/wp-json\/wp\/v2\/tags?post=110907"}],"curies":[{"name":"wp","href":"https:\/\/api.w.org\/{rel}","templated":true}]}}