{"id":110906,"date":"2023-10-24T16:10:07","date_gmt":"2023-10-24T22:10:07","guid":{"rendered":"https:\/\/canal7slp.tv\/2023\/?p=110906"},"modified":"2023-10-24T16:10:07","modified_gmt":"2023-10-24T22:10:07","slug":"matan-a-13-agentes-en-guerrero-entre-ellos-el-jefe-policial-de-coyuca-de-benitez","status":"publish","type":"post","link":"https:\/\/canal7slp.tv\/2023\/matan-a-13-agentes-en-guerrero-entre-ellos-el-jefe-policial-de-coyuca-de-benitez\/","title":{"rendered":"Matan a 13 agentes en Guerrero, entre ellos el jefe policial de Coyuca de Ben\u00edtez"},"content":{"rendered":"<p style=\"text-align: justify;\">Coyuca de Ben\u00edtez.- El director de Informaci\u00f3n y Comunicaci\u00f3n de la Fiscal\u00eda General de Guerrero, Carlos Monje, inform\u00f3 que trece polic\u00edas perdieron la vida y dos personas resultaron heridas en un brutal ataque armado.<\/p>\n<p style=\"text-align: justify;\">Asimismo, se\u00f1al\u00f3 que entre las v\u00edctimas se encuentra el secretario de Seguridad de la localidad de Coyuca de Ben\u00edtez.<\/p>\n<p style=\"text-align: justify;\">Por su parte, el vicefiscal estatal de investigaciones, Gabriel Hern\u00e1ndez Mendoza, ofreci\u00f3 pocos detalles durante una videoconferencia.<\/p>\n<p style=\"text-align: justify;\">La Fiscal\u00eda de Guerrero emiti\u00f3 un comunicado posterior confirmando las dos personas heridas en el incidente. Inicialmente se hab\u00edan reportado 11 fallecidos, pero posteriormente se actualiz\u00f3 la cifra a 13.<\/p>\n","protected":false},"excerpt":{"rendered":"<p>Coyuca de Ben\u00edtez.- El director de Informaci\u00f3n y Comunicaci\u00f3n de la Fiscal\u00eda General de Guerrero, Carlos Monje, inform\u00f3 que trece polic\u00edas perdieron la vida y dos personas resultaron heridas en un brutal ataque armado. Asimismo, se\u00f1al\u00f3 que entre las v\u00edctimas se encuentra el secretario de Seguridad de la localidad de Coyuca de Ben\u00edtez. Por su parte, el vicefiscal estatal de investigaciones, Gabriel Hern\u00e1ndez Mendoza, ofreci\u00f3 pocos detalles durante una videoconferencia. La Fiscal\u00eda de Guerrero emiti\u00f3 un comunicado posterior confirmando las dos personas heridas en el incidente. Inicialmente se hab\u00edan reportado 11 fallecidos, pero posteriormente se actualiz\u00f3 la cifra a 13.<\/p>\n","protected":false},"author":2,"featured_media":110928,"comment_status":"closed","ping_status":"closed","sticky":false,"template":"","format":"standard","meta":{"footnotes":""},"categories":[46],"tags":[],"class_list":["post-110906","post","type-post","status-publish","format-standard","has-post-thumbnail","hentry","category-nacional","post--single"],"yoast_head":"<!-- This site is optimized with the Yoast SEO plugin v27.5 - https:\/\/yoast.com\/product\/yoast-seo-wordpress\/ -->\n<title>Matan a 13 agentes en Guerrero, entre ellos el jefe policial de Coyuca de Ben\u00edtez - Canal 7 SLP - 2023<\/title>\n<meta name=\"robots\" content=\"index, follow, max-snippet:-1, max-image-preview:large, max-video-preview:-1\" \/>\n<link rel=\"canonical\" href=\"https:\/\/canal7slp.tv\/2023\/matan-a-13-agentes-en-guerrero-entre-ellos-el-jefe-policial-de-coyuca-de-benitez\/\" \/>\n<meta property=\"og:locale\" content=\"es_ES\" \/>\n<meta property=\"og:type\" content=\"article\" \/>\n<meta property=\"og:title\" content=\"Matan a 13 agentes en Guerrero, entre ellos el jefe policial de Coyuca de Ben\u00edtez - Canal 7 SLP - 2023\" \/>\n<meta property=\"og:description\" content=\"Coyuca de Ben\u00edtez.- El director de Informaci\u00f3n y Comunicaci\u00f3n de la Fiscal\u00eda General de Guerrero, Carlos Monje, inform\u00f3 que trece polic\u00edas perdieron la vida y dos personas resultaron heridas en un brutal ataque armado. Asimismo, se\u00f1al\u00f3 que entre las v\u00edctimas se encuentra el secretario de Seguridad de la localidad de Coyuca de Ben\u00edtez. Por su parte, el vicefiscal estatal de investigaciones, Gabriel Hern\u00e1ndez Mendoza, ofreci\u00f3 pocos detalles durante una videoconferencia. La Fiscal\u00eda de Guerrero emiti\u00f3 un comunicado posterior confirmando las dos personas heridas en el incidente. Inicialmente se hab\u00edan reportado 11 fallecidos, pero posteriormente se actualiz\u00f3 la cifra a 13.\" \/>\n<meta property=\"og:url\" content=\"https:\/\/canal7slp.tv\/2023\/matan-a-13-agentes-en-guerrero-entre-ellos-el-jefe-policial-de-coyuca-de-benitez\/\" \/>\n<meta property=\"og:site_name\" content=\"Canal 7 SLP - 2023\" \/>\n<meta property=\"article:publisher\" content=\"https:\/\/www.facebook.com\/noticieroscanalsiete\" \/>\n<meta property=\"article:published_time\" content=\"2023-10-24T22:10:07+00:00\" \/>\n<meta property=\"og:image\" content=\"https:\/\/canal7slp.tv\/2023\/wp-content\/uploads\/2023\/10\/07-11.jpg\" \/>\n\t<meta property=\"og:image:width\" content=\"830\" \/>\n\t<meta property=\"og:image:height\" content=\"553\" \/>\n\t<meta property=\"og:image:type\" content=\"image\/jpeg\" \/>\n<meta name=\"author\" content=\"Edici\u00f3n Web\" \/>\n<meta name=\"twitter:card\" content=\"summary_large_image\" \/>\n<meta name=\"twitter:creator\" content=\"@NOTICIEROS7\" \/>\n<meta name=\"twitter:site\" content=\"@NOTICIEROS7\" \/>\n<meta name=\"twitter:label1\" content=\"Escrito por\" \/>\n\t<meta name=\"twitter:data1\" content=\"Edici\u00f3n Web\" \/>\n\t<meta name=\"twitter:label2\" content=\"Tiempo de lectura\" \/>\n\t<meta name=\"twitter:data2\" content=\"1 minuto\" \/>\n<script type=\"application\/ld+json\" class=\"yoast-schema-graph\">{\"@context\":\"https:\\\/\\\/schema.org\",\"@graph\":[{\"@type\":\"Article\",\"@id\":\"https:\\\/\\\/canal7slp.tv\\\/2023\\\/matan-a-13-agentes-en-guerrero-entre-ellos-el-jefe-policial-de-coyuca-de-benitez\\\/#article\",\"isPartOf\":{\"@id\":\"https:\\\/\\\/canal7slp.tv\\\/2023\\\/matan-a-13-agentes-en-guerrero-entre-ellos-el-jefe-policial-de-coyuca-de-benitez\\\/\"},\"author\":{\"name\":\"Edici\u00f3n Web\",\"@id\":\"https:\\\/\\\/canal7slp.tv\\\/2023\\\/#\\\/schema\\\/person\\\/639c424e3584069003b11ae813915da6\"},\"headline\":\"Matan a 13 agentes en Guerrero, entre ellos el jefe policial de Coyuca de Ben\u00edtez\",\"datePublished\":\"2023-10-24T22:10:07+00:00\",\"mainEntityOfPage\":{\"@id\":\"https:\\\/\\\/canal7slp.tv\\\/2023\\\/matan-a-13-agentes-en-guerrero-entre-ellos-el-jefe-policial-de-coyuca-de-benitez\\\/\"},\"wordCount\":125,\"publisher\":{\"@id\":\"https:\\\/\\\/canal7slp.tv\\\/2023\\\/#organization\"},\"image\":{\"@id\":\"https:\\\/\\\/canal7slp.tv\\\/2023\\\/matan-a-13-agentes-en-guerrero-entre-ellos-el-jefe-policial-de-coyuca-de-benitez\\\/#primaryimage\"},\"thumbnailUrl\":\"https:\\\/\\\/canal7slp.tv\\\/2023\\\/wp-content\\\/uploads\\\/2023\\\/10\\\/07-11.jpg\",\"articleSection\":[\"NACIONALES\"],\"inLanguage\":\"es\"},{\"@type\":\"WebPage\",\"@id\":\"https:\\\/\\\/canal7slp.tv\\\/2023\\\/matan-a-13-agentes-en-guerrero-entre-ellos-el-jefe-policial-de-coyuca-de-benitez\\\/\",\"url\":\"https:\\\/\\\/canal7slp.tv\\\/2023\\\/matan-a-13-agentes-en-guerrero-entre-ellos-el-jefe-policial-de-coyuca-de-benitez\\\/\",\"name\":\"Matan a 13 agentes en Guerrero, entre ellos el jefe policial de Coyuca de Ben\u00edtez - Canal 7 SLP - 2023\",\"isPartOf\":{\"@id\":\"https:\\\/\\\/canal7slp.tv\\\/2023\\\/#website\"},\"primaryImageOfPage\":{\"@id\":\"https:\\\/\\\/canal7slp.tv\\\/2023\\\/matan-a-13-agentes-en-guerrero-entre-ellos-el-jefe-policial-de-coyuca-de-benitez\\\/#primaryimage\"},\"image\":{\"@id\":\"https:\\\/\\\/canal7slp.tv\\\/2023\\\/matan-a-13-agentes-en-guerrero-entre-ellos-el-jefe-policial-de-coyuca-de-benitez\\\/#primaryimage\"},\"thumbnailUrl\":\"https:\\\/\\\/canal7slp.tv\\\/2023\\\/wp-content\\\/uploads\\\/2023\\\/10\\\/07-11.jpg\",\"datePublished\":\"2023-10-24T22:10:07+00:00\",\"breadcrumb\":{\"@id\":\"https:\\\/\\\/canal7slp.tv\\\/2023\\\/matan-a-13-agentes-en-guerrero-entre-ellos-el-jefe-policial-de-coyuca-de-benitez\\\/#breadcrumb\"},\"inLanguage\":\"es\",\"potentialAction\":[{\"@type\":\"ReadAction\",\"target\":[\"https:\\\/\\\/canal7slp.tv\\\/2023\\\/matan-a-13-agentes-en-guerrero-entre-ellos-el-jefe-policial-de-coyuca-de-benitez\\\/\"]}]},{\"@type\":\"ImageObject\",\"inLanguage\":\"es\",\"@id\":\"https:\\\/\\\/canal7slp.tv\\\/2023\\\/matan-a-13-agentes-en-guerrero-entre-ellos-el-jefe-policial-de-coyuca-de-benitez\\\/#primaryimage\",\"url\":\"https:\\\/\\\/canal7slp.tv\\\/2023\\\/wp-content\\\/uploads\\\/2023\\\/10\\\/07-11.jpg\",\"contentUrl\":\"https:\\\/\\\/canal7slp.tv\\\/2023\\\/wp-content\\\/uploads\\\/2023\\\/10\\\/07-11.jpg\",\"width\":830,\"height\":553},{\"@type\":\"BreadcrumbList\",\"@id\":\"https:\\\/\\\/canal7slp.tv\\\/2023\\\/matan-a-13-agentes-en-guerrero-entre-ellos-el-jefe-policial-de-coyuca-de-benitez\\\/#breadcrumb\",\"itemListElement\":[{\"@type\":\"ListItem\",\"position\":1,\"name\":\"Portada\",\"item\":\"https:\\\/\\\/canal7slp.tv\\\/2023\\\/\"},{\"@type\":\"ListItem\",\"position\":2,\"name\":\"Matan a 13 agentes en Guerrero, entre ellos el jefe policial de Coyuca de Ben\u00edtez\"}]},{\"@type\":\"WebSite\",\"@id\":\"https:\\\/\\\/canal7slp.tv\\\/2023\\\/#website\",\"url\":\"https:\\\/\\\/canal7slp.tv\\\/2023\\\/\",\"name\":\"N7 - Noticieros Canal 7\",\"description\":\"Somos Televisi\u00f3n\",\"publisher\":{\"@id\":\"https:\\\/\\\/canal7slp.tv\\\/2023\\\/#organization\"},\"potentialAction\":[{\"@type\":\"SearchAction\",\"target\":{\"@type\":\"EntryPoint\",\"urlTemplate\":\"https:\\\/\\\/canal7slp.tv\\\/2023\\\/?s={search_term_string}\"},\"query-input\":{\"@type\":\"PropertyValueSpecification\",\"valueRequired\":true,\"valueName\":\"search_term_string\"}}],\"inLanguage\":\"es\"},{\"@type\":\"Organization\",\"@id\":\"https:\\\/\\\/canal7slp.tv\\\/2023\\\/#organization\",\"name\":\"Noticieros Canal 7\",\"url\":\"https:\\\/\\\/canal7slp.tv\\\/2023\\\/\",\"logo\":{\"@type\":\"ImageObject\",\"inLanguage\":\"es\",\"@id\":\"https:\\\/\\\/canal7slp.tv\\\/2023\\\/#\\\/schema\\\/logo\\\/image\\\/\",\"url\":\"https:\\\/\\\/canal7slp.tv\\\/2023\\\/wp-content\\\/uploads\\\/2021\\\/01\\\/logo-noticieros@2x.png\",\"contentUrl\":\"https:\\\/\\\/canal7slp.tv\\\/2023\\\/wp-content\\\/uploads\\\/2021\\\/01\\\/logo-noticieros@2x.png\",\"width\":1017,\"height\":268,\"caption\":\"Noticieros Canal 7\"},\"image\":{\"@id\":\"https:\\\/\\\/canal7slp.tv\\\/2023\\\/#\\\/schema\\\/logo\\\/image\\\/\"},\"sameAs\":[\"https:\\\/\\\/www.facebook.com\\\/noticieroscanalsiete\",\"https:\\\/\\\/x.com\\\/NOTICIEROS7\",\"https:\\\/\\\/www.instagram.com\\\/canal7_slp\",\"https:\\\/\\\/www.youtube.com\\\/channel\\\/UCliiYs-gP3JfJeqdPrNdd5A\"]},{\"@type\":\"Person\",\"@id\":\"https:\\\/\\\/canal7slp.tv\\\/2023\\\/#\\\/schema\\\/person\\\/639c424e3584069003b11ae813915da6\",\"name\":\"Edici\u00f3n Web\",\"image\":{\"@type\":\"ImageObject\",\"inLanguage\":\"es\",\"@id\":\"https:\\\/\\\/secure.gravatar.com\\\/avatar\\\/eee448fc3f7164808013b816ba91ac7e43bbe82a70bebac296f8bc6f0addaa1a?s=96&d=mm&r=g\",\"url\":\"https:\\\/\\\/secure.gravatar.com\\\/avatar\\\/eee448fc3f7164808013b816ba91ac7e43bbe82a70bebac296f8bc6f0addaa1a?s=96&d=mm&r=g\",\"contentUrl\":\"https:\\\/\\\/secure.gravatar.com\\\/avatar\\\/eee448fc3f7164808013b816ba91ac7e43bbe82a70bebac296f8bc6f0addaa1a?s=96&d=mm&r=g\",\"caption\":\"Edici\u00f3n Web\"},\"url\":\"https:\\\/\\\/canal7slp.tv\\\/2023\\\/author\\\/edicionweb\\\/\"}]}<\/script>\n<!-- \/ Yoast SEO plugin. -->","yoast_head_json":{"title":"Matan a 13 agentes en Guerrero, entre ellos el jefe policial de Coyuca de Ben\u00edtez - Canal 7 SLP - 2023","robots":{"index":"index","follow":"follow","max-snippet":"max-snippet:-1","max-image-preview":"max-image-preview:large","max-video-preview":"max-video-preview:-1"},"canonical":"https:\/\/canal7slp.tv\/2023\/matan-a-13-agentes-en-guerrero-entre-ellos-el-jefe-policial-de-coyuca-de-benitez\/","og_locale":"es_ES","og_type":"article","og_title":"Matan a 13 agentes en Guerrero, entre ellos el jefe policial de Coyuca de Ben\u00edtez - Canal 7 SLP - 2023","og_description":"Coyuca de Ben\u00edtez.- El director de Informaci\u00f3n y Comunicaci\u00f3n de la Fiscal\u00eda General de Guerrero, Carlos Monje, inform\u00f3 que trece polic\u00edas perdieron la vida y dos personas resultaron heridas en un brutal ataque armado. Asimismo, se\u00f1al\u00f3 que entre las v\u00edctimas se encuentra el secretario de Seguridad de la localidad de Coyuca de Ben\u00edtez. Por su parte, el vicefiscal estatal de investigaciones, Gabriel Hern\u00e1ndez Mendoza, ofreci\u00f3 pocos detalles durante una videoconferencia. La Fiscal\u00eda de Guerrero emiti\u00f3 un comunicado posterior confirmando las dos personas heridas en el incidente. Inicialmente se hab\u00edan reportado 11 fallecidos, pero posteriormente se actualiz\u00f3 la cifra a 13.","og_url":"https:\/\/canal7slp.tv\/2023\/matan-a-13-agentes-en-guerrero-entre-ellos-el-jefe-policial-de-coyuca-de-benitez\/","og_site_name":"Canal 7 SLP - 2023","article_publisher":"https:\/\/www.facebook.com\/noticieroscanalsiete","article_published_time":"2023-10-24T22:10:07+00:00","og_image":[{"width":830,"height":553,"url":"https:\/\/canal7slp.tv\/2023\/wp-content\/uploads\/2023\/10\/07-11.jpg","type":"image\/jpeg"}],"author":"Edici\u00f3n Web","twitter_card":"summary_large_image","twitter_creator":"@NOTICIEROS7","twitter_site":"@NOTICIEROS7","twitter_misc":{"Escrito por":"Edici\u00f3n Web","Tiempo de lectura":"1 minuto"},"schema":{"@context":"https:\/\/schema.org","@graph":[{"@type":"Article","@id":"https:\/\/canal7slp.tv\/2023\/matan-a-13-agentes-en-guerrero-entre-ellos-el-jefe-policial-de-coyuca-de-benitez\/#article","isPartOf":{"@id":"https:\/\/canal7slp.tv\/2023\/matan-a-13-agentes-en-guerrero-entre-ellos-el-jefe-policial-de-coyuca-de-benitez\/"},"author":{"name":"Edici\u00f3n Web","@id":"https:\/\/canal7slp.tv\/2023\/#\/schema\/person\/639c424e3584069003b11ae813915da6"},"headline":"Matan a 13 agentes en Guerrero, entre ellos el jefe policial de Coyuca de Ben\u00edtez","datePublished":"2023-10-24T22:10:07+00:00","mainEntityOfPage":{"@id":"https:\/\/canal7slp.tv\/2023\/matan-a-13-agentes-en-guerrero-entre-ellos-el-jefe-policial-de-coyuca-de-benitez\/"},"wordCount":125,"publisher":{"@id":"https:\/\/canal7slp.tv\/2023\/#organization"},"image":{"@id":"https:\/\/canal7slp.tv\/2023\/matan-a-13-agentes-en-guerrero-entre-ellos-el-jefe-policial-de-coyuca-de-benitez\/#primaryimage"},"thumbnailUrl":"https:\/\/canal7slp.tv\/2023\/wp-content\/uploads\/2023\/10\/07-11.jpg","articleSection":["NACIONALES"],"inLanguage":"es"},{"@type":"WebPage","@id":"https:\/\/canal7slp.tv\/2023\/matan-a-13-agentes-en-guerrero-entre-ellos-el-jefe-policial-de-coyuca-de-benitez\/","url":"https:\/\/canal7slp.tv\/2023\/matan-a-13-agentes-en-guerrero-entre-ellos-el-jefe-policial-de-coyuca-de-benitez\/","name":"Matan a 13 agentes en Guerrero, entre ellos el jefe policial de Coyuca de Ben\u00edtez - Canal 7 SLP - 2023","isPartOf":{"@id":"https:\/\/canal7slp.tv\/2023\/#website"},"primaryImageOfPage":{"@id":"https:\/\/canal7slp.tv\/2023\/matan-a-13-agentes-en-guerrero-entre-ellos-el-jefe-policial-de-coyuca-de-benitez\/#primaryimage"},"image":{"@id":"https:\/\/canal7slp.tv\/2023\/matan-a-13-agentes-en-guerrero-entre-ellos-el-jefe-policial-de-coyuca-de-benitez\/#primaryimage"},"thumbnailUrl":"https:\/\/canal7slp.tv\/2023\/wp-content\/uploads\/2023\/10\/07-11.jpg","datePublished":"2023-10-24T22:10:07+00:00","breadcrumb":{"@id":"https:\/\/canal7slp.tv\/2023\/matan-a-13-agentes-en-guerrero-entre-ellos-el-jefe-policial-de-coyuca-de-benitez\/#breadcrumb"},"inLanguage":"es","potentialAction":[{"@type":"ReadAction","target":["https:\/\/canal7slp.tv\/2023\/matan-a-13-agentes-en-guerrero-entre-ellos-el-jefe-policial-de-coyuca-de-benitez\/"]}]},{"@type":"ImageObject","inLanguage":"es","@id":"https:\/\/canal7slp.tv\/2023\/matan-a-13-agentes-en-guerrero-entre-ellos-el-jefe-policial-de-coyuca-de-benitez\/#primaryimage","url":"https:\/\/canal7slp.tv\/2023\/wp-content\/uploads\/2023\/10\/07-11.jpg","contentUrl":"https:\/\/canal7slp.tv\/2023\/wp-content\/uploads\/2023\/10\/07-11.jpg","width":830,"height":553},{"@type":"BreadcrumbList","@id":"https:\/\/canal7slp.tv\/2023\/matan-a-13-agentes-en-guerrero-entre-ellos-el-jefe-policial-de-coyuca-de-benitez\/#breadcrumb","itemListElement":[{"@type":"ListItem","position":1,"name":"Portada","item":"https:\/\/canal7slp.tv\/2023\/"},{"@type":"ListItem","position":2,"name":"Matan a 13 agentes en Guerrero, entre ellos el jefe policial de Coyuca de Ben\u00edtez"}]},{"@type":"WebSite","@id":"https:\/\/canal7slp.tv\/2023\/#website","url":"https:\/\/canal7slp.tv\/2023\/","name":"N7 - Noticieros Canal 7","description":"Somos Televisi\u00f3n","publisher":{"@id":"https:\/\/canal7slp.tv\/2023\/#organization"},"potentialAction":[{"@type":"SearchAction","target":{"@type":"EntryPoint","urlTemplate":"https:\/\/canal7slp.tv\/2023\/?s={search_term_string}"},"query-input":{"@type":"PropertyValueSpecification","valueRequired":true,"valueName":"search_term_string"}}],"inLanguage":"es"},{"@type":"Organization","@id":"https:\/\/canal7slp.tv\/2023\/#organization","name":"Noticieros Canal 7","url":"https:\/\/canal7slp.tv\/2023\/","logo":{"@type":"ImageObject","inLanguage":"es","@id":"https:\/\/canal7slp.tv\/2023\/#\/schema\/logo\/image\/","url":"https:\/\/canal7slp.tv\/2023\/wp-content\/uploads\/2021\/01\/logo-noticieros@2x.png","contentUrl":"https:\/\/canal7slp.tv\/2023\/wp-content\/uploads\/2021\/01\/logo-noticieros@2x.png","width":1017,"height":268,"caption":"Noticieros Canal 7"},"image":{"@id":"https:\/\/canal7slp.tv\/2023\/#\/schema\/logo\/image\/"},"sameAs":["https:\/\/www.facebook.com\/noticieroscanalsiete","https:\/\/x.com\/NOTICIEROS7","https:\/\/www.instagram.com\/canal7_slp","https:\/\/www.youtube.com\/channel\/UCliiYs-gP3JfJeqdPrNdd5A"]},{"@type":"Person","@id":"https:\/\/canal7slp.tv\/2023\/#\/schema\/person\/639c424e3584069003b11ae813915da6","name":"Edici\u00f3n Web","image":{"@type":"ImageObject","inLanguage":"es","@id":"https:\/\/secure.gravatar.com\/avatar\/eee448fc3f7164808013b816ba91ac7e43bbe82a70bebac296f8bc6f0addaa1a?s=96&d=mm&r=g","url":"https:\/\/secure.gravatar.com\/avatar\/eee448fc3f7164808013b816ba91ac7e43bbe82a70bebac296f8bc6f0addaa1a?s=96&d=mm&r=g","contentUrl":"https:\/\/secure.gravatar.com\/avatar\/eee448fc3f7164808013b816ba91ac7e43bbe82a70bebac296f8bc6f0addaa1a?s=96&d=mm&r=g","caption":"Edici\u00f3n Web"},"url":"https:\/\/canal7slp.tv\/2023\/author\/edicionweb\/"}]}},"_links":{"self":[{"href":"https:\/\/canal7slp.tv\/2023\/wp-json\/wp\/v2\/posts\/110906","targetHints":{"allow":["GET"]}}],"collection":[{"href":"https:\/\/canal7slp.tv\/2023\/wp-json\/wp\/v2\/posts"}],"about":[{"href":"https:\/\/canal7slp.tv\/2023\/wp-json\/wp\/v2\/types\/post"}],"author":[{"embeddable":true,"href":"https:\/\/canal7slp.tv\/2023\/wp-json\/wp\/v2\/users\/2"}],"replies":[{"embeddable":true,"href":"https:\/\/canal7slp.tv\/2023\/wp-json\/wp\/v2\/comments?post=110906"}],"version-history":[{"count":3,"href":"https:\/\/canal7slp.tv\/2023\/wp-json\/wp\/v2\/posts\/110906\/revisions"}],"predecessor-version":[{"id":110950,"href":"https:\/\/canal7slp.tv\/2023\/wp-json\/wp\/v2\/posts\/110906\/revisions\/110950"}],"wp:featuredmedia":[{"embeddable":true,"href":"https:\/\/canal7slp.tv\/2023\/wp-json\/wp\/v2\/media\/110928"}],"wp:attachment":[{"href":"https:\/\/canal7slp.tv\/2023\/wp-json\/wp\/v2\/media?parent=110906"}],"wp:term":[{"taxonomy":"category","embeddable":true,"href":"https:\/\/canal7slp.tv\/2023\/wp-json\/wp\/v2\/categories?post=110906"},{"taxonomy":"post_tag","embeddable":true,"href":"https:\/\/canal7slp.tv\/2023\/wp-json\/wp\/v2\/tags?post=110906"}],"curies":[{"name":"wp","href":"https:\/\/api.w.org\/{rel}","templated":true}]}}