{"id":110905,"date":"2023-10-24T16:06:22","date_gmt":"2023-10-24T22:06:22","guid":{"rendered":"https:\/\/canal7slp.tv\/2023\/?p=110905"},"modified":"2023-10-24T16:06:22","modified_gmt":"2023-10-24T22:06:22","slug":"teresa-reyes-sahagun-nueva-titular-de-la-comision-nacional-de-busqueda","status":"publish","type":"post","link":"https:\/\/canal7slp.tv\/2023\/teresa-reyes-sahagun-nueva-titular-de-la-comision-nacional-de-busqueda\/","title":{"rendered":"Teresa Reyes Sahag\u00fan, nueva titular de la Comisi\u00f3n Nacional de B\u00fasqueda"},"content":{"rendered":"<p style=\"text-align: justify;\">M\u00e9xico.- El Gobierno de M\u00e9xico ha nombrado a Teresa Guadalupe Reyes Sahag\u00fan como la nueva titular de la Comisi\u00f3n Nacional de B\u00fasqueda.<\/p>\n<p style=\"text-align: justify;\">Por su parte, la secretaria de Gobernaci\u00f3n, Luisa Mar\u00eda Alcalde indic\u00f3 que Reyes Sahag\u00fan fue elegida tras un proceso de consultas p\u00fablicas a colectivos de v\u00edctimas, personas expertas y organizaciones de la sociedad civil.<\/p>\n<p style=\"text-align: justify;\">Pese a esto, activistas y la oficina del Alto Comisionado de las Naciones Unidas para los Derechos Humanos en M\u00e9xico han cuestionado la designaci\u00f3n.<\/p>\n<p style=\"text-align: justify;\">El curr\u00edculum oficial de Reyes Sahag\u00fan revela que su carrera se ha enfocado en \u00e1reas de educaci\u00f3n, bienestar, finanzas y organizaci\u00f3n pol\u00edtica del partido oficialista, Morena.<\/p>\n","protected":false},"excerpt":{"rendered":"<p>M\u00e9xico.- El Gobierno de M\u00e9xico ha nombrado a Teresa Guadalupe Reyes Sahag\u00fan como la nueva titular de la Comisi\u00f3n Nacional de B\u00fasqueda. Por su parte, la secretaria de Gobernaci\u00f3n, Luisa Mar\u00eda Alcalde indic\u00f3 que Reyes Sahag\u00fan fue elegida tras un proceso de consultas p\u00fablicas a colectivos de v\u00edctimas, personas expertas y organizaciones de la sociedad civil. Pese a esto, activistas y la oficina del Alto Comisionado de las Naciones Unidas para los Derechos Humanos en M\u00e9xico han cuestionado la designaci\u00f3n. El curr\u00edculum oficial de Reyes Sahag\u00fan revela que su carrera se ha enfocado en \u00e1reas de educaci\u00f3n, bienestar, finanzas y [&hellip;]<\/p>\n","protected":false},"author":2,"featured_media":110927,"comment_status":"closed","ping_status":"closed","sticky":false,"template":"","format":"standard","meta":{"footnotes":""},"categories":[46],"tags":[],"class_list":["post-110905","post","type-post","status-publish","format-standard","has-post-thumbnail","hentry","category-nacional","post--single"],"yoast_head":"<!-- This site is optimized with the Yoast SEO plugin v27.5 - https:\/\/yoast.com\/product\/yoast-seo-wordpress\/ -->\n<title>Teresa Reyes Sahag\u00fan, nueva titular de la Comisi\u00f3n Nacional de B\u00fasqueda - Canal 7 SLP - 2023<\/title>\n<meta name=\"robots\" content=\"index, follow, max-snippet:-1, max-image-preview:large, max-video-preview:-1\" \/>\n<link rel=\"canonical\" href=\"https:\/\/canal7slp.tv\/2023\/teresa-reyes-sahagun-nueva-titular-de-la-comision-nacional-de-busqueda\/\" \/>\n<meta property=\"og:locale\" content=\"es_ES\" \/>\n<meta property=\"og:type\" content=\"article\" \/>\n<meta property=\"og:title\" content=\"Teresa Reyes Sahag\u00fan, nueva titular de la Comisi\u00f3n Nacional de B\u00fasqueda - Canal 7 SLP - 2023\" \/>\n<meta property=\"og:description\" content=\"M\u00e9xico.- El Gobierno de M\u00e9xico ha nombrado a Teresa Guadalupe Reyes Sahag\u00fan como la nueva titular de la Comisi\u00f3n Nacional de B\u00fasqueda. Por su parte, la secretaria de Gobernaci\u00f3n, Luisa Mar\u00eda Alcalde indic\u00f3 que Reyes Sahag\u00fan fue elegida tras un proceso de consultas p\u00fablicas a colectivos de v\u00edctimas, personas expertas y organizaciones de la sociedad civil. Pese a esto, activistas y la oficina del Alto Comisionado de las Naciones Unidas para los Derechos Humanos en M\u00e9xico han cuestionado la designaci\u00f3n. El curr\u00edculum oficial de Reyes Sahag\u00fan revela que su carrera se ha enfocado en \u00e1reas de educaci\u00f3n, bienestar, finanzas y [&hellip;]\" \/>\n<meta property=\"og:url\" content=\"https:\/\/canal7slp.tv\/2023\/teresa-reyes-sahagun-nueva-titular-de-la-comision-nacional-de-busqueda\/\" \/>\n<meta property=\"og:site_name\" content=\"Canal 7 SLP - 2023\" \/>\n<meta property=\"article:publisher\" content=\"https:\/\/www.facebook.com\/noticieroscanalsiete\" \/>\n<meta property=\"article:published_time\" content=\"2023-10-24T22:06:22+00:00\" \/>\n<meta property=\"og:image\" content=\"https:\/\/canal7slp.tv\/2023\/wp-content\/uploads\/2023\/10\/06-19.jpg\" \/>\n\t<meta property=\"og:image:width\" content=\"992\" \/>\n\t<meta property=\"og:image:height\" content=\"580\" \/>\n\t<meta property=\"og:image:type\" content=\"image\/jpeg\" \/>\n<meta name=\"author\" content=\"Edici\u00f3n Web\" \/>\n<meta name=\"twitter:card\" content=\"summary_large_image\" \/>\n<meta name=\"twitter:creator\" content=\"@NOTICIEROS7\" \/>\n<meta name=\"twitter:site\" content=\"@NOTICIEROS7\" \/>\n<meta name=\"twitter:label1\" content=\"Escrito por\" \/>\n\t<meta name=\"twitter:data1\" content=\"Edici\u00f3n Web\" \/>\n\t<meta name=\"twitter:label2\" content=\"Tiempo de lectura\" \/>\n\t<meta name=\"twitter:data2\" content=\"1 minuto\" \/>\n<script type=\"application\/ld+json\" class=\"yoast-schema-graph\">{\"@context\":\"https:\\\/\\\/schema.org\",\"@graph\":[{\"@type\":\"Article\",\"@id\":\"https:\\\/\\\/canal7slp.tv\\\/2023\\\/teresa-reyes-sahagun-nueva-titular-de-la-comision-nacional-de-busqueda\\\/#article\",\"isPartOf\":{\"@id\":\"https:\\\/\\\/canal7slp.tv\\\/2023\\\/teresa-reyes-sahagun-nueva-titular-de-la-comision-nacional-de-busqueda\\\/\"},\"author\":{\"name\":\"Edici\u00f3n Web\",\"@id\":\"https:\\\/\\\/canal7slp.tv\\\/2023\\\/#\\\/schema\\\/person\\\/639c424e3584069003b11ae813915da6\"},\"headline\":\"Teresa Reyes Sahag\u00fan, nueva titular de la Comisi\u00f3n Nacional de B\u00fasqueda\",\"datePublished\":\"2023-10-24T22:06:22+00:00\",\"mainEntityOfPage\":{\"@id\":\"https:\\\/\\\/canal7slp.tv\\\/2023\\\/teresa-reyes-sahagun-nueva-titular-de-la-comision-nacional-de-busqueda\\\/\"},\"wordCount\":138,\"publisher\":{\"@id\":\"https:\\\/\\\/canal7slp.tv\\\/2023\\\/#organization\"},\"image\":{\"@id\":\"https:\\\/\\\/canal7slp.tv\\\/2023\\\/teresa-reyes-sahagun-nueva-titular-de-la-comision-nacional-de-busqueda\\\/#primaryimage\"},\"thumbnailUrl\":\"https:\\\/\\\/canal7slp.tv\\\/2023\\\/wp-content\\\/uploads\\\/2023\\\/10\\\/06-19.jpg\",\"articleSection\":[\"NACIONALES\"],\"inLanguage\":\"es\"},{\"@type\":\"WebPage\",\"@id\":\"https:\\\/\\\/canal7slp.tv\\\/2023\\\/teresa-reyes-sahagun-nueva-titular-de-la-comision-nacional-de-busqueda\\\/\",\"url\":\"https:\\\/\\\/canal7slp.tv\\\/2023\\\/teresa-reyes-sahagun-nueva-titular-de-la-comision-nacional-de-busqueda\\\/\",\"name\":\"Teresa Reyes Sahag\u00fan, nueva titular de la Comisi\u00f3n Nacional de B\u00fasqueda - Canal 7 SLP - 2023\",\"isPartOf\":{\"@id\":\"https:\\\/\\\/canal7slp.tv\\\/2023\\\/#website\"},\"primaryImageOfPage\":{\"@id\":\"https:\\\/\\\/canal7slp.tv\\\/2023\\\/teresa-reyes-sahagun-nueva-titular-de-la-comision-nacional-de-busqueda\\\/#primaryimage\"},\"image\":{\"@id\":\"https:\\\/\\\/canal7slp.tv\\\/2023\\\/teresa-reyes-sahagun-nueva-titular-de-la-comision-nacional-de-busqueda\\\/#primaryimage\"},\"thumbnailUrl\":\"https:\\\/\\\/canal7slp.tv\\\/2023\\\/wp-content\\\/uploads\\\/2023\\\/10\\\/06-19.jpg\",\"datePublished\":\"2023-10-24T22:06:22+00:00\",\"breadcrumb\":{\"@id\":\"https:\\\/\\\/canal7slp.tv\\\/2023\\\/teresa-reyes-sahagun-nueva-titular-de-la-comision-nacional-de-busqueda\\\/#breadcrumb\"},\"inLanguage\":\"es\",\"potentialAction\":[{\"@type\":\"ReadAction\",\"target\":[\"https:\\\/\\\/canal7slp.tv\\\/2023\\\/teresa-reyes-sahagun-nueva-titular-de-la-comision-nacional-de-busqueda\\\/\"]}]},{\"@type\":\"ImageObject\",\"inLanguage\":\"es\",\"@id\":\"https:\\\/\\\/canal7slp.tv\\\/2023\\\/teresa-reyes-sahagun-nueva-titular-de-la-comision-nacional-de-busqueda\\\/#primaryimage\",\"url\":\"https:\\\/\\\/canal7slp.tv\\\/2023\\\/wp-content\\\/uploads\\\/2023\\\/10\\\/06-19.jpg\",\"contentUrl\":\"https:\\\/\\\/canal7slp.tv\\\/2023\\\/wp-content\\\/uploads\\\/2023\\\/10\\\/06-19.jpg\",\"width\":992,\"height\":580},{\"@type\":\"BreadcrumbList\",\"@id\":\"https:\\\/\\\/canal7slp.tv\\\/2023\\\/teresa-reyes-sahagun-nueva-titular-de-la-comision-nacional-de-busqueda\\\/#breadcrumb\",\"itemListElement\":[{\"@type\":\"ListItem\",\"position\":1,\"name\":\"Portada\",\"item\":\"https:\\\/\\\/canal7slp.tv\\\/2023\\\/\"},{\"@type\":\"ListItem\",\"position\":2,\"name\":\"Teresa Reyes Sahag\u00fan, nueva titular de la Comisi\u00f3n Nacional de B\u00fasqueda\"}]},{\"@type\":\"WebSite\",\"@id\":\"https:\\\/\\\/canal7slp.tv\\\/2023\\\/#website\",\"url\":\"https:\\\/\\\/canal7slp.tv\\\/2023\\\/\",\"name\":\"N7 - Noticieros Canal 7\",\"description\":\"Somos Televisi\u00f3n\",\"publisher\":{\"@id\":\"https:\\\/\\\/canal7slp.tv\\\/2023\\\/#organization\"},\"potentialAction\":[{\"@type\":\"SearchAction\",\"target\":{\"@type\":\"EntryPoint\",\"urlTemplate\":\"https:\\\/\\\/canal7slp.tv\\\/2023\\\/?s={search_term_string}\"},\"query-input\":{\"@type\":\"PropertyValueSpecification\",\"valueRequired\":true,\"valueName\":\"search_term_string\"}}],\"inLanguage\":\"es\"},{\"@type\":\"Organization\",\"@id\":\"https:\\\/\\\/canal7slp.tv\\\/2023\\\/#organization\",\"name\":\"Noticieros Canal 7\",\"url\":\"https:\\\/\\\/canal7slp.tv\\\/2023\\\/\",\"logo\":{\"@type\":\"ImageObject\",\"inLanguage\":\"es\",\"@id\":\"https:\\\/\\\/canal7slp.tv\\\/2023\\\/#\\\/schema\\\/logo\\\/image\\\/\",\"url\":\"https:\\\/\\\/canal7slp.tv\\\/2023\\\/wp-content\\\/uploads\\\/2021\\\/01\\\/logo-noticieros@2x.png\",\"contentUrl\":\"https:\\\/\\\/canal7slp.tv\\\/2023\\\/wp-content\\\/uploads\\\/2021\\\/01\\\/logo-noticieros@2x.png\",\"width\":1017,\"height\":268,\"caption\":\"Noticieros Canal 7\"},\"image\":{\"@id\":\"https:\\\/\\\/canal7slp.tv\\\/2023\\\/#\\\/schema\\\/logo\\\/image\\\/\"},\"sameAs\":[\"https:\\\/\\\/www.facebook.com\\\/noticieroscanalsiete\",\"https:\\\/\\\/x.com\\\/NOTICIEROS7\",\"https:\\\/\\\/www.instagram.com\\\/canal7_slp\",\"https:\\\/\\\/www.youtube.com\\\/channel\\\/UCliiYs-gP3JfJeqdPrNdd5A\"]},{\"@type\":\"Person\",\"@id\":\"https:\\\/\\\/canal7slp.tv\\\/2023\\\/#\\\/schema\\\/person\\\/639c424e3584069003b11ae813915da6\",\"name\":\"Edici\u00f3n Web\",\"image\":{\"@type\":\"ImageObject\",\"inLanguage\":\"es\",\"@id\":\"https:\\\/\\\/secure.gravatar.com\\\/avatar\\\/eee448fc3f7164808013b816ba91ac7e43bbe82a70bebac296f8bc6f0addaa1a?s=96&d=mm&r=g\",\"url\":\"https:\\\/\\\/secure.gravatar.com\\\/avatar\\\/eee448fc3f7164808013b816ba91ac7e43bbe82a70bebac296f8bc6f0addaa1a?s=96&d=mm&r=g\",\"contentUrl\":\"https:\\\/\\\/secure.gravatar.com\\\/avatar\\\/eee448fc3f7164808013b816ba91ac7e43bbe82a70bebac296f8bc6f0addaa1a?s=96&d=mm&r=g\",\"caption\":\"Edici\u00f3n Web\"},\"url\":\"https:\\\/\\\/canal7slp.tv\\\/2023\\\/author\\\/edicionweb\\\/\"}]}<\/script>\n<!-- \/ Yoast SEO plugin. -->","yoast_head_json":{"title":"Teresa Reyes Sahag\u00fan, nueva titular de la Comisi\u00f3n Nacional de B\u00fasqueda - Canal 7 SLP - 2023","robots":{"index":"index","follow":"follow","max-snippet":"max-snippet:-1","max-image-preview":"max-image-preview:large","max-video-preview":"max-video-preview:-1"},"canonical":"https:\/\/canal7slp.tv\/2023\/teresa-reyes-sahagun-nueva-titular-de-la-comision-nacional-de-busqueda\/","og_locale":"es_ES","og_type":"article","og_title":"Teresa Reyes Sahag\u00fan, nueva titular de la Comisi\u00f3n Nacional de B\u00fasqueda - Canal 7 SLP - 2023","og_description":"M\u00e9xico.- El Gobierno de M\u00e9xico ha nombrado a Teresa Guadalupe Reyes Sahag\u00fan como la nueva titular de la Comisi\u00f3n Nacional de B\u00fasqueda. Por su parte, la secretaria de Gobernaci\u00f3n, Luisa Mar\u00eda Alcalde indic\u00f3 que Reyes Sahag\u00fan fue elegida tras un proceso de consultas p\u00fablicas a colectivos de v\u00edctimas, personas expertas y organizaciones de la sociedad civil. Pese a esto, activistas y la oficina del Alto Comisionado de las Naciones Unidas para los Derechos Humanos en M\u00e9xico han cuestionado la designaci\u00f3n. El curr\u00edculum oficial de Reyes Sahag\u00fan revela que su carrera se ha enfocado en \u00e1reas de educaci\u00f3n, bienestar, finanzas y [&hellip;]","og_url":"https:\/\/canal7slp.tv\/2023\/teresa-reyes-sahagun-nueva-titular-de-la-comision-nacional-de-busqueda\/","og_site_name":"Canal 7 SLP - 2023","article_publisher":"https:\/\/www.facebook.com\/noticieroscanalsiete","article_published_time":"2023-10-24T22:06:22+00:00","og_image":[{"width":992,"height":580,"url":"https:\/\/canal7slp.tv\/2023\/wp-content\/uploads\/2023\/10\/06-19.jpg","type":"image\/jpeg"}],"author":"Edici\u00f3n Web","twitter_card":"summary_large_image","twitter_creator":"@NOTICIEROS7","twitter_site":"@NOTICIEROS7","twitter_misc":{"Escrito por":"Edici\u00f3n Web","Tiempo de lectura":"1 minuto"},"schema":{"@context":"https:\/\/schema.org","@graph":[{"@type":"Article","@id":"https:\/\/canal7slp.tv\/2023\/teresa-reyes-sahagun-nueva-titular-de-la-comision-nacional-de-busqueda\/#article","isPartOf":{"@id":"https:\/\/canal7slp.tv\/2023\/teresa-reyes-sahagun-nueva-titular-de-la-comision-nacional-de-busqueda\/"},"author":{"name":"Edici\u00f3n Web","@id":"https:\/\/canal7slp.tv\/2023\/#\/schema\/person\/639c424e3584069003b11ae813915da6"},"headline":"Teresa Reyes Sahag\u00fan, nueva titular de la Comisi\u00f3n Nacional de B\u00fasqueda","datePublished":"2023-10-24T22:06:22+00:00","mainEntityOfPage":{"@id":"https:\/\/canal7slp.tv\/2023\/teresa-reyes-sahagun-nueva-titular-de-la-comision-nacional-de-busqueda\/"},"wordCount":138,"publisher":{"@id":"https:\/\/canal7slp.tv\/2023\/#organization"},"image":{"@id":"https:\/\/canal7slp.tv\/2023\/teresa-reyes-sahagun-nueva-titular-de-la-comision-nacional-de-busqueda\/#primaryimage"},"thumbnailUrl":"https:\/\/canal7slp.tv\/2023\/wp-content\/uploads\/2023\/10\/06-19.jpg","articleSection":["NACIONALES"],"inLanguage":"es"},{"@type":"WebPage","@id":"https:\/\/canal7slp.tv\/2023\/teresa-reyes-sahagun-nueva-titular-de-la-comision-nacional-de-busqueda\/","url":"https:\/\/canal7slp.tv\/2023\/teresa-reyes-sahagun-nueva-titular-de-la-comision-nacional-de-busqueda\/","name":"Teresa Reyes Sahag\u00fan, nueva titular de la Comisi\u00f3n Nacional de B\u00fasqueda - Canal 7 SLP - 2023","isPartOf":{"@id":"https:\/\/canal7slp.tv\/2023\/#website"},"primaryImageOfPage":{"@id":"https:\/\/canal7slp.tv\/2023\/teresa-reyes-sahagun-nueva-titular-de-la-comision-nacional-de-busqueda\/#primaryimage"},"image":{"@id":"https:\/\/canal7slp.tv\/2023\/teresa-reyes-sahagun-nueva-titular-de-la-comision-nacional-de-busqueda\/#primaryimage"},"thumbnailUrl":"https:\/\/canal7slp.tv\/2023\/wp-content\/uploads\/2023\/10\/06-19.jpg","datePublished":"2023-10-24T22:06:22+00:00","breadcrumb":{"@id":"https:\/\/canal7slp.tv\/2023\/teresa-reyes-sahagun-nueva-titular-de-la-comision-nacional-de-busqueda\/#breadcrumb"},"inLanguage":"es","potentialAction":[{"@type":"ReadAction","target":["https:\/\/canal7slp.tv\/2023\/teresa-reyes-sahagun-nueva-titular-de-la-comision-nacional-de-busqueda\/"]}]},{"@type":"ImageObject","inLanguage":"es","@id":"https:\/\/canal7slp.tv\/2023\/teresa-reyes-sahagun-nueva-titular-de-la-comision-nacional-de-busqueda\/#primaryimage","url":"https:\/\/canal7slp.tv\/2023\/wp-content\/uploads\/2023\/10\/06-19.jpg","contentUrl":"https:\/\/canal7slp.tv\/2023\/wp-content\/uploads\/2023\/10\/06-19.jpg","width":992,"height":580},{"@type":"BreadcrumbList","@id":"https:\/\/canal7slp.tv\/2023\/teresa-reyes-sahagun-nueva-titular-de-la-comision-nacional-de-busqueda\/#breadcrumb","itemListElement":[{"@type":"ListItem","position":1,"name":"Portada","item":"https:\/\/canal7slp.tv\/2023\/"},{"@type":"ListItem","position":2,"name":"Teresa Reyes Sahag\u00fan, nueva titular de la Comisi\u00f3n Nacional de B\u00fasqueda"}]},{"@type":"WebSite","@id":"https:\/\/canal7slp.tv\/2023\/#website","url":"https:\/\/canal7slp.tv\/2023\/","name":"N7 - Noticieros Canal 7","description":"Somos Televisi\u00f3n","publisher":{"@id":"https:\/\/canal7slp.tv\/2023\/#organization"},"potentialAction":[{"@type":"SearchAction","target":{"@type":"EntryPoint","urlTemplate":"https:\/\/canal7slp.tv\/2023\/?s={search_term_string}"},"query-input":{"@type":"PropertyValueSpecification","valueRequired":true,"valueName":"search_term_string"}}],"inLanguage":"es"},{"@type":"Organization","@id":"https:\/\/canal7slp.tv\/2023\/#organization","name":"Noticieros Canal 7","url":"https:\/\/canal7slp.tv\/2023\/","logo":{"@type":"ImageObject","inLanguage":"es","@id":"https:\/\/canal7slp.tv\/2023\/#\/schema\/logo\/image\/","url":"https:\/\/canal7slp.tv\/2023\/wp-content\/uploads\/2021\/01\/logo-noticieros@2x.png","contentUrl":"https:\/\/canal7slp.tv\/2023\/wp-content\/uploads\/2021\/01\/logo-noticieros@2x.png","width":1017,"height":268,"caption":"Noticieros Canal 7"},"image":{"@id":"https:\/\/canal7slp.tv\/2023\/#\/schema\/logo\/image\/"},"sameAs":["https:\/\/www.facebook.com\/noticieroscanalsiete","https:\/\/x.com\/NOTICIEROS7","https:\/\/www.instagram.com\/canal7_slp","https:\/\/www.youtube.com\/channel\/UCliiYs-gP3JfJeqdPrNdd5A"]},{"@type":"Person","@id":"https:\/\/canal7slp.tv\/2023\/#\/schema\/person\/639c424e3584069003b11ae813915da6","name":"Edici\u00f3n Web","image":{"@type":"ImageObject","inLanguage":"es","@id":"https:\/\/secure.gravatar.com\/avatar\/eee448fc3f7164808013b816ba91ac7e43bbe82a70bebac296f8bc6f0addaa1a?s=96&d=mm&r=g","url":"https:\/\/secure.gravatar.com\/avatar\/eee448fc3f7164808013b816ba91ac7e43bbe82a70bebac296f8bc6f0addaa1a?s=96&d=mm&r=g","contentUrl":"https:\/\/secure.gravatar.com\/avatar\/eee448fc3f7164808013b816ba91ac7e43bbe82a70bebac296f8bc6f0addaa1a?s=96&d=mm&r=g","caption":"Edici\u00f3n Web"},"url":"https:\/\/canal7slp.tv\/2023\/author\/edicionweb\/"}]}},"_links":{"self":[{"href":"https:\/\/canal7slp.tv\/2023\/wp-json\/wp\/v2\/posts\/110905","targetHints":{"allow":["GET"]}}],"collection":[{"href":"https:\/\/canal7slp.tv\/2023\/wp-json\/wp\/v2\/posts"}],"about":[{"href":"https:\/\/canal7slp.tv\/2023\/wp-json\/wp\/v2\/types\/post"}],"author":[{"embeddable":true,"href":"https:\/\/canal7slp.tv\/2023\/wp-json\/wp\/v2\/users\/2"}],"replies":[{"embeddable":true,"href":"https:\/\/canal7slp.tv\/2023\/wp-json\/wp\/v2\/comments?post=110905"}],"version-history":[{"count":3,"href":"https:\/\/canal7slp.tv\/2023\/wp-json\/wp\/v2\/posts\/110905\/revisions"}],"predecessor-version":[{"id":110949,"href":"https:\/\/canal7slp.tv\/2023\/wp-json\/wp\/v2\/posts\/110905\/revisions\/110949"}],"wp:featuredmedia":[{"embeddable":true,"href":"https:\/\/canal7slp.tv\/2023\/wp-json\/wp\/v2\/media\/110927"}],"wp:attachment":[{"href":"https:\/\/canal7slp.tv\/2023\/wp-json\/wp\/v2\/media?parent=110905"}],"wp:term":[{"taxonomy":"category","embeddable":true,"href":"https:\/\/canal7slp.tv\/2023\/wp-json\/wp\/v2\/categories?post=110905"},{"taxonomy":"post_tag","embeddable":true,"href":"https:\/\/canal7slp.tv\/2023\/wp-json\/wp\/v2\/tags?post=110905"}],"curies":[{"name":"wp","href":"https:\/\/api.w.org\/{rel}","templated":true}]}}