{"id":110904,"date":"2023-10-24T16:05:38","date_gmt":"2023-10-24T22:05:38","guid":{"rendered":"https:\/\/canal7slp.tv\/2023\/?p=110904"},"modified":"2023-10-24T16:05:38","modified_gmt":"2023-10-24T22:05:38","slug":"con-aceptacion-avanza-campana-de-vacunacion-contra-covid-19-e-influenza","status":"publish","type":"post","link":"https:\/\/canal7slp.tv\/2023\/con-aceptacion-avanza-campana-de-vacunacion-contra-covid-19-e-influenza\/","title":{"rendered":"Con aceptaci\u00f3n avanza campa\u00f1a de vacunaci\u00f3n contra COVID-19 e influenza"},"content":{"rendered":"<ul>\n<li>El presidente, Andr\u00e9s Manuel L\u00f3pez Obrador se aplic\u00f3 las dosis durante la Ma\u00f1anera.<\/li>\n<\/ul>\n<p style=\"text-align: justify;\">M\u00e9xico.- En una semana de intensa actividad, M\u00e9xico ha logrado un importante avance en la campa\u00f1a de vacunaci\u00f3n contra la influenza y el Covid-19. M\u00e1s de 1.7 millones de dosis han sido administradas para proteger a la poblaci\u00f3n vulnerable.<\/p>\n<p style=\"text-align: justify;\">Durante el Pulso de la Salud, el subsecretario de Prevenci\u00f3n y Promoci\u00f3n de la Salud, Ruy L\u00f3pez Ridaura inform\u00f3 que la campa\u00f1a de vacunaci\u00f3n ya se encuentra en marcha en todo el pa\u00eds.<\/p>\n<p style=\"text-align: justify;\">La meta establecida para esta campa\u00f1a invernal es aplicar 35.2 millones de dosis contra la influenza y 19.4 millones de dosis para combatir el Covid-19.<\/p>\n<p style=\"text-align: justify;\">Es importante destacar que estas vacunas est\u00e1n dirigidas a grupos de alto riesgo, aquellos que pueden presentar complicaciones.<\/p>\n<p style=\"text-align: justify;\">Los principales grupos prioritarios incluyen a los adultos mayores de 60 a\u00f1os, personas de cinco a 59 a\u00f1os con comorbilidades o tratamientos m\u00e9dicos que debiliten su sistema inmunol\u00f3gico, personal de salud y mujeres embarazadas.<\/p>\n<p style=\"text-align: justify;\">Cabe mencionar que los menores de cinco a\u00f1os solo son candidatos para recibir la vacuna contra la influenza, la cual est\u00e1 indicada para ni\u00f1os de 6 meses a 59 meses de edad.<\/p>\n","protected":false},"excerpt":{"rendered":"<p>El presidente, Andr\u00e9s Manuel L\u00f3pez Obrador se aplic\u00f3 las dosis durante la Ma\u00f1anera. M\u00e9xico.- En una semana de intensa actividad, M\u00e9xico ha logrado un importante avance en la campa\u00f1a de vacunaci\u00f3n contra la influenza y el Covid-19. M\u00e1s de 1.7 millones de dosis han sido administradas para proteger a la poblaci\u00f3n vulnerable. Durante el Pulso de la Salud, el subsecretario de Prevenci\u00f3n y Promoci\u00f3n de la Salud, Ruy L\u00f3pez Ridaura inform\u00f3 que la campa\u00f1a de vacunaci\u00f3n ya se encuentra en marcha en todo el pa\u00eds. La meta establecida para esta campa\u00f1a invernal es aplicar 35.2 millones de dosis contra la [&hellip;]<\/p>\n","protected":false},"author":2,"featured_media":110926,"comment_status":"closed","ping_status":"closed","sticky":false,"template":"","format":"standard","meta":{"footnotes":""},"categories":[4,46],"tags":[],"class_list":["post-110904","post","type-post","status-publish","format-standard","has-post-thumbnail","hentry","category-covid-19","category-nacional","post--single"],"yoast_head":"<!-- This site is optimized with the Yoast SEO plugin v27.5 - https:\/\/yoast.com\/product\/yoast-seo-wordpress\/ -->\n<title>Con aceptaci\u00f3n avanza campa\u00f1a de vacunaci\u00f3n contra COVID-19 e influenza - Canal 7 SLP - 2023<\/title>\n<meta name=\"robots\" content=\"index, follow, max-snippet:-1, max-image-preview:large, max-video-preview:-1\" \/>\n<link rel=\"canonical\" href=\"https:\/\/canal7slp.tv\/2023\/con-aceptacion-avanza-campana-de-vacunacion-contra-covid-19-e-influenza\/\" \/>\n<meta property=\"og:locale\" content=\"es_ES\" \/>\n<meta property=\"og:type\" content=\"article\" \/>\n<meta property=\"og:title\" content=\"Con aceptaci\u00f3n avanza campa\u00f1a de vacunaci\u00f3n contra COVID-19 e influenza - Canal 7 SLP - 2023\" \/>\n<meta property=\"og:description\" content=\"El presidente, Andr\u00e9s Manuel L\u00f3pez Obrador se aplic\u00f3 las dosis durante la Ma\u00f1anera. M\u00e9xico.- En una semana de intensa actividad, M\u00e9xico ha logrado un importante avance en la campa\u00f1a de vacunaci\u00f3n contra la influenza y el Covid-19. M\u00e1s de 1.7 millones de dosis han sido administradas para proteger a la poblaci\u00f3n vulnerable. Durante el Pulso de la Salud, el subsecretario de Prevenci\u00f3n y Promoci\u00f3n de la Salud, Ruy L\u00f3pez Ridaura inform\u00f3 que la campa\u00f1a de vacunaci\u00f3n ya se encuentra en marcha en todo el pa\u00eds. La meta establecida para esta campa\u00f1a invernal es aplicar 35.2 millones de dosis contra la [&hellip;]\" \/>\n<meta property=\"og:url\" content=\"https:\/\/canal7slp.tv\/2023\/con-aceptacion-avanza-campana-de-vacunacion-contra-covid-19-e-influenza\/\" \/>\n<meta property=\"og:site_name\" content=\"Canal 7 SLP - 2023\" \/>\n<meta property=\"article:publisher\" content=\"https:\/\/www.facebook.com\/noticieroscanalsiete\" \/>\n<meta property=\"article:published_time\" content=\"2023-10-24T22:05:38+00:00\" \/>\n<meta property=\"og:image\" content=\"https:\/\/canal7slp.tv\/2023\/wp-content\/uploads\/2023\/10\/05-17.jpg\" \/>\n\t<meta property=\"og:image:width\" content=\"1170\" \/>\n\t<meta property=\"og:image:height\" content=\"658\" \/>\n\t<meta property=\"og:image:type\" content=\"image\/jpeg\" \/>\n<meta name=\"author\" content=\"Edici\u00f3n Web\" \/>\n<meta name=\"twitter:card\" content=\"summary_large_image\" \/>\n<meta name=\"twitter:creator\" content=\"@NOTICIEROS7\" \/>\n<meta name=\"twitter:site\" content=\"@NOTICIEROS7\" \/>\n<meta name=\"twitter:label1\" content=\"Escrito por\" \/>\n\t<meta name=\"twitter:data1\" content=\"Edici\u00f3n Web\" \/>\n\t<meta name=\"twitter:label2\" content=\"Tiempo de lectura\" \/>\n\t<meta name=\"twitter:data2\" content=\"1 minuto\" \/>\n<script type=\"application\/ld+json\" class=\"yoast-schema-graph\">{\"@context\":\"https:\\\/\\\/schema.org\",\"@graph\":[{\"@type\":\"Article\",\"@id\":\"https:\\\/\\\/canal7slp.tv\\\/2023\\\/con-aceptacion-avanza-campana-de-vacunacion-contra-covid-19-e-influenza\\\/#article\",\"isPartOf\":{\"@id\":\"https:\\\/\\\/canal7slp.tv\\\/2023\\\/con-aceptacion-avanza-campana-de-vacunacion-contra-covid-19-e-influenza\\\/\"},\"author\":{\"name\":\"Edici\u00f3n Web\",\"@id\":\"https:\\\/\\\/canal7slp.tv\\\/2023\\\/#\\\/schema\\\/person\\\/639c424e3584069003b11ae813915da6\"},\"headline\":\"Con aceptaci\u00f3n avanza campa\u00f1a de vacunaci\u00f3n contra COVID-19 e influenza\",\"datePublished\":\"2023-10-24T22:05:38+00:00\",\"mainEntityOfPage\":{\"@id\":\"https:\\\/\\\/canal7slp.tv\\\/2023\\\/con-aceptacion-avanza-campana-de-vacunacion-contra-covid-19-e-influenza\\\/\"},\"wordCount\":224,\"publisher\":{\"@id\":\"https:\\\/\\\/canal7slp.tv\\\/2023\\\/#organization\"},\"image\":{\"@id\":\"https:\\\/\\\/canal7slp.tv\\\/2023\\\/con-aceptacion-avanza-campana-de-vacunacion-contra-covid-19-e-influenza\\\/#primaryimage\"},\"thumbnailUrl\":\"https:\\\/\\\/canal7slp.tv\\\/2023\\\/wp-content\\\/uploads\\\/2023\\\/10\\\/05-17.jpg\",\"articleSection\":[\"COVID-19\",\"NACIONALES\"],\"inLanguage\":\"es\"},{\"@type\":\"WebPage\",\"@id\":\"https:\\\/\\\/canal7slp.tv\\\/2023\\\/con-aceptacion-avanza-campana-de-vacunacion-contra-covid-19-e-influenza\\\/\",\"url\":\"https:\\\/\\\/canal7slp.tv\\\/2023\\\/con-aceptacion-avanza-campana-de-vacunacion-contra-covid-19-e-influenza\\\/\",\"name\":\"Con aceptaci\u00f3n avanza campa\u00f1a de vacunaci\u00f3n contra COVID-19 e influenza - Canal 7 SLP - 2023\",\"isPartOf\":{\"@id\":\"https:\\\/\\\/canal7slp.tv\\\/2023\\\/#website\"},\"primaryImageOfPage\":{\"@id\":\"https:\\\/\\\/canal7slp.tv\\\/2023\\\/con-aceptacion-avanza-campana-de-vacunacion-contra-covid-19-e-influenza\\\/#primaryimage\"},\"image\":{\"@id\":\"https:\\\/\\\/canal7slp.tv\\\/2023\\\/con-aceptacion-avanza-campana-de-vacunacion-contra-covid-19-e-influenza\\\/#primaryimage\"},\"thumbnailUrl\":\"https:\\\/\\\/canal7slp.tv\\\/2023\\\/wp-content\\\/uploads\\\/2023\\\/10\\\/05-17.jpg\",\"datePublished\":\"2023-10-24T22:05:38+00:00\",\"breadcrumb\":{\"@id\":\"https:\\\/\\\/canal7slp.tv\\\/2023\\\/con-aceptacion-avanza-campana-de-vacunacion-contra-covid-19-e-influenza\\\/#breadcrumb\"},\"inLanguage\":\"es\",\"potentialAction\":[{\"@type\":\"ReadAction\",\"target\":[\"https:\\\/\\\/canal7slp.tv\\\/2023\\\/con-aceptacion-avanza-campana-de-vacunacion-contra-covid-19-e-influenza\\\/\"]}]},{\"@type\":\"ImageObject\",\"inLanguage\":\"es\",\"@id\":\"https:\\\/\\\/canal7slp.tv\\\/2023\\\/con-aceptacion-avanza-campana-de-vacunacion-contra-covid-19-e-influenza\\\/#primaryimage\",\"url\":\"https:\\\/\\\/canal7slp.tv\\\/2023\\\/wp-content\\\/uploads\\\/2023\\\/10\\\/05-17.jpg\",\"contentUrl\":\"https:\\\/\\\/canal7slp.tv\\\/2023\\\/wp-content\\\/uploads\\\/2023\\\/10\\\/05-17.jpg\",\"width\":1170,\"height\":658},{\"@type\":\"BreadcrumbList\",\"@id\":\"https:\\\/\\\/canal7slp.tv\\\/2023\\\/con-aceptacion-avanza-campana-de-vacunacion-contra-covid-19-e-influenza\\\/#breadcrumb\",\"itemListElement\":[{\"@type\":\"ListItem\",\"position\":1,\"name\":\"Portada\",\"item\":\"https:\\\/\\\/canal7slp.tv\\\/2023\\\/\"},{\"@type\":\"ListItem\",\"position\":2,\"name\":\"Con aceptaci\u00f3n avanza campa\u00f1a de vacunaci\u00f3n contra COVID-19 e influenza\"}]},{\"@type\":\"WebSite\",\"@id\":\"https:\\\/\\\/canal7slp.tv\\\/2023\\\/#website\",\"url\":\"https:\\\/\\\/canal7slp.tv\\\/2023\\\/\",\"name\":\"N7 - Noticieros Canal 7\",\"description\":\"Somos Televisi\u00f3n\",\"publisher\":{\"@id\":\"https:\\\/\\\/canal7slp.tv\\\/2023\\\/#organization\"},\"potentialAction\":[{\"@type\":\"SearchAction\",\"target\":{\"@type\":\"EntryPoint\",\"urlTemplate\":\"https:\\\/\\\/canal7slp.tv\\\/2023\\\/?s={search_term_string}\"},\"query-input\":{\"@type\":\"PropertyValueSpecification\",\"valueRequired\":true,\"valueName\":\"search_term_string\"}}],\"inLanguage\":\"es\"},{\"@type\":\"Organization\",\"@id\":\"https:\\\/\\\/canal7slp.tv\\\/2023\\\/#organization\",\"name\":\"Noticieros Canal 7\",\"url\":\"https:\\\/\\\/canal7slp.tv\\\/2023\\\/\",\"logo\":{\"@type\":\"ImageObject\",\"inLanguage\":\"es\",\"@id\":\"https:\\\/\\\/canal7slp.tv\\\/2023\\\/#\\\/schema\\\/logo\\\/image\\\/\",\"url\":\"https:\\\/\\\/canal7slp.tv\\\/2023\\\/wp-content\\\/uploads\\\/2021\\\/01\\\/logo-noticieros@2x.png\",\"contentUrl\":\"https:\\\/\\\/canal7slp.tv\\\/2023\\\/wp-content\\\/uploads\\\/2021\\\/01\\\/logo-noticieros@2x.png\",\"width\":1017,\"height\":268,\"caption\":\"Noticieros Canal 7\"},\"image\":{\"@id\":\"https:\\\/\\\/canal7slp.tv\\\/2023\\\/#\\\/schema\\\/logo\\\/image\\\/\"},\"sameAs\":[\"https:\\\/\\\/www.facebook.com\\\/noticieroscanalsiete\",\"https:\\\/\\\/x.com\\\/NOTICIEROS7\",\"https:\\\/\\\/www.instagram.com\\\/canal7_slp\",\"https:\\\/\\\/www.youtube.com\\\/channel\\\/UCliiYs-gP3JfJeqdPrNdd5A\"]},{\"@type\":\"Person\",\"@id\":\"https:\\\/\\\/canal7slp.tv\\\/2023\\\/#\\\/schema\\\/person\\\/639c424e3584069003b11ae813915da6\",\"name\":\"Edici\u00f3n Web\",\"image\":{\"@type\":\"ImageObject\",\"inLanguage\":\"es\",\"@id\":\"https:\\\/\\\/secure.gravatar.com\\\/avatar\\\/eee448fc3f7164808013b816ba91ac7e43bbe82a70bebac296f8bc6f0addaa1a?s=96&d=mm&r=g\",\"url\":\"https:\\\/\\\/secure.gravatar.com\\\/avatar\\\/eee448fc3f7164808013b816ba91ac7e43bbe82a70bebac296f8bc6f0addaa1a?s=96&d=mm&r=g\",\"contentUrl\":\"https:\\\/\\\/secure.gravatar.com\\\/avatar\\\/eee448fc3f7164808013b816ba91ac7e43bbe82a70bebac296f8bc6f0addaa1a?s=96&d=mm&r=g\",\"caption\":\"Edici\u00f3n Web\"},\"url\":\"https:\\\/\\\/canal7slp.tv\\\/2023\\\/author\\\/edicionweb\\\/\"}]}<\/script>\n<!-- \/ Yoast SEO plugin. -->","yoast_head_json":{"title":"Con aceptaci\u00f3n avanza campa\u00f1a de vacunaci\u00f3n contra COVID-19 e influenza - Canal 7 SLP - 2023","robots":{"index":"index","follow":"follow","max-snippet":"max-snippet:-1","max-image-preview":"max-image-preview:large","max-video-preview":"max-video-preview:-1"},"canonical":"https:\/\/canal7slp.tv\/2023\/con-aceptacion-avanza-campana-de-vacunacion-contra-covid-19-e-influenza\/","og_locale":"es_ES","og_type":"article","og_title":"Con aceptaci\u00f3n avanza campa\u00f1a de vacunaci\u00f3n contra COVID-19 e influenza - Canal 7 SLP - 2023","og_description":"El presidente, Andr\u00e9s Manuel L\u00f3pez Obrador se aplic\u00f3 las dosis durante la Ma\u00f1anera. M\u00e9xico.- En una semana de intensa actividad, M\u00e9xico ha logrado un importante avance en la campa\u00f1a de vacunaci\u00f3n contra la influenza y el Covid-19. M\u00e1s de 1.7 millones de dosis han sido administradas para proteger a la poblaci\u00f3n vulnerable. Durante el Pulso de la Salud, el subsecretario de Prevenci\u00f3n y Promoci\u00f3n de la Salud, Ruy L\u00f3pez Ridaura inform\u00f3 que la campa\u00f1a de vacunaci\u00f3n ya se encuentra en marcha en todo el pa\u00eds. La meta establecida para esta campa\u00f1a invernal es aplicar 35.2 millones de dosis contra la [&hellip;]","og_url":"https:\/\/canal7slp.tv\/2023\/con-aceptacion-avanza-campana-de-vacunacion-contra-covid-19-e-influenza\/","og_site_name":"Canal 7 SLP - 2023","article_publisher":"https:\/\/www.facebook.com\/noticieroscanalsiete","article_published_time":"2023-10-24T22:05:38+00:00","og_image":[{"width":1170,"height":658,"url":"https:\/\/canal7slp.tv\/2023\/wp-content\/uploads\/2023\/10\/05-17.jpg","type":"image\/jpeg"}],"author":"Edici\u00f3n Web","twitter_card":"summary_large_image","twitter_creator":"@NOTICIEROS7","twitter_site":"@NOTICIEROS7","twitter_misc":{"Escrito por":"Edici\u00f3n Web","Tiempo de lectura":"1 minuto"},"schema":{"@context":"https:\/\/schema.org","@graph":[{"@type":"Article","@id":"https:\/\/canal7slp.tv\/2023\/con-aceptacion-avanza-campana-de-vacunacion-contra-covid-19-e-influenza\/#article","isPartOf":{"@id":"https:\/\/canal7slp.tv\/2023\/con-aceptacion-avanza-campana-de-vacunacion-contra-covid-19-e-influenza\/"},"author":{"name":"Edici\u00f3n Web","@id":"https:\/\/canal7slp.tv\/2023\/#\/schema\/person\/639c424e3584069003b11ae813915da6"},"headline":"Con aceptaci\u00f3n avanza campa\u00f1a de vacunaci\u00f3n contra COVID-19 e influenza","datePublished":"2023-10-24T22:05:38+00:00","mainEntityOfPage":{"@id":"https:\/\/canal7slp.tv\/2023\/con-aceptacion-avanza-campana-de-vacunacion-contra-covid-19-e-influenza\/"},"wordCount":224,"publisher":{"@id":"https:\/\/canal7slp.tv\/2023\/#organization"},"image":{"@id":"https:\/\/canal7slp.tv\/2023\/con-aceptacion-avanza-campana-de-vacunacion-contra-covid-19-e-influenza\/#primaryimage"},"thumbnailUrl":"https:\/\/canal7slp.tv\/2023\/wp-content\/uploads\/2023\/10\/05-17.jpg","articleSection":["COVID-19","NACIONALES"],"inLanguage":"es"},{"@type":"WebPage","@id":"https:\/\/canal7slp.tv\/2023\/con-aceptacion-avanza-campana-de-vacunacion-contra-covid-19-e-influenza\/","url":"https:\/\/canal7slp.tv\/2023\/con-aceptacion-avanza-campana-de-vacunacion-contra-covid-19-e-influenza\/","name":"Con aceptaci\u00f3n avanza campa\u00f1a de vacunaci\u00f3n contra COVID-19 e influenza - Canal 7 SLP - 2023","isPartOf":{"@id":"https:\/\/canal7slp.tv\/2023\/#website"},"primaryImageOfPage":{"@id":"https:\/\/canal7slp.tv\/2023\/con-aceptacion-avanza-campana-de-vacunacion-contra-covid-19-e-influenza\/#primaryimage"},"image":{"@id":"https:\/\/canal7slp.tv\/2023\/con-aceptacion-avanza-campana-de-vacunacion-contra-covid-19-e-influenza\/#primaryimage"},"thumbnailUrl":"https:\/\/canal7slp.tv\/2023\/wp-content\/uploads\/2023\/10\/05-17.jpg","datePublished":"2023-10-24T22:05:38+00:00","breadcrumb":{"@id":"https:\/\/canal7slp.tv\/2023\/con-aceptacion-avanza-campana-de-vacunacion-contra-covid-19-e-influenza\/#breadcrumb"},"inLanguage":"es","potentialAction":[{"@type":"ReadAction","target":["https:\/\/canal7slp.tv\/2023\/con-aceptacion-avanza-campana-de-vacunacion-contra-covid-19-e-influenza\/"]}]},{"@type":"ImageObject","inLanguage":"es","@id":"https:\/\/canal7slp.tv\/2023\/con-aceptacion-avanza-campana-de-vacunacion-contra-covid-19-e-influenza\/#primaryimage","url":"https:\/\/canal7slp.tv\/2023\/wp-content\/uploads\/2023\/10\/05-17.jpg","contentUrl":"https:\/\/canal7slp.tv\/2023\/wp-content\/uploads\/2023\/10\/05-17.jpg","width":1170,"height":658},{"@type":"BreadcrumbList","@id":"https:\/\/canal7slp.tv\/2023\/con-aceptacion-avanza-campana-de-vacunacion-contra-covid-19-e-influenza\/#breadcrumb","itemListElement":[{"@type":"ListItem","position":1,"name":"Portada","item":"https:\/\/canal7slp.tv\/2023\/"},{"@type":"ListItem","position":2,"name":"Con aceptaci\u00f3n avanza campa\u00f1a de vacunaci\u00f3n contra COVID-19 e influenza"}]},{"@type":"WebSite","@id":"https:\/\/canal7slp.tv\/2023\/#website","url":"https:\/\/canal7slp.tv\/2023\/","name":"N7 - Noticieros Canal 7","description":"Somos Televisi\u00f3n","publisher":{"@id":"https:\/\/canal7slp.tv\/2023\/#organization"},"potentialAction":[{"@type":"SearchAction","target":{"@type":"EntryPoint","urlTemplate":"https:\/\/canal7slp.tv\/2023\/?s={search_term_string}"},"query-input":{"@type":"PropertyValueSpecification","valueRequired":true,"valueName":"search_term_string"}}],"inLanguage":"es"},{"@type":"Organization","@id":"https:\/\/canal7slp.tv\/2023\/#organization","name":"Noticieros Canal 7","url":"https:\/\/canal7slp.tv\/2023\/","logo":{"@type":"ImageObject","inLanguage":"es","@id":"https:\/\/canal7slp.tv\/2023\/#\/schema\/logo\/image\/","url":"https:\/\/canal7slp.tv\/2023\/wp-content\/uploads\/2021\/01\/logo-noticieros@2x.png","contentUrl":"https:\/\/canal7slp.tv\/2023\/wp-content\/uploads\/2021\/01\/logo-noticieros@2x.png","width":1017,"height":268,"caption":"Noticieros Canal 7"},"image":{"@id":"https:\/\/canal7slp.tv\/2023\/#\/schema\/logo\/image\/"},"sameAs":["https:\/\/www.facebook.com\/noticieroscanalsiete","https:\/\/x.com\/NOTICIEROS7","https:\/\/www.instagram.com\/canal7_slp","https:\/\/www.youtube.com\/channel\/UCliiYs-gP3JfJeqdPrNdd5A"]},{"@type":"Person","@id":"https:\/\/canal7slp.tv\/2023\/#\/schema\/person\/639c424e3584069003b11ae813915da6","name":"Edici\u00f3n Web","image":{"@type":"ImageObject","inLanguage":"es","@id":"https:\/\/secure.gravatar.com\/avatar\/eee448fc3f7164808013b816ba91ac7e43bbe82a70bebac296f8bc6f0addaa1a?s=96&d=mm&r=g","url":"https:\/\/secure.gravatar.com\/avatar\/eee448fc3f7164808013b816ba91ac7e43bbe82a70bebac296f8bc6f0addaa1a?s=96&d=mm&r=g","contentUrl":"https:\/\/secure.gravatar.com\/avatar\/eee448fc3f7164808013b816ba91ac7e43bbe82a70bebac296f8bc6f0addaa1a?s=96&d=mm&r=g","caption":"Edici\u00f3n Web"},"url":"https:\/\/canal7slp.tv\/2023\/author\/edicionweb\/"}]}},"_links":{"self":[{"href":"https:\/\/canal7slp.tv\/2023\/wp-json\/wp\/v2\/posts\/110904","targetHints":{"allow":["GET"]}}],"collection":[{"href":"https:\/\/canal7slp.tv\/2023\/wp-json\/wp\/v2\/posts"}],"about":[{"href":"https:\/\/canal7slp.tv\/2023\/wp-json\/wp\/v2\/types\/post"}],"author":[{"embeddable":true,"href":"https:\/\/canal7slp.tv\/2023\/wp-json\/wp\/v2\/users\/2"}],"replies":[{"embeddable":true,"href":"https:\/\/canal7slp.tv\/2023\/wp-json\/wp\/v2\/comments?post=110904"}],"version-history":[{"count":3,"href":"https:\/\/canal7slp.tv\/2023\/wp-json\/wp\/v2\/posts\/110904\/revisions"}],"predecessor-version":[{"id":110948,"href":"https:\/\/canal7slp.tv\/2023\/wp-json\/wp\/v2\/posts\/110904\/revisions\/110948"}],"wp:featuredmedia":[{"embeddable":true,"href":"https:\/\/canal7slp.tv\/2023\/wp-json\/wp\/v2\/media\/110926"}],"wp:attachment":[{"href":"https:\/\/canal7slp.tv\/2023\/wp-json\/wp\/v2\/media?parent=110904"}],"wp:term":[{"taxonomy":"category","embeddable":true,"href":"https:\/\/canal7slp.tv\/2023\/wp-json\/wp\/v2\/categories?post=110904"},{"taxonomy":"post_tag","embeddable":true,"href":"https:\/\/canal7slp.tv\/2023\/wp-json\/wp\/v2\/tags?post=110904"}],"curies":[{"name":"wp","href":"https:\/\/api.w.org\/{rel}","templated":true}]}}