{"id":110902,"date":"2023-10-24T16:03:51","date_gmt":"2023-10-24T22:03:51","guid":{"rendered":"https:\/\/canal7slp.tv\/2023\/?p=110902"},"modified":"2023-10-24T16:03:51","modified_gmt":"2023-10-24T22:03:51","slug":"tepjf-revoca-acuerdo-del-ine-sobre-suspender-gira-de-sheinbaum","status":"publish","type":"post","link":"https:\/\/canal7slp.tv\/2023\/tepjf-revoca-acuerdo-del-ine-sobre-suspender-gira-de-sheinbaum\/","title":{"rendered":"TEPJF revoca acuerdo del INE sobre suspender gira de Sheinbaum"},"content":{"rendered":"<p style=\"text-align: justify;\">M\u00e9xico.- En una sesi\u00f3n cerrada el pasado 19 de octubre, la Sala Superior del Tribunal Electoral del Poder Judicial de la Federaci\u00f3n (TEPJF) ha revocado el acuerdo de la Comisi\u00f3n de Quejas y Denuncias del Instituto Nacional Electoral (INE) que ordenaba la suspensi\u00f3n de los actos masivos de la gira \u00abLa Esperanza nos une\u00bb liderada por Claudia Sheinbaum.<\/p>\n<p style=\"text-align: justify;\">La decisi\u00f3n, que fue notificada este lunes a las partes involucradas, cont\u00f3 con el respaldo de los magistrados Felipe Fuentes Barrera, M\u00f3nica Soto, Jos\u00e9 Luis Vargas y Felipe de la Mota, mientras que la magistrada Janine Ot\u00e1lora y el magistrado Reyes Rodr\u00edguez votaron en contra. El magistrado Indalfer Infante estuvo ausente en la sesi\u00f3n y present\u00f3 un voto particular.<\/p>\n<p style=\"text-align: justify;\">El TEPJF consider\u00f3 que el INE fundament\u00f3 y motiv\u00f3 indebidamente su determinaci\u00f3n, argumentando que las medidas cautelares impuestas a Sheinbaum eran \u00abdesproporcionadas\u00bb y contraven\u00edan principios constitucionales sobre los derechos humanos, la libre manifestaci\u00f3n de ideas y el acceso a la informaci\u00f3n.<\/p>\n<p style=\"text-align: justify;\">Asimismo se\u00f1al\u00f3 que la Comisi\u00f3n de Quejas del INE no evalu\u00f3 adecuadamente el caso para justificar la idoneidad, razonabilidad y proporcionalidad de las medidas cautelares impuestas.<\/p>\n<p style=\"text-align: justify;\">Esta decisi\u00f3n implica que las publicaciones realizadas por Sheinbaum en sus redes sociales sobre sus actividades no constituyen una infracci\u00f3n en materia electoral, espec\u00edficamente actos anticipados de precampa\u00f1a y campa\u00f1a.<\/p>\n","protected":false},"excerpt":{"rendered":"<p>M\u00e9xico.- En una sesi\u00f3n cerrada el pasado 19 de octubre, la Sala Superior del Tribunal Electoral del Poder Judicial de la Federaci\u00f3n (TEPJF) ha revocado el acuerdo de la Comisi\u00f3n de Quejas y Denuncias del Instituto Nacional Electoral (INE) que ordenaba la suspensi\u00f3n de los actos masivos de la gira \u00abLa Esperanza nos une\u00bb liderada por Claudia Sheinbaum. La decisi\u00f3n, que fue notificada este lunes a las partes involucradas, cont\u00f3 con el respaldo de los magistrados Felipe Fuentes Barrera, M\u00f3nica Soto, Jos\u00e9 Luis Vargas y Felipe de la Mota, mientras que la magistrada Janine Ot\u00e1lora y el magistrado Reyes Rodr\u00edguez [&hellip;]<\/p>\n","protected":false},"author":2,"featured_media":110923,"comment_status":"closed","ping_status":"closed","sticky":false,"template":"","format":"standard","meta":{"footnotes":""},"categories":[46],"tags":[],"class_list":["post-110902","post","type-post","status-publish","format-standard","has-post-thumbnail","hentry","category-nacional","post--single"],"yoast_head":"<!-- This site is optimized with the Yoast SEO plugin v27.5 - https:\/\/yoast.com\/product\/yoast-seo-wordpress\/ -->\n<title>TEPJF revoca acuerdo del INE sobre suspender gira de Sheinbaum - Canal 7 SLP - 2023<\/title>\n<meta name=\"robots\" content=\"index, follow, max-snippet:-1, max-image-preview:large, max-video-preview:-1\" \/>\n<link rel=\"canonical\" href=\"https:\/\/canal7slp.tv\/2023\/tepjf-revoca-acuerdo-del-ine-sobre-suspender-gira-de-sheinbaum\/\" \/>\n<meta property=\"og:locale\" content=\"es_ES\" \/>\n<meta property=\"og:type\" content=\"article\" \/>\n<meta property=\"og:title\" content=\"TEPJF revoca acuerdo del INE sobre suspender gira de Sheinbaum - Canal 7 SLP - 2023\" \/>\n<meta property=\"og:description\" content=\"M\u00e9xico.- En una sesi\u00f3n cerrada el pasado 19 de octubre, la Sala Superior del Tribunal Electoral del Poder Judicial de la Federaci\u00f3n (TEPJF) ha revocado el acuerdo de la Comisi\u00f3n de Quejas y Denuncias del Instituto Nacional Electoral (INE) que ordenaba la suspensi\u00f3n de los actos masivos de la gira \u00abLa Esperanza nos une\u00bb liderada por Claudia Sheinbaum. La decisi\u00f3n, que fue notificada este lunes a las partes involucradas, cont\u00f3 con el respaldo de los magistrados Felipe Fuentes Barrera, M\u00f3nica Soto, Jos\u00e9 Luis Vargas y Felipe de la Mota, mientras que la magistrada Janine Ot\u00e1lora y el magistrado Reyes Rodr\u00edguez [&hellip;]\" \/>\n<meta property=\"og:url\" content=\"https:\/\/canal7slp.tv\/2023\/tepjf-revoca-acuerdo-del-ine-sobre-suspender-gira-de-sheinbaum\/\" \/>\n<meta property=\"og:site_name\" content=\"Canal 7 SLP - 2023\" \/>\n<meta property=\"article:publisher\" content=\"https:\/\/www.facebook.com\/noticieroscanalsiete\" \/>\n<meta property=\"article:published_time\" content=\"2023-10-24T22:03:51+00:00\" \/>\n<meta property=\"og:image\" content=\"https:\/\/canal7slp.tv\/2023\/wp-content\/uploads\/2023\/10\/03.png\" \/>\n\t<meta property=\"og:image:width\" content=\"585\" \/>\n\t<meta property=\"og:image:height\" content=\"310\" \/>\n\t<meta property=\"og:image:type\" content=\"image\/png\" \/>\n<meta name=\"author\" content=\"Edici\u00f3n Web\" \/>\n<meta name=\"twitter:card\" content=\"summary_large_image\" \/>\n<meta name=\"twitter:creator\" content=\"@NOTICIEROS7\" \/>\n<meta name=\"twitter:site\" content=\"@NOTICIEROS7\" \/>\n<meta name=\"twitter:label1\" content=\"Escrito por\" \/>\n\t<meta name=\"twitter:data1\" content=\"Edici\u00f3n Web\" \/>\n\t<meta name=\"twitter:label2\" content=\"Tiempo de lectura\" \/>\n\t<meta name=\"twitter:data2\" content=\"1 minuto\" \/>\n<script type=\"application\/ld+json\" class=\"yoast-schema-graph\">{\"@context\":\"https:\\\/\\\/schema.org\",\"@graph\":[{\"@type\":\"Article\",\"@id\":\"https:\\\/\\\/canal7slp.tv\\\/2023\\\/tepjf-revoca-acuerdo-del-ine-sobre-suspender-gira-de-sheinbaum\\\/#article\",\"isPartOf\":{\"@id\":\"https:\\\/\\\/canal7slp.tv\\\/2023\\\/tepjf-revoca-acuerdo-del-ine-sobre-suspender-gira-de-sheinbaum\\\/\"},\"author\":{\"name\":\"Edici\u00f3n Web\",\"@id\":\"https:\\\/\\\/canal7slp.tv\\\/2023\\\/#\\\/schema\\\/person\\\/639c424e3584069003b11ae813915da6\"},\"headline\":\"TEPJF revoca acuerdo del INE sobre suspender gira de Sheinbaum\",\"datePublished\":\"2023-10-24T22:03:51+00:00\",\"mainEntityOfPage\":{\"@id\":\"https:\\\/\\\/canal7slp.tv\\\/2023\\\/tepjf-revoca-acuerdo-del-ine-sobre-suspender-gira-de-sheinbaum\\\/\"},\"wordCount\":245,\"publisher\":{\"@id\":\"https:\\\/\\\/canal7slp.tv\\\/2023\\\/#organization\"},\"image\":{\"@id\":\"https:\\\/\\\/canal7slp.tv\\\/2023\\\/tepjf-revoca-acuerdo-del-ine-sobre-suspender-gira-de-sheinbaum\\\/#primaryimage\"},\"thumbnailUrl\":\"https:\\\/\\\/canal7slp.tv\\\/2023\\\/wp-content\\\/uploads\\\/2023\\\/10\\\/03.png\",\"articleSection\":[\"NACIONALES\"],\"inLanguage\":\"es\"},{\"@type\":\"WebPage\",\"@id\":\"https:\\\/\\\/canal7slp.tv\\\/2023\\\/tepjf-revoca-acuerdo-del-ine-sobre-suspender-gira-de-sheinbaum\\\/\",\"url\":\"https:\\\/\\\/canal7slp.tv\\\/2023\\\/tepjf-revoca-acuerdo-del-ine-sobre-suspender-gira-de-sheinbaum\\\/\",\"name\":\"TEPJF revoca acuerdo del INE sobre suspender gira de Sheinbaum - Canal 7 SLP - 2023\",\"isPartOf\":{\"@id\":\"https:\\\/\\\/canal7slp.tv\\\/2023\\\/#website\"},\"primaryImageOfPage\":{\"@id\":\"https:\\\/\\\/canal7slp.tv\\\/2023\\\/tepjf-revoca-acuerdo-del-ine-sobre-suspender-gira-de-sheinbaum\\\/#primaryimage\"},\"image\":{\"@id\":\"https:\\\/\\\/canal7slp.tv\\\/2023\\\/tepjf-revoca-acuerdo-del-ine-sobre-suspender-gira-de-sheinbaum\\\/#primaryimage\"},\"thumbnailUrl\":\"https:\\\/\\\/canal7slp.tv\\\/2023\\\/wp-content\\\/uploads\\\/2023\\\/10\\\/03.png\",\"datePublished\":\"2023-10-24T22:03:51+00:00\",\"breadcrumb\":{\"@id\":\"https:\\\/\\\/canal7slp.tv\\\/2023\\\/tepjf-revoca-acuerdo-del-ine-sobre-suspender-gira-de-sheinbaum\\\/#breadcrumb\"},\"inLanguage\":\"es\",\"potentialAction\":[{\"@type\":\"ReadAction\",\"target\":[\"https:\\\/\\\/canal7slp.tv\\\/2023\\\/tepjf-revoca-acuerdo-del-ine-sobre-suspender-gira-de-sheinbaum\\\/\"]}]},{\"@type\":\"ImageObject\",\"inLanguage\":\"es\",\"@id\":\"https:\\\/\\\/canal7slp.tv\\\/2023\\\/tepjf-revoca-acuerdo-del-ine-sobre-suspender-gira-de-sheinbaum\\\/#primaryimage\",\"url\":\"https:\\\/\\\/canal7slp.tv\\\/2023\\\/wp-content\\\/uploads\\\/2023\\\/10\\\/03.png\",\"contentUrl\":\"https:\\\/\\\/canal7slp.tv\\\/2023\\\/wp-content\\\/uploads\\\/2023\\\/10\\\/03.png\",\"width\":585,\"height\":310},{\"@type\":\"BreadcrumbList\",\"@id\":\"https:\\\/\\\/canal7slp.tv\\\/2023\\\/tepjf-revoca-acuerdo-del-ine-sobre-suspender-gira-de-sheinbaum\\\/#breadcrumb\",\"itemListElement\":[{\"@type\":\"ListItem\",\"position\":1,\"name\":\"Portada\",\"item\":\"https:\\\/\\\/canal7slp.tv\\\/2023\\\/\"},{\"@type\":\"ListItem\",\"position\":2,\"name\":\"TEPJF revoca acuerdo del INE sobre suspender gira de Sheinbaum\"}]},{\"@type\":\"WebSite\",\"@id\":\"https:\\\/\\\/canal7slp.tv\\\/2023\\\/#website\",\"url\":\"https:\\\/\\\/canal7slp.tv\\\/2023\\\/\",\"name\":\"N7 - Noticieros Canal 7\",\"description\":\"Somos Televisi\u00f3n\",\"publisher\":{\"@id\":\"https:\\\/\\\/canal7slp.tv\\\/2023\\\/#organization\"},\"potentialAction\":[{\"@type\":\"SearchAction\",\"target\":{\"@type\":\"EntryPoint\",\"urlTemplate\":\"https:\\\/\\\/canal7slp.tv\\\/2023\\\/?s={search_term_string}\"},\"query-input\":{\"@type\":\"PropertyValueSpecification\",\"valueRequired\":true,\"valueName\":\"search_term_string\"}}],\"inLanguage\":\"es\"},{\"@type\":\"Organization\",\"@id\":\"https:\\\/\\\/canal7slp.tv\\\/2023\\\/#organization\",\"name\":\"Noticieros Canal 7\",\"url\":\"https:\\\/\\\/canal7slp.tv\\\/2023\\\/\",\"logo\":{\"@type\":\"ImageObject\",\"inLanguage\":\"es\",\"@id\":\"https:\\\/\\\/canal7slp.tv\\\/2023\\\/#\\\/schema\\\/logo\\\/image\\\/\",\"url\":\"https:\\\/\\\/canal7slp.tv\\\/2023\\\/wp-content\\\/uploads\\\/2021\\\/01\\\/logo-noticieros@2x.png\",\"contentUrl\":\"https:\\\/\\\/canal7slp.tv\\\/2023\\\/wp-content\\\/uploads\\\/2021\\\/01\\\/logo-noticieros@2x.png\",\"width\":1017,\"height\":268,\"caption\":\"Noticieros Canal 7\"},\"image\":{\"@id\":\"https:\\\/\\\/canal7slp.tv\\\/2023\\\/#\\\/schema\\\/logo\\\/image\\\/\"},\"sameAs\":[\"https:\\\/\\\/www.facebook.com\\\/noticieroscanalsiete\",\"https:\\\/\\\/x.com\\\/NOTICIEROS7\",\"https:\\\/\\\/www.instagram.com\\\/canal7_slp\",\"https:\\\/\\\/www.youtube.com\\\/channel\\\/UCliiYs-gP3JfJeqdPrNdd5A\"]},{\"@type\":\"Person\",\"@id\":\"https:\\\/\\\/canal7slp.tv\\\/2023\\\/#\\\/schema\\\/person\\\/639c424e3584069003b11ae813915da6\",\"name\":\"Edici\u00f3n Web\",\"image\":{\"@type\":\"ImageObject\",\"inLanguage\":\"es\",\"@id\":\"https:\\\/\\\/secure.gravatar.com\\\/avatar\\\/eee448fc3f7164808013b816ba91ac7e43bbe82a70bebac296f8bc6f0addaa1a?s=96&d=mm&r=g\",\"url\":\"https:\\\/\\\/secure.gravatar.com\\\/avatar\\\/eee448fc3f7164808013b816ba91ac7e43bbe82a70bebac296f8bc6f0addaa1a?s=96&d=mm&r=g\",\"contentUrl\":\"https:\\\/\\\/secure.gravatar.com\\\/avatar\\\/eee448fc3f7164808013b816ba91ac7e43bbe82a70bebac296f8bc6f0addaa1a?s=96&d=mm&r=g\",\"caption\":\"Edici\u00f3n Web\"},\"url\":\"https:\\\/\\\/canal7slp.tv\\\/2023\\\/author\\\/edicionweb\\\/\"}]}<\/script>\n<!-- \/ Yoast SEO plugin. -->","yoast_head_json":{"title":"TEPJF revoca acuerdo del INE sobre suspender gira de Sheinbaum - Canal 7 SLP - 2023","robots":{"index":"index","follow":"follow","max-snippet":"max-snippet:-1","max-image-preview":"max-image-preview:large","max-video-preview":"max-video-preview:-1"},"canonical":"https:\/\/canal7slp.tv\/2023\/tepjf-revoca-acuerdo-del-ine-sobre-suspender-gira-de-sheinbaum\/","og_locale":"es_ES","og_type":"article","og_title":"TEPJF revoca acuerdo del INE sobre suspender gira de Sheinbaum - Canal 7 SLP - 2023","og_description":"M\u00e9xico.- En una sesi\u00f3n cerrada el pasado 19 de octubre, la Sala Superior del Tribunal Electoral del Poder Judicial de la Federaci\u00f3n (TEPJF) ha revocado el acuerdo de la Comisi\u00f3n de Quejas y Denuncias del Instituto Nacional Electoral (INE) que ordenaba la suspensi\u00f3n de los actos masivos de la gira \u00abLa Esperanza nos une\u00bb liderada por Claudia Sheinbaum. La decisi\u00f3n, que fue notificada este lunes a las partes involucradas, cont\u00f3 con el respaldo de los magistrados Felipe Fuentes Barrera, M\u00f3nica Soto, Jos\u00e9 Luis Vargas y Felipe de la Mota, mientras que la magistrada Janine Ot\u00e1lora y el magistrado Reyes Rodr\u00edguez [&hellip;]","og_url":"https:\/\/canal7slp.tv\/2023\/tepjf-revoca-acuerdo-del-ine-sobre-suspender-gira-de-sheinbaum\/","og_site_name":"Canal 7 SLP - 2023","article_publisher":"https:\/\/www.facebook.com\/noticieroscanalsiete","article_published_time":"2023-10-24T22:03:51+00:00","og_image":[{"width":585,"height":310,"url":"https:\/\/canal7slp.tv\/2023\/wp-content\/uploads\/2023\/10\/03.png","type":"image\/png"}],"author":"Edici\u00f3n Web","twitter_card":"summary_large_image","twitter_creator":"@NOTICIEROS7","twitter_site":"@NOTICIEROS7","twitter_misc":{"Escrito por":"Edici\u00f3n Web","Tiempo de lectura":"1 minuto"},"schema":{"@context":"https:\/\/schema.org","@graph":[{"@type":"Article","@id":"https:\/\/canal7slp.tv\/2023\/tepjf-revoca-acuerdo-del-ine-sobre-suspender-gira-de-sheinbaum\/#article","isPartOf":{"@id":"https:\/\/canal7slp.tv\/2023\/tepjf-revoca-acuerdo-del-ine-sobre-suspender-gira-de-sheinbaum\/"},"author":{"name":"Edici\u00f3n Web","@id":"https:\/\/canal7slp.tv\/2023\/#\/schema\/person\/639c424e3584069003b11ae813915da6"},"headline":"TEPJF revoca acuerdo del INE sobre suspender gira de Sheinbaum","datePublished":"2023-10-24T22:03:51+00:00","mainEntityOfPage":{"@id":"https:\/\/canal7slp.tv\/2023\/tepjf-revoca-acuerdo-del-ine-sobre-suspender-gira-de-sheinbaum\/"},"wordCount":245,"publisher":{"@id":"https:\/\/canal7slp.tv\/2023\/#organization"},"image":{"@id":"https:\/\/canal7slp.tv\/2023\/tepjf-revoca-acuerdo-del-ine-sobre-suspender-gira-de-sheinbaum\/#primaryimage"},"thumbnailUrl":"https:\/\/canal7slp.tv\/2023\/wp-content\/uploads\/2023\/10\/03.png","articleSection":["NACIONALES"],"inLanguage":"es"},{"@type":"WebPage","@id":"https:\/\/canal7slp.tv\/2023\/tepjf-revoca-acuerdo-del-ine-sobre-suspender-gira-de-sheinbaum\/","url":"https:\/\/canal7slp.tv\/2023\/tepjf-revoca-acuerdo-del-ine-sobre-suspender-gira-de-sheinbaum\/","name":"TEPJF revoca acuerdo del INE sobre suspender gira de Sheinbaum - Canal 7 SLP - 2023","isPartOf":{"@id":"https:\/\/canal7slp.tv\/2023\/#website"},"primaryImageOfPage":{"@id":"https:\/\/canal7slp.tv\/2023\/tepjf-revoca-acuerdo-del-ine-sobre-suspender-gira-de-sheinbaum\/#primaryimage"},"image":{"@id":"https:\/\/canal7slp.tv\/2023\/tepjf-revoca-acuerdo-del-ine-sobre-suspender-gira-de-sheinbaum\/#primaryimage"},"thumbnailUrl":"https:\/\/canal7slp.tv\/2023\/wp-content\/uploads\/2023\/10\/03.png","datePublished":"2023-10-24T22:03:51+00:00","breadcrumb":{"@id":"https:\/\/canal7slp.tv\/2023\/tepjf-revoca-acuerdo-del-ine-sobre-suspender-gira-de-sheinbaum\/#breadcrumb"},"inLanguage":"es","potentialAction":[{"@type":"ReadAction","target":["https:\/\/canal7slp.tv\/2023\/tepjf-revoca-acuerdo-del-ine-sobre-suspender-gira-de-sheinbaum\/"]}]},{"@type":"ImageObject","inLanguage":"es","@id":"https:\/\/canal7slp.tv\/2023\/tepjf-revoca-acuerdo-del-ine-sobre-suspender-gira-de-sheinbaum\/#primaryimage","url":"https:\/\/canal7slp.tv\/2023\/wp-content\/uploads\/2023\/10\/03.png","contentUrl":"https:\/\/canal7slp.tv\/2023\/wp-content\/uploads\/2023\/10\/03.png","width":585,"height":310},{"@type":"BreadcrumbList","@id":"https:\/\/canal7slp.tv\/2023\/tepjf-revoca-acuerdo-del-ine-sobre-suspender-gira-de-sheinbaum\/#breadcrumb","itemListElement":[{"@type":"ListItem","position":1,"name":"Portada","item":"https:\/\/canal7slp.tv\/2023\/"},{"@type":"ListItem","position":2,"name":"TEPJF revoca acuerdo del INE sobre suspender gira de Sheinbaum"}]},{"@type":"WebSite","@id":"https:\/\/canal7slp.tv\/2023\/#website","url":"https:\/\/canal7slp.tv\/2023\/","name":"N7 - Noticieros Canal 7","description":"Somos Televisi\u00f3n","publisher":{"@id":"https:\/\/canal7slp.tv\/2023\/#organization"},"potentialAction":[{"@type":"SearchAction","target":{"@type":"EntryPoint","urlTemplate":"https:\/\/canal7slp.tv\/2023\/?s={search_term_string}"},"query-input":{"@type":"PropertyValueSpecification","valueRequired":true,"valueName":"search_term_string"}}],"inLanguage":"es"},{"@type":"Organization","@id":"https:\/\/canal7slp.tv\/2023\/#organization","name":"Noticieros Canal 7","url":"https:\/\/canal7slp.tv\/2023\/","logo":{"@type":"ImageObject","inLanguage":"es","@id":"https:\/\/canal7slp.tv\/2023\/#\/schema\/logo\/image\/","url":"https:\/\/canal7slp.tv\/2023\/wp-content\/uploads\/2021\/01\/logo-noticieros@2x.png","contentUrl":"https:\/\/canal7slp.tv\/2023\/wp-content\/uploads\/2021\/01\/logo-noticieros@2x.png","width":1017,"height":268,"caption":"Noticieros Canal 7"},"image":{"@id":"https:\/\/canal7slp.tv\/2023\/#\/schema\/logo\/image\/"},"sameAs":["https:\/\/www.facebook.com\/noticieroscanalsiete","https:\/\/x.com\/NOTICIEROS7","https:\/\/www.instagram.com\/canal7_slp","https:\/\/www.youtube.com\/channel\/UCliiYs-gP3JfJeqdPrNdd5A"]},{"@type":"Person","@id":"https:\/\/canal7slp.tv\/2023\/#\/schema\/person\/639c424e3584069003b11ae813915da6","name":"Edici\u00f3n Web","image":{"@type":"ImageObject","inLanguage":"es","@id":"https:\/\/secure.gravatar.com\/avatar\/eee448fc3f7164808013b816ba91ac7e43bbe82a70bebac296f8bc6f0addaa1a?s=96&d=mm&r=g","url":"https:\/\/secure.gravatar.com\/avatar\/eee448fc3f7164808013b816ba91ac7e43bbe82a70bebac296f8bc6f0addaa1a?s=96&d=mm&r=g","contentUrl":"https:\/\/secure.gravatar.com\/avatar\/eee448fc3f7164808013b816ba91ac7e43bbe82a70bebac296f8bc6f0addaa1a?s=96&d=mm&r=g","caption":"Edici\u00f3n Web"},"url":"https:\/\/canal7slp.tv\/2023\/author\/edicionweb\/"}]}},"_links":{"self":[{"href":"https:\/\/canal7slp.tv\/2023\/wp-json\/wp\/v2\/posts\/110902","targetHints":{"allow":["GET"]}}],"collection":[{"href":"https:\/\/canal7slp.tv\/2023\/wp-json\/wp\/v2\/posts"}],"about":[{"href":"https:\/\/canal7slp.tv\/2023\/wp-json\/wp\/v2\/types\/post"}],"author":[{"embeddable":true,"href":"https:\/\/canal7slp.tv\/2023\/wp-json\/wp\/v2\/users\/2"}],"replies":[{"embeddable":true,"href":"https:\/\/canal7slp.tv\/2023\/wp-json\/wp\/v2\/comments?post=110902"}],"version-history":[{"count":3,"href":"https:\/\/canal7slp.tv\/2023\/wp-json\/wp\/v2\/posts\/110902\/revisions"}],"predecessor-version":[{"id":110946,"href":"https:\/\/canal7slp.tv\/2023\/wp-json\/wp\/v2\/posts\/110902\/revisions\/110946"}],"wp:featuredmedia":[{"embeddable":true,"href":"https:\/\/canal7slp.tv\/2023\/wp-json\/wp\/v2\/media\/110923"}],"wp:attachment":[{"href":"https:\/\/canal7slp.tv\/2023\/wp-json\/wp\/v2\/media?parent=110902"}],"wp:term":[{"taxonomy":"category","embeddable":true,"href":"https:\/\/canal7slp.tv\/2023\/wp-json\/wp\/v2\/categories?post=110902"},{"taxonomy":"post_tag","embeddable":true,"href":"https:\/\/canal7slp.tv\/2023\/wp-json\/wp\/v2\/tags?post=110902"}],"curies":[{"name":"wp","href":"https:\/\/api.w.org\/{rel}","templated":true}]}}