{"id":110901,"date":"2023-10-24T16:03:19","date_gmt":"2023-10-24T22:03:19","guid":{"rendered":"https:\/\/canal7slp.tv\/2023\/?p=110901"},"modified":"2023-10-24T16:03:31","modified_gmt":"2023-10-24T22:03:31","slug":"tormenta-tropical-otis-puede-convertirse-en-huracan-provocara-lluvias-torrenciales","status":"publish","type":"post","link":"https:\/\/canal7slp.tv\/2023\/tormenta-tropical-otis-puede-convertirse-en-huracan-provocara-lluvias-torrenciales\/","title":{"rendered":"Tormenta tropical Otis puede convertirse en hurac\u00e1n; provocar\u00e1 lluvias torrenciales"},"content":{"rendered":"<p style=\"text-align: justify;\">M\u00e9xico.- La tormenta tropical \u201cOtis\u201d est\u00e1 ganando fuerza r\u00e1pidamente y existe la posibilidad de que se convierta en un hurac\u00e1n mientras se acerca a la costa sur de M\u00e9xico, seg\u00fan los informes del Servicio Meteorol\u00f3gico Nacional (SMN) y el Centro Nacional de Huracanes (CNH).<\/p>\n<p style=\"text-align: justify;\">De acuerdo con datos del SMN, a las 06:00 horas de la ma\u00f1ana, Otis se encontraba a 175 km al suroeste de Lagunas de Chacahu, Oaxaca, y a 280 km al sur-sureste de Acapulco, Guerrero. Se espera que la tormenta tenga vientos m\u00e1ximos sostenidos de 100 km\/h y r\u00e1fagas de hasta 120 km\/h.<\/p>\n<p style=\"text-align: justify;\">Los pron\u00f3sticos indican que se esperan lluvias torrenciales en Guerrero, intensas en Oaxaca y Chiapas, as\u00ed como lluvias fuertes en el Estado de M\u00e9xico, Morelos y Puebla. Adem\u00e1s, se prev\u00e9n chubascos en la Ciudad de M\u00e9xico, Michoac\u00e1n y Tlaxcala.<\/p>\n<p style=\"text-align: justify;\">Estas intensas precipitaciones podr\u00edan provocar inundaciones repentinas y deslizamientos de tierra en \u00e1reas de gran altitud. Adem\u00e1s, el CNH advierte sobre la posibilidad de una peligrosa marejada cicl\u00f3nica que podr\u00eda causar inundaciones costeras significativas cerca y al este del punto de impacto de la tormenta.<\/p>\n<p style=\"text-align: justify;\">El gobierno mexicano ha emitido un aviso de hurac\u00e1n a lo largo de la costa sur, desde Punta Maldonado hasta Zihuatanejo. Se insta a la poblaci\u00f3n en las \u00e1reas mencionadas a tomar precauciones extremas debido a las condiciones clim\u00e1ticas adversas, incluyendo lluvias intensas, vientos fuertes y oleaje peligroso. Se recomienda seguir las indicaciones emitidas por las autoridades del Sistema Nacional de Protecci\u00f3n Civil para garantizar la seguridad y el bienestar de todos.<\/p>\n","protected":false},"excerpt":{"rendered":"<p>M\u00e9xico.- La tormenta tropical \u201cOtis\u201d est\u00e1 ganando fuerza r\u00e1pidamente y existe la posibilidad de que se convierta en un hurac\u00e1n mientras se acerca a la costa sur de M\u00e9xico, seg\u00fan los informes del Servicio Meteorol\u00f3gico Nacional (SMN) y el Centro Nacional de Huracanes (CNH). De acuerdo con datos del SMN, a las 06:00 horas de la ma\u00f1ana, Otis se encontraba a 175 km al suroeste de Lagunas de Chacahu, Oaxaca, y a 280 km al sur-sureste de Acapulco, Guerrero. Se espera que la tormenta tenga vientos m\u00e1ximos sostenidos de 100 km\/h y r\u00e1fagas de hasta 120 km\/h. Los pron\u00f3sticos indican [&hellip;]<\/p>\n","protected":false},"author":2,"featured_media":110924,"comment_status":"closed","ping_status":"closed","sticky":false,"template":"","format":"standard","meta":{"footnotes":""},"categories":[46],"tags":[],"class_list":["post-110901","post","type-post","status-publish","format-standard","has-post-thumbnail","hentry","category-nacional","post--single"],"yoast_head":"<!-- This site is optimized with the Yoast SEO plugin v27.5 - https:\/\/yoast.com\/product\/yoast-seo-wordpress\/ -->\n<title>Tormenta tropical Otis puede convertirse en hurac\u00e1n; provocar\u00e1 lluvias torrenciales - Canal 7 SLP - 2023<\/title>\n<meta name=\"robots\" content=\"index, follow, max-snippet:-1, max-image-preview:large, max-video-preview:-1\" \/>\n<link rel=\"canonical\" href=\"https:\/\/canal7slp.tv\/2023\/tormenta-tropical-otis-puede-convertirse-en-huracan-provocara-lluvias-torrenciales\/\" \/>\n<meta property=\"og:locale\" content=\"es_ES\" \/>\n<meta property=\"og:type\" content=\"article\" \/>\n<meta property=\"og:title\" content=\"Tormenta tropical Otis puede convertirse en hurac\u00e1n; provocar\u00e1 lluvias torrenciales - Canal 7 SLP - 2023\" \/>\n<meta property=\"og:description\" content=\"M\u00e9xico.- La tormenta tropical \u201cOtis\u201d est\u00e1 ganando fuerza r\u00e1pidamente y existe la posibilidad de que se convierta en un hurac\u00e1n mientras se acerca a la costa sur de M\u00e9xico, seg\u00fan los informes del Servicio Meteorol\u00f3gico Nacional (SMN) y el Centro Nacional de Huracanes (CNH). De acuerdo con datos del SMN, a las 06:00 horas de la ma\u00f1ana, Otis se encontraba a 175 km al suroeste de Lagunas de Chacahu, Oaxaca, y a 280 km al sur-sureste de Acapulco, Guerrero. Se espera que la tormenta tenga vientos m\u00e1ximos sostenidos de 100 km\/h y r\u00e1fagas de hasta 120 km\/h. Los pron\u00f3sticos indican [&hellip;]\" \/>\n<meta property=\"og:url\" content=\"https:\/\/canal7slp.tv\/2023\/tormenta-tropical-otis-puede-convertirse-en-huracan-provocara-lluvias-torrenciales\/\" \/>\n<meta property=\"og:site_name\" content=\"Canal 7 SLP - 2023\" \/>\n<meta property=\"article:publisher\" content=\"https:\/\/www.facebook.com\/noticieroscanalsiete\" \/>\n<meta property=\"article:published_time\" content=\"2023-10-24T22:03:19+00:00\" \/>\n<meta property=\"article:modified_time\" content=\"2023-10-24T22:03:31+00:00\" \/>\n<meta property=\"og:image\" content=\"https:\/\/canal7slp.tv\/2023\/wp-content\/uploads\/2023\/10\/02-20.jpg\" \/>\n\t<meta property=\"og:image:width\" content=\"830\" \/>\n\t<meta property=\"og:image:height\" content=\"553\" \/>\n\t<meta property=\"og:image:type\" content=\"image\/jpeg\" \/>\n<meta name=\"author\" content=\"Edici\u00f3n Web\" \/>\n<meta name=\"twitter:card\" content=\"summary_large_image\" \/>\n<meta name=\"twitter:creator\" content=\"@NOTICIEROS7\" \/>\n<meta name=\"twitter:site\" content=\"@NOTICIEROS7\" \/>\n<meta name=\"twitter:label1\" content=\"Escrito por\" \/>\n\t<meta name=\"twitter:data1\" content=\"Edici\u00f3n Web\" \/>\n\t<meta name=\"twitter:label2\" content=\"Tiempo de lectura\" \/>\n\t<meta name=\"twitter:data2\" content=\"2 minutos\" \/>\n<script type=\"application\/ld+json\" class=\"yoast-schema-graph\">{\"@context\":\"https:\\\/\\\/schema.org\",\"@graph\":[{\"@type\":\"Article\",\"@id\":\"https:\\\/\\\/canal7slp.tv\\\/2023\\\/tormenta-tropical-otis-puede-convertirse-en-huracan-provocara-lluvias-torrenciales\\\/#article\",\"isPartOf\":{\"@id\":\"https:\\\/\\\/canal7slp.tv\\\/2023\\\/tormenta-tropical-otis-puede-convertirse-en-huracan-provocara-lluvias-torrenciales\\\/\"},\"author\":{\"name\":\"Edici\u00f3n Web\",\"@id\":\"https:\\\/\\\/canal7slp.tv\\\/2023\\\/#\\\/schema\\\/person\\\/639c424e3584069003b11ae813915da6\"},\"headline\":\"Tormenta tropical Otis puede convertirse en hurac\u00e1n; provocar\u00e1 lluvias torrenciales\",\"datePublished\":\"2023-10-24T22:03:19+00:00\",\"dateModified\":\"2023-10-24T22:03:31+00:00\",\"mainEntityOfPage\":{\"@id\":\"https:\\\/\\\/canal7slp.tv\\\/2023\\\/tormenta-tropical-otis-puede-convertirse-en-huracan-provocara-lluvias-torrenciales\\\/\"},\"wordCount\":285,\"publisher\":{\"@id\":\"https:\\\/\\\/canal7slp.tv\\\/2023\\\/#organization\"},\"image\":{\"@id\":\"https:\\\/\\\/canal7slp.tv\\\/2023\\\/tormenta-tropical-otis-puede-convertirse-en-huracan-provocara-lluvias-torrenciales\\\/#primaryimage\"},\"thumbnailUrl\":\"https:\\\/\\\/canal7slp.tv\\\/2023\\\/wp-content\\\/uploads\\\/2023\\\/10\\\/02-20.jpg\",\"articleSection\":[\"NACIONALES\"],\"inLanguage\":\"es\"},{\"@type\":\"WebPage\",\"@id\":\"https:\\\/\\\/canal7slp.tv\\\/2023\\\/tormenta-tropical-otis-puede-convertirse-en-huracan-provocara-lluvias-torrenciales\\\/\",\"url\":\"https:\\\/\\\/canal7slp.tv\\\/2023\\\/tormenta-tropical-otis-puede-convertirse-en-huracan-provocara-lluvias-torrenciales\\\/\",\"name\":\"Tormenta tropical Otis puede convertirse en hurac\u00e1n; provocar\u00e1 lluvias torrenciales - Canal 7 SLP - 2023\",\"isPartOf\":{\"@id\":\"https:\\\/\\\/canal7slp.tv\\\/2023\\\/#website\"},\"primaryImageOfPage\":{\"@id\":\"https:\\\/\\\/canal7slp.tv\\\/2023\\\/tormenta-tropical-otis-puede-convertirse-en-huracan-provocara-lluvias-torrenciales\\\/#primaryimage\"},\"image\":{\"@id\":\"https:\\\/\\\/canal7slp.tv\\\/2023\\\/tormenta-tropical-otis-puede-convertirse-en-huracan-provocara-lluvias-torrenciales\\\/#primaryimage\"},\"thumbnailUrl\":\"https:\\\/\\\/canal7slp.tv\\\/2023\\\/wp-content\\\/uploads\\\/2023\\\/10\\\/02-20.jpg\",\"datePublished\":\"2023-10-24T22:03:19+00:00\",\"dateModified\":\"2023-10-24T22:03:31+00:00\",\"breadcrumb\":{\"@id\":\"https:\\\/\\\/canal7slp.tv\\\/2023\\\/tormenta-tropical-otis-puede-convertirse-en-huracan-provocara-lluvias-torrenciales\\\/#breadcrumb\"},\"inLanguage\":\"es\",\"potentialAction\":[{\"@type\":\"ReadAction\",\"target\":[\"https:\\\/\\\/canal7slp.tv\\\/2023\\\/tormenta-tropical-otis-puede-convertirse-en-huracan-provocara-lluvias-torrenciales\\\/\"]}]},{\"@type\":\"ImageObject\",\"inLanguage\":\"es\",\"@id\":\"https:\\\/\\\/canal7slp.tv\\\/2023\\\/tormenta-tropical-otis-puede-convertirse-en-huracan-provocara-lluvias-torrenciales\\\/#primaryimage\",\"url\":\"https:\\\/\\\/canal7slp.tv\\\/2023\\\/wp-content\\\/uploads\\\/2023\\\/10\\\/02-20.jpg\",\"contentUrl\":\"https:\\\/\\\/canal7slp.tv\\\/2023\\\/wp-content\\\/uploads\\\/2023\\\/10\\\/02-20.jpg\",\"width\":830,\"height\":553},{\"@type\":\"BreadcrumbList\",\"@id\":\"https:\\\/\\\/canal7slp.tv\\\/2023\\\/tormenta-tropical-otis-puede-convertirse-en-huracan-provocara-lluvias-torrenciales\\\/#breadcrumb\",\"itemListElement\":[{\"@type\":\"ListItem\",\"position\":1,\"name\":\"Portada\",\"item\":\"https:\\\/\\\/canal7slp.tv\\\/2023\\\/\"},{\"@type\":\"ListItem\",\"position\":2,\"name\":\"Tormenta tropical Otis puede convertirse en hurac\u00e1n; provocar\u00e1 lluvias torrenciales\"}]},{\"@type\":\"WebSite\",\"@id\":\"https:\\\/\\\/canal7slp.tv\\\/2023\\\/#website\",\"url\":\"https:\\\/\\\/canal7slp.tv\\\/2023\\\/\",\"name\":\"N7 - Noticieros Canal 7\",\"description\":\"Somos Televisi\u00f3n\",\"publisher\":{\"@id\":\"https:\\\/\\\/canal7slp.tv\\\/2023\\\/#organization\"},\"potentialAction\":[{\"@type\":\"SearchAction\",\"target\":{\"@type\":\"EntryPoint\",\"urlTemplate\":\"https:\\\/\\\/canal7slp.tv\\\/2023\\\/?s={search_term_string}\"},\"query-input\":{\"@type\":\"PropertyValueSpecification\",\"valueRequired\":true,\"valueName\":\"search_term_string\"}}],\"inLanguage\":\"es\"},{\"@type\":\"Organization\",\"@id\":\"https:\\\/\\\/canal7slp.tv\\\/2023\\\/#organization\",\"name\":\"Noticieros Canal 7\",\"url\":\"https:\\\/\\\/canal7slp.tv\\\/2023\\\/\",\"logo\":{\"@type\":\"ImageObject\",\"inLanguage\":\"es\",\"@id\":\"https:\\\/\\\/canal7slp.tv\\\/2023\\\/#\\\/schema\\\/logo\\\/image\\\/\",\"url\":\"https:\\\/\\\/canal7slp.tv\\\/2023\\\/wp-content\\\/uploads\\\/2021\\\/01\\\/logo-noticieros@2x.png\",\"contentUrl\":\"https:\\\/\\\/canal7slp.tv\\\/2023\\\/wp-content\\\/uploads\\\/2021\\\/01\\\/logo-noticieros@2x.png\",\"width\":1017,\"height\":268,\"caption\":\"Noticieros Canal 7\"},\"image\":{\"@id\":\"https:\\\/\\\/canal7slp.tv\\\/2023\\\/#\\\/schema\\\/logo\\\/image\\\/\"},\"sameAs\":[\"https:\\\/\\\/www.facebook.com\\\/noticieroscanalsiete\",\"https:\\\/\\\/x.com\\\/NOTICIEROS7\",\"https:\\\/\\\/www.instagram.com\\\/canal7_slp\",\"https:\\\/\\\/www.youtube.com\\\/channel\\\/UCliiYs-gP3JfJeqdPrNdd5A\"]},{\"@type\":\"Person\",\"@id\":\"https:\\\/\\\/canal7slp.tv\\\/2023\\\/#\\\/schema\\\/person\\\/639c424e3584069003b11ae813915da6\",\"name\":\"Edici\u00f3n Web\",\"image\":{\"@type\":\"ImageObject\",\"inLanguage\":\"es\",\"@id\":\"https:\\\/\\\/secure.gravatar.com\\\/avatar\\\/eee448fc3f7164808013b816ba91ac7e43bbe82a70bebac296f8bc6f0addaa1a?s=96&d=mm&r=g\",\"url\":\"https:\\\/\\\/secure.gravatar.com\\\/avatar\\\/eee448fc3f7164808013b816ba91ac7e43bbe82a70bebac296f8bc6f0addaa1a?s=96&d=mm&r=g\",\"contentUrl\":\"https:\\\/\\\/secure.gravatar.com\\\/avatar\\\/eee448fc3f7164808013b816ba91ac7e43bbe82a70bebac296f8bc6f0addaa1a?s=96&d=mm&r=g\",\"caption\":\"Edici\u00f3n Web\"},\"url\":\"https:\\\/\\\/canal7slp.tv\\\/2023\\\/author\\\/edicionweb\\\/\"}]}<\/script>\n<!-- \/ Yoast SEO plugin. -->","yoast_head_json":{"title":"Tormenta tropical Otis puede convertirse en hurac\u00e1n; provocar\u00e1 lluvias torrenciales - Canal 7 SLP - 2023","robots":{"index":"index","follow":"follow","max-snippet":"max-snippet:-1","max-image-preview":"max-image-preview:large","max-video-preview":"max-video-preview:-1"},"canonical":"https:\/\/canal7slp.tv\/2023\/tormenta-tropical-otis-puede-convertirse-en-huracan-provocara-lluvias-torrenciales\/","og_locale":"es_ES","og_type":"article","og_title":"Tormenta tropical Otis puede convertirse en hurac\u00e1n; provocar\u00e1 lluvias torrenciales - Canal 7 SLP - 2023","og_description":"M\u00e9xico.- La tormenta tropical \u201cOtis\u201d est\u00e1 ganando fuerza r\u00e1pidamente y existe la posibilidad de que se convierta en un hurac\u00e1n mientras se acerca a la costa sur de M\u00e9xico, seg\u00fan los informes del Servicio Meteorol\u00f3gico Nacional (SMN) y el Centro Nacional de Huracanes (CNH). De acuerdo con datos del SMN, a las 06:00 horas de la ma\u00f1ana, Otis se encontraba a 175 km al suroeste de Lagunas de Chacahu, Oaxaca, y a 280 km al sur-sureste de Acapulco, Guerrero. Se espera que la tormenta tenga vientos m\u00e1ximos sostenidos de 100 km\/h y r\u00e1fagas de hasta 120 km\/h. Los pron\u00f3sticos indican [&hellip;]","og_url":"https:\/\/canal7slp.tv\/2023\/tormenta-tropical-otis-puede-convertirse-en-huracan-provocara-lluvias-torrenciales\/","og_site_name":"Canal 7 SLP - 2023","article_publisher":"https:\/\/www.facebook.com\/noticieroscanalsiete","article_published_time":"2023-10-24T22:03:19+00:00","article_modified_time":"2023-10-24T22:03:31+00:00","og_image":[{"width":830,"height":553,"url":"https:\/\/canal7slp.tv\/2023\/wp-content\/uploads\/2023\/10\/02-20.jpg","type":"image\/jpeg"}],"author":"Edici\u00f3n Web","twitter_card":"summary_large_image","twitter_creator":"@NOTICIEROS7","twitter_site":"@NOTICIEROS7","twitter_misc":{"Escrito por":"Edici\u00f3n Web","Tiempo de lectura":"2 minutos"},"schema":{"@context":"https:\/\/schema.org","@graph":[{"@type":"Article","@id":"https:\/\/canal7slp.tv\/2023\/tormenta-tropical-otis-puede-convertirse-en-huracan-provocara-lluvias-torrenciales\/#article","isPartOf":{"@id":"https:\/\/canal7slp.tv\/2023\/tormenta-tropical-otis-puede-convertirse-en-huracan-provocara-lluvias-torrenciales\/"},"author":{"name":"Edici\u00f3n Web","@id":"https:\/\/canal7slp.tv\/2023\/#\/schema\/person\/639c424e3584069003b11ae813915da6"},"headline":"Tormenta tropical Otis puede convertirse en hurac\u00e1n; provocar\u00e1 lluvias torrenciales","datePublished":"2023-10-24T22:03:19+00:00","dateModified":"2023-10-24T22:03:31+00:00","mainEntityOfPage":{"@id":"https:\/\/canal7slp.tv\/2023\/tormenta-tropical-otis-puede-convertirse-en-huracan-provocara-lluvias-torrenciales\/"},"wordCount":285,"publisher":{"@id":"https:\/\/canal7slp.tv\/2023\/#organization"},"image":{"@id":"https:\/\/canal7slp.tv\/2023\/tormenta-tropical-otis-puede-convertirse-en-huracan-provocara-lluvias-torrenciales\/#primaryimage"},"thumbnailUrl":"https:\/\/canal7slp.tv\/2023\/wp-content\/uploads\/2023\/10\/02-20.jpg","articleSection":["NACIONALES"],"inLanguage":"es"},{"@type":"WebPage","@id":"https:\/\/canal7slp.tv\/2023\/tormenta-tropical-otis-puede-convertirse-en-huracan-provocara-lluvias-torrenciales\/","url":"https:\/\/canal7slp.tv\/2023\/tormenta-tropical-otis-puede-convertirse-en-huracan-provocara-lluvias-torrenciales\/","name":"Tormenta tropical Otis puede convertirse en hurac\u00e1n; provocar\u00e1 lluvias torrenciales - Canal 7 SLP - 2023","isPartOf":{"@id":"https:\/\/canal7slp.tv\/2023\/#website"},"primaryImageOfPage":{"@id":"https:\/\/canal7slp.tv\/2023\/tormenta-tropical-otis-puede-convertirse-en-huracan-provocara-lluvias-torrenciales\/#primaryimage"},"image":{"@id":"https:\/\/canal7slp.tv\/2023\/tormenta-tropical-otis-puede-convertirse-en-huracan-provocara-lluvias-torrenciales\/#primaryimage"},"thumbnailUrl":"https:\/\/canal7slp.tv\/2023\/wp-content\/uploads\/2023\/10\/02-20.jpg","datePublished":"2023-10-24T22:03:19+00:00","dateModified":"2023-10-24T22:03:31+00:00","breadcrumb":{"@id":"https:\/\/canal7slp.tv\/2023\/tormenta-tropical-otis-puede-convertirse-en-huracan-provocara-lluvias-torrenciales\/#breadcrumb"},"inLanguage":"es","potentialAction":[{"@type":"ReadAction","target":["https:\/\/canal7slp.tv\/2023\/tormenta-tropical-otis-puede-convertirse-en-huracan-provocara-lluvias-torrenciales\/"]}]},{"@type":"ImageObject","inLanguage":"es","@id":"https:\/\/canal7slp.tv\/2023\/tormenta-tropical-otis-puede-convertirse-en-huracan-provocara-lluvias-torrenciales\/#primaryimage","url":"https:\/\/canal7slp.tv\/2023\/wp-content\/uploads\/2023\/10\/02-20.jpg","contentUrl":"https:\/\/canal7slp.tv\/2023\/wp-content\/uploads\/2023\/10\/02-20.jpg","width":830,"height":553},{"@type":"BreadcrumbList","@id":"https:\/\/canal7slp.tv\/2023\/tormenta-tropical-otis-puede-convertirse-en-huracan-provocara-lluvias-torrenciales\/#breadcrumb","itemListElement":[{"@type":"ListItem","position":1,"name":"Portada","item":"https:\/\/canal7slp.tv\/2023\/"},{"@type":"ListItem","position":2,"name":"Tormenta tropical Otis puede convertirse en hurac\u00e1n; provocar\u00e1 lluvias torrenciales"}]},{"@type":"WebSite","@id":"https:\/\/canal7slp.tv\/2023\/#website","url":"https:\/\/canal7slp.tv\/2023\/","name":"N7 - Noticieros Canal 7","description":"Somos Televisi\u00f3n","publisher":{"@id":"https:\/\/canal7slp.tv\/2023\/#organization"},"potentialAction":[{"@type":"SearchAction","target":{"@type":"EntryPoint","urlTemplate":"https:\/\/canal7slp.tv\/2023\/?s={search_term_string}"},"query-input":{"@type":"PropertyValueSpecification","valueRequired":true,"valueName":"search_term_string"}}],"inLanguage":"es"},{"@type":"Organization","@id":"https:\/\/canal7slp.tv\/2023\/#organization","name":"Noticieros Canal 7","url":"https:\/\/canal7slp.tv\/2023\/","logo":{"@type":"ImageObject","inLanguage":"es","@id":"https:\/\/canal7slp.tv\/2023\/#\/schema\/logo\/image\/","url":"https:\/\/canal7slp.tv\/2023\/wp-content\/uploads\/2021\/01\/logo-noticieros@2x.png","contentUrl":"https:\/\/canal7slp.tv\/2023\/wp-content\/uploads\/2021\/01\/logo-noticieros@2x.png","width":1017,"height":268,"caption":"Noticieros Canal 7"},"image":{"@id":"https:\/\/canal7slp.tv\/2023\/#\/schema\/logo\/image\/"},"sameAs":["https:\/\/www.facebook.com\/noticieroscanalsiete","https:\/\/x.com\/NOTICIEROS7","https:\/\/www.instagram.com\/canal7_slp","https:\/\/www.youtube.com\/channel\/UCliiYs-gP3JfJeqdPrNdd5A"]},{"@type":"Person","@id":"https:\/\/canal7slp.tv\/2023\/#\/schema\/person\/639c424e3584069003b11ae813915da6","name":"Edici\u00f3n Web","image":{"@type":"ImageObject","inLanguage":"es","@id":"https:\/\/secure.gravatar.com\/avatar\/eee448fc3f7164808013b816ba91ac7e43bbe82a70bebac296f8bc6f0addaa1a?s=96&d=mm&r=g","url":"https:\/\/secure.gravatar.com\/avatar\/eee448fc3f7164808013b816ba91ac7e43bbe82a70bebac296f8bc6f0addaa1a?s=96&d=mm&r=g","contentUrl":"https:\/\/secure.gravatar.com\/avatar\/eee448fc3f7164808013b816ba91ac7e43bbe82a70bebac296f8bc6f0addaa1a?s=96&d=mm&r=g","caption":"Edici\u00f3n Web"},"url":"https:\/\/canal7slp.tv\/2023\/author\/edicionweb\/"}]}},"_links":{"self":[{"href":"https:\/\/canal7slp.tv\/2023\/wp-json\/wp\/v2\/posts\/110901","targetHints":{"allow":["GET"]}}],"collection":[{"href":"https:\/\/canal7slp.tv\/2023\/wp-json\/wp\/v2\/posts"}],"about":[{"href":"https:\/\/canal7slp.tv\/2023\/wp-json\/wp\/v2\/types\/post"}],"author":[{"embeddable":true,"href":"https:\/\/canal7slp.tv\/2023\/wp-json\/wp\/v2\/users\/2"}],"replies":[{"embeddable":true,"href":"https:\/\/canal7slp.tv\/2023\/wp-json\/wp\/v2\/comments?post=110901"}],"version-history":[{"count":3,"href":"https:\/\/canal7slp.tv\/2023\/wp-json\/wp\/v2\/posts\/110901\/revisions"}],"predecessor-version":[{"id":110945,"href":"https:\/\/canal7slp.tv\/2023\/wp-json\/wp\/v2\/posts\/110901\/revisions\/110945"}],"wp:featuredmedia":[{"embeddable":true,"href":"https:\/\/canal7slp.tv\/2023\/wp-json\/wp\/v2\/media\/110924"}],"wp:attachment":[{"href":"https:\/\/canal7slp.tv\/2023\/wp-json\/wp\/v2\/media?parent=110901"}],"wp:term":[{"taxonomy":"category","embeddable":true,"href":"https:\/\/canal7slp.tv\/2023\/wp-json\/wp\/v2\/categories?post=110901"},{"taxonomy":"post_tag","embeddable":true,"href":"https:\/\/canal7slp.tv\/2023\/wp-json\/wp\/v2\/tags?post=110901"}],"curies":[{"name":"wp","href":"https:\/\/api.w.org\/{rel}","templated":true}]}}