{"id":110887,"date":"2023-10-24T14:20:43","date_gmt":"2023-10-24T20:20:43","guid":{"rendered":"https:\/\/canal7slp.tv\/2023\/?p=110887"},"modified":"2023-10-24T14:20:43","modified_gmt":"2023-10-24T20:20:43","slug":"se-refrenda-san-luis-potosi-como-sede-del-lxxix-congreso-y-campeonato-nacional-charro-2023","status":"publish","type":"post","link":"https:\/\/canal7slp.tv\/2023\/se-refrenda-san-luis-potosi-como-sede-del-lxxix-congreso-y-campeonato-nacional-charro-2023\/","title":{"rendered":"Se refrenda San Luis Potos\u00ed como sede del LXXIX Congreso y Campeonato Nacional Charro 2023"},"content":{"rendered":"<p style=\"text-align: justify;\">SLP.- El LXXIX (septuag\u00e9simo) Congreso y Campeonato Nacional Charro 2023 se disputar\u00e1 en la capital potosina en las fechas previstas, del 8 de noviembre al 3 de diciembre, inform\u00f3 el presidente Jos\u00e9 Antonio Salcedo L\u00f3pez durante la Asamblea General Extraordinaria de la Federaci\u00f3n Mexicana de Charrer\u00eda, celebrada en Quer\u00e9taro, con la ratificaci\u00f3n y apoyo un\u00e1nime del Consejo Directivo Nacional.<\/p>\n<p style=\"text-align: justify;\">Esta asamblea, de car\u00e1cter excepcional, se convoc\u00f3 por parte del Consejo Directivo Nacional de la Federaci\u00f3n con la finalidad de informar sobre la situaci\u00f3n actual del Congreso y Campeonato Nacional Charro 2023 y su sede, tras la p\u00fablica informaci\u00f3n de que la construcci\u00f3n del escenario original, la Arena Potos\u00ed, no ser\u00e1 concluida a tiempo, con la consiguiente ola de especulaci\u00f3n.<\/p>\n<p style=\"text-align: justify;\">Esta septuag\u00e9simo novena edici\u00f3n del Congreso y Campeonato Nacional Charro, que homenajear\u00e1 a una de las m\u00e1s grandes estrellas de la \u00c9poca de Oro del cine mexicano, Jorge Negrete Moreno, se realizar\u00e1 en el escenario que instalar\u00e1 al interior del estadio \u201c20 de Noviembre\u201d, que forma parte del complejo de la Unidad \u201cAdolfo L\u00f3pez Mateos\u201d, el conjunto de instalaciones deportivas de alto rendimiento m\u00e1s importantes de la entidad potosina.<\/p>\n","protected":false},"excerpt":{"rendered":"<p>SLP.- El LXXIX (septuag\u00e9simo) Congreso y Campeonato Nacional Charro 2023 se disputar\u00e1 en la capital potosina en las fechas previstas, del 8 de noviembre al 3 de diciembre, inform\u00f3 el presidente Jos\u00e9 Antonio Salcedo L\u00f3pez durante la Asamblea General Extraordinaria de la Federaci\u00f3n Mexicana de Charrer\u00eda, celebrada en Quer\u00e9taro, con la ratificaci\u00f3n y apoyo un\u00e1nime del Consejo Directivo Nacional. Esta asamblea, de car\u00e1cter excepcional, se convoc\u00f3 por parte del Consejo Directivo Nacional de la Federaci\u00f3n con la finalidad de informar sobre la situaci\u00f3n actual del Congreso y Campeonato Nacional Charro 2023 y su sede, tras la p\u00fablica informaci\u00f3n de que [&hellip;]<\/p>\n","protected":false},"author":2,"featured_media":110898,"comment_status":"closed","ping_status":"closed","sticky":false,"template":"","format":"video","meta":{"footnotes":""},"categories":[7,5],"tags":[],"class_list":["post-110887","post","type-post","status-publish","format-video","has-post-thumbnail","hentry","category-deportes","category-destacadas","post_format-post-format-video","post--single"],"yoast_head":"<!-- This site is optimized with the Yoast SEO plugin v27.5 - https:\/\/yoast.com\/product\/yoast-seo-wordpress\/ -->\n<title>Se refrenda San Luis Potos\u00ed como sede del LXXIX Congreso y Campeonato Nacional Charro 2023 - Canal 7 SLP - 2023<\/title>\n<meta name=\"robots\" content=\"index, follow, max-snippet:-1, max-image-preview:large, max-video-preview:-1\" \/>\n<link rel=\"canonical\" href=\"https:\/\/canal7slp.tv\/2023\/se-refrenda-san-luis-potosi-como-sede-del-lxxix-congreso-y-campeonato-nacional-charro-2023\/\" \/>\n<meta property=\"og:locale\" content=\"es_ES\" \/>\n<meta property=\"og:type\" content=\"article\" \/>\n<meta property=\"og:title\" content=\"Se refrenda San Luis Potos\u00ed como sede del LXXIX Congreso y Campeonato Nacional Charro 2023 - Canal 7 SLP - 2023\" \/>\n<meta property=\"og:description\" content=\"SLP.- El LXXIX (septuag\u00e9simo) Congreso y Campeonato Nacional Charro 2023 se disputar\u00e1 en la capital potosina en las fechas previstas, del 8 de noviembre al 3 de diciembre, inform\u00f3 el presidente Jos\u00e9 Antonio Salcedo L\u00f3pez durante la Asamblea General Extraordinaria de la Federaci\u00f3n Mexicana de Charrer\u00eda, celebrada en Quer\u00e9taro, con la ratificaci\u00f3n y apoyo un\u00e1nime del Consejo Directivo Nacional. Esta asamblea, de car\u00e1cter excepcional, se convoc\u00f3 por parte del Consejo Directivo Nacional de la Federaci\u00f3n con la finalidad de informar sobre la situaci\u00f3n actual del Congreso y Campeonato Nacional Charro 2023 y su sede, tras la p\u00fablica informaci\u00f3n de que [&hellip;]\" \/>\n<meta property=\"og:url\" content=\"https:\/\/canal7slp.tv\/2023\/se-refrenda-san-luis-potosi-como-sede-del-lxxix-congreso-y-campeonato-nacional-charro-2023\/\" \/>\n<meta property=\"og:site_name\" content=\"Canal 7 SLP - 2023\" \/>\n<meta property=\"article:publisher\" content=\"https:\/\/www.facebook.com\/noticieroscanalsiete\" \/>\n<meta property=\"article:published_time\" content=\"2023-10-24T20:20:43+00:00\" \/>\n<meta property=\"og:image\" content=\"https:\/\/canal7slp.tv\/2023\/wp-content\/uploads\/2023\/10\/Froi03Charros.jpg\" \/>\n\t<meta property=\"og:image:width\" content=\"1280\" \/>\n\t<meta property=\"og:image:height\" content=\"720\" \/>\n\t<meta property=\"og:image:type\" content=\"image\/jpeg\" \/>\n<meta name=\"author\" content=\"Edici\u00f3n Web\" \/>\n<meta name=\"twitter:card\" content=\"summary_large_image\" \/>\n<meta name=\"twitter:creator\" content=\"@NOTICIEROS7\" \/>\n<meta name=\"twitter:site\" content=\"@NOTICIEROS7\" \/>\n<meta name=\"twitter:label1\" content=\"Escrito por\" \/>\n\t<meta name=\"twitter:data1\" content=\"Edici\u00f3n Web\" \/>\n\t<meta name=\"twitter:label2\" content=\"Tiempo de lectura\" \/>\n\t<meta name=\"twitter:data2\" content=\"1 minuto\" \/>\n<script type=\"application\/ld+json\" class=\"yoast-schema-graph\">{\"@context\":\"https:\\\/\\\/schema.org\",\"@graph\":[{\"@type\":\"Article\",\"@id\":\"https:\\\/\\\/canal7slp.tv\\\/2023\\\/se-refrenda-san-luis-potosi-como-sede-del-lxxix-congreso-y-campeonato-nacional-charro-2023\\\/#article\",\"isPartOf\":{\"@id\":\"https:\\\/\\\/canal7slp.tv\\\/2023\\\/se-refrenda-san-luis-potosi-como-sede-del-lxxix-congreso-y-campeonato-nacional-charro-2023\\\/\"},\"author\":{\"name\":\"Edici\u00f3n Web\",\"@id\":\"https:\\\/\\\/canal7slp.tv\\\/2023\\\/#\\\/schema\\\/person\\\/639c424e3584069003b11ae813915da6\"},\"headline\":\"Se refrenda San Luis Potos\u00ed como sede del LXXIX Congreso y Campeonato Nacional Charro 2023\",\"datePublished\":\"2023-10-24T20:20:43+00:00\",\"mainEntityOfPage\":{\"@id\":\"https:\\\/\\\/canal7slp.tv\\\/2023\\\/se-refrenda-san-luis-potosi-como-sede-del-lxxix-congreso-y-campeonato-nacional-charro-2023\\\/\"},\"wordCount\":217,\"publisher\":{\"@id\":\"https:\\\/\\\/canal7slp.tv\\\/2023\\\/#organization\"},\"image\":{\"@id\":\"https:\\\/\\\/canal7slp.tv\\\/2023\\\/se-refrenda-san-luis-potosi-como-sede-del-lxxix-congreso-y-campeonato-nacional-charro-2023\\\/#primaryimage\"},\"thumbnailUrl\":\"https:\\\/\\\/canal7slp.tv\\\/2023\\\/wp-content\\\/uploads\\\/2023\\\/10\\\/Froi03Charros.jpg\",\"articleSection\":[\"DEPORTES\",\"DESTACADAS\"],\"inLanguage\":\"es\"},{\"@type\":\"WebPage\",\"@id\":\"https:\\\/\\\/canal7slp.tv\\\/2023\\\/se-refrenda-san-luis-potosi-como-sede-del-lxxix-congreso-y-campeonato-nacional-charro-2023\\\/\",\"url\":\"https:\\\/\\\/canal7slp.tv\\\/2023\\\/se-refrenda-san-luis-potosi-como-sede-del-lxxix-congreso-y-campeonato-nacional-charro-2023\\\/\",\"name\":\"Se refrenda San Luis Potos\u00ed como sede del LXXIX Congreso y Campeonato Nacional Charro 2023 - Canal 7 SLP - 2023\",\"isPartOf\":{\"@id\":\"https:\\\/\\\/canal7slp.tv\\\/2023\\\/#website\"},\"primaryImageOfPage\":{\"@id\":\"https:\\\/\\\/canal7slp.tv\\\/2023\\\/se-refrenda-san-luis-potosi-como-sede-del-lxxix-congreso-y-campeonato-nacional-charro-2023\\\/#primaryimage\"},\"image\":{\"@id\":\"https:\\\/\\\/canal7slp.tv\\\/2023\\\/se-refrenda-san-luis-potosi-como-sede-del-lxxix-congreso-y-campeonato-nacional-charro-2023\\\/#primaryimage\"},\"thumbnailUrl\":\"https:\\\/\\\/canal7slp.tv\\\/2023\\\/wp-content\\\/uploads\\\/2023\\\/10\\\/Froi03Charros.jpg\",\"datePublished\":\"2023-10-24T20:20:43+00:00\",\"breadcrumb\":{\"@id\":\"https:\\\/\\\/canal7slp.tv\\\/2023\\\/se-refrenda-san-luis-potosi-como-sede-del-lxxix-congreso-y-campeonato-nacional-charro-2023\\\/#breadcrumb\"},\"inLanguage\":\"es\",\"potentialAction\":[{\"@type\":\"ReadAction\",\"target\":[\"https:\\\/\\\/canal7slp.tv\\\/2023\\\/se-refrenda-san-luis-potosi-como-sede-del-lxxix-congreso-y-campeonato-nacional-charro-2023\\\/\"]}]},{\"@type\":\"ImageObject\",\"inLanguage\":\"es\",\"@id\":\"https:\\\/\\\/canal7slp.tv\\\/2023\\\/se-refrenda-san-luis-potosi-como-sede-del-lxxix-congreso-y-campeonato-nacional-charro-2023\\\/#primaryimage\",\"url\":\"https:\\\/\\\/canal7slp.tv\\\/2023\\\/wp-content\\\/uploads\\\/2023\\\/10\\\/Froi03Charros.jpg\",\"contentUrl\":\"https:\\\/\\\/canal7slp.tv\\\/2023\\\/wp-content\\\/uploads\\\/2023\\\/10\\\/Froi03Charros.jpg\",\"width\":1280,\"height\":720},{\"@type\":\"BreadcrumbList\",\"@id\":\"https:\\\/\\\/canal7slp.tv\\\/2023\\\/se-refrenda-san-luis-potosi-como-sede-del-lxxix-congreso-y-campeonato-nacional-charro-2023\\\/#breadcrumb\",\"itemListElement\":[{\"@type\":\"ListItem\",\"position\":1,\"name\":\"Portada\",\"item\":\"https:\\\/\\\/canal7slp.tv\\\/2023\\\/\"},{\"@type\":\"ListItem\",\"position\":2,\"name\":\"Se refrenda San Luis Potos\u00ed como sede del LXXIX Congreso y Campeonato Nacional Charro 2023\"}]},{\"@type\":\"WebSite\",\"@id\":\"https:\\\/\\\/canal7slp.tv\\\/2023\\\/#website\",\"url\":\"https:\\\/\\\/canal7slp.tv\\\/2023\\\/\",\"name\":\"N7 - Noticieros Canal 7\",\"description\":\"Somos Televisi\u00f3n\",\"publisher\":{\"@id\":\"https:\\\/\\\/canal7slp.tv\\\/2023\\\/#organization\"},\"potentialAction\":[{\"@type\":\"SearchAction\",\"target\":{\"@type\":\"EntryPoint\",\"urlTemplate\":\"https:\\\/\\\/canal7slp.tv\\\/2023\\\/?s={search_term_string}\"},\"query-input\":{\"@type\":\"PropertyValueSpecification\",\"valueRequired\":true,\"valueName\":\"search_term_string\"}}],\"inLanguage\":\"es\"},{\"@type\":\"Organization\",\"@id\":\"https:\\\/\\\/canal7slp.tv\\\/2023\\\/#organization\",\"name\":\"Noticieros Canal 7\",\"url\":\"https:\\\/\\\/canal7slp.tv\\\/2023\\\/\",\"logo\":{\"@type\":\"ImageObject\",\"inLanguage\":\"es\",\"@id\":\"https:\\\/\\\/canal7slp.tv\\\/2023\\\/#\\\/schema\\\/logo\\\/image\\\/\",\"url\":\"https:\\\/\\\/canal7slp.tv\\\/2023\\\/wp-content\\\/uploads\\\/2021\\\/01\\\/logo-noticieros@2x.png\",\"contentUrl\":\"https:\\\/\\\/canal7slp.tv\\\/2023\\\/wp-content\\\/uploads\\\/2021\\\/01\\\/logo-noticieros@2x.png\",\"width\":1017,\"height\":268,\"caption\":\"Noticieros Canal 7\"},\"image\":{\"@id\":\"https:\\\/\\\/canal7slp.tv\\\/2023\\\/#\\\/schema\\\/logo\\\/image\\\/\"},\"sameAs\":[\"https:\\\/\\\/www.facebook.com\\\/noticieroscanalsiete\",\"https:\\\/\\\/x.com\\\/NOTICIEROS7\",\"https:\\\/\\\/www.instagram.com\\\/canal7_slp\",\"https:\\\/\\\/www.youtube.com\\\/channel\\\/UCliiYs-gP3JfJeqdPrNdd5A\"]},{\"@type\":\"Person\",\"@id\":\"https:\\\/\\\/canal7slp.tv\\\/2023\\\/#\\\/schema\\\/person\\\/639c424e3584069003b11ae813915da6\",\"name\":\"Edici\u00f3n Web\",\"image\":{\"@type\":\"ImageObject\",\"inLanguage\":\"es\",\"@id\":\"https:\\\/\\\/secure.gravatar.com\\\/avatar\\\/eee448fc3f7164808013b816ba91ac7e43bbe82a70bebac296f8bc6f0addaa1a?s=96&d=mm&r=g\",\"url\":\"https:\\\/\\\/secure.gravatar.com\\\/avatar\\\/eee448fc3f7164808013b816ba91ac7e43bbe82a70bebac296f8bc6f0addaa1a?s=96&d=mm&r=g\",\"contentUrl\":\"https:\\\/\\\/secure.gravatar.com\\\/avatar\\\/eee448fc3f7164808013b816ba91ac7e43bbe82a70bebac296f8bc6f0addaa1a?s=96&d=mm&r=g\",\"caption\":\"Edici\u00f3n Web\"},\"url\":\"https:\\\/\\\/canal7slp.tv\\\/2023\\\/author\\\/edicionweb\\\/\"}]}<\/script>\n<!-- \/ Yoast SEO plugin. -->","yoast_head_json":{"title":"Se refrenda San Luis Potos\u00ed como sede del LXXIX Congreso y Campeonato Nacional Charro 2023 - Canal 7 SLP - 2023","robots":{"index":"index","follow":"follow","max-snippet":"max-snippet:-1","max-image-preview":"max-image-preview:large","max-video-preview":"max-video-preview:-1"},"canonical":"https:\/\/canal7slp.tv\/2023\/se-refrenda-san-luis-potosi-como-sede-del-lxxix-congreso-y-campeonato-nacional-charro-2023\/","og_locale":"es_ES","og_type":"article","og_title":"Se refrenda San Luis Potos\u00ed como sede del LXXIX Congreso y Campeonato Nacional Charro 2023 - Canal 7 SLP - 2023","og_description":"SLP.- El LXXIX (septuag\u00e9simo) Congreso y Campeonato Nacional Charro 2023 se disputar\u00e1 en la capital potosina en las fechas previstas, del 8 de noviembre al 3 de diciembre, inform\u00f3 el presidente Jos\u00e9 Antonio Salcedo L\u00f3pez durante la Asamblea General Extraordinaria de la Federaci\u00f3n Mexicana de Charrer\u00eda, celebrada en Quer\u00e9taro, con la ratificaci\u00f3n y apoyo un\u00e1nime del Consejo Directivo Nacional. Esta asamblea, de car\u00e1cter excepcional, se convoc\u00f3 por parte del Consejo Directivo Nacional de la Federaci\u00f3n con la finalidad de informar sobre la situaci\u00f3n actual del Congreso y Campeonato Nacional Charro 2023 y su sede, tras la p\u00fablica informaci\u00f3n de que [&hellip;]","og_url":"https:\/\/canal7slp.tv\/2023\/se-refrenda-san-luis-potosi-como-sede-del-lxxix-congreso-y-campeonato-nacional-charro-2023\/","og_site_name":"Canal 7 SLP - 2023","article_publisher":"https:\/\/www.facebook.com\/noticieroscanalsiete","article_published_time":"2023-10-24T20:20:43+00:00","og_image":[{"width":1280,"height":720,"url":"https:\/\/canal7slp.tv\/2023\/wp-content\/uploads\/2023\/10\/Froi03Charros.jpg","type":"image\/jpeg"}],"author":"Edici\u00f3n Web","twitter_card":"summary_large_image","twitter_creator":"@NOTICIEROS7","twitter_site":"@NOTICIEROS7","twitter_misc":{"Escrito por":"Edici\u00f3n Web","Tiempo de lectura":"1 minuto"},"schema":{"@context":"https:\/\/schema.org","@graph":[{"@type":"Article","@id":"https:\/\/canal7slp.tv\/2023\/se-refrenda-san-luis-potosi-como-sede-del-lxxix-congreso-y-campeonato-nacional-charro-2023\/#article","isPartOf":{"@id":"https:\/\/canal7slp.tv\/2023\/se-refrenda-san-luis-potosi-como-sede-del-lxxix-congreso-y-campeonato-nacional-charro-2023\/"},"author":{"name":"Edici\u00f3n Web","@id":"https:\/\/canal7slp.tv\/2023\/#\/schema\/person\/639c424e3584069003b11ae813915da6"},"headline":"Se refrenda San Luis Potos\u00ed como sede del LXXIX Congreso y Campeonato Nacional Charro 2023","datePublished":"2023-10-24T20:20:43+00:00","mainEntityOfPage":{"@id":"https:\/\/canal7slp.tv\/2023\/se-refrenda-san-luis-potosi-como-sede-del-lxxix-congreso-y-campeonato-nacional-charro-2023\/"},"wordCount":217,"publisher":{"@id":"https:\/\/canal7slp.tv\/2023\/#organization"},"image":{"@id":"https:\/\/canal7slp.tv\/2023\/se-refrenda-san-luis-potosi-como-sede-del-lxxix-congreso-y-campeonato-nacional-charro-2023\/#primaryimage"},"thumbnailUrl":"https:\/\/canal7slp.tv\/2023\/wp-content\/uploads\/2023\/10\/Froi03Charros.jpg","articleSection":["DEPORTES","DESTACADAS"],"inLanguage":"es"},{"@type":"WebPage","@id":"https:\/\/canal7slp.tv\/2023\/se-refrenda-san-luis-potosi-como-sede-del-lxxix-congreso-y-campeonato-nacional-charro-2023\/","url":"https:\/\/canal7slp.tv\/2023\/se-refrenda-san-luis-potosi-como-sede-del-lxxix-congreso-y-campeonato-nacional-charro-2023\/","name":"Se refrenda San Luis Potos\u00ed como sede del LXXIX Congreso y Campeonato Nacional Charro 2023 - Canal 7 SLP - 2023","isPartOf":{"@id":"https:\/\/canal7slp.tv\/2023\/#website"},"primaryImageOfPage":{"@id":"https:\/\/canal7slp.tv\/2023\/se-refrenda-san-luis-potosi-como-sede-del-lxxix-congreso-y-campeonato-nacional-charro-2023\/#primaryimage"},"image":{"@id":"https:\/\/canal7slp.tv\/2023\/se-refrenda-san-luis-potosi-como-sede-del-lxxix-congreso-y-campeonato-nacional-charro-2023\/#primaryimage"},"thumbnailUrl":"https:\/\/canal7slp.tv\/2023\/wp-content\/uploads\/2023\/10\/Froi03Charros.jpg","datePublished":"2023-10-24T20:20:43+00:00","breadcrumb":{"@id":"https:\/\/canal7slp.tv\/2023\/se-refrenda-san-luis-potosi-como-sede-del-lxxix-congreso-y-campeonato-nacional-charro-2023\/#breadcrumb"},"inLanguage":"es","potentialAction":[{"@type":"ReadAction","target":["https:\/\/canal7slp.tv\/2023\/se-refrenda-san-luis-potosi-como-sede-del-lxxix-congreso-y-campeonato-nacional-charro-2023\/"]}]},{"@type":"ImageObject","inLanguage":"es","@id":"https:\/\/canal7slp.tv\/2023\/se-refrenda-san-luis-potosi-como-sede-del-lxxix-congreso-y-campeonato-nacional-charro-2023\/#primaryimage","url":"https:\/\/canal7slp.tv\/2023\/wp-content\/uploads\/2023\/10\/Froi03Charros.jpg","contentUrl":"https:\/\/canal7slp.tv\/2023\/wp-content\/uploads\/2023\/10\/Froi03Charros.jpg","width":1280,"height":720},{"@type":"BreadcrumbList","@id":"https:\/\/canal7slp.tv\/2023\/se-refrenda-san-luis-potosi-como-sede-del-lxxix-congreso-y-campeonato-nacional-charro-2023\/#breadcrumb","itemListElement":[{"@type":"ListItem","position":1,"name":"Portada","item":"https:\/\/canal7slp.tv\/2023\/"},{"@type":"ListItem","position":2,"name":"Se refrenda San Luis Potos\u00ed como sede del LXXIX Congreso y Campeonato Nacional Charro 2023"}]},{"@type":"WebSite","@id":"https:\/\/canal7slp.tv\/2023\/#website","url":"https:\/\/canal7slp.tv\/2023\/","name":"N7 - Noticieros Canal 7","description":"Somos Televisi\u00f3n","publisher":{"@id":"https:\/\/canal7slp.tv\/2023\/#organization"},"potentialAction":[{"@type":"SearchAction","target":{"@type":"EntryPoint","urlTemplate":"https:\/\/canal7slp.tv\/2023\/?s={search_term_string}"},"query-input":{"@type":"PropertyValueSpecification","valueRequired":true,"valueName":"search_term_string"}}],"inLanguage":"es"},{"@type":"Organization","@id":"https:\/\/canal7slp.tv\/2023\/#organization","name":"Noticieros Canal 7","url":"https:\/\/canal7slp.tv\/2023\/","logo":{"@type":"ImageObject","inLanguage":"es","@id":"https:\/\/canal7slp.tv\/2023\/#\/schema\/logo\/image\/","url":"https:\/\/canal7slp.tv\/2023\/wp-content\/uploads\/2021\/01\/logo-noticieros@2x.png","contentUrl":"https:\/\/canal7slp.tv\/2023\/wp-content\/uploads\/2021\/01\/logo-noticieros@2x.png","width":1017,"height":268,"caption":"Noticieros Canal 7"},"image":{"@id":"https:\/\/canal7slp.tv\/2023\/#\/schema\/logo\/image\/"},"sameAs":["https:\/\/www.facebook.com\/noticieroscanalsiete","https:\/\/x.com\/NOTICIEROS7","https:\/\/www.instagram.com\/canal7_slp","https:\/\/www.youtube.com\/channel\/UCliiYs-gP3JfJeqdPrNdd5A"]},{"@type":"Person","@id":"https:\/\/canal7slp.tv\/2023\/#\/schema\/person\/639c424e3584069003b11ae813915da6","name":"Edici\u00f3n Web","image":{"@type":"ImageObject","inLanguage":"es","@id":"https:\/\/secure.gravatar.com\/avatar\/eee448fc3f7164808013b816ba91ac7e43bbe82a70bebac296f8bc6f0addaa1a?s=96&d=mm&r=g","url":"https:\/\/secure.gravatar.com\/avatar\/eee448fc3f7164808013b816ba91ac7e43bbe82a70bebac296f8bc6f0addaa1a?s=96&d=mm&r=g","contentUrl":"https:\/\/secure.gravatar.com\/avatar\/eee448fc3f7164808013b816ba91ac7e43bbe82a70bebac296f8bc6f0addaa1a?s=96&d=mm&r=g","caption":"Edici\u00f3n Web"},"url":"https:\/\/canal7slp.tv\/2023\/author\/edicionweb\/"}]}},"_links":{"self":[{"href":"https:\/\/canal7slp.tv\/2023\/wp-json\/wp\/v2\/posts\/110887","targetHints":{"allow":["GET"]}}],"collection":[{"href":"https:\/\/canal7slp.tv\/2023\/wp-json\/wp\/v2\/posts"}],"about":[{"href":"https:\/\/canal7slp.tv\/2023\/wp-json\/wp\/v2\/types\/post"}],"author":[{"embeddable":true,"href":"https:\/\/canal7slp.tv\/2023\/wp-json\/wp\/v2\/users\/2"}],"replies":[{"embeddable":true,"href":"https:\/\/canal7slp.tv\/2023\/wp-json\/wp\/v2\/comments?post=110887"}],"version-history":[{"count":2,"href":"https:\/\/canal7slp.tv\/2023\/wp-json\/wp\/v2\/posts\/110887\/revisions"}],"predecessor-version":[{"id":110899,"href":"https:\/\/canal7slp.tv\/2023\/wp-json\/wp\/v2\/posts\/110887\/revisions\/110899"}],"wp:featuredmedia":[{"embeddable":true,"href":"https:\/\/canal7slp.tv\/2023\/wp-json\/wp\/v2\/media\/110898"}],"wp:attachment":[{"href":"https:\/\/canal7slp.tv\/2023\/wp-json\/wp\/v2\/media?parent=110887"}],"wp:term":[{"taxonomy":"category","embeddable":true,"href":"https:\/\/canal7slp.tv\/2023\/wp-json\/wp\/v2\/categories?post=110887"},{"taxonomy":"post_tag","embeddable":true,"href":"https:\/\/canal7slp.tv\/2023\/wp-json\/wp\/v2\/tags?post=110887"}],"curies":[{"name":"wp","href":"https:\/\/api.w.org\/{rel}","templated":true}]}}