{"id":110525,"date":"2023-10-20T09:20:07","date_gmt":"2023-10-20T15:20:07","guid":{"rendered":"https:\/\/canal7slp.tv\/2023\/?p=110525"},"modified":"2023-10-20T09:20:07","modified_gmt":"2023-10-20T15:20:07","slug":"uaslp-anfitriona-de-la-edicion-56-del-congreso-nacional-de-la-sociedad-matematica","status":"publish","type":"post","link":"https:\/\/canal7slp.tv\/2023\/uaslp-anfitriona-de-la-edicion-56-del-congreso-nacional-de-la-sociedad-matematica\/","title":{"rendered":"UASLP, anfitriona de la edici\u00f3n 56 del Congreso Nacional de la Sociedad Matem\u00e1tica"},"content":{"rendered":"<p style=\"text-align: justify;\">SLP.- La Facultad de Ciencias y el Instituto de F\u00edsica de la UASLP ser\u00e1n anfitriones del Congreso Nacional de la Sociedad Matem\u00e1tica, as\u00ed lo expres\u00f3 el director, Jos\u00e9 Salom\u00e9 Murgu\u00eda Ibarra.<\/p>\n<p style=\"text-align: justify;\">\u201cA trav\u00e9s de una iniciativa por parte de un conjunto de profesores tanto de la Facultad de Ciencias como del Instituto, tuvieron la iniciativa para solicitar ser sede de la edici\u00f3n 56 del Congreso Nacional de Matem\u00e1ticas; hicimos el esfuerzo y afortunadamente nos otorgaron esa sede\u201d.<\/p>\n<p style=\"text-align: justify;\">La finalidad es acercar la ciencia a la sociedad en el evento que se realizar\u00e1 del 23 al 29 de octubre y que incluye mesas redondas, plenarias, actividades culturales, entre otras.<\/p>\n<p style=\"text-align: justify;\">\u201cEste congreso pues es una oportunidad tanto para niveles de k\u00ednder hasta investigaci\u00f3n, es importante que lo tomemos en cuenta y se les invita a que participen\u201d.<\/p>\n<p style=\"text-align: justify;\">El director del Instituto de F\u00edsica de la UASLP, Ricardo Guirado L\u00f3pez, Destac\u00f3 la relevancia del evento.<\/p>\n<p style=\"text-align: justify;\">\u201cTiene un car\u00e1cter internacional alt\u00edsimo (\u2026) as\u00ed como muchos otros invitados que van a dar pl\u00e1ticas presenciales, virtuales, una gran cantidad de investigadores y alumnos que nos van a visitar desde Baja California hasta M\u00e9rida, entonces va a ser una gran fiesta acad\u00e9mica, cient\u00edfica\u201d.<\/p>\n<p style=\"text-align: justify;\">La invitaci\u00f3n es abierta a la poblaci\u00f3n, pues las actividades son integrales, se pueden encontrar m\u00e1s datos en la preforma digital de la Sociedad Matem\u00e1tica Mexicana.<\/p>\n<p>Por: Juan Carlos Contreras<\/p>\n","protected":false},"excerpt":{"rendered":"<p>SLP.- La Facultad de Ciencias y el Instituto de F\u00edsica de la UASLP ser\u00e1n anfitriones del Congreso Nacional de la Sociedad Matem\u00e1tica, as\u00ed lo expres\u00f3 el director, Jos\u00e9 Salom\u00e9 Murgu\u00eda Ibarra. \u201cA trav\u00e9s de una iniciativa por parte de un conjunto de profesores tanto de la Facultad de Ciencias como del Instituto, tuvieron la iniciativa para solicitar ser sede de la edici\u00f3n 56 del Congreso Nacional de Matem\u00e1ticas; hicimos el esfuerzo y afortunadamente nos otorgaron esa sede\u201d. La finalidad es acercar la ciencia a la sociedad en el evento que se realizar\u00e1 del 23 al 29 de octubre y que [&hellip;]<\/p>\n","protected":false},"author":2,"featured_media":110550,"comment_status":"closed","ping_status":"closed","sticky":false,"template":"","format":"video","meta":{"footnotes":""},"categories":[5,45],"tags":[],"class_list":["post-110525","post","type-post","status-publish","format-video","has-post-thumbnail","hentry","category-destacadas","category-localesyregionales","post_format-post-format-video","post--single"],"yoast_head":"<!-- This site is optimized with the Yoast SEO plugin v27.5 - https:\/\/yoast.com\/product\/yoast-seo-wordpress\/ -->\n<title>UASLP, anfitriona de la edici\u00f3n 56 del Congreso Nacional de la Sociedad Matem\u00e1tica - Canal 7 SLP - 2023<\/title>\n<meta name=\"robots\" content=\"index, follow, max-snippet:-1, max-image-preview:large, max-video-preview:-1\" \/>\n<link rel=\"canonical\" href=\"https:\/\/canal7slp.tv\/2023\/uaslp-anfitriona-de-la-edicion-56-del-congreso-nacional-de-la-sociedad-matematica\/\" \/>\n<meta property=\"og:locale\" content=\"es_ES\" \/>\n<meta property=\"og:type\" content=\"article\" \/>\n<meta property=\"og:title\" content=\"UASLP, anfitriona de la edici\u00f3n 56 del Congreso Nacional de la Sociedad Matem\u00e1tica - Canal 7 SLP - 2023\" \/>\n<meta property=\"og:description\" content=\"SLP.- La Facultad de Ciencias y el Instituto de F\u00edsica de la UASLP ser\u00e1n anfitriones del Congreso Nacional de la Sociedad Matem\u00e1tica, as\u00ed lo expres\u00f3 el director, Jos\u00e9 Salom\u00e9 Murgu\u00eda Ibarra. \u201cA trav\u00e9s de una iniciativa por parte de un conjunto de profesores tanto de la Facultad de Ciencias como del Instituto, tuvieron la iniciativa para solicitar ser sede de la edici\u00f3n 56 del Congreso Nacional de Matem\u00e1ticas; hicimos el esfuerzo y afortunadamente nos otorgaron esa sede\u201d. La finalidad es acercar la ciencia a la sociedad en el evento que se realizar\u00e1 del 23 al 29 de octubre y que [&hellip;]\" \/>\n<meta property=\"og:url\" content=\"https:\/\/canal7slp.tv\/2023\/uaslp-anfitriona-de-la-edicion-56-del-congreso-nacional-de-la-sociedad-matematica\/\" \/>\n<meta property=\"og:site_name\" content=\"Canal 7 SLP - 2023\" \/>\n<meta property=\"article:publisher\" content=\"https:\/\/www.facebook.com\/noticieroscanalsiete\" \/>\n<meta property=\"article:published_time\" content=\"2023-10-20T15:20:07+00:00\" \/>\n<meta property=\"og:image\" content=\"https:\/\/canal7slp.tv\/2023\/wp-content\/uploads\/2023\/10\/Poky0UASLPMAtematicas.jpg\" \/>\n\t<meta property=\"og:image:width\" content=\"1280\" \/>\n\t<meta property=\"og:image:height\" content=\"720\" \/>\n\t<meta property=\"og:image:type\" content=\"image\/jpeg\" \/>\n<meta name=\"author\" content=\"Edici\u00f3n Web\" \/>\n<meta name=\"twitter:card\" content=\"summary_large_image\" \/>\n<meta name=\"twitter:creator\" content=\"@NOTICIEROS7\" \/>\n<meta name=\"twitter:site\" content=\"@NOTICIEROS7\" \/>\n<meta name=\"twitter:label1\" content=\"Escrito por\" \/>\n\t<meta name=\"twitter:data1\" content=\"Edici\u00f3n Web\" \/>\n\t<meta name=\"twitter:label2\" content=\"Tiempo de lectura\" \/>\n\t<meta name=\"twitter:data2\" content=\"2 minutos\" \/>\n<script type=\"application\/ld+json\" class=\"yoast-schema-graph\">{\"@context\":\"https:\\\/\\\/schema.org\",\"@graph\":[{\"@type\":\"Article\",\"@id\":\"https:\\\/\\\/canal7slp.tv\\\/2023\\\/uaslp-anfitriona-de-la-edicion-56-del-congreso-nacional-de-la-sociedad-matematica\\\/#article\",\"isPartOf\":{\"@id\":\"https:\\\/\\\/canal7slp.tv\\\/2023\\\/uaslp-anfitriona-de-la-edicion-56-del-congreso-nacional-de-la-sociedad-matematica\\\/\"},\"author\":{\"name\":\"Edici\u00f3n Web\",\"@id\":\"https:\\\/\\\/canal7slp.tv\\\/2023\\\/#\\\/schema\\\/person\\\/639c424e3584069003b11ae813915da6\"},\"headline\":\"UASLP, anfitriona de la edici\u00f3n 56 del Congreso Nacional de la Sociedad Matem\u00e1tica\",\"datePublished\":\"2023-10-20T15:20:07+00:00\",\"mainEntityOfPage\":{\"@id\":\"https:\\\/\\\/canal7slp.tv\\\/2023\\\/uaslp-anfitriona-de-la-edicion-56-del-congreso-nacional-de-la-sociedad-matematica\\\/\"},\"wordCount\":258,\"publisher\":{\"@id\":\"https:\\\/\\\/canal7slp.tv\\\/2023\\\/#organization\"},\"image\":{\"@id\":\"https:\\\/\\\/canal7slp.tv\\\/2023\\\/uaslp-anfitriona-de-la-edicion-56-del-congreso-nacional-de-la-sociedad-matematica\\\/#primaryimage\"},\"thumbnailUrl\":\"https:\\\/\\\/canal7slp.tv\\\/2023\\\/wp-content\\\/uploads\\\/2023\\\/10\\\/Poky0UASLPMAtematicas.jpg\",\"articleSection\":[\"DESTACADAS\",\"LOCALES Y REGIONALES\"],\"inLanguage\":\"es\"},{\"@type\":\"WebPage\",\"@id\":\"https:\\\/\\\/canal7slp.tv\\\/2023\\\/uaslp-anfitriona-de-la-edicion-56-del-congreso-nacional-de-la-sociedad-matematica\\\/\",\"url\":\"https:\\\/\\\/canal7slp.tv\\\/2023\\\/uaslp-anfitriona-de-la-edicion-56-del-congreso-nacional-de-la-sociedad-matematica\\\/\",\"name\":\"UASLP, anfitriona de la edici\u00f3n 56 del Congreso Nacional de la Sociedad Matem\u00e1tica - Canal 7 SLP - 2023\",\"isPartOf\":{\"@id\":\"https:\\\/\\\/canal7slp.tv\\\/2023\\\/#website\"},\"primaryImageOfPage\":{\"@id\":\"https:\\\/\\\/canal7slp.tv\\\/2023\\\/uaslp-anfitriona-de-la-edicion-56-del-congreso-nacional-de-la-sociedad-matematica\\\/#primaryimage\"},\"image\":{\"@id\":\"https:\\\/\\\/canal7slp.tv\\\/2023\\\/uaslp-anfitriona-de-la-edicion-56-del-congreso-nacional-de-la-sociedad-matematica\\\/#primaryimage\"},\"thumbnailUrl\":\"https:\\\/\\\/canal7slp.tv\\\/2023\\\/wp-content\\\/uploads\\\/2023\\\/10\\\/Poky0UASLPMAtematicas.jpg\",\"datePublished\":\"2023-10-20T15:20:07+00:00\",\"breadcrumb\":{\"@id\":\"https:\\\/\\\/canal7slp.tv\\\/2023\\\/uaslp-anfitriona-de-la-edicion-56-del-congreso-nacional-de-la-sociedad-matematica\\\/#breadcrumb\"},\"inLanguage\":\"es\",\"potentialAction\":[{\"@type\":\"ReadAction\",\"target\":[\"https:\\\/\\\/canal7slp.tv\\\/2023\\\/uaslp-anfitriona-de-la-edicion-56-del-congreso-nacional-de-la-sociedad-matematica\\\/\"]}]},{\"@type\":\"ImageObject\",\"inLanguage\":\"es\",\"@id\":\"https:\\\/\\\/canal7slp.tv\\\/2023\\\/uaslp-anfitriona-de-la-edicion-56-del-congreso-nacional-de-la-sociedad-matematica\\\/#primaryimage\",\"url\":\"https:\\\/\\\/canal7slp.tv\\\/2023\\\/wp-content\\\/uploads\\\/2023\\\/10\\\/Poky0UASLPMAtematicas.jpg\",\"contentUrl\":\"https:\\\/\\\/canal7slp.tv\\\/2023\\\/wp-content\\\/uploads\\\/2023\\\/10\\\/Poky0UASLPMAtematicas.jpg\",\"width\":1280,\"height\":720},{\"@type\":\"BreadcrumbList\",\"@id\":\"https:\\\/\\\/canal7slp.tv\\\/2023\\\/uaslp-anfitriona-de-la-edicion-56-del-congreso-nacional-de-la-sociedad-matematica\\\/#breadcrumb\",\"itemListElement\":[{\"@type\":\"ListItem\",\"position\":1,\"name\":\"Portada\",\"item\":\"https:\\\/\\\/canal7slp.tv\\\/2023\\\/\"},{\"@type\":\"ListItem\",\"position\":2,\"name\":\"UASLP, anfitriona de la edici\u00f3n 56 del Congreso Nacional de la Sociedad Matem\u00e1tica\"}]},{\"@type\":\"WebSite\",\"@id\":\"https:\\\/\\\/canal7slp.tv\\\/2023\\\/#website\",\"url\":\"https:\\\/\\\/canal7slp.tv\\\/2023\\\/\",\"name\":\"N7 - Noticieros Canal 7\",\"description\":\"Somos Televisi\u00f3n\",\"publisher\":{\"@id\":\"https:\\\/\\\/canal7slp.tv\\\/2023\\\/#organization\"},\"potentialAction\":[{\"@type\":\"SearchAction\",\"target\":{\"@type\":\"EntryPoint\",\"urlTemplate\":\"https:\\\/\\\/canal7slp.tv\\\/2023\\\/?s={search_term_string}\"},\"query-input\":{\"@type\":\"PropertyValueSpecification\",\"valueRequired\":true,\"valueName\":\"search_term_string\"}}],\"inLanguage\":\"es\"},{\"@type\":\"Organization\",\"@id\":\"https:\\\/\\\/canal7slp.tv\\\/2023\\\/#organization\",\"name\":\"Noticieros Canal 7\",\"url\":\"https:\\\/\\\/canal7slp.tv\\\/2023\\\/\",\"logo\":{\"@type\":\"ImageObject\",\"inLanguage\":\"es\",\"@id\":\"https:\\\/\\\/canal7slp.tv\\\/2023\\\/#\\\/schema\\\/logo\\\/image\\\/\",\"url\":\"https:\\\/\\\/canal7slp.tv\\\/2023\\\/wp-content\\\/uploads\\\/2021\\\/01\\\/logo-noticieros@2x.png\",\"contentUrl\":\"https:\\\/\\\/canal7slp.tv\\\/2023\\\/wp-content\\\/uploads\\\/2021\\\/01\\\/logo-noticieros@2x.png\",\"width\":1017,\"height\":268,\"caption\":\"Noticieros Canal 7\"},\"image\":{\"@id\":\"https:\\\/\\\/canal7slp.tv\\\/2023\\\/#\\\/schema\\\/logo\\\/image\\\/\"},\"sameAs\":[\"https:\\\/\\\/www.facebook.com\\\/noticieroscanalsiete\",\"https:\\\/\\\/x.com\\\/NOTICIEROS7\",\"https:\\\/\\\/www.instagram.com\\\/canal7_slp\",\"https:\\\/\\\/www.youtube.com\\\/channel\\\/UCliiYs-gP3JfJeqdPrNdd5A\"]},{\"@type\":\"Person\",\"@id\":\"https:\\\/\\\/canal7slp.tv\\\/2023\\\/#\\\/schema\\\/person\\\/639c424e3584069003b11ae813915da6\",\"name\":\"Edici\u00f3n Web\",\"image\":{\"@type\":\"ImageObject\",\"inLanguage\":\"es\",\"@id\":\"https:\\\/\\\/secure.gravatar.com\\\/avatar\\\/eee448fc3f7164808013b816ba91ac7e43bbe82a70bebac296f8bc6f0addaa1a?s=96&d=mm&r=g\",\"url\":\"https:\\\/\\\/secure.gravatar.com\\\/avatar\\\/eee448fc3f7164808013b816ba91ac7e43bbe82a70bebac296f8bc6f0addaa1a?s=96&d=mm&r=g\",\"contentUrl\":\"https:\\\/\\\/secure.gravatar.com\\\/avatar\\\/eee448fc3f7164808013b816ba91ac7e43bbe82a70bebac296f8bc6f0addaa1a?s=96&d=mm&r=g\",\"caption\":\"Edici\u00f3n Web\"},\"url\":\"https:\\\/\\\/canal7slp.tv\\\/2023\\\/author\\\/edicionweb\\\/\"}]}<\/script>\n<!-- \/ Yoast SEO plugin. -->","yoast_head_json":{"title":"UASLP, anfitriona de la edici\u00f3n 56 del Congreso Nacional de la Sociedad Matem\u00e1tica - Canal 7 SLP - 2023","robots":{"index":"index","follow":"follow","max-snippet":"max-snippet:-1","max-image-preview":"max-image-preview:large","max-video-preview":"max-video-preview:-1"},"canonical":"https:\/\/canal7slp.tv\/2023\/uaslp-anfitriona-de-la-edicion-56-del-congreso-nacional-de-la-sociedad-matematica\/","og_locale":"es_ES","og_type":"article","og_title":"UASLP, anfitriona de la edici\u00f3n 56 del Congreso Nacional de la Sociedad Matem\u00e1tica - Canal 7 SLP - 2023","og_description":"SLP.- La Facultad de Ciencias y el Instituto de F\u00edsica de la UASLP ser\u00e1n anfitriones del Congreso Nacional de la Sociedad Matem\u00e1tica, as\u00ed lo expres\u00f3 el director, Jos\u00e9 Salom\u00e9 Murgu\u00eda Ibarra. \u201cA trav\u00e9s de una iniciativa por parte de un conjunto de profesores tanto de la Facultad de Ciencias como del Instituto, tuvieron la iniciativa para solicitar ser sede de la edici\u00f3n 56 del Congreso Nacional de Matem\u00e1ticas; hicimos el esfuerzo y afortunadamente nos otorgaron esa sede\u201d. La finalidad es acercar la ciencia a la sociedad en el evento que se realizar\u00e1 del 23 al 29 de octubre y que [&hellip;]","og_url":"https:\/\/canal7slp.tv\/2023\/uaslp-anfitriona-de-la-edicion-56-del-congreso-nacional-de-la-sociedad-matematica\/","og_site_name":"Canal 7 SLP - 2023","article_publisher":"https:\/\/www.facebook.com\/noticieroscanalsiete","article_published_time":"2023-10-20T15:20:07+00:00","og_image":[{"width":1280,"height":720,"url":"https:\/\/canal7slp.tv\/2023\/wp-content\/uploads\/2023\/10\/Poky0UASLPMAtematicas.jpg","type":"image\/jpeg"}],"author":"Edici\u00f3n Web","twitter_card":"summary_large_image","twitter_creator":"@NOTICIEROS7","twitter_site":"@NOTICIEROS7","twitter_misc":{"Escrito por":"Edici\u00f3n Web","Tiempo de lectura":"2 minutos"},"schema":{"@context":"https:\/\/schema.org","@graph":[{"@type":"Article","@id":"https:\/\/canal7slp.tv\/2023\/uaslp-anfitriona-de-la-edicion-56-del-congreso-nacional-de-la-sociedad-matematica\/#article","isPartOf":{"@id":"https:\/\/canal7slp.tv\/2023\/uaslp-anfitriona-de-la-edicion-56-del-congreso-nacional-de-la-sociedad-matematica\/"},"author":{"name":"Edici\u00f3n Web","@id":"https:\/\/canal7slp.tv\/2023\/#\/schema\/person\/639c424e3584069003b11ae813915da6"},"headline":"UASLP, anfitriona de la edici\u00f3n 56 del Congreso Nacional de la Sociedad Matem\u00e1tica","datePublished":"2023-10-20T15:20:07+00:00","mainEntityOfPage":{"@id":"https:\/\/canal7slp.tv\/2023\/uaslp-anfitriona-de-la-edicion-56-del-congreso-nacional-de-la-sociedad-matematica\/"},"wordCount":258,"publisher":{"@id":"https:\/\/canal7slp.tv\/2023\/#organization"},"image":{"@id":"https:\/\/canal7slp.tv\/2023\/uaslp-anfitriona-de-la-edicion-56-del-congreso-nacional-de-la-sociedad-matematica\/#primaryimage"},"thumbnailUrl":"https:\/\/canal7slp.tv\/2023\/wp-content\/uploads\/2023\/10\/Poky0UASLPMAtematicas.jpg","articleSection":["DESTACADAS","LOCALES Y REGIONALES"],"inLanguage":"es"},{"@type":"WebPage","@id":"https:\/\/canal7slp.tv\/2023\/uaslp-anfitriona-de-la-edicion-56-del-congreso-nacional-de-la-sociedad-matematica\/","url":"https:\/\/canal7slp.tv\/2023\/uaslp-anfitriona-de-la-edicion-56-del-congreso-nacional-de-la-sociedad-matematica\/","name":"UASLP, anfitriona de la edici\u00f3n 56 del Congreso Nacional de la Sociedad Matem\u00e1tica - Canal 7 SLP - 2023","isPartOf":{"@id":"https:\/\/canal7slp.tv\/2023\/#website"},"primaryImageOfPage":{"@id":"https:\/\/canal7slp.tv\/2023\/uaslp-anfitriona-de-la-edicion-56-del-congreso-nacional-de-la-sociedad-matematica\/#primaryimage"},"image":{"@id":"https:\/\/canal7slp.tv\/2023\/uaslp-anfitriona-de-la-edicion-56-del-congreso-nacional-de-la-sociedad-matematica\/#primaryimage"},"thumbnailUrl":"https:\/\/canal7slp.tv\/2023\/wp-content\/uploads\/2023\/10\/Poky0UASLPMAtematicas.jpg","datePublished":"2023-10-20T15:20:07+00:00","breadcrumb":{"@id":"https:\/\/canal7slp.tv\/2023\/uaslp-anfitriona-de-la-edicion-56-del-congreso-nacional-de-la-sociedad-matematica\/#breadcrumb"},"inLanguage":"es","potentialAction":[{"@type":"ReadAction","target":["https:\/\/canal7slp.tv\/2023\/uaslp-anfitriona-de-la-edicion-56-del-congreso-nacional-de-la-sociedad-matematica\/"]}]},{"@type":"ImageObject","inLanguage":"es","@id":"https:\/\/canal7slp.tv\/2023\/uaslp-anfitriona-de-la-edicion-56-del-congreso-nacional-de-la-sociedad-matematica\/#primaryimage","url":"https:\/\/canal7slp.tv\/2023\/wp-content\/uploads\/2023\/10\/Poky0UASLPMAtematicas.jpg","contentUrl":"https:\/\/canal7slp.tv\/2023\/wp-content\/uploads\/2023\/10\/Poky0UASLPMAtematicas.jpg","width":1280,"height":720},{"@type":"BreadcrumbList","@id":"https:\/\/canal7slp.tv\/2023\/uaslp-anfitriona-de-la-edicion-56-del-congreso-nacional-de-la-sociedad-matematica\/#breadcrumb","itemListElement":[{"@type":"ListItem","position":1,"name":"Portada","item":"https:\/\/canal7slp.tv\/2023\/"},{"@type":"ListItem","position":2,"name":"UASLP, anfitriona de la edici\u00f3n 56 del Congreso Nacional de la Sociedad Matem\u00e1tica"}]},{"@type":"WebSite","@id":"https:\/\/canal7slp.tv\/2023\/#website","url":"https:\/\/canal7slp.tv\/2023\/","name":"N7 - Noticieros Canal 7","description":"Somos Televisi\u00f3n","publisher":{"@id":"https:\/\/canal7slp.tv\/2023\/#organization"},"potentialAction":[{"@type":"SearchAction","target":{"@type":"EntryPoint","urlTemplate":"https:\/\/canal7slp.tv\/2023\/?s={search_term_string}"},"query-input":{"@type":"PropertyValueSpecification","valueRequired":true,"valueName":"search_term_string"}}],"inLanguage":"es"},{"@type":"Organization","@id":"https:\/\/canal7slp.tv\/2023\/#organization","name":"Noticieros Canal 7","url":"https:\/\/canal7slp.tv\/2023\/","logo":{"@type":"ImageObject","inLanguage":"es","@id":"https:\/\/canal7slp.tv\/2023\/#\/schema\/logo\/image\/","url":"https:\/\/canal7slp.tv\/2023\/wp-content\/uploads\/2021\/01\/logo-noticieros@2x.png","contentUrl":"https:\/\/canal7slp.tv\/2023\/wp-content\/uploads\/2021\/01\/logo-noticieros@2x.png","width":1017,"height":268,"caption":"Noticieros Canal 7"},"image":{"@id":"https:\/\/canal7slp.tv\/2023\/#\/schema\/logo\/image\/"},"sameAs":["https:\/\/www.facebook.com\/noticieroscanalsiete","https:\/\/x.com\/NOTICIEROS7","https:\/\/www.instagram.com\/canal7_slp","https:\/\/www.youtube.com\/channel\/UCliiYs-gP3JfJeqdPrNdd5A"]},{"@type":"Person","@id":"https:\/\/canal7slp.tv\/2023\/#\/schema\/person\/639c424e3584069003b11ae813915da6","name":"Edici\u00f3n Web","image":{"@type":"ImageObject","inLanguage":"es","@id":"https:\/\/secure.gravatar.com\/avatar\/eee448fc3f7164808013b816ba91ac7e43bbe82a70bebac296f8bc6f0addaa1a?s=96&d=mm&r=g","url":"https:\/\/secure.gravatar.com\/avatar\/eee448fc3f7164808013b816ba91ac7e43bbe82a70bebac296f8bc6f0addaa1a?s=96&d=mm&r=g","contentUrl":"https:\/\/secure.gravatar.com\/avatar\/eee448fc3f7164808013b816ba91ac7e43bbe82a70bebac296f8bc6f0addaa1a?s=96&d=mm&r=g","caption":"Edici\u00f3n Web"},"url":"https:\/\/canal7slp.tv\/2023\/author\/edicionweb\/"}]}},"_links":{"self":[{"href":"https:\/\/canal7slp.tv\/2023\/wp-json\/wp\/v2\/posts\/110525","targetHints":{"allow":["GET"]}}],"collection":[{"href":"https:\/\/canal7slp.tv\/2023\/wp-json\/wp\/v2\/posts"}],"about":[{"href":"https:\/\/canal7slp.tv\/2023\/wp-json\/wp\/v2\/types\/post"}],"author":[{"embeddable":true,"href":"https:\/\/canal7slp.tv\/2023\/wp-json\/wp\/v2\/users\/2"}],"replies":[{"embeddable":true,"href":"https:\/\/canal7slp.tv\/2023\/wp-json\/wp\/v2\/comments?post=110525"}],"version-history":[{"count":2,"href":"https:\/\/canal7slp.tv\/2023\/wp-json\/wp\/v2\/posts\/110525\/revisions"}],"predecessor-version":[{"id":110555,"href":"https:\/\/canal7slp.tv\/2023\/wp-json\/wp\/v2\/posts\/110525\/revisions\/110555"}],"wp:featuredmedia":[{"embeddable":true,"href":"https:\/\/canal7slp.tv\/2023\/wp-json\/wp\/v2\/media\/110550"}],"wp:attachment":[{"href":"https:\/\/canal7slp.tv\/2023\/wp-json\/wp\/v2\/media?parent=110525"}],"wp:term":[{"taxonomy":"category","embeddable":true,"href":"https:\/\/canal7slp.tv\/2023\/wp-json\/wp\/v2\/categories?post=110525"},{"taxonomy":"post_tag","embeddable":true,"href":"https:\/\/canal7slp.tv\/2023\/wp-json\/wp\/v2\/tags?post=110525"}],"curies":[{"name":"wp","href":"https:\/\/api.w.org\/{rel}","templated":true}]}}