{"id":110524,"date":"2023-10-20T09:22:28","date_gmt":"2023-10-20T15:22:28","guid":{"rendered":"https:\/\/canal7slp.tv\/2023\/?p=110524"},"modified":"2023-10-20T09:22:28","modified_gmt":"2023-10-20T15:22:28","slug":"diagnosticos-de-cancer-de-mama-aumentan-32-en-los-ultimos-tres-anos","status":"publish","type":"post","link":"https:\/\/canal7slp.tv\/2023\/diagnosticos-de-cancer-de-mama-aumentan-32-en-los-ultimos-tres-anos\/","title":{"rendered":"Diagn\u00f3sticos de c\u00e1ncer de mama aumentan 32% en los \u00faltimos tres a\u00f1os"},"content":{"rendered":"<p style=\"text-align: justify;\">SLP.- La autoexploraci\u00f3n y prevenci\u00f3n son factores decisivos en casos de c\u00e1ncer de mama, as\u00ed lo indic\u00f3 la doctora especialista, Jenifer Silva Rucoba.<\/p>\n<p style=\"text-align: justify;\">\u201cEl c\u00e1ncer de mama pues es el c\u00e1ncer m\u00e1s frecuente en las mujeres y la primer causa de muerte por c\u00e1ncer a nivel mundial, es por ello que la prevenci\u00f3n, un buen diagnostico y una auto exploraci\u00f3n mensual son cosas muy importantes\u201d.<\/p>\n<p style=\"text-align: justify;\">La enfermedad ha incrementado en recientes fechas.<\/p>\n<p style=\"text-align: justify;\">\u201cEs el m\u00e1s com\u00fan a nivel mundial y pues hubo un aumento del 2020 para ac\u00e1 en 32% en cuanto a diagn\u00f3sticos de acuerdo a las gu\u00edas de pr\u00e1ctica cl\u00ednica que son de aqu\u00ed de M\u00e9xico por eso es que la prevenci\u00f3n es b\u00e1sica\u201d.<\/p>\n<p style=\"text-align: justify;\">La autoexploraci\u00f3n es fundamental.<\/p>\n<p style=\"text-align: justify;\">\u201cRecordarle a las pacientes que hay que explorarnos una vez al mes, las mujeres que tienen su periodo menstrual hay que hacer una autoexploraci\u00f3n siete d\u00edas posteriores a la regla, las mujeres que ya pasaron por un estado climat\u00e9rico que es la menopausia hay que hacer una exploraci\u00f3n una vez al mes que sea un d\u00eda fijo\u201d.<\/p>\n<p style=\"text-align: justify;\">Indic\u00f3 cuales son los signos de alerta.<\/p>\n<p style=\"text-align: justify;\">\u201cSignos como cambios en la turgencia de la piel, esa piel granja, coloraci\u00f3n, secreci\u00f3n por el pez\u00f3n, cambios en proporci\u00f3n del tama\u00f1o de los senos, que haya n\u00f3dulos o bultos dolorosos o indoloros, eso es un foco muy importante\u201d.<\/p>\n<p style=\"text-align: justify;\">Exhort\u00f3 a la poblaci\u00f3n femenina a evitar factores de riesgo.<\/p>\n<p style=\"text-align: justify;\">\u201cFactores que son muy importantes que tenemos que prevenir, factores de riesgo, obesidad, tabaquismo, el uso cr\u00f3nico de anticonceptivos hormonales\u201d.<\/p>\n<p style=\"text-align: justify;\">Existen acciones que ayudan a la prevenci\u00f3n.<\/p>\n<p style=\"text-align: justify;\">\u201cLa lactancia materna es un factor preventivo para todas las mujeres, tener tu primer embarazo a los 30 a\u00f1os o previo a los 30 a\u00f1os tambi\u00e9n es un factor protector\u201d.<\/p>\n<p style=\"text-align: justify;\">Recomend\u00f3 una atenci\u00f3n multidisciplinaria, acompa\u00f1amiento, fisioterapia y apoyo en nutrici\u00f3n para mujeres que fueron diagnosticadas con c\u00e1ncer de mama.<\/p>\n<p>Por: Juan Carlos Contreras<\/p>\n","protected":false},"excerpt":{"rendered":"<p>SLP.- La autoexploraci\u00f3n y prevenci\u00f3n son factores decisivos en casos de c\u00e1ncer de mama, as\u00ed lo indic\u00f3 la doctora especialista, Jenifer Silva Rucoba. \u201cEl c\u00e1ncer de mama pues es el c\u00e1ncer m\u00e1s frecuente en las mujeres y la primer causa de muerte por c\u00e1ncer a nivel mundial, es por ello que la prevenci\u00f3n, un buen diagnostico y una auto exploraci\u00f3n mensual son cosas muy importantes\u201d. La enfermedad ha incrementado en recientes fechas. \u201cEs el m\u00e1s com\u00fan a nivel mundial y pues hubo un aumento del 2020 para ac\u00e1 en 32% en cuanto a diagn\u00f3sticos de acuerdo a las gu\u00edas de [&hellip;]<\/p>\n","protected":false},"author":2,"featured_media":110548,"comment_status":"closed","ping_status":"closed","sticky":false,"template":"","format":"video","meta":{"footnotes":""},"categories":[5,45],"tags":[],"class_list":["post-110524","post","type-post","status-publish","format-video","has-post-thumbnail","hentry","category-destacadas","category-localesyregionales","post_format-post-format-video","post--single"],"yoast_head":"<!-- This site is optimized with the Yoast SEO plugin v27.5 - https:\/\/yoast.com\/product\/yoast-seo-wordpress\/ -->\n<title>Diagn\u00f3sticos de c\u00e1ncer de mama aumentan 32% en los \u00faltimos tres a\u00f1os - Canal 7 SLP - 2023<\/title>\n<meta name=\"robots\" content=\"index, follow, max-snippet:-1, max-image-preview:large, max-video-preview:-1\" \/>\n<link rel=\"canonical\" href=\"https:\/\/canal7slp.tv\/2023\/diagnosticos-de-cancer-de-mama-aumentan-32-en-los-ultimos-tres-anos\/\" \/>\n<meta property=\"og:locale\" content=\"es_ES\" \/>\n<meta property=\"og:type\" content=\"article\" \/>\n<meta property=\"og:title\" content=\"Diagn\u00f3sticos de c\u00e1ncer de mama aumentan 32% en los \u00faltimos tres a\u00f1os - Canal 7 SLP - 2023\" \/>\n<meta property=\"og:description\" content=\"SLP.- La autoexploraci\u00f3n y prevenci\u00f3n son factores decisivos en casos de c\u00e1ncer de mama, as\u00ed lo indic\u00f3 la doctora especialista, Jenifer Silva Rucoba. \u201cEl c\u00e1ncer de mama pues es el c\u00e1ncer m\u00e1s frecuente en las mujeres y la primer causa de muerte por c\u00e1ncer a nivel mundial, es por ello que la prevenci\u00f3n, un buen diagnostico y una auto exploraci\u00f3n mensual son cosas muy importantes\u201d. La enfermedad ha incrementado en recientes fechas. \u201cEs el m\u00e1s com\u00fan a nivel mundial y pues hubo un aumento del 2020 para ac\u00e1 en 32% en cuanto a diagn\u00f3sticos de acuerdo a las gu\u00edas de [&hellip;]\" \/>\n<meta property=\"og:url\" content=\"https:\/\/canal7slp.tv\/2023\/diagnosticos-de-cancer-de-mama-aumentan-32-en-los-ultimos-tres-anos\/\" \/>\n<meta property=\"og:site_name\" content=\"Canal 7 SLP - 2023\" \/>\n<meta property=\"article:publisher\" content=\"https:\/\/www.facebook.com\/noticieroscanalsiete\" \/>\n<meta property=\"article:published_time\" content=\"2023-10-20T15:22:28+00:00\" \/>\n<meta property=\"og:image\" content=\"https:\/\/canal7slp.tv\/2023\/wp-content\/uploads\/2023\/10\/Poky0CancerMama.jpg\" \/>\n\t<meta property=\"og:image:width\" content=\"1280\" \/>\n\t<meta property=\"og:image:height\" content=\"720\" \/>\n\t<meta property=\"og:image:type\" content=\"image\/jpeg\" \/>\n<meta name=\"author\" content=\"Edici\u00f3n Web\" \/>\n<meta name=\"twitter:card\" content=\"summary_large_image\" \/>\n<meta name=\"twitter:creator\" content=\"@NOTICIEROS7\" \/>\n<meta name=\"twitter:site\" content=\"@NOTICIEROS7\" \/>\n<meta name=\"twitter:label1\" content=\"Escrito por\" \/>\n\t<meta name=\"twitter:data1\" content=\"Edici\u00f3n Web\" \/>\n\t<meta name=\"twitter:label2\" content=\"Tiempo de lectura\" \/>\n\t<meta name=\"twitter:data2\" content=\"2 minutos\" \/>\n<script type=\"application\/ld+json\" class=\"yoast-schema-graph\">{\"@context\":\"https:\\\/\\\/schema.org\",\"@graph\":[{\"@type\":\"Article\",\"@id\":\"https:\\\/\\\/canal7slp.tv\\\/2023\\\/diagnosticos-de-cancer-de-mama-aumentan-32-en-los-ultimos-tres-anos\\\/#article\",\"isPartOf\":{\"@id\":\"https:\\\/\\\/canal7slp.tv\\\/2023\\\/diagnosticos-de-cancer-de-mama-aumentan-32-en-los-ultimos-tres-anos\\\/\"},\"author\":{\"name\":\"Edici\u00f3n Web\",\"@id\":\"https:\\\/\\\/canal7slp.tv\\\/2023\\\/#\\\/schema\\\/person\\\/639c424e3584069003b11ae813915da6\"},\"headline\":\"Diagn\u00f3sticos de c\u00e1ncer de mama aumentan 32% en los \u00faltimos tres a\u00f1os\",\"datePublished\":\"2023-10-20T15:22:28+00:00\",\"mainEntityOfPage\":{\"@id\":\"https:\\\/\\\/canal7slp.tv\\\/2023\\\/diagnosticos-de-cancer-de-mama-aumentan-32-en-los-ultimos-tres-anos\\\/\"},\"wordCount\":364,\"publisher\":{\"@id\":\"https:\\\/\\\/canal7slp.tv\\\/2023\\\/#organization\"},\"image\":{\"@id\":\"https:\\\/\\\/canal7slp.tv\\\/2023\\\/diagnosticos-de-cancer-de-mama-aumentan-32-en-los-ultimos-tres-anos\\\/#primaryimage\"},\"thumbnailUrl\":\"https:\\\/\\\/canal7slp.tv\\\/2023\\\/wp-content\\\/uploads\\\/2023\\\/10\\\/Poky0CancerMama.jpg\",\"articleSection\":[\"DESTACADAS\",\"LOCALES Y REGIONALES\"],\"inLanguage\":\"es\"},{\"@type\":\"WebPage\",\"@id\":\"https:\\\/\\\/canal7slp.tv\\\/2023\\\/diagnosticos-de-cancer-de-mama-aumentan-32-en-los-ultimos-tres-anos\\\/\",\"url\":\"https:\\\/\\\/canal7slp.tv\\\/2023\\\/diagnosticos-de-cancer-de-mama-aumentan-32-en-los-ultimos-tres-anos\\\/\",\"name\":\"Diagn\u00f3sticos de c\u00e1ncer de mama aumentan 32% en los \u00faltimos tres a\u00f1os - Canal 7 SLP - 2023\",\"isPartOf\":{\"@id\":\"https:\\\/\\\/canal7slp.tv\\\/2023\\\/#website\"},\"primaryImageOfPage\":{\"@id\":\"https:\\\/\\\/canal7slp.tv\\\/2023\\\/diagnosticos-de-cancer-de-mama-aumentan-32-en-los-ultimos-tres-anos\\\/#primaryimage\"},\"image\":{\"@id\":\"https:\\\/\\\/canal7slp.tv\\\/2023\\\/diagnosticos-de-cancer-de-mama-aumentan-32-en-los-ultimos-tres-anos\\\/#primaryimage\"},\"thumbnailUrl\":\"https:\\\/\\\/canal7slp.tv\\\/2023\\\/wp-content\\\/uploads\\\/2023\\\/10\\\/Poky0CancerMama.jpg\",\"datePublished\":\"2023-10-20T15:22:28+00:00\",\"breadcrumb\":{\"@id\":\"https:\\\/\\\/canal7slp.tv\\\/2023\\\/diagnosticos-de-cancer-de-mama-aumentan-32-en-los-ultimos-tres-anos\\\/#breadcrumb\"},\"inLanguage\":\"es\",\"potentialAction\":[{\"@type\":\"ReadAction\",\"target\":[\"https:\\\/\\\/canal7slp.tv\\\/2023\\\/diagnosticos-de-cancer-de-mama-aumentan-32-en-los-ultimos-tres-anos\\\/\"]}]},{\"@type\":\"ImageObject\",\"inLanguage\":\"es\",\"@id\":\"https:\\\/\\\/canal7slp.tv\\\/2023\\\/diagnosticos-de-cancer-de-mama-aumentan-32-en-los-ultimos-tres-anos\\\/#primaryimage\",\"url\":\"https:\\\/\\\/canal7slp.tv\\\/2023\\\/wp-content\\\/uploads\\\/2023\\\/10\\\/Poky0CancerMama.jpg\",\"contentUrl\":\"https:\\\/\\\/canal7slp.tv\\\/2023\\\/wp-content\\\/uploads\\\/2023\\\/10\\\/Poky0CancerMama.jpg\",\"width\":1280,\"height\":720},{\"@type\":\"BreadcrumbList\",\"@id\":\"https:\\\/\\\/canal7slp.tv\\\/2023\\\/diagnosticos-de-cancer-de-mama-aumentan-32-en-los-ultimos-tres-anos\\\/#breadcrumb\",\"itemListElement\":[{\"@type\":\"ListItem\",\"position\":1,\"name\":\"Portada\",\"item\":\"https:\\\/\\\/canal7slp.tv\\\/2023\\\/\"},{\"@type\":\"ListItem\",\"position\":2,\"name\":\"Diagn\u00f3sticos de c\u00e1ncer de mama aumentan 32% en los \u00faltimos tres a\u00f1os\"}]},{\"@type\":\"WebSite\",\"@id\":\"https:\\\/\\\/canal7slp.tv\\\/2023\\\/#website\",\"url\":\"https:\\\/\\\/canal7slp.tv\\\/2023\\\/\",\"name\":\"N7 - Noticieros Canal 7\",\"description\":\"Somos Televisi\u00f3n\",\"publisher\":{\"@id\":\"https:\\\/\\\/canal7slp.tv\\\/2023\\\/#organization\"},\"potentialAction\":[{\"@type\":\"SearchAction\",\"target\":{\"@type\":\"EntryPoint\",\"urlTemplate\":\"https:\\\/\\\/canal7slp.tv\\\/2023\\\/?s={search_term_string}\"},\"query-input\":{\"@type\":\"PropertyValueSpecification\",\"valueRequired\":true,\"valueName\":\"search_term_string\"}}],\"inLanguage\":\"es\"},{\"@type\":\"Organization\",\"@id\":\"https:\\\/\\\/canal7slp.tv\\\/2023\\\/#organization\",\"name\":\"Noticieros Canal 7\",\"url\":\"https:\\\/\\\/canal7slp.tv\\\/2023\\\/\",\"logo\":{\"@type\":\"ImageObject\",\"inLanguage\":\"es\",\"@id\":\"https:\\\/\\\/canal7slp.tv\\\/2023\\\/#\\\/schema\\\/logo\\\/image\\\/\",\"url\":\"https:\\\/\\\/canal7slp.tv\\\/2023\\\/wp-content\\\/uploads\\\/2021\\\/01\\\/logo-noticieros@2x.png\",\"contentUrl\":\"https:\\\/\\\/canal7slp.tv\\\/2023\\\/wp-content\\\/uploads\\\/2021\\\/01\\\/logo-noticieros@2x.png\",\"width\":1017,\"height\":268,\"caption\":\"Noticieros Canal 7\"},\"image\":{\"@id\":\"https:\\\/\\\/canal7slp.tv\\\/2023\\\/#\\\/schema\\\/logo\\\/image\\\/\"},\"sameAs\":[\"https:\\\/\\\/www.facebook.com\\\/noticieroscanalsiete\",\"https:\\\/\\\/x.com\\\/NOTICIEROS7\",\"https:\\\/\\\/www.instagram.com\\\/canal7_slp\",\"https:\\\/\\\/www.youtube.com\\\/channel\\\/UCliiYs-gP3JfJeqdPrNdd5A\"]},{\"@type\":\"Person\",\"@id\":\"https:\\\/\\\/canal7slp.tv\\\/2023\\\/#\\\/schema\\\/person\\\/639c424e3584069003b11ae813915da6\",\"name\":\"Edici\u00f3n Web\",\"image\":{\"@type\":\"ImageObject\",\"inLanguage\":\"es\",\"@id\":\"https:\\\/\\\/secure.gravatar.com\\\/avatar\\\/eee448fc3f7164808013b816ba91ac7e43bbe82a70bebac296f8bc6f0addaa1a?s=96&d=mm&r=g\",\"url\":\"https:\\\/\\\/secure.gravatar.com\\\/avatar\\\/eee448fc3f7164808013b816ba91ac7e43bbe82a70bebac296f8bc6f0addaa1a?s=96&d=mm&r=g\",\"contentUrl\":\"https:\\\/\\\/secure.gravatar.com\\\/avatar\\\/eee448fc3f7164808013b816ba91ac7e43bbe82a70bebac296f8bc6f0addaa1a?s=96&d=mm&r=g\",\"caption\":\"Edici\u00f3n Web\"},\"url\":\"https:\\\/\\\/canal7slp.tv\\\/2023\\\/author\\\/edicionweb\\\/\"}]}<\/script>\n<!-- \/ Yoast SEO plugin. -->","yoast_head_json":{"title":"Diagn\u00f3sticos de c\u00e1ncer de mama aumentan 32% en los \u00faltimos tres a\u00f1os - Canal 7 SLP - 2023","robots":{"index":"index","follow":"follow","max-snippet":"max-snippet:-1","max-image-preview":"max-image-preview:large","max-video-preview":"max-video-preview:-1"},"canonical":"https:\/\/canal7slp.tv\/2023\/diagnosticos-de-cancer-de-mama-aumentan-32-en-los-ultimos-tres-anos\/","og_locale":"es_ES","og_type":"article","og_title":"Diagn\u00f3sticos de c\u00e1ncer de mama aumentan 32% en los \u00faltimos tres a\u00f1os - Canal 7 SLP - 2023","og_description":"SLP.- La autoexploraci\u00f3n y prevenci\u00f3n son factores decisivos en casos de c\u00e1ncer de mama, as\u00ed lo indic\u00f3 la doctora especialista, Jenifer Silva Rucoba. \u201cEl c\u00e1ncer de mama pues es el c\u00e1ncer m\u00e1s frecuente en las mujeres y la primer causa de muerte por c\u00e1ncer a nivel mundial, es por ello que la prevenci\u00f3n, un buen diagnostico y una auto exploraci\u00f3n mensual son cosas muy importantes\u201d. La enfermedad ha incrementado en recientes fechas. \u201cEs el m\u00e1s com\u00fan a nivel mundial y pues hubo un aumento del 2020 para ac\u00e1 en 32% en cuanto a diagn\u00f3sticos de acuerdo a las gu\u00edas de [&hellip;]","og_url":"https:\/\/canal7slp.tv\/2023\/diagnosticos-de-cancer-de-mama-aumentan-32-en-los-ultimos-tres-anos\/","og_site_name":"Canal 7 SLP - 2023","article_publisher":"https:\/\/www.facebook.com\/noticieroscanalsiete","article_published_time":"2023-10-20T15:22:28+00:00","og_image":[{"width":1280,"height":720,"url":"https:\/\/canal7slp.tv\/2023\/wp-content\/uploads\/2023\/10\/Poky0CancerMama.jpg","type":"image\/jpeg"}],"author":"Edici\u00f3n Web","twitter_card":"summary_large_image","twitter_creator":"@NOTICIEROS7","twitter_site":"@NOTICIEROS7","twitter_misc":{"Escrito por":"Edici\u00f3n Web","Tiempo de lectura":"2 minutos"},"schema":{"@context":"https:\/\/schema.org","@graph":[{"@type":"Article","@id":"https:\/\/canal7slp.tv\/2023\/diagnosticos-de-cancer-de-mama-aumentan-32-en-los-ultimos-tres-anos\/#article","isPartOf":{"@id":"https:\/\/canal7slp.tv\/2023\/diagnosticos-de-cancer-de-mama-aumentan-32-en-los-ultimos-tres-anos\/"},"author":{"name":"Edici\u00f3n Web","@id":"https:\/\/canal7slp.tv\/2023\/#\/schema\/person\/639c424e3584069003b11ae813915da6"},"headline":"Diagn\u00f3sticos de c\u00e1ncer de mama aumentan 32% en los \u00faltimos tres a\u00f1os","datePublished":"2023-10-20T15:22:28+00:00","mainEntityOfPage":{"@id":"https:\/\/canal7slp.tv\/2023\/diagnosticos-de-cancer-de-mama-aumentan-32-en-los-ultimos-tres-anos\/"},"wordCount":364,"publisher":{"@id":"https:\/\/canal7slp.tv\/2023\/#organization"},"image":{"@id":"https:\/\/canal7slp.tv\/2023\/diagnosticos-de-cancer-de-mama-aumentan-32-en-los-ultimos-tres-anos\/#primaryimage"},"thumbnailUrl":"https:\/\/canal7slp.tv\/2023\/wp-content\/uploads\/2023\/10\/Poky0CancerMama.jpg","articleSection":["DESTACADAS","LOCALES Y REGIONALES"],"inLanguage":"es"},{"@type":"WebPage","@id":"https:\/\/canal7slp.tv\/2023\/diagnosticos-de-cancer-de-mama-aumentan-32-en-los-ultimos-tres-anos\/","url":"https:\/\/canal7slp.tv\/2023\/diagnosticos-de-cancer-de-mama-aumentan-32-en-los-ultimos-tres-anos\/","name":"Diagn\u00f3sticos de c\u00e1ncer de mama aumentan 32% en los \u00faltimos tres a\u00f1os - Canal 7 SLP - 2023","isPartOf":{"@id":"https:\/\/canal7slp.tv\/2023\/#website"},"primaryImageOfPage":{"@id":"https:\/\/canal7slp.tv\/2023\/diagnosticos-de-cancer-de-mama-aumentan-32-en-los-ultimos-tres-anos\/#primaryimage"},"image":{"@id":"https:\/\/canal7slp.tv\/2023\/diagnosticos-de-cancer-de-mama-aumentan-32-en-los-ultimos-tres-anos\/#primaryimage"},"thumbnailUrl":"https:\/\/canal7slp.tv\/2023\/wp-content\/uploads\/2023\/10\/Poky0CancerMama.jpg","datePublished":"2023-10-20T15:22:28+00:00","breadcrumb":{"@id":"https:\/\/canal7slp.tv\/2023\/diagnosticos-de-cancer-de-mama-aumentan-32-en-los-ultimos-tres-anos\/#breadcrumb"},"inLanguage":"es","potentialAction":[{"@type":"ReadAction","target":["https:\/\/canal7slp.tv\/2023\/diagnosticos-de-cancer-de-mama-aumentan-32-en-los-ultimos-tres-anos\/"]}]},{"@type":"ImageObject","inLanguage":"es","@id":"https:\/\/canal7slp.tv\/2023\/diagnosticos-de-cancer-de-mama-aumentan-32-en-los-ultimos-tres-anos\/#primaryimage","url":"https:\/\/canal7slp.tv\/2023\/wp-content\/uploads\/2023\/10\/Poky0CancerMama.jpg","contentUrl":"https:\/\/canal7slp.tv\/2023\/wp-content\/uploads\/2023\/10\/Poky0CancerMama.jpg","width":1280,"height":720},{"@type":"BreadcrumbList","@id":"https:\/\/canal7slp.tv\/2023\/diagnosticos-de-cancer-de-mama-aumentan-32-en-los-ultimos-tres-anos\/#breadcrumb","itemListElement":[{"@type":"ListItem","position":1,"name":"Portada","item":"https:\/\/canal7slp.tv\/2023\/"},{"@type":"ListItem","position":2,"name":"Diagn\u00f3sticos de c\u00e1ncer de mama aumentan 32% en los \u00faltimos tres a\u00f1os"}]},{"@type":"WebSite","@id":"https:\/\/canal7slp.tv\/2023\/#website","url":"https:\/\/canal7slp.tv\/2023\/","name":"N7 - Noticieros Canal 7","description":"Somos Televisi\u00f3n","publisher":{"@id":"https:\/\/canal7slp.tv\/2023\/#organization"},"potentialAction":[{"@type":"SearchAction","target":{"@type":"EntryPoint","urlTemplate":"https:\/\/canal7slp.tv\/2023\/?s={search_term_string}"},"query-input":{"@type":"PropertyValueSpecification","valueRequired":true,"valueName":"search_term_string"}}],"inLanguage":"es"},{"@type":"Organization","@id":"https:\/\/canal7slp.tv\/2023\/#organization","name":"Noticieros Canal 7","url":"https:\/\/canal7slp.tv\/2023\/","logo":{"@type":"ImageObject","inLanguage":"es","@id":"https:\/\/canal7slp.tv\/2023\/#\/schema\/logo\/image\/","url":"https:\/\/canal7slp.tv\/2023\/wp-content\/uploads\/2021\/01\/logo-noticieros@2x.png","contentUrl":"https:\/\/canal7slp.tv\/2023\/wp-content\/uploads\/2021\/01\/logo-noticieros@2x.png","width":1017,"height":268,"caption":"Noticieros Canal 7"},"image":{"@id":"https:\/\/canal7slp.tv\/2023\/#\/schema\/logo\/image\/"},"sameAs":["https:\/\/www.facebook.com\/noticieroscanalsiete","https:\/\/x.com\/NOTICIEROS7","https:\/\/www.instagram.com\/canal7_slp","https:\/\/www.youtube.com\/channel\/UCliiYs-gP3JfJeqdPrNdd5A"]},{"@type":"Person","@id":"https:\/\/canal7slp.tv\/2023\/#\/schema\/person\/639c424e3584069003b11ae813915da6","name":"Edici\u00f3n Web","image":{"@type":"ImageObject","inLanguage":"es","@id":"https:\/\/secure.gravatar.com\/avatar\/eee448fc3f7164808013b816ba91ac7e43bbe82a70bebac296f8bc6f0addaa1a?s=96&d=mm&r=g","url":"https:\/\/secure.gravatar.com\/avatar\/eee448fc3f7164808013b816ba91ac7e43bbe82a70bebac296f8bc6f0addaa1a?s=96&d=mm&r=g","contentUrl":"https:\/\/secure.gravatar.com\/avatar\/eee448fc3f7164808013b816ba91ac7e43bbe82a70bebac296f8bc6f0addaa1a?s=96&d=mm&r=g","caption":"Edici\u00f3n Web"},"url":"https:\/\/canal7slp.tv\/2023\/author\/edicionweb\/"}]}},"_links":{"self":[{"href":"https:\/\/canal7slp.tv\/2023\/wp-json\/wp\/v2\/posts\/110524","targetHints":{"allow":["GET"]}}],"collection":[{"href":"https:\/\/canal7slp.tv\/2023\/wp-json\/wp\/v2\/posts"}],"about":[{"href":"https:\/\/canal7slp.tv\/2023\/wp-json\/wp\/v2\/types\/post"}],"author":[{"embeddable":true,"href":"https:\/\/canal7slp.tv\/2023\/wp-json\/wp\/v2\/users\/2"}],"replies":[{"embeddable":true,"href":"https:\/\/canal7slp.tv\/2023\/wp-json\/wp\/v2\/comments?post=110524"}],"version-history":[{"count":2,"href":"https:\/\/canal7slp.tv\/2023\/wp-json\/wp\/v2\/posts\/110524\/revisions"}],"predecessor-version":[{"id":110556,"href":"https:\/\/canal7slp.tv\/2023\/wp-json\/wp\/v2\/posts\/110524\/revisions\/110556"}],"wp:featuredmedia":[{"embeddable":true,"href":"https:\/\/canal7slp.tv\/2023\/wp-json\/wp\/v2\/media\/110548"}],"wp:attachment":[{"href":"https:\/\/canal7slp.tv\/2023\/wp-json\/wp\/v2\/media?parent=110524"}],"wp:term":[{"taxonomy":"category","embeddable":true,"href":"https:\/\/canal7slp.tv\/2023\/wp-json\/wp\/v2\/categories?post=110524"},{"taxonomy":"post_tag","embeddable":true,"href":"https:\/\/canal7slp.tv\/2023\/wp-json\/wp\/v2\/tags?post=110524"}],"curies":[{"name":"wp","href":"https:\/\/api.w.org\/{rel}","templated":true}]}}