{"id":110471,"date":"2023-10-19T16:23:33","date_gmt":"2023-10-19T22:23:33","guid":{"rendered":"https:\/\/canal7slp.tv\/2023\/?p=110471"},"modified":"2023-10-19T16:23:33","modified_gmt":"2023-10-19T22:23:33","slug":"amlo-incurrio-en-uso-indebido-de-recursos-durante-proceso-electoral-tepjf","status":"publish","type":"post","link":"https:\/\/canal7slp.tv\/2023\/amlo-incurrio-en-uso-indebido-de-recursos-durante-proceso-electoral-tepjf\/","title":{"rendered":"AMLO incurri\u00f3 en uso indebido de recursos durante proceso electoral: TEPJF"},"content":{"rendered":"<p style=\"text-align: justify;\">M\u00e9xico.- El Tribunal Electoral ha confirmado por unanimidad que el presidente Andr\u00e9s Manuel L\u00f3pez Obrador y su equipo de Comunicaci\u00f3n Social cometieron uso indebido de recursos p\u00fablicos, promoci\u00f3n personalizada y difusi\u00f3n de propaganda gubernamental durante la veda electoral en Coahuila y el Estado de M\u00e9xico en 2023.<\/p>\n<p style=\"text-align: justify;\">La controversia surgi\u00f3 a ra\u00edz de una denuncia presentada por el Partido de la Revoluci\u00f3n Democr\u00e1tica (PRD) y Jorge \u00c1lvarez M\u00e1ynez, quienes argumentaron que las declaraciones realizadas por el presidente durante una conferencia matutina infringieron las normas electorales.<\/p>\n<p style=\"text-align: justify;\">Durante dicha conferencia, celebrada dos d\u00edas antes de las elecciones en el Estado de M\u00e9xico, L\u00f3pez Obrador expres\u00f3 su respaldo a los candidatos que lideraban las encuestas y afirm\u00f3 que no eran parte del grupo que hab\u00eda cometido \u00abfraude\u00bb en elecciones anteriores.<\/p>\n<p style=\"text-align: justify;\">El Tribunal Electoral determin\u00f3 que estas declaraciones constituyeron una difusi\u00f3n de logros gubernamentales durante la veda electoral, vinculados directamente al presidente de la Rep\u00fablica. Adem\u00e1s, se encontr\u00f3 evidencia de un uso inapropiado de recursos humanos y materiales.<\/p>\n<p style=\"text-align: justify;\">En consecuencia, se ha ordenado al \u00d3rgano Interno de Control que imponga las sanciones correspondientes y se ha solicitado la inclusi\u00f3n de los responsables (excepto el presidente) en el Cat\u00e1logo de sujetos sancionados en los procedimientos especiales.<\/p>\n","protected":false},"excerpt":{"rendered":"<p>M\u00e9xico.- El Tribunal Electoral ha confirmado por unanimidad que el presidente Andr\u00e9s Manuel L\u00f3pez Obrador y su equipo de Comunicaci\u00f3n Social cometieron uso indebido de recursos p\u00fablicos, promoci\u00f3n personalizada y difusi\u00f3n de propaganda gubernamental durante la veda electoral en Coahuila y el Estado de M\u00e9xico en 2023. La controversia surgi\u00f3 a ra\u00edz de una denuncia presentada por el Partido de la Revoluci\u00f3n Democr\u00e1tica (PRD) y Jorge \u00c1lvarez M\u00e1ynez, quienes argumentaron que las declaraciones realizadas por el presidente durante una conferencia matutina infringieron las normas electorales. Durante dicha conferencia, celebrada dos d\u00edas antes de las elecciones en el Estado de M\u00e9xico, [&hellip;]<\/p>\n","protected":false},"author":2,"featured_media":110490,"comment_status":"closed","ping_status":"closed","sticky":false,"template":"","format":"standard","meta":{"footnotes":""},"categories":[46],"tags":[],"class_list":["post-110471","post","type-post","status-publish","format-standard","has-post-thumbnail","hentry","category-nacional","post--single"],"yoast_head":"<!-- This site is optimized with the Yoast SEO plugin v27.5 - https:\/\/yoast.com\/product\/yoast-seo-wordpress\/ -->\n<title>AMLO incurri\u00f3 en uso indebido de recursos durante proceso electoral: TEPJF - Canal 7 SLP - 2023<\/title>\n<meta name=\"robots\" content=\"index, follow, max-snippet:-1, max-image-preview:large, max-video-preview:-1\" \/>\n<link rel=\"canonical\" href=\"https:\/\/canal7slp.tv\/2023\/amlo-incurrio-en-uso-indebido-de-recursos-durante-proceso-electoral-tepjf\/\" \/>\n<meta property=\"og:locale\" content=\"es_ES\" \/>\n<meta property=\"og:type\" content=\"article\" \/>\n<meta property=\"og:title\" content=\"AMLO incurri\u00f3 en uso indebido de recursos durante proceso electoral: TEPJF - Canal 7 SLP - 2023\" \/>\n<meta property=\"og:description\" content=\"M\u00e9xico.- El Tribunal Electoral ha confirmado por unanimidad que el presidente Andr\u00e9s Manuel L\u00f3pez Obrador y su equipo de Comunicaci\u00f3n Social cometieron uso indebido de recursos p\u00fablicos, promoci\u00f3n personalizada y difusi\u00f3n de propaganda gubernamental durante la veda electoral en Coahuila y el Estado de M\u00e9xico en 2023. La controversia surgi\u00f3 a ra\u00edz de una denuncia presentada por el Partido de la Revoluci\u00f3n Democr\u00e1tica (PRD) y Jorge \u00c1lvarez M\u00e1ynez, quienes argumentaron que las declaraciones realizadas por el presidente durante una conferencia matutina infringieron las normas electorales. Durante dicha conferencia, celebrada dos d\u00edas antes de las elecciones en el Estado de M\u00e9xico, [&hellip;]\" \/>\n<meta property=\"og:url\" content=\"https:\/\/canal7slp.tv\/2023\/amlo-incurrio-en-uso-indebido-de-recursos-durante-proceso-electoral-tepjf\/\" \/>\n<meta property=\"og:site_name\" content=\"Canal 7 SLP - 2023\" \/>\n<meta property=\"article:publisher\" content=\"https:\/\/www.facebook.com\/noticieroscanalsiete\" \/>\n<meta property=\"article:published_time\" content=\"2023-10-19T22:23:33+00:00\" \/>\n<meta property=\"og:image\" content=\"https:\/\/canal7slp.tv\/2023\/wp-content\/uploads\/2023\/10\/07-1.png\" \/>\n\t<meta property=\"og:image:width\" content=\"800\" \/>\n\t<meta property=\"og:image:height\" content=\"600\" \/>\n\t<meta property=\"og:image:type\" content=\"image\/png\" \/>\n<meta name=\"author\" content=\"Edici\u00f3n Web\" \/>\n<meta name=\"twitter:card\" content=\"summary_large_image\" \/>\n<meta name=\"twitter:creator\" content=\"@NOTICIEROS7\" \/>\n<meta name=\"twitter:site\" content=\"@NOTICIEROS7\" \/>\n<meta name=\"twitter:label1\" content=\"Escrito por\" \/>\n\t<meta name=\"twitter:data1\" content=\"Edici\u00f3n Web\" \/>\n\t<meta name=\"twitter:label2\" content=\"Tiempo de lectura\" \/>\n\t<meta name=\"twitter:data2\" content=\"1 minuto\" \/>\n<script type=\"application\/ld+json\" class=\"yoast-schema-graph\">{\"@context\":\"https:\\\/\\\/schema.org\",\"@graph\":[{\"@type\":\"Article\",\"@id\":\"https:\\\/\\\/canal7slp.tv\\\/2023\\\/amlo-incurrio-en-uso-indebido-de-recursos-durante-proceso-electoral-tepjf\\\/#article\",\"isPartOf\":{\"@id\":\"https:\\\/\\\/canal7slp.tv\\\/2023\\\/amlo-incurrio-en-uso-indebido-de-recursos-durante-proceso-electoral-tepjf\\\/\"},\"author\":{\"name\":\"Edici\u00f3n Web\",\"@id\":\"https:\\\/\\\/canal7slp.tv\\\/2023\\\/#\\\/schema\\\/person\\\/639c424e3584069003b11ae813915da6\"},\"headline\":\"AMLO incurri\u00f3 en uso indebido de recursos durante proceso electoral: TEPJF\",\"datePublished\":\"2023-10-19T22:23:33+00:00\",\"mainEntityOfPage\":{\"@id\":\"https:\\\/\\\/canal7slp.tv\\\/2023\\\/amlo-incurrio-en-uso-indebido-de-recursos-durante-proceso-electoral-tepjf\\\/\"},\"wordCount\":233,\"publisher\":{\"@id\":\"https:\\\/\\\/canal7slp.tv\\\/2023\\\/#organization\"},\"image\":{\"@id\":\"https:\\\/\\\/canal7slp.tv\\\/2023\\\/amlo-incurrio-en-uso-indebido-de-recursos-durante-proceso-electoral-tepjf\\\/#primaryimage\"},\"thumbnailUrl\":\"https:\\\/\\\/canal7slp.tv\\\/2023\\\/wp-content\\\/uploads\\\/2023\\\/10\\\/07-1.png\",\"articleSection\":[\"NACIONALES\"],\"inLanguage\":\"es\"},{\"@type\":\"WebPage\",\"@id\":\"https:\\\/\\\/canal7slp.tv\\\/2023\\\/amlo-incurrio-en-uso-indebido-de-recursos-durante-proceso-electoral-tepjf\\\/\",\"url\":\"https:\\\/\\\/canal7slp.tv\\\/2023\\\/amlo-incurrio-en-uso-indebido-de-recursos-durante-proceso-electoral-tepjf\\\/\",\"name\":\"AMLO incurri\u00f3 en uso indebido de recursos durante proceso electoral: TEPJF - Canal 7 SLP - 2023\",\"isPartOf\":{\"@id\":\"https:\\\/\\\/canal7slp.tv\\\/2023\\\/#website\"},\"primaryImageOfPage\":{\"@id\":\"https:\\\/\\\/canal7slp.tv\\\/2023\\\/amlo-incurrio-en-uso-indebido-de-recursos-durante-proceso-electoral-tepjf\\\/#primaryimage\"},\"image\":{\"@id\":\"https:\\\/\\\/canal7slp.tv\\\/2023\\\/amlo-incurrio-en-uso-indebido-de-recursos-durante-proceso-electoral-tepjf\\\/#primaryimage\"},\"thumbnailUrl\":\"https:\\\/\\\/canal7slp.tv\\\/2023\\\/wp-content\\\/uploads\\\/2023\\\/10\\\/07-1.png\",\"datePublished\":\"2023-10-19T22:23:33+00:00\",\"breadcrumb\":{\"@id\":\"https:\\\/\\\/canal7slp.tv\\\/2023\\\/amlo-incurrio-en-uso-indebido-de-recursos-durante-proceso-electoral-tepjf\\\/#breadcrumb\"},\"inLanguage\":\"es\",\"potentialAction\":[{\"@type\":\"ReadAction\",\"target\":[\"https:\\\/\\\/canal7slp.tv\\\/2023\\\/amlo-incurrio-en-uso-indebido-de-recursos-durante-proceso-electoral-tepjf\\\/\"]}]},{\"@type\":\"ImageObject\",\"inLanguage\":\"es\",\"@id\":\"https:\\\/\\\/canal7slp.tv\\\/2023\\\/amlo-incurrio-en-uso-indebido-de-recursos-durante-proceso-electoral-tepjf\\\/#primaryimage\",\"url\":\"https:\\\/\\\/canal7slp.tv\\\/2023\\\/wp-content\\\/uploads\\\/2023\\\/10\\\/07-1.png\",\"contentUrl\":\"https:\\\/\\\/canal7slp.tv\\\/2023\\\/wp-content\\\/uploads\\\/2023\\\/10\\\/07-1.png\",\"width\":800,\"height\":600},{\"@type\":\"BreadcrumbList\",\"@id\":\"https:\\\/\\\/canal7slp.tv\\\/2023\\\/amlo-incurrio-en-uso-indebido-de-recursos-durante-proceso-electoral-tepjf\\\/#breadcrumb\",\"itemListElement\":[{\"@type\":\"ListItem\",\"position\":1,\"name\":\"Portada\",\"item\":\"https:\\\/\\\/canal7slp.tv\\\/2023\\\/\"},{\"@type\":\"ListItem\",\"position\":2,\"name\":\"AMLO incurri\u00f3 en uso indebido de recursos durante proceso electoral: TEPJF\"}]},{\"@type\":\"WebSite\",\"@id\":\"https:\\\/\\\/canal7slp.tv\\\/2023\\\/#website\",\"url\":\"https:\\\/\\\/canal7slp.tv\\\/2023\\\/\",\"name\":\"N7 - Noticieros Canal 7\",\"description\":\"Somos Televisi\u00f3n\",\"publisher\":{\"@id\":\"https:\\\/\\\/canal7slp.tv\\\/2023\\\/#organization\"},\"potentialAction\":[{\"@type\":\"SearchAction\",\"target\":{\"@type\":\"EntryPoint\",\"urlTemplate\":\"https:\\\/\\\/canal7slp.tv\\\/2023\\\/?s={search_term_string}\"},\"query-input\":{\"@type\":\"PropertyValueSpecification\",\"valueRequired\":true,\"valueName\":\"search_term_string\"}}],\"inLanguage\":\"es\"},{\"@type\":\"Organization\",\"@id\":\"https:\\\/\\\/canal7slp.tv\\\/2023\\\/#organization\",\"name\":\"Noticieros Canal 7\",\"url\":\"https:\\\/\\\/canal7slp.tv\\\/2023\\\/\",\"logo\":{\"@type\":\"ImageObject\",\"inLanguage\":\"es\",\"@id\":\"https:\\\/\\\/canal7slp.tv\\\/2023\\\/#\\\/schema\\\/logo\\\/image\\\/\",\"url\":\"https:\\\/\\\/canal7slp.tv\\\/2023\\\/wp-content\\\/uploads\\\/2021\\\/01\\\/logo-noticieros@2x.png\",\"contentUrl\":\"https:\\\/\\\/canal7slp.tv\\\/2023\\\/wp-content\\\/uploads\\\/2021\\\/01\\\/logo-noticieros@2x.png\",\"width\":1017,\"height\":268,\"caption\":\"Noticieros Canal 7\"},\"image\":{\"@id\":\"https:\\\/\\\/canal7slp.tv\\\/2023\\\/#\\\/schema\\\/logo\\\/image\\\/\"},\"sameAs\":[\"https:\\\/\\\/www.facebook.com\\\/noticieroscanalsiete\",\"https:\\\/\\\/x.com\\\/NOTICIEROS7\",\"https:\\\/\\\/www.instagram.com\\\/canal7_slp\",\"https:\\\/\\\/www.youtube.com\\\/channel\\\/UCliiYs-gP3JfJeqdPrNdd5A\"]},{\"@type\":\"Person\",\"@id\":\"https:\\\/\\\/canal7slp.tv\\\/2023\\\/#\\\/schema\\\/person\\\/639c424e3584069003b11ae813915da6\",\"name\":\"Edici\u00f3n Web\",\"image\":{\"@type\":\"ImageObject\",\"inLanguage\":\"es\",\"@id\":\"https:\\\/\\\/secure.gravatar.com\\\/avatar\\\/eee448fc3f7164808013b816ba91ac7e43bbe82a70bebac296f8bc6f0addaa1a?s=96&d=mm&r=g\",\"url\":\"https:\\\/\\\/secure.gravatar.com\\\/avatar\\\/eee448fc3f7164808013b816ba91ac7e43bbe82a70bebac296f8bc6f0addaa1a?s=96&d=mm&r=g\",\"contentUrl\":\"https:\\\/\\\/secure.gravatar.com\\\/avatar\\\/eee448fc3f7164808013b816ba91ac7e43bbe82a70bebac296f8bc6f0addaa1a?s=96&d=mm&r=g\",\"caption\":\"Edici\u00f3n Web\"},\"url\":\"https:\\\/\\\/canal7slp.tv\\\/2023\\\/author\\\/edicionweb\\\/\"}]}<\/script>\n<!-- \/ Yoast SEO plugin. -->","yoast_head_json":{"title":"AMLO incurri\u00f3 en uso indebido de recursos durante proceso electoral: TEPJF - Canal 7 SLP - 2023","robots":{"index":"index","follow":"follow","max-snippet":"max-snippet:-1","max-image-preview":"max-image-preview:large","max-video-preview":"max-video-preview:-1"},"canonical":"https:\/\/canal7slp.tv\/2023\/amlo-incurrio-en-uso-indebido-de-recursos-durante-proceso-electoral-tepjf\/","og_locale":"es_ES","og_type":"article","og_title":"AMLO incurri\u00f3 en uso indebido de recursos durante proceso electoral: TEPJF - Canal 7 SLP - 2023","og_description":"M\u00e9xico.- El Tribunal Electoral ha confirmado por unanimidad que el presidente Andr\u00e9s Manuel L\u00f3pez Obrador y su equipo de Comunicaci\u00f3n Social cometieron uso indebido de recursos p\u00fablicos, promoci\u00f3n personalizada y difusi\u00f3n de propaganda gubernamental durante la veda electoral en Coahuila y el Estado de M\u00e9xico en 2023. La controversia surgi\u00f3 a ra\u00edz de una denuncia presentada por el Partido de la Revoluci\u00f3n Democr\u00e1tica (PRD) y Jorge \u00c1lvarez M\u00e1ynez, quienes argumentaron que las declaraciones realizadas por el presidente durante una conferencia matutina infringieron las normas electorales. Durante dicha conferencia, celebrada dos d\u00edas antes de las elecciones en el Estado de M\u00e9xico, [&hellip;]","og_url":"https:\/\/canal7slp.tv\/2023\/amlo-incurrio-en-uso-indebido-de-recursos-durante-proceso-electoral-tepjf\/","og_site_name":"Canal 7 SLP - 2023","article_publisher":"https:\/\/www.facebook.com\/noticieroscanalsiete","article_published_time":"2023-10-19T22:23:33+00:00","og_image":[{"width":800,"height":600,"url":"https:\/\/canal7slp.tv\/2023\/wp-content\/uploads\/2023\/10\/07-1.png","type":"image\/png"}],"author":"Edici\u00f3n Web","twitter_card":"summary_large_image","twitter_creator":"@NOTICIEROS7","twitter_site":"@NOTICIEROS7","twitter_misc":{"Escrito por":"Edici\u00f3n Web","Tiempo de lectura":"1 minuto"},"schema":{"@context":"https:\/\/schema.org","@graph":[{"@type":"Article","@id":"https:\/\/canal7slp.tv\/2023\/amlo-incurrio-en-uso-indebido-de-recursos-durante-proceso-electoral-tepjf\/#article","isPartOf":{"@id":"https:\/\/canal7slp.tv\/2023\/amlo-incurrio-en-uso-indebido-de-recursos-durante-proceso-electoral-tepjf\/"},"author":{"name":"Edici\u00f3n Web","@id":"https:\/\/canal7slp.tv\/2023\/#\/schema\/person\/639c424e3584069003b11ae813915da6"},"headline":"AMLO incurri\u00f3 en uso indebido de recursos durante proceso electoral: TEPJF","datePublished":"2023-10-19T22:23:33+00:00","mainEntityOfPage":{"@id":"https:\/\/canal7slp.tv\/2023\/amlo-incurrio-en-uso-indebido-de-recursos-durante-proceso-electoral-tepjf\/"},"wordCount":233,"publisher":{"@id":"https:\/\/canal7slp.tv\/2023\/#organization"},"image":{"@id":"https:\/\/canal7slp.tv\/2023\/amlo-incurrio-en-uso-indebido-de-recursos-durante-proceso-electoral-tepjf\/#primaryimage"},"thumbnailUrl":"https:\/\/canal7slp.tv\/2023\/wp-content\/uploads\/2023\/10\/07-1.png","articleSection":["NACIONALES"],"inLanguage":"es"},{"@type":"WebPage","@id":"https:\/\/canal7slp.tv\/2023\/amlo-incurrio-en-uso-indebido-de-recursos-durante-proceso-electoral-tepjf\/","url":"https:\/\/canal7slp.tv\/2023\/amlo-incurrio-en-uso-indebido-de-recursos-durante-proceso-electoral-tepjf\/","name":"AMLO incurri\u00f3 en uso indebido de recursos durante proceso electoral: TEPJF - Canal 7 SLP - 2023","isPartOf":{"@id":"https:\/\/canal7slp.tv\/2023\/#website"},"primaryImageOfPage":{"@id":"https:\/\/canal7slp.tv\/2023\/amlo-incurrio-en-uso-indebido-de-recursos-durante-proceso-electoral-tepjf\/#primaryimage"},"image":{"@id":"https:\/\/canal7slp.tv\/2023\/amlo-incurrio-en-uso-indebido-de-recursos-durante-proceso-electoral-tepjf\/#primaryimage"},"thumbnailUrl":"https:\/\/canal7slp.tv\/2023\/wp-content\/uploads\/2023\/10\/07-1.png","datePublished":"2023-10-19T22:23:33+00:00","breadcrumb":{"@id":"https:\/\/canal7slp.tv\/2023\/amlo-incurrio-en-uso-indebido-de-recursos-durante-proceso-electoral-tepjf\/#breadcrumb"},"inLanguage":"es","potentialAction":[{"@type":"ReadAction","target":["https:\/\/canal7slp.tv\/2023\/amlo-incurrio-en-uso-indebido-de-recursos-durante-proceso-electoral-tepjf\/"]}]},{"@type":"ImageObject","inLanguage":"es","@id":"https:\/\/canal7slp.tv\/2023\/amlo-incurrio-en-uso-indebido-de-recursos-durante-proceso-electoral-tepjf\/#primaryimage","url":"https:\/\/canal7slp.tv\/2023\/wp-content\/uploads\/2023\/10\/07-1.png","contentUrl":"https:\/\/canal7slp.tv\/2023\/wp-content\/uploads\/2023\/10\/07-1.png","width":800,"height":600},{"@type":"BreadcrumbList","@id":"https:\/\/canal7slp.tv\/2023\/amlo-incurrio-en-uso-indebido-de-recursos-durante-proceso-electoral-tepjf\/#breadcrumb","itemListElement":[{"@type":"ListItem","position":1,"name":"Portada","item":"https:\/\/canal7slp.tv\/2023\/"},{"@type":"ListItem","position":2,"name":"AMLO incurri\u00f3 en uso indebido de recursos durante proceso electoral: TEPJF"}]},{"@type":"WebSite","@id":"https:\/\/canal7slp.tv\/2023\/#website","url":"https:\/\/canal7slp.tv\/2023\/","name":"N7 - Noticieros Canal 7","description":"Somos Televisi\u00f3n","publisher":{"@id":"https:\/\/canal7slp.tv\/2023\/#organization"},"potentialAction":[{"@type":"SearchAction","target":{"@type":"EntryPoint","urlTemplate":"https:\/\/canal7slp.tv\/2023\/?s={search_term_string}"},"query-input":{"@type":"PropertyValueSpecification","valueRequired":true,"valueName":"search_term_string"}}],"inLanguage":"es"},{"@type":"Organization","@id":"https:\/\/canal7slp.tv\/2023\/#organization","name":"Noticieros Canal 7","url":"https:\/\/canal7slp.tv\/2023\/","logo":{"@type":"ImageObject","inLanguage":"es","@id":"https:\/\/canal7slp.tv\/2023\/#\/schema\/logo\/image\/","url":"https:\/\/canal7slp.tv\/2023\/wp-content\/uploads\/2021\/01\/logo-noticieros@2x.png","contentUrl":"https:\/\/canal7slp.tv\/2023\/wp-content\/uploads\/2021\/01\/logo-noticieros@2x.png","width":1017,"height":268,"caption":"Noticieros Canal 7"},"image":{"@id":"https:\/\/canal7slp.tv\/2023\/#\/schema\/logo\/image\/"},"sameAs":["https:\/\/www.facebook.com\/noticieroscanalsiete","https:\/\/x.com\/NOTICIEROS7","https:\/\/www.instagram.com\/canal7_slp","https:\/\/www.youtube.com\/channel\/UCliiYs-gP3JfJeqdPrNdd5A"]},{"@type":"Person","@id":"https:\/\/canal7slp.tv\/2023\/#\/schema\/person\/639c424e3584069003b11ae813915da6","name":"Edici\u00f3n Web","image":{"@type":"ImageObject","inLanguage":"es","@id":"https:\/\/secure.gravatar.com\/avatar\/eee448fc3f7164808013b816ba91ac7e43bbe82a70bebac296f8bc6f0addaa1a?s=96&d=mm&r=g","url":"https:\/\/secure.gravatar.com\/avatar\/eee448fc3f7164808013b816ba91ac7e43bbe82a70bebac296f8bc6f0addaa1a?s=96&d=mm&r=g","contentUrl":"https:\/\/secure.gravatar.com\/avatar\/eee448fc3f7164808013b816ba91ac7e43bbe82a70bebac296f8bc6f0addaa1a?s=96&d=mm&r=g","caption":"Edici\u00f3n Web"},"url":"https:\/\/canal7slp.tv\/2023\/author\/edicionweb\/"}]}},"_links":{"self":[{"href":"https:\/\/canal7slp.tv\/2023\/wp-json\/wp\/v2\/posts\/110471","targetHints":{"allow":["GET"]}}],"collection":[{"href":"https:\/\/canal7slp.tv\/2023\/wp-json\/wp\/v2\/posts"}],"about":[{"href":"https:\/\/canal7slp.tv\/2023\/wp-json\/wp\/v2\/types\/post"}],"author":[{"embeddable":true,"href":"https:\/\/canal7slp.tv\/2023\/wp-json\/wp\/v2\/users\/2"}],"replies":[{"embeddable":true,"href":"https:\/\/canal7slp.tv\/2023\/wp-json\/wp\/v2\/comments?post=110471"}],"version-history":[{"count":3,"href":"https:\/\/canal7slp.tv\/2023\/wp-json\/wp\/v2\/posts\/110471\/revisions"}],"predecessor-version":[{"id":110543,"href":"https:\/\/canal7slp.tv\/2023\/wp-json\/wp\/v2\/posts\/110471\/revisions\/110543"}],"wp:featuredmedia":[{"embeddable":true,"href":"https:\/\/canal7slp.tv\/2023\/wp-json\/wp\/v2\/media\/110490"}],"wp:attachment":[{"href":"https:\/\/canal7slp.tv\/2023\/wp-json\/wp\/v2\/media?parent=110471"}],"wp:term":[{"taxonomy":"category","embeddable":true,"href":"https:\/\/canal7slp.tv\/2023\/wp-json\/wp\/v2\/categories?post=110471"},{"taxonomy":"post_tag","embeddable":true,"href":"https:\/\/canal7slp.tv\/2023\/wp-json\/wp\/v2\/tags?post=110471"}],"curies":[{"name":"wp","href":"https:\/\/api.w.org\/{rel}","templated":true}]}}