{"id":110468,"date":"2023-10-19T16:21:45","date_gmt":"2023-10-19T22:21:45","guid":{"rendered":"https:\/\/canal7slp.tv\/2023\/?p=110468"},"modified":"2023-10-19T16:21:45","modified_gmt":"2023-10-19T22:21:45","slug":"trabajadores-del-poder-judicial-de-la-federacion-se-van-a-paro-por-extincion-de-fideicomisos","status":"publish","type":"post","link":"https:\/\/canal7slp.tv\/2023\/trabajadores-del-poder-judicial-de-la-federacion-se-van-a-paro-por-extincion-de-fideicomisos\/","title":{"rendered":"Trabajadores del Poder Judicial de la Federaci\u00f3n se van a paro por extinci\u00f3n de fideicomisos"},"content":{"rendered":"<p style=\"text-align: justify;\">M\u00e9xico.- Los trabajadores del Poder Judicial de la Federaci\u00f3n (PJF) han convocado a un paro nacional de labores en protesta por la aprobaci\u00f3n del dictamen para extinguir 13 fideicomisos por los que se pretende obtener 15 mil millones de pesos (MDP) en la C\u00e1mara de Diputados.<\/p>\n<p style=\"text-align: justify;\">Ayer, diversos tribunales y juzgados votaron a favor de la medida, afuera de la sede del PJF de San L\u00e1zaro.<\/p>\n<p style=\"text-align: justify;\">El Instituto Mexicano para la Competitividad (IMCO) ha expresado su preocupaci\u00f3n por esta decisi\u00f3n, afirmando que afecta la divisi\u00f3n de poderes y la independencia del Poder Judicial de la Federaci\u00f3n.<\/p>\n<p style=\"text-align: justify;\">Ante esto, el ministro en retiro de la Suprema Corte de Justicia de la Naci\u00f3n (SCJN), Jos\u00e9 Ram\u00f3n Coss\u00edo D\u00edaz, ha promovido un juicio de amparo en defensa de los derechos laborales de los trabajadores.<\/p>\n<p style=\"text-align: justify;\">La presidente de la Mesa Directiva del Senado, Ana Lilia Rivera Rivera, ha informado que el proyecto de decreto por el que se eliminan 13 de los 14 fideicomisos del Poder Judicial se someter\u00e1 al pleno la pr\u00f3xima semana.<\/p>\n","protected":false},"excerpt":{"rendered":"<p>M\u00e9xico.- Los trabajadores del Poder Judicial de la Federaci\u00f3n (PJF) han convocado a un paro nacional de labores en protesta por la aprobaci\u00f3n del dictamen para extinguir 13 fideicomisos por los que se pretende obtener 15 mil millones de pesos (MDP) en la C\u00e1mara de Diputados. Ayer, diversos tribunales y juzgados votaron a favor de la medida, afuera de la sede del PJF de San L\u00e1zaro. El Instituto Mexicano para la Competitividad (IMCO) ha expresado su preocupaci\u00f3n por esta decisi\u00f3n, afirmando que afecta la divisi\u00f3n de poderes y la independencia del Poder Judicial de la Federaci\u00f3n. Ante esto, el ministro [&hellip;]<\/p>\n","protected":false},"author":2,"featured_media":110487,"comment_status":"closed","ping_status":"closed","sticky":false,"template":"","format":"standard","meta":{"footnotes":""},"categories":[46],"tags":[],"class_list":["post-110468","post","type-post","status-publish","format-standard","has-post-thumbnail","hentry","category-nacional","post--single"],"yoast_head":"<!-- This site is optimized with the Yoast SEO plugin v27.5 - https:\/\/yoast.com\/product\/yoast-seo-wordpress\/ -->\n<title>Trabajadores del Poder Judicial de la Federaci\u00f3n se van a paro por extinci\u00f3n de fideicomisos - Canal 7 SLP - 2023<\/title>\n<meta name=\"robots\" content=\"index, follow, max-snippet:-1, max-image-preview:large, max-video-preview:-1\" \/>\n<link rel=\"canonical\" href=\"https:\/\/canal7slp.tv\/2023\/trabajadores-del-poder-judicial-de-la-federacion-se-van-a-paro-por-extincion-de-fideicomisos\/\" \/>\n<meta property=\"og:locale\" content=\"es_ES\" \/>\n<meta property=\"og:type\" content=\"article\" \/>\n<meta property=\"og:title\" content=\"Trabajadores del Poder Judicial de la Federaci\u00f3n se van a paro por extinci\u00f3n de fideicomisos - Canal 7 SLP - 2023\" \/>\n<meta property=\"og:description\" content=\"M\u00e9xico.- Los trabajadores del Poder Judicial de la Federaci\u00f3n (PJF) han convocado a un paro nacional de labores en protesta por la aprobaci\u00f3n del dictamen para extinguir 13 fideicomisos por los que se pretende obtener 15 mil millones de pesos (MDP) en la C\u00e1mara de Diputados. Ayer, diversos tribunales y juzgados votaron a favor de la medida, afuera de la sede del PJF de San L\u00e1zaro. El Instituto Mexicano para la Competitividad (IMCO) ha expresado su preocupaci\u00f3n por esta decisi\u00f3n, afirmando que afecta la divisi\u00f3n de poderes y la independencia del Poder Judicial de la Federaci\u00f3n. Ante esto, el ministro [&hellip;]\" \/>\n<meta property=\"og:url\" content=\"https:\/\/canal7slp.tv\/2023\/trabajadores-del-poder-judicial-de-la-federacion-se-van-a-paro-por-extincion-de-fideicomisos\/\" \/>\n<meta property=\"og:site_name\" content=\"Canal 7 SLP - 2023\" \/>\n<meta property=\"article:publisher\" content=\"https:\/\/www.facebook.com\/noticieroscanalsiete\" \/>\n<meta property=\"article:published_time\" content=\"2023-10-19T22:21:45+00:00\" \/>\n<meta property=\"og:image\" content=\"https:\/\/canal7slp.tv\/2023\/wp-content\/uploads\/2023\/10\/04-17.jpg\" \/>\n\t<meta property=\"og:image:width\" content=\"800\" \/>\n\t<meta property=\"og:image:height\" content=\"600\" \/>\n\t<meta property=\"og:image:type\" content=\"image\/jpeg\" \/>\n<meta name=\"author\" content=\"Edici\u00f3n Web\" \/>\n<meta name=\"twitter:card\" content=\"summary_large_image\" \/>\n<meta name=\"twitter:creator\" content=\"@NOTICIEROS7\" \/>\n<meta name=\"twitter:site\" content=\"@NOTICIEROS7\" \/>\n<meta name=\"twitter:label1\" content=\"Escrito por\" \/>\n\t<meta name=\"twitter:data1\" content=\"Edici\u00f3n Web\" \/>\n\t<meta name=\"twitter:label2\" content=\"Tiempo de lectura\" \/>\n\t<meta name=\"twitter:data2\" content=\"1 minuto\" \/>\n<script type=\"application\/ld+json\" class=\"yoast-schema-graph\">{\"@context\":\"https:\\\/\\\/schema.org\",\"@graph\":[{\"@type\":\"Article\",\"@id\":\"https:\\\/\\\/canal7slp.tv\\\/2023\\\/trabajadores-del-poder-judicial-de-la-federacion-se-van-a-paro-por-extincion-de-fideicomisos\\\/#article\",\"isPartOf\":{\"@id\":\"https:\\\/\\\/canal7slp.tv\\\/2023\\\/trabajadores-del-poder-judicial-de-la-federacion-se-van-a-paro-por-extincion-de-fideicomisos\\\/\"},\"author\":{\"name\":\"Edici\u00f3n Web\",\"@id\":\"https:\\\/\\\/canal7slp.tv\\\/2023\\\/#\\\/schema\\\/person\\\/639c424e3584069003b11ae813915da6\"},\"headline\":\"Trabajadores del Poder Judicial de la Federaci\u00f3n se van a paro por extinci\u00f3n de fideicomisos\",\"datePublished\":\"2023-10-19T22:21:45+00:00\",\"mainEntityOfPage\":{\"@id\":\"https:\\\/\\\/canal7slp.tv\\\/2023\\\/trabajadores-del-poder-judicial-de-la-federacion-se-van-a-paro-por-extincion-de-fideicomisos\\\/\"},\"wordCount\":198,\"publisher\":{\"@id\":\"https:\\\/\\\/canal7slp.tv\\\/2023\\\/#organization\"},\"image\":{\"@id\":\"https:\\\/\\\/canal7slp.tv\\\/2023\\\/trabajadores-del-poder-judicial-de-la-federacion-se-van-a-paro-por-extincion-de-fideicomisos\\\/#primaryimage\"},\"thumbnailUrl\":\"https:\\\/\\\/canal7slp.tv\\\/2023\\\/wp-content\\\/uploads\\\/2023\\\/10\\\/04-17.jpg\",\"articleSection\":[\"NACIONALES\"],\"inLanguage\":\"es\"},{\"@type\":\"WebPage\",\"@id\":\"https:\\\/\\\/canal7slp.tv\\\/2023\\\/trabajadores-del-poder-judicial-de-la-federacion-se-van-a-paro-por-extincion-de-fideicomisos\\\/\",\"url\":\"https:\\\/\\\/canal7slp.tv\\\/2023\\\/trabajadores-del-poder-judicial-de-la-federacion-se-van-a-paro-por-extincion-de-fideicomisos\\\/\",\"name\":\"Trabajadores del Poder Judicial de la Federaci\u00f3n se van a paro por extinci\u00f3n de fideicomisos - Canal 7 SLP - 2023\",\"isPartOf\":{\"@id\":\"https:\\\/\\\/canal7slp.tv\\\/2023\\\/#website\"},\"primaryImageOfPage\":{\"@id\":\"https:\\\/\\\/canal7slp.tv\\\/2023\\\/trabajadores-del-poder-judicial-de-la-federacion-se-van-a-paro-por-extincion-de-fideicomisos\\\/#primaryimage\"},\"image\":{\"@id\":\"https:\\\/\\\/canal7slp.tv\\\/2023\\\/trabajadores-del-poder-judicial-de-la-federacion-se-van-a-paro-por-extincion-de-fideicomisos\\\/#primaryimage\"},\"thumbnailUrl\":\"https:\\\/\\\/canal7slp.tv\\\/2023\\\/wp-content\\\/uploads\\\/2023\\\/10\\\/04-17.jpg\",\"datePublished\":\"2023-10-19T22:21:45+00:00\",\"breadcrumb\":{\"@id\":\"https:\\\/\\\/canal7slp.tv\\\/2023\\\/trabajadores-del-poder-judicial-de-la-federacion-se-van-a-paro-por-extincion-de-fideicomisos\\\/#breadcrumb\"},\"inLanguage\":\"es\",\"potentialAction\":[{\"@type\":\"ReadAction\",\"target\":[\"https:\\\/\\\/canal7slp.tv\\\/2023\\\/trabajadores-del-poder-judicial-de-la-federacion-se-van-a-paro-por-extincion-de-fideicomisos\\\/\"]}]},{\"@type\":\"ImageObject\",\"inLanguage\":\"es\",\"@id\":\"https:\\\/\\\/canal7slp.tv\\\/2023\\\/trabajadores-del-poder-judicial-de-la-federacion-se-van-a-paro-por-extincion-de-fideicomisos\\\/#primaryimage\",\"url\":\"https:\\\/\\\/canal7slp.tv\\\/2023\\\/wp-content\\\/uploads\\\/2023\\\/10\\\/04-17.jpg\",\"contentUrl\":\"https:\\\/\\\/canal7slp.tv\\\/2023\\\/wp-content\\\/uploads\\\/2023\\\/10\\\/04-17.jpg\",\"width\":800,\"height\":600},{\"@type\":\"BreadcrumbList\",\"@id\":\"https:\\\/\\\/canal7slp.tv\\\/2023\\\/trabajadores-del-poder-judicial-de-la-federacion-se-van-a-paro-por-extincion-de-fideicomisos\\\/#breadcrumb\",\"itemListElement\":[{\"@type\":\"ListItem\",\"position\":1,\"name\":\"Portada\",\"item\":\"https:\\\/\\\/canal7slp.tv\\\/2023\\\/\"},{\"@type\":\"ListItem\",\"position\":2,\"name\":\"Trabajadores del Poder Judicial de la Federaci\u00f3n se van a paro por extinci\u00f3n de fideicomisos\"}]},{\"@type\":\"WebSite\",\"@id\":\"https:\\\/\\\/canal7slp.tv\\\/2023\\\/#website\",\"url\":\"https:\\\/\\\/canal7slp.tv\\\/2023\\\/\",\"name\":\"N7 - Noticieros Canal 7\",\"description\":\"Somos Televisi\u00f3n\",\"publisher\":{\"@id\":\"https:\\\/\\\/canal7slp.tv\\\/2023\\\/#organization\"},\"potentialAction\":[{\"@type\":\"SearchAction\",\"target\":{\"@type\":\"EntryPoint\",\"urlTemplate\":\"https:\\\/\\\/canal7slp.tv\\\/2023\\\/?s={search_term_string}\"},\"query-input\":{\"@type\":\"PropertyValueSpecification\",\"valueRequired\":true,\"valueName\":\"search_term_string\"}}],\"inLanguage\":\"es\"},{\"@type\":\"Organization\",\"@id\":\"https:\\\/\\\/canal7slp.tv\\\/2023\\\/#organization\",\"name\":\"Noticieros Canal 7\",\"url\":\"https:\\\/\\\/canal7slp.tv\\\/2023\\\/\",\"logo\":{\"@type\":\"ImageObject\",\"inLanguage\":\"es\",\"@id\":\"https:\\\/\\\/canal7slp.tv\\\/2023\\\/#\\\/schema\\\/logo\\\/image\\\/\",\"url\":\"https:\\\/\\\/canal7slp.tv\\\/2023\\\/wp-content\\\/uploads\\\/2021\\\/01\\\/logo-noticieros@2x.png\",\"contentUrl\":\"https:\\\/\\\/canal7slp.tv\\\/2023\\\/wp-content\\\/uploads\\\/2021\\\/01\\\/logo-noticieros@2x.png\",\"width\":1017,\"height\":268,\"caption\":\"Noticieros Canal 7\"},\"image\":{\"@id\":\"https:\\\/\\\/canal7slp.tv\\\/2023\\\/#\\\/schema\\\/logo\\\/image\\\/\"},\"sameAs\":[\"https:\\\/\\\/www.facebook.com\\\/noticieroscanalsiete\",\"https:\\\/\\\/x.com\\\/NOTICIEROS7\",\"https:\\\/\\\/www.instagram.com\\\/canal7_slp\",\"https:\\\/\\\/www.youtube.com\\\/channel\\\/UCliiYs-gP3JfJeqdPrNdd5A\"]},{\"@type\":\"Person\",\"@id\":\"https:\\\/\\\/canal7slp.tv\\\/2023\\\/#\\\/schema\\\/person\\\/639c424e3584069003b11ae813915da6\",\"name\":\"Edici\u00f3n Web\",\"image\":{\"@type\":\"ImageObject\",\"inLanguage\":\"es\",\"@id\":\"https:\\\/\\\/secure.gravatar.com\\\/avatar\\\/eee448fc3f7164808013b816ba91ac7e43bbe82a70bebac296f8bc6f0addaa1a?s=96&d=mm&r=g\",\"url\":\"https:\\\/\\\/secure.gravatar.com\\\/avatar\\\/eee448fc3f7164808013b816ba91ac7e43bbe82a70bebac296f8bc6f0addaa1a?s=96&d=mm&r=g\",\"contentUrl\":\"https:\\\/\\\/secure.gravatar.com\\\/avatar\\\/eee448fc3f7164808013b816ba91ac7e43bbe82a70bebac296f8bc6f0addaa1a?s=96&d=mm&r=g\",\"caption\":\"Edici\u00f3n Web\"},\"url\":\"https:\\\/\\\/canal7slp.tv\\\/2023\\\/author\\\/edicionweb\\\/\"}]}<\/script>\n<!-- \/ Yoast SEO plugin. -->","yoast_head_json":{"title":"Trabajadores del Poder Judicial de la Federaci\u00f3n se van a paro por extinci\u00f3n de fideicomisos - Canal 7 SLP - 2023","robots":{"index":"index","follow":"follow","max-snippet":"max-snippet:-1","max-image-preview":"max-image-preview:large","max-video-preview":"max-video-preview:-1"},"canonical":"https:\/\/canal7slp.tv\/2023\/trabajadores-del-poder-judicial-de-la-federacion-se-van-a-paro-por-extincion-de-fideicomisos\/","og_locale":"es_ES","og_type":"article","og_title":"Trabajadores del Poder Judicial de la Federaci\u00f3n se van a paro por extinci\u00f3n de fideicomisos - Canal 7 SLP - 2023","og_description":"M\u00e9xico.- Los trabajadores del Poder Judicial de la Federaci\u00f3n (PJF) han convocado a un paro nacional de labores en protesta por la aprobaci\u00f3n del dictamen para extinguir 13 fideicomisos por los que se pretende obtener 15 mil millones de pesos (MDP) en la C\u00e1mara de Diputados. Ayer, diversos tribunales y juzgados votaron a favor de la medida, afuera de la sede del PJF de San L\u00e1zaro. El Instituto Mexicano para la Competitividad (IMCO) ha expresado su preocupaci\u00f3n por esta decisi\u00f3n, afirmando que afecta la divisi\u00f3n de poderes y la independencia del Poder Judicial de la Federaci\u00f3n. Ante esto, el ministro [&hellip;]","og_url":"https:\/\/canal7slp.tv\/2023\/trabajadores-del-poder-judicial-de-la-federacion-se-van-a-paro-por-extincion-de-fideicomisos\/","og_site_name":"Canal 7 SLP - 2023","article_publisher":"https:\/\/www.facebook.com\/noticieroscanalsiete","article_published_time":"2023-10-19T22:21:45+00:00","og_image":[{"width":800,"height":600,"url":"https:\/\/canal7slp.tv\/2023\/wp-content\/uploads\/2023\/10\/04-17.jpg","type":"image\/jpeg"}],"author":"Edici\u00f3n Web","twitter_card":"summary_large_image","twitter_creator":"@NOTICIEROS7","twitter_site":"@NOTICIEROS7","twitter_misc":{"Escrito por":"Edici\u00f3n Web","Tiempo de lectura":"1 minuto"},"schema":{"@context":"https:\/\/schema.org","@graph":[{"@type":"Article","@id":"https:\/\/canal7slp.tv\/2023\/trabajadores-del-poder-judicial-de-la-federacion-se-van-a-paro-por-extincion-de-fideicomisos\/#article","isPartOf":{"@id":"https:\/\/canal7slp.tv\/2023\/trabajadores-del-poder-judicial-de-la-federacion-se-van-a-paro-por-extincion-de-fideicomisos\/"},"author":{"name":"Edici\u00f3n Web","@id":"https:\/\/canal7slp.tv\/2023\/#\/schema\/person\/639c424e3584069003b11ae813915da6"},"headline":"Trabajadores del Poder Judicial de la Federaci\u00f3n se van a paro por extinci\u00f3n de fideicomisos","datePublished":"2023-10-19T22:21:45+00:00","mainEntityOfPage":{"@id":"https:\/\/canal7slp.tv\/2023\/trabajadores-del-poder-judicial-de-la-federacion-se-van-a-paro-por-extincion-de-fideicomisos\/"},"wordCount":198,"publisher":{"@id":"https:\/\/canal7slp.tv\/2023\/#organization"},"image":{"@id":"https:\/\/canal7slp.tv\/2023\/trabajadores-del-poder-judicial-de-la-federacion-se-van-a-paro-por-extincion-de-fideicomisos\/#primaryimage"},"thumbnailUrl":"https:\/\/canal7slp.tv\/2023\/wp-content\/uploads\/2023\/10\/04-17.jpg","articleSection":["NACIONALES"],"inLanguage":"es"},{"@type":"WebPage","@id":"https:\/\/canal7slp.tv\/2023\/trabajadores-del-poder-judicial-de-la-federacion-se-van-a-paro-por-extincion-de-fideicomisos\/","url":"https:\/\/canal7slp.tv\/2023\/trabajadores-del-poder-judicial-de-la-federacion-se-van-a-paro-por-extincion-de-fideicomisos\/","name":"Trabajadores del Poder Judicial de la Federaci\u00f3n se van a paro por extinci\u00f3n de fideicomisos - Canal 7 SLP - 2023","isPartOf":{"@id":"https:\/\/canal7slp.tv\/2023\/#website"},"primaryImageOfPage":{"@id":"https:\/\/canal7slp.tv\/2023\/trabajadores-del-poder-judicial-de-la-federacion-se-van-a-paro-por-extincion-de-fideicomisos\/#primaryimage"},"image":{"@id":"https:\/\/canal7slp.tv\/2023\/trabajadores-del-poder-judicial-de-la-federacion-se-van-a-paro-por-extincion-de-fideicomisos\/#primaryimage"},"thumbnailUrl":"https:\/\/canal7slp.tv\/2023\/wp-content\/uploads\/2023\/10\/04-17.jpg","datePublished":"2023-10-19T22:21:45+00:00","breadcrumb":{"@id":"https:\/\/canal7slp.tv\/2023\/trabajadores-del-poder-judicial-de-la-federacion-se-van-a-paro-por-extincion-de-fideicomisos\/#breadcrumb"},"inLanguage":"es","potentialAction":[{"@type":"ReadAction","target":["https:\/\/canal7slp.tv\/2023\/trabajadores-del-poder-judicial-de-la-federacion-se-van-a-paro-por-extincion-de-fideicomisos\/"]}]},{"@type":"ImageObject","inLanguage":"es","@id":"https:\/\/canal7slp.tv\/2023\/trabajadores-del-poder-judicial-de-la-federacion-se-van-a-paro-por-extincion-de-fideicomisos\/#primaryimage","url":"https:\/\/canal7slp.tv\/2023\/wp-content\/uploads\/2023\/10\/04-17.jpg","contentUrl":"https:\/\/canal7slp.tv\/2023\/wp-content\/uploads\/2023\/10\/04-17.jpg","width":800,"height":600},{"@type":"BreadcrumbList","@id":"https:\/\/canal7slp.tv\/2023\/trabajadores-del-poder-judicial-de-la-federacion-se-van-a-paro-por-extincion-de-fideicomisos\/#breadcrumb","itemListElement":[{"@type":"ListItem","position":1,"name":"Portada","item":"https:\/\/canal7slp.tv\/2023\/"},{"@type":"ListItem","position":2,"name":"Trabajadores del Poder Judicial de la Federaci\u00f3n se van a paro por extinci\u00f3n de fideicomisos"}]},{"@type":"WebSite","@id":"https:\/\/canal7slp.tv\/2023\/#website","url":"https:\/\/canal7slp.tv\/2023\/","name":"N7 - Noticieros Canal 7","description":"Somos Televisi\u00f3n","publisher":{"@id":"https:\/\/canal7slp.tv\/2023\/#organization"},"potentialAction":[{"@type":"SearchAction","target":{"@type":"EntryPoint","urlTemplate":"https:\/\/canal7slp.tv\/2023\/?s={search_term_string}"},"query-input":{"@type":"PropertyValueSpecification","valueRequired":true,"valueName":"search_term_string"}}],"inLanguage":"es"},{"@type":"Organization","@id":"https:\/\/canal7slp.tv\/2023\/#organization","name":"Noticieros Canal 7","url":"https:\/\/canal7slp.tv\/2023\/","logo":{"@type":"ImageObject","inLanguage":"es","@id":"https:\/\/canal7slp.tv\/2023\/#\/schema\/logo\/image\/","url":"https:\/\/canal7slp.tv\/2023\/wp-content\/uploads\/2021\/01\/logo-noticieros@2x.png","contentUrl":"https:\/\/canal7slp.tv\/2023\/wp-content\/uploads\/2021\/01\/logo-noticieros@2x.png","width":1017,"height":268,"caption":"Noticieros Canal 7"},"image":{"@id":"https:\/\/canal7slp.tv\/2023\/#\/schema\/logo\/image\/"},"sameAs":["https:\/\/www.facebook.com\/noticieroscanalsiete","https:\/\/x.com\/NOTICIEROS7","https:\/\/www.instagram.com\/canal7_slp","https:\/\/www.youtube.com\/channel\/UCliiYs-gP3JfJeqdPrNdd5A"]},{"@type":"Person","@id":"https:\/\/canal7slp.tv\/2023\/#\/schema\/person\/639c424e3584069003b11ae813915da6","name":"Edici\u00f3n Web","image":{"@type":"ImageObject","inLanguage":"es","@id":"https:\/\/secure.gravatar.com\/avatar\/eee448fc3f7164808013b816ba91ac7e43bbe82a70bebac296f8bc6f0addaa1a?s=96&d=mm&r=g","url":"https:\/\/secure.gravatar.com\/avatar\/eee448fc3f7164808013b816ba91ac7e43bbe82a70bebac296f8bc6f0addaa1a?s=96&d=mm&r=g","contentUrl":"https:\/\/secure.gravatar.com\/avatar\/eee448fc3f7164808013b816ba91ac7e43bbe82a70bebac296f8bc6f0addaa1a?s=96&d=mm&r=g","caption":"Edici\u00f3n Web"},"url":"https:\/\/canal7slp.tv\/2023\/author\/edicionweb\/"}]}},"_links":{"self":[{"href":"https:\/\/canal7slp.tv\/2023\/wp-json\/wp\/v2\/posts\/110468","targetHints":{"allow":["GET"]}}],"collection":[{"href":"https:\/\/canal7slp.tv\/2023\/wp-json\/wp\/v2\/posts"}],"about":[{"href":"https:\/\/canal7slp.tv\/2023\/wp-json\/wp\/v2\/types\/post"}],"author":[{"embeddable":true,"href":"https:\/\/canal7slp.tv\/2023\/wp-json\/wp\/v2\/users\/2"}],"replies":[{"embeddable":true,"href":"https:\/\/canal7slp.tv\/2023\/wp-json\/wp\/v2\/comments?post=110468"}],"version-history":[{"count":3,"href":"https:\/\/canal7slp.tv\/2023\/wp-json\/wp\/v2\/posts\/110468\/revisions"}],"predecessor-version":[{"id":110540,"href":"https:\/\/canal7slp.tv\/2023\/wp-json\/wp\/v2\/posts\/110468\/revisions\/110540"}],"wp:featuredmedia":[{"embeddable":true,"href":"https:\/\/canal7slp.tv\/2023\/wp-json\/wp\/v2\/media\/110487"}],"wp:attachment":[{"href":"https:\/\/canal7slp.tv\/2023\/wp-json\/wp\/v2\/media?parent=110468"}],"wp:term":[{"taxonomy":"category","embeddable":true,"href":"https:\/\/canal7slp.tv\/2023\/wp-json\/wp\/v2\/categories?post=110468"},{"taxonomy":"post_tag","embeddable":true,"href":"https:\/\/canal7slp.tv\/2023\/wp-json\/wp\/v2\/tags?post=110468"}],"curies":[{"name":"wp","href":"https:\/\/api.w.org\/{rel}","templated":true}]}}