{"id":110436,"date":"2023-10-18T20:04:07","date_gmt":"2023-10-19T02:04:07","guid":{"rendered":"https:\/\/canal7slp.tv\/2023\/?p=110436"},"modified":"2023-10-18T20:04:07","modified_gmt":"2023-10-19T02:04:07","slug":"edicion-36-de-la-carrera-panamericana-arribo-a-la-capital-potosina","status":"publish","type":"post","link":"https:\/\/canal7slp.tv\/2023\/edicion-36-de-la-carrera-panamericana-arribo-a-la-capital-potosina\/","title":{"rendered":"Edici\u00f3n 36 de la Carrera Panamericana arrib\u00f3 a la capital potosina"},"content":{"rendered":"<p style=\"text-align: justify;\">SLP.- La edici\u00f3n 36 de la carrera panamericana arribo a la capital potosina con un contingente de m\u00e1s de 60 veh\u00edculos, los cuales hicieron un recorrido aproximado de 536 kil\u00f3metros en esta etapa que parti\u00f3 de la capital hidroc\u00e1lida hacia la capital potosina.<\/p>\n<p style=\"text-align: justify;\">El contingente ingres\u00f3 a la capital proveniente de la Carretera a Matehuala, Distribuidor Ju\u00e1rez, Av. Universidad, Alameda y algunas calles del centro hist\u00f3rico para finalmente llegar al arco de meta en Plaza de los Fundadores.<\/p>\n<p style=\"text-align: justify;\">Fue el mandatario municipal Enrique Galindo Ceballos el encargado de recibir a los pilotos de la panamericana, con quienes se mostr\u00f3 contento porque una vez m\u00e1s San Luis Potos\u00ed fue sede de tan emblem\u00e1tica carrera.<\/p>\n<p style=\"text-align: justify;\">Por su parte el piloto potosino Ricardo Cordero y su fiel navegante Marco Hern\u00e1ndez quienes ostentan 5 veces el campeonato de la panamericana, en esta edici\u00f3n buscan refrendar el mismo, que en esta ocasi\u00f3n el camino no ha sido f\u00e1cil ya que en una de las etapas su fiel studebaker \u201cel malditillo\u201d sufri\u00f3 un desperfecto mec\u00e1nico que por momentos los dejaba fuera de la competencia.<\/p>\n<p style=\"text-align: justify;\">Cordero y Hern\u00e1ndez buscan apoderarse de la \u00faltima etapa que comprende San Luis Potos\u00ed a Monterrey para poder aspirar una vez m\u00e1s a la corona de la competencia.<\/p>\n<p style=\"text-align: justify;\">Desafortunadamente esta sexta etapa se marc\u00f3 de luto ya que, en el tramo de Armadillo de los Infantes en San Luis Potos\u00ed, el piloto del studebaker Dictator 1934 con n\u00famero de competici\u00f3n 202 falleci\u00f3 tras sufrir un despiste, condolencias y pronta resignaci\u00f3n a familiares y amigos.<\/p>\n","protected":false},"excerpt":{"rendered":"<p>SLP.- La edici\u00f3n 36 de la carrera panamericana arribo a la capital potosina con un contingente de m\u00e1s de 60 veh\u00edculos, los cuales hicieron un recorrido aproximado de 536 kil\u00f3metros en esta etapa que parti\u00f3 de la capital hidroc\u00e1lida hacia la capital potosina. El contingente ingres\u00f3 a la capital proveniente de la Carretera a Matehuala, Distribuidor Ju\u00e1rez, Av. Universidad, Alameda y algunas calles del centro hist\u00f3rico para finalmente llegar al arco de meta en Plaza de los Fundadores. Fue el mandatario municipal Enrique Galindo Ceballos el encargado de recibir a los pilotos de la panamericana, con quienes se mostr\u00f3 contento [&hellip;]<\/p>\n","protected":false},"author":2,"featured_media":110438,"comment_status":"closed","ping_status":"closed","sticky":false,"template":"","format":"video","meta":{"footnotes":""},"categories":[66,7,5],"tags":[],"class_list":["post-110436","post","type-post","status-publish","format-video","has-post-thumbnail","hentry","category-ayoslp","category-deportes","category-destacadas","post_format-post-format-video","post--single"],"yoast_head":"<!-- This site is optimized with the Yoast SEO plugin v27.5 - https:\/\/yoast.com\/product\/yoast-seo-wordpress\/ -->\n<title>Edici\u00f3n 36 de la Carrera Panamericana arrib\u00f3 a la capital potosina - Canal 7 SLP - 2023<\/title>\n<meta name=\"robots\" content=\"index, follow, max-snippet:-1, max-image-preview:large, max-video-preview:-1\" \/>\n<link rel=\"canonical\" href=\"https:\/\/canal7slp.tv\/2023\/edicion-36-de-la-carrera-panamericana-arribo-a-la-capital-potosina\/\" \/>\n<meta property=\"og:locale\" content=\"es_ES\" \/>\n<meta property=\"og:type\" content=\"article\" \/>\n<meta property=\"og:title\" content=\"Edici\u00f3n 36 de la Carrera Panamericana arrib\u00f3 a la capital potosina - Canal 7 SLP - 2023\" \/>\n<meta property=\"og:description\" content=\"SLP.- La edici\u00f3n 36 de la carrera panamericana arribo a la capital potosina con un contingente de m\u00e1s de 60 veh\u00edculos, los cuales hicieron un recorrido aproximado de 536 kil\u00f3metros en esta etapa que parti\u00f3 de la capital hidroc\u00e1lida hacia la capital potosina. El contingente ingres\u00f3 a la capital proveniente de la Carretera a Matehuala, Distribuidor Ju\u00e1rez, Av. Universidad, Alameda y algunas calles del centro hist\u00f3rico para finalmente llegar al arco de meta en Plaza de los Fundadores. Fue el mandatario municipal Enrique Galindo Ceballos el encargado de recibir a los pilotos de la panamericana, con quienes se mostr\u00f3 contento [&hellip;]\" \/>\n<meta property=\"og:url\" content=\"https:\/\/canal7slp.tv\/2023\/edicion-36-de-la-carrera-panamericana-arribo-a-la-capital-potosina\/\" \/>\n<meta property=\"og:site_name\" content=\"Canal 7 SLP - 2023\" \/>\n<meta property=\"article:publisher\" content=\"https:\/\/www.facebook.com\/noticieroscanalsiete\" \/>\n<meta property=\"article:published_time\" content=\"2023-10-19T02:04:07+00:00\" \/>\n<meta property=\"og:image\" content=\"https:\/\/canal7slp.tv\/2023\/wp-content\/uploads\/2023\/10\/Froi04Panamericana.jpg\" \/>\n\t<meta property=\"og:image:width\" content=\"1280\" \/>\n\t<meta property=\"og:image:height\" content=\"720\" \/>\n\t<meta property=\"og:image:type\" content=\"image\/jpeg\" \/>\n<meta name=\"author\" content=\"Edici\u00f3n Web\" \/>\n<meta name=\"twitter:card\" content=\"summary_large_image\" \/>\n<meta name=\"twitter:creator\" content=\"@NOTICIEROS7\" \/>\n<meta name=\"twitter:site\" content=\"@NOTICIEROS7\" \/>\n<meta name=\"twitter:label1\" content=\"Escrito por\" \/>\n\t<meta name=\"twitter:data1\" content=\"Edici\u00f3n Web\" \/>\n\t<meta name=\"twitter:label2\" content=\"Tiempo de lectura\" \/>\n\t<meta name=\"twitter:data2\" content=\"2 minutos\" \/>\n<script type=\"application\/ld+json\" class=\"yoast-schema-graph\">{\"@context\":\"https:\\\/\\\/schema.org\",\"@graph\":[{\"@type\":\"Article\",\"@id\":\"https:\\\/\\\/canal7slp.tv\\\/2023\\\/edicion-36-de-la-carrera-panamericana-arribo-a-la-capital-potosina\\\/#article\",\"isPartOf\":{\"@id\":\"https:\\\/\\\/canal7slp.tv\\\/2023\\\/edicion-36-de-la-carrera-panamericana-arribo-a-la-capital-potosina\\\/\"},\"author\":{\"name\":\"Edici\u00f3n Web\",\"@id\":\"https:\\\/\\\/canal7slp.tv\\\/2023\\\/#\\\/schema\\\/person\\\/639c424e3584069003b11ae813915da6\"},\"headline\":\"Edici\u00f3n 36 de la Carrera Panamericana arrib\u00f3 a la capital potosina\",\"datePublished\":\"2023-10-19T02:04:07+00:00\",\"mainEntityOfPage\":{\"@id\":\"https:\\\/\\\/canal7slp.tv\\\/2023\\\/edicion-36-de-la-carrera-panamericana-arribo-a-la-capital-potosina\\\/\"},\"wordCount\":277,\"publisher\":{\"@id\":\"https:\\\/\\\/canal7slp.tv\\\/2023\\\/#organization\"},\"image\":{\"@id\":\"https:\\\/\\\/canal7slp.tv\\\/2023\\\/edicion-36-de-la-carrera-panamericana-arribo-a-la-capital-potosina\\\/#primaryimage\"},\"thumbnailUrl\":\"https:\\\/\\\/canal7slp.tv\\\/2023\\\/wp-content\\\/uploads\\\/2023\\\/10\\\/Froi04Panamericana.jpg\",\"articleSection\":[\"AYOSLP\",\"DEPORTES\",\"DESTACADAS\"],\"inLanguage\":\"es\"},{\"@type\":\"WebPage\",\"@id\":\"https:\\\/\\\/canal7slp.tv\\\/2023\\\/edicion-36-de-la-carrera-panamericana-arribo-a-la-capital-potosina\\\/\",\"url\":\"https:\\\/\\\/canal7slp.tv\\\/2023\\\/edicion-36-de-la-carrera-panamericana-arribo-a-la-capital-potosina\\\/\",\"name\":\"Edici\u00f3n 36 de la Carrera Panamericana arrib\u00f3 a la capital potosina - Canal 7 SLP - 2023\",\"isPartOf\":{\"@id\":\"https:\\\/\\\/canal7slp.tv\\\/2023\\\/#website\"},\"primaryImageOfPage\":{\"@id\":\"https:\\\/\\\/canal7slp.tv\\\/2023\\\/edicion-36-de-la-carrera-panamericana-arribo-a-la-capital-potosina\\\/#primaryimage\"},\"image\":{\"@id\":\"https:\\\/\\\/canal7slp.tv\\\/2023\\\/edicion-36-de-la-carrera-panamericana-arribo-a-la-capital-potosina\\\/#primaryimage\"},\"thumbnailUrl\":\"https:\\\/\\\/canal7slp.tv\\\/2023\\\/wp-content\\\/uploads\\\/2023\\\/10\\\/Froi04Panamericana.jpg\",\"datePublished\":\"2023-10-19T02:04:07+00:00\",\"breadcrumb\":{\"@id\":\"https:\\\/\\\/canal7slp.tv\\\/2023\\\/edicion-36-de-la-carrera-panamericana-arribo-a-la-capital-potosina\\\/#breadcrumb\"},\"inLanguage\":\"es\",\"potentialAction\":[{\"@type\":\"ReadAction\",\"target\":[\"https:\\\/\\\/canal7slp.tv\\\/2023\\\/edicion-36-de-la-carrera-panamericana-arribo-a-la-capital-potosina\\\/\"]}]},{\"@type\":\"ImageObject\",\"inLanguage\":\"es\",\"@id\":\"https:\\\/\\\/canal7slp.tv\\\/2023\\\/edicion-36-de-la-carrera-panamericana-arribo-a-la-capital-potosina\\\/#primaryimage\",\"url\":\"https:\\\/\\\/canal7slp.tv\\\/2023\\\/wp-content\\\/uploads\\\/2023\\\/10\\\/Froi04Panamericana.jpg\",\"contentUrl\":\"https:\\\/\\\/canal7slp.tv\\\/2023\\\/wp-content\\\/uploads\\\/2023\\\/10\\\/Froi04Panamericana.jpg\",\"width\":1280,\"height\":720},{\"@type\":\"BreadcrumbList\",\"@id\":\"https:\\\/\\\/canal7slp.tv\\\/2023\\\/edicion-36-de-la-carrera-panamericana-arribo-a-la-capital-potosina\\\/#breadcrumb\",\"itemListElement\":[{\"@type\":\"ListItem\",\"position\":1,\"name\":\"Portada\",\"item\":\"https:\\\/\\\/canal7slp.tv\\\/2023\\\/\"},{\"@type\":\"ListItem\",\"position\":2,\"name\":\"Edici\u00f3n 36 de la Carrera Panamericana arrib\u00f3 a la capital potosina\"}]},{\"@type\":\"WebSite\",\"@id\":\"https:\\\/\\\/canal7slp.tv\\\/2023\\\/#website\",\"url\":\"https:\\\/\\\/canal7slp.tv\\\/2023\\\/\",\"name\":\"N7 - Noticieros Canal 7\",\"description\":\"Somos Televisi\u00f3n\",\"publisher\":{\"@id\":\"https:\\\/\\\/canal7slp.tv\\\/2023\\\/#organization\"},\"potentialAction\":[{\"@type\":\"SearchAction\",\"target\":{\"@type\":\"EntryPoint\",\"urlTemplate\":\"https:\\\/\\\/canal7slp.tv\\\/2023\\\/?s={search_term_string}\"},\"query-input\":{\"@type\":\"PropertyValueSpecification\",\"valueRequired\":true,\"valueName\":\"search_term_string\"}}],\"inLanguage\":\"es\"},{\"@type\":\"Organization\",\"@id\":\"https:\\\/\\\/canal7slp.tv\\\/2023\\\/#organization\",\"name\":\"Noticieros Canal 7\",\"url\":\"https:\\\/\\\/canal7slp.tv\\\/2023\\\/\",\"logo\":{\"@type\":\"ImageObject\",\"inLanguage\":\"es\",\"@id\":\"https:\\\/\\\/canal7slp.tv\\\/2023\\\/#\\\/schema\\\/logo\\\/image\\\/\",\"url\":\"https:\\\/\\\/canal7slp.tv\\\/2023\\\/wp-content\\\/uploads\\\/2021\\\/01\\\/logo-noticieros@2x.png\",\"contentUrl\":\"https:\\\/\\\/canal7slp.tv\\\/2023\\\/wp-content\\\/uploads\\\/2021\\\/01\\\/logo-noticieros@2x.png\",\"width\":1017,\"height\":268,\"caption\":\"Noticieros Canal 7\"},\"image\":{\"@id\":\"https:\\\/\\\/canal7slp.tv\\\/2023\\\/#\\\/schema\\\/logo\\\/image\\\/\"},\"sameAs\":[\"https:\\\/\\\/www.facebook.com\\\/noticieroscanalsiete\",\"https:\\\/\\\/x.com\\\/NOTICIEROS7\",\"https:\\\/\\\/www.instagram.com\\\/canal7_slp\",\"https:\\\/\\\/www.youtube.com\\\/channel\\\/UCliiYs-gP3JfJeqdPrNdd5A\"]},{\"@type\":\"Person\",\"@id\":\"https:\\\/\\\/canal7slp.tv\\\/2023\\\/#\\\/schema\\\/person\\\/639c424e3584069003b11ae813915da6\",\"name\":\"Edici\u00f3n Web\",\"image\":{\"@type\":\"ImageObject\",\"inLanguage\":\"es\",\"@id\":\"https:\\\/\\\/secure.gravatar.com\\\/avatar\\\/eee448fc3f7164808013b816ba91ac7e43bbe82a70bebac296f8bc6f0addaa1a?s=96&d=mm&r=g\",\"url\":\"https:\\\/\\\/secure.gravatar.com\\\/avatar\\\/eee448fc3f7164808013b816ba91ac7e43bbe82a70bebac296f8bc6f0addaa1a?s=96&d=mm&r=g\",\"contentUrl\":\"https:\\\/\\\/secure.gravatar.com\\\/avatar\\\/eee448fc3f7164808013b816ba91ac7e43bbe82a70bebac296f8bc6f0addaa1a?s=96&d=mm&r=g\",\"caption\":\"Edici\u00f3n Web\"},\"url\":\"https:\\\/\\\/canal7slp.tv\\\/2023\\\/author\\\/edicionweb\\\/\"}]}<\/script>\n<!-- \/ Yoast SEO plugin. -->","yoast_head_json":{"title":"Edici\u00f3n 36 de la Carrera Panamericana arrib\u00f3 a la capital potosina - Canal 7 SLP - 2023","robots":{"index":"index","follow":"follow","max-snippet":"max-snippet:-1","max-image-preview":"max-image-preview:large","max-video-preview":"max-video-preview:-1"},"canonical":"https:\/\/canal7slp.tv\/2023\/edicion-36-de-la-carrera-panamericana-arribo-a-la-capital-potosina\/","og_locale":"es_ES","og_type":"article","og_title":"Edici\u00f3n 36 de la Carrera Panamericana arrib\u00f3 a la capital potosina - Canal 7 SLP - 2023","og_description":"SLP.- La edici\u00f3n 36 de la carrera panamericana arribo a la capital potosina con un contingente de m\u00e1s de 60 veh\u00edculos, los cuales hicieron un recorrido aproximado de 536 kil\u00f3metros en esta etapa que parti\u00f3 de la capital hidroc\u00e1lida hacia la capital potosina. El contingente ingres\u00f3 a la capital proveniente de la Carretera a Matehuala, Distribuidor Ju\u00e1rez, Av. Universidad, Alameda y algunas calles del centro hist\u00f3rico para finalmente llegar al arco de meta en Plaza de los Fundadores. Fue el mandatario municipal Enrique Galindo Ceballos el encargado de recibir a los pilotos de la panamericana, con quienes se mostr\u00f3 contento [&hellip;]","og_url":"https:\/\/canal7slp.tv\/2023\/edicion-36-de-la-carrera-panamericana-arribo-a-la-capital-potosina\/","og_site_name":"Canal 7 SLP - 2023","article_publisher":"https:\/\/www.facebook.com\/noticieroscanalsiete","article_published_time":"2023-10-19T02:04:07+00:00","og_image":[{"width":1280,"height":720,"url":"https:\/\/canal7slp.tv\/2023\/wp-content\/uploads\/2023\/10\/Froi04Panamericana.jpg","type":"image\/jpeg"}],"author":"Edici\u00f3n Web","twitter_card":"summary_large_image","twitter_creator":"@NOTICIEROS7","twitter_site":"@NOTICIEROS7","twitter_misc":{"Escrito por":"Edici\u00f3n Web","Tiempo de lectura":"2 minutos"},"schema":{"@context":"https:\/\/schema.org","@graph":[{"@type":"Article","@id":"https:\/\/canal7slp.tv\/2023\/edicion-36-de-la-carrera-panamericana-arribo-a-la-capital-potosina\/#article","isPartOf":{"@id":"https:\/\/canal7slp.tv\/2023\/edicion-36-de-la-carrera-panamericana-arribo-a-la-capital-potosina\/"},"author":{"name":"Edici\u00f3n Web","@id":"https:\/\/canal7slp.tv\/2023\/#\/schema\/person\/639c424e3584069003b11ae813915da6"},"headline":"Edici\u00f3n 36 de la Carrera Panamericana arrib\u00f3 a la capital potosina","datePublished":"2023-10-19T02:04:07+00:00","mainEntityOfPage":{"@id":"https:\/\/canal7slp.tv\/2023\/edicion-36-de-la-carrera-panamericana-arribo-a-la-capital-potosina\/"},"wordCount":277,"publisher":{"@id":"https:\/\/canal7slp.tv\/2023\/#organization"},"image":{"@id":"https:\/\/canal7slp.tv\/2023\/edicion-36-de-la-carrera-panamericana-arribo-a-la-capital-potosina\/#primaryimage"},"thumbnailUrl":"https:\/\/canal7slp.tv\/2023\/wp-content\/uploads\/2023\/10\/Froi04Panamericana.jpg","articleSection":["AYOSLP","DEPORTES","DESTACADAS"],"inLanguage":"es"},{"@type":"WebPage","@id":"https:\/\/canal7slp.tv\/2023\/edicion-36-de-la-carrera-panamericana-arribo-a-la-capital-potosina\/","url":"https:\/\/canal7slp.tv\/2023\/edicion-36-de-la-carrera-panamericana-arribo-a-la-capital-potosina\/","name":"Edici\u00f3n 36 de la Carrera Panamericana arrib\u00f3 a la capital potosina - Canal 7 SLP - 2023","isPartOf":{"@id":"https:\/\/canal7slp.tv\/2023\/#website"},"primaryImageOfPage":{"@id":"https:\/\/canal7slp.tv\/2023\/edicion-36-de-la-carrera-panamericana-arribo-a-la-capital-potosina\/#primaryimage"},"image":{"@id":"https:\/\/canal7slp.tv\/2023\/edicion-36-de-la-carrera-panamericana-arribo-a-la-capital-potosina\/#primaryimage"},"thumbnailUrl":"https:\/\/canal7slp.tv\/2023\/wp-content\/uploads\/2023\/10\/Froi04Panamericana.jpg","datePublished":"2023-10-19T02:04:07+00:00","breadcrumb":{"@id":"https:\/\/canal7slp.tv\/2023\/edicion-36-de-la-carrera-panamericana-arribo-a-la-capital-potosina\/#breadcrumb"},"inLanguage":"es","potentialAction":[{"@type":"ReadAction","target":["https:\/\/canal7slp.tv\/2023\/edicion-36-de-la-carrera-panamericana-arribo-a-la-capital-potosina\/"]}]},{"@type":"ImageObject","inLanguage":"es","@id":"https:\/\/canal7slp.tv\/2023\/edicion-36-de-la-carrera-panamericana-arribo-a-la-capital-potosina\/#primaryimage","url":"https:\/\/canal7slp.tv\/2023\/wp-content\/uploads\/2023\/10\/Froi04Panamericana.jpg","contentUrl":"https:\/\/canal7slp.tv\/2023\/wp-content\/uploads\/2023\/10\/Froi04Panamericana.jpg","width":1280,"height":720},{"@type":"BreadcrumbList","@id":"https:\/\/canal7slp.tv\/2023\/edicion-36-de-la-carrera-panamericana-arribo-a-la-capital-potosina\/#breadcrumb","itemListElement":[{"@type":"ListItem","position":1,"name":"Portada","item":"https:\/\/canal7slp.tv\/2023\/"},{"@type":"ListItem","position":2,"name":"Edici\u00f3n 36 de la Carrera Panamericana arrib\u00f3 a la capital potosina"}]},{"@type":"WebSite","@id":"https:\/\/canal7slp.tv\/2023\/#website","url":"https:\/\/canal7slp.tv\/2023\/","name":"N7 - Noticieros Canal 7","description":"Somos Televisi\u00f3n","publisher":{"@id":"https:\/\/canal7slp.tv\/2023\/#organization"},"potentialAction":[{"@type":"SearchAction","target":{"@type":"EntryPoint","urlTemplate":"https:\/\/canal7slp.tv\/2023\/?s={search_term_string}"},"query-input":{"@type":"PropertyValueSpecification","valueRequired":true,"valueName":"search_term_string"}}],"inLanguage":"es"},{"@type":"Organization","@id":"https:\/\/canal7slp.tv\/2023\/#organization","name":"Noticieros Canal 7","url":"https:\/\/canal7slp.tv\/2023\/","logo":{"@type":"ImageObject","inLanguage":"es","@id":"https:\/\/canal7slp.tv\/2023\/#\/schema\/logo\/image\/","url":"https:\/\/canal7slp.tv\/2023\/wp-content\/uploads\/2021\/01\/logo-noticieros@2x.png","contentUrl":"https:\/\/canal7slp.tv\/2023\/wp-content\/uploads\/2021\/01\/logo-noticieros@2x.png","width":1017,"height":268,"caption":"Noticieros Canal 7"},"image":{"@id":"https:\/\/canal7slp.tv\/2023\/#\/schema\/logo\/image\/"},"sameAs":["https:\/\/www.facebook.com\/noticieroscanalsiete","https:\/\/x.com\/NOTICIEROS7","https:\/\/www.instagram.com\/canal7_slp","https:\/\/www.youtube.com\/channel\/UCliiYs-gP3JfJeqdPrNdd5A"]},{"@type":"Person","@id":"https:\/\/canal7slp.tv\/2023\/#\/schema\/person\/639c424e3584069003b11ae813915da6","name":"Edici\u00f3n Web","image":{"@type":"ImageObject","inLanguage":"es","@id":"https:\/\/secure.gravatar.com\/avatar\/eee448fc3f7164808013b816ba91ac7e43bbe82a70bebac296f8bc6f0addaa1a?s=96&d=mm&r=g","url":"https:\/\/secure.gravatar.com\/avatar\/eee448fc3f7164808013b816ba91ac7e43bbe82a70bebac296f8bc6f0addaa1a?s=96&d=mm&r=g","contentUrl":"https:\/\/secure.gravatar.com\/avatar\/eee448fc3f7164808013b816ba91ac7e43bbe82a70bebac296f8bc6f0addaa1a?s=96&d=mm&r=g","caption":"Edici\u00f3n Web"},"url":"https:\/\/canal7slp.tv\/2023\/author\/edicionweb\/"}]}},"_links":{"self":[{"href":"https:\/\/canal7slp.tv\/2023\/wp-json\/wp\/v2\/posts\/110436","targetHints":{"allow":["GET"]}}],"collection":[{"href":"https:\/\/canal7slp.tv\/2023\/wp-json\/wp\/v2\/posts"}],"about":[{"href":"https:\/\/canal7slp.tv\/2023\/wp-json\/wp\/v2\/types\/post"}],"author":[{"embeddable":true,"href":"https:\/\/canal7slp.tv\/2023\/wp-json\/wp\/v2\/users\/2"}],"replies":[{"embeddable":true,"href":"https:\/\/canal7slp.tv\/2023\/wp-json\/wp\/v2\/comments?post=110436"}],"version-history":[{"count":1,"href":"https:\/\/canal7slp.tv\/2023\/wp-json\/wp\/v2\/posts\/110436\/revisions"}],"predecessor-version":[{"id":110439,"href":"https:\/\/canal7slp.tv\/2023\/wp-json\/wp\/v2\/posts\/110436\/revisions\/110439"}],"wp:featuredmedia":[{"embeddable":true,"href":"https:\/\/canal7slp.tv\/2023\/wp-json\/wp\/v2\/media\/110438"}],"wp:attachment":[{"href":"https:\/\/canal7slp.tv\/2023\/wp-json\/wp\/v2\/media?parent=110436"}],"wp:term":[{"taxonomy":"category","embeddable":true,"href":"https:\/\/canal7slp.tv\/2023\/wp-json\/wp\/v2\/categories?post=110436"},{"taxonomy":"post_tag","embeddable":true,"href":"https:\/\/canal7slp.tv\/2023\/wp-json\/wp\/v2\/tags?post=110436"}],"curies":[{"name":"wp","href":"https:\/\/api.w.org\/{rel}","templated":true}]}}