{"id":110354,"date":"2023-10-18T18:23:01","date_gmt":"2023-10-19T00:23:01","guid":{"rendered":"https:\/\/canal7slp.tv\/2023\/?p=110354"},"modified":"2023-10-18T18:23:01","modified_gmt":"2023-10-19T00:23:01","slug":"avanza-en-cofepris-permiso-para-comercializar-vacuna-de-moderna","status":"publish","type":"post","link":"https:\/\/canal7slp.tv\/2023\/avanza-en-cofepris-permiso-para-comercializar-vacuna-de-moderna\/","title":{"rendered":"Avanza en COFEPRIS permiso para comercializar vacuna de Moderna"},"content":{"rendered":"<ul>\n<li>Se consideran variantes de COVID-19.<\/li>\n<\/ul>\n<p style=\"text-align: justify;\">M\u00e9xico.- La Comisi\u00f3n Federal para la Protecci\u00f3n contra Riesgos Sanitarios (COFEPRIS) ha aprobado el uso y venta de la vacuna monovalente ARNm de Moderna, Spikevax, para combatir las variantes de COVID-19 que circulan en el pa\u00eds.<\/p>\n<p style=\"text-align: justify;\">La vacuna monovalente protege espec\u00edficamente contra la cepa XBB 1.5 y est\u00e1 indicada para la inmunizaci\u00f3n activa contra COVID-19 en personas a partir de los seis meses de edad.<\/p>\n<p style=\"text-align: justify;\">Durante la sesi\u00f3n del Comit\u00e9 de Mol\u00e9culas Nuevas, el doctor Carlos Jerjes S\u00e1nchez Ram\u00edrez, suplente del vicepresidente del Comit\u00e9, afirm\u00f3 que existe evidencia suficiente que respalda la seguridad y eficacia de la vacuna monovalente. Adem\u00e1s, se destac\u00f3 la calidad de los datos presentados para ambos insumos.<\/p>\n<p style=\"text-align: justify;\">El especialista tambi\u00e9n resalt\u00f3 la importancia del modelo de datos presentado en M\u00e9xico, el cual proporciona informaci\u00f3n local de alta calidad. Se enfatiz\u00f3 la necesidad de continuar con este modelaje de datos en el futuro.<\/p>\n<p style=\"text-align: justify;\">Por otro lado, el Comit\u00e9 emiti\u00f3 una votaci\u00f3n mayoritariamente desfavorable para la vacuna bivalente de Moderna, a pesar de contar con evidencia s\u00f3lida de seguridad para ambas vacunas.<\/p>\n<p style=\"text-align: justify;\">La vacuna bivalente protege contra la cepa original (Wuhan-Hu-1) y la BA.4\/BA.5 (\u00d3micron), y est\u00e1 destinada a personas mayores de 12 a\u00f1os que han recibido previamente al menos el esquema completo de vacunaci\u00f3n contra el COVID-19.<\/p>\n<p style=\"text-align: justify;\">Cabe se\u00f1alar que en los \u00faltimos dos d\u00edas, la Cofepris ha evaluado las vacunas Comirnaty de Pfizer, Vaxzevria de AstraZeneca, Spikevax de ModernaTx y Spikevax bivalente de ModernaTx.<\/p>\n","protected":false},"excerpt":{"rendered":"<p>Se consideran variantes de COVID-19. M\u00e9xico.- La Comisi\u00f3n Federal para la Protecci\u00f3n contra Riesgos Sanitarios (COFEPRIS) ha aprobado el uso y venta de la vacuna monovalente ARNm de Moderna, Spikevax, para combatir las variantes de COVID-19 que circulan en el pa\u00eds. La vacuna monovalente protege espec\u00edficamente contra la cepa XBB 1.5 y est\u00e1 indicada para la inmunizaci\u00f3n activa contra COVID-19 en personas a partir de los seis meses de edad. Durante la sesi\u00f3n del Comit\u00e9 de Mol\u00e9culas Nuevas, el doctor Carlos Jerjes S\u00e1nchez Ram\u00edrez, suplente del vicepresidente del Comit\u00e9, afirm\u00f3 que existe evidencia suficiente que respalda la seguridad y eficacia [&hellip;]<\/p>\n","protected":false},"author":2,"featured_media":110368,"comment_status":"closed","ping_status":"closed","sticky":false,"template":"","format":"standard","meta":{"footnotes":""},"categories":[46],"tags":[],"class_list":["post-110354","post","type-post","status-publish","format-standard","has-post-thumbnail","hentry","category-nacional","post--single"],"yoast_head":"<!-- This site is optimized with the Yoast SEO plugin v27.5 - https:\/\/yoast.com\/product\/yoast-seo-wordpress\/ -->\n<title>Avanza en COFEPRIS permiso para comercializar vacuna de Moderna - Canal 7 SLP - 2023<\/title>\n<meta name=\"robots\" content=\"index, follow, max-snippet:-1, max-image-preview:large, max-video-preview:-1\" \/>\n<link rel=\"canonical\" href=\"https:\/\/canal7slp.tv\/2023\/avanza-en-cofepris-permiso-para-comercializar-vacuna-de-moderna\/\" \/>\n<meta property=\"og:locale\" content=\"es_ES\" \/>\n<meta property=\"og:type\" content=\"article\" \/>\n<meta property=\"og:title\" content=\"Avanza en COFEPRIS permiso para comercializar vacuna de Moderna - Canal 7 SLP - 2023\" \/>\n<meta property=\"og:description\" content=\"Se consideran variantes de COVID-19. M\u00e9xico.- La Comisi\u00f3n Federal para la Protecci\u00f3n contra Riesgos Sanitarios (COFEPRIS) ha aprobado el uso y venta de la vacuna monovalente ARNm de Moderna, Spikevax, para combatir las variantes de COVID-19 que circulan en el pa\u00eds. La vacuna monovalente protege espec\u00edficamente contra la cepa XBB 1.5 y est\u00e1 indicada para la inmunizaci\u00f3n activa contra COVID-19 en personas a partir de los seis meses de edad. Durante la sesi\u00f3n del Comit\u00e9 de Mol\u00e9culas Nuevas, el doctor Carlos Jerjes S\u00e1nchez Ram\u00edrez, suplente del vicepresidente del Comit\u00e9, afirm\u00f3 que existe evidencia suficiente que respalda la seguridad y eficacia [&hellip;]\" \/>\n<meta property=\"og:url\" content=\"https:\/\/canal7slp.tv\/2023\/avanza-en-cofepris-permiso-para-comercializar-vacuna-de-moderna\/\" \/>\n<meta property=\"og:site_name\" content=\"Canal 7 SLP - 2023\" \/>\n<meta property=\"article:publisher\" content=\"https:\/\/www.facebook.com\/noticieroscanalsiete\" \/>\n<meta property=\"article:published_time\" content=\"2023-10-19T00:23:01+00:00\" \/>\n<meta property=\"og:image\" content=\"https:\/\/canal7slp.tv\/2023\/wp-content\/uploads\/2023\/10\/03-16.jpg\" \/>\n\t<meta property=\"og:image:width\" content=\"1920\" \/>\n\t<meta property=\"og:image:height\" content=\"1280\" \/>\n\t<meta property=\"og:image:type\" content=\"image\/jpeg\" \/>\n<meta name=\"author\" content=\"Edici\u00f3n Web\" \/>\n<meta name=\"twitter:card\" content=\"summary_large_image\" \/>\n<meta name=\"twitter:creator\" content=\"@NOTICIEROS7\" \/>\n<meta name=\"twitter:site\" content=\"@NOTICIEROS7\" \/>\n<meta name=\"twitter:label1\" content=\"Escrito por\" \/>\n\t<meta name=\"twitter:data1\" content=\"Edici\u00f3n Web\" \/>\n\t<meta name=\"twitter:label2\" content=\"Tiempo de lectura\" \/>\n\t<meta name=\"twitter:data2\" content=\"2 minutos\" \/>\n<script type=\"application\/ld+json\" class=\"yoast-schema-graph\">{\"@context\":\"https:\\\/\\\/schema.org\",\"@graph\":[{\"@type\":\"Article\",\"@id\":\"https:\\\/\\\/canal7slp.tv\\\/2023\\\/avanza-en-cofepris-permiso-para-comercializar-vacuna-de-moderna\\\/#article\",\"isPartOf\":{\"@id\":\"https:\\\/\\\/canal7slp.tv\\\/2023\\\/avanza-en-cofepris-permiso-para-comercializar-vacuna-de-moderna\\\/\"},\"author\":{\"name\":\"Edici\u00f3n Web\",\"@id\":\"https:\\\/\\\/canal7slp.tv\\\/2023\\\/#\\\/schema\\\/person\\\/639c424e3584069003b11ae813915da6\"},\"headline\":\"Avanza en COFEPRIS permiso para comercializar vacuna de Moderna\",\"datePublished\":\"2023-10-19T00:23:01+00:00\",\"mainEntityOfPage\":{\"@id\":\"https:\\\/\\\/canal7slp.tv\\\/2023\\\/avanza-en-cofepris-permiso-para-comercializar-vacuna-de-moderna\\\/\"},\"wordCount\":272,\"publisher\":{\"@id\":\"https:\\\/\\\/canal7slp.tv\\\/2023\\\/#organization\"},\"image\":{\"@id\":\"https:\\\/\\\/canal7slp.tv\\\/2023\\\/avanza-en-cofepris-permiso-para-comercializar-vacuna-de-moderna\\\/#primaryimage\"},\"thumbnailUrl\":\"https:\\\/\\\/canal7slp.tv\\\/2023\\\/wp-content\\\/uploads\\\/2023\\\/10\\\/03-16.jpg\",\"articleSection\":[\"NACIONALES\"],\"inLanguage\":\"es\"},{\"@type\":\"WebPage\",\"@id\":\"https:\\\/\\\/canal7slp.tv\\\/2023\\\/avanza-en-cofepris-permiso-para-comercializar-vacuna-de-moderna\\\/\",\"url\":\"https:\\\/\\\/canal7slp.tv\\\/2023\\\/avanza-en-cofepris-permiso-para-comercializar-vacuna-de-moderna\\\/\",\"name\":\"Avanza en COFEPRIS permiso para comercializar vacuna de Moderna - Canal 7 SLP - 2023\",\"isPartOf\":{\"@id\":\"https:\\\/\\\/canal7slp.tv\\\/2023\\\/#website\"},\"primaryImageOfPage\":{\"@id\":\"https:\\\/\\\/canal7slp.tv\\\/2023\\\/avanza-en-cofepris-permiso-para-comercializar-vacuna-de-moderna\\\/#primaryimage\"},\"image\":{\"@id\":\"https:\\\/\\\/canal7slp.tv\\\/2023\\\/avanza-en-cofepris-permiso-para-comercializar-vacuna-de-moderna\\\/#primaryimage\"},\"thumbnailUrl\":\"https:\\\/\\\/canal7slp.tv\\\/2023\\\/wp-content\\\/uploads\\\/2023\\\/10\\\/03-16.jpg\",\"datePublished\":\"2023-10-19T00:23:01+00:00\",\"breadcrumb\":{\"@id\":\"https:\\\/\\\/canal7slp.tv\\\/2023\\\/avanza-en-cofepris-permiso-para-comercializar-vacuna-de-moderna\\\/#breadcrumb\"},\"inLanguage\":\"es\",\"potentialAction\":[{\"@type\":\"ReadAction\",\"target\":[\"https:\\\/\\\/canal7slp.tv\\\/2023\\\/avanza-en-cofepris-permiso-para-comercializar-vacuna-de-moderna\\\/\"]}]},{\"@type\":\"ImageObject\",\"inLanguage\":\"es\",\"@id\":\"https:\\\/\\\/canal7slp.tv\\\/2023\\\/avanza-en-cofepris-permiso-para-comercializar-vacuna-de-moderna\\\/#primaryimage\",\"url\":\"https:\\\/\\\/canal7slp.tv\\\/2023\\\/wp-content\\\/uploads\\\/2023\\\/10\\\/03-16.jpg\",\"contentUrl\":\"https:\\\/\\\/canal7slp.tv\\\/2023\\\/wp-content\\\/uploads\\\/2023\\\/10\\\/03-16.jpg\",\"width\":1920,\"height\":1280},{\"@type\":\"BreadcrumbList\",\"@id\":\"https:\\\/\\\/canal7slp.tv\\\/2023\\\/avanza-en-cofepris-permiso-para-comercializar-vacuna-de-moderna\\\/#breadcrumb\",\"itemListElement\":[{\"@type\":\"ListItem\",\"position\":1,\"name\":\"Portada\",\"item\":\"https:\\\/\\\/canal7slp.tv\\\/2023\\\/\"},{\"@type\":\"ListItem\",\"position\":2,\"name\":\"Avanza en COFEPRIS permiso para comercializar vacuna de Moderna\"}]},{\"@type\":\"WebSite\",\"@id\":\"https:\\\/\\\/canal7slp.tv\\\/2023\\\/#website\",\"url\":\"https:\\\/\\\/canal7slp.tv\\\/2023\\\/\",\"name\":\"N7 - Noticieros Canal 7\",\"description\":\"Somos Televisi\u00f3n\",\"publisher\":{\"@id\":\"https:\\\/\\\/canal7slp.tv\\\/2023\\\/#organization\"},\"potentialAction\":[{\"@type\":\"SearchAction\",\"target\":{\"@type\":\"EntryPoint\",\"urlTemplate\":\"https:\\\/\\\/canal7slp.tv\\\/2023\\\/?s={search_term_string}\"},\"query-input\":{\"@type\":\"PropertyValueSpecification\",\"valueRequired\":true,\"valueName\":\"search_term_string\"}}],\"inLanguage\":\"es\"},{\"@type\":\"Organization\",\"@id\":\"https:\\\/\\\/canal7slp.tv\\\/2023\\\/#organization\",\"name\":\"Noticieros Canal 7\",\"url\":\"https:\\\/\\\/canal7slp.tv\\\/2023\\\/\",\"logo\":{\"@type\":\"ImageObject\",\"inLanguage\":\"es\",\"@id\":\"https:\\\/\\\/canal7slp.tv\\\/2023\\\/#\\\/schema\\\/logo\\\/image\\\/\",\"url\":\"https:\\\/\\\/canal7slp.tv\\\/2023\\\/wp-content\\\/uploads\\\/2021\\\/01\\\/logo-noticieros@2x.png\",\"contentUrl\":\"https:\\\/\\\/canal7slp.tv\\\/2023\\\/wp-content\\\/uploads\\\/2021\\\/01\\\/logo-noticieros@2x.png\",\"width\":1017,\"height\":268,\"caption\":\"Noticieros Canal 7\"},\"image\":{\"@id\":\"https:\\\/\\\/canal7slp.tv\\\/2023\\\/#\\\/schema\\\/logo\\\/image\\\/\"},\"sameAs\":[\"https:\\\/\\\/www.facebook.com\\\/noticieroscanalsiete\",\"https:\\\/\\\/x.com\\\/NOTICIEROS7\",\"https:\\\/\\\/www.instagram.com\\\/canal7_slp\",\"https:\\\/\\\/www.youtube.com\\\/channel\\\/UCliiYs-gP3JfJeqdPrNdd5A\"]},{\"@type\":\"Person\",\"@id\":\"https:\\\/\\\/canal7slp.tv\\\/2023\\\/#\\\/schema\\\/person\\\/639c424e3584069003b11ae813915da6\",\"name\":\"Edici\u00f3n Web\",\"image\":{\"@type\":\"ImageObject\",\"inLanguage\":\"es\",\"@id\":\"https:\\\/\\\/secure.gravatar.com\\\/avatar\\\/eee448fc3f7164808013b816ba91ac7e43bbe82a70bebac296f8bc6f0addaa1a?s=96&d=mm&r=g\",\"url\":\"https:\\\/\\\/secure.gravatar.com\\\/avatar\\\/eee448fc3f7164808013b816ba91ac7e43bbe82a70bebac296f8bc6f0addaa1a?s=96&d=mm&r=g\",\"contentUrl\":\"https:\\\/\\\/secure.gravatar.com\\\/avatar\\\/eee448fc3f7164808013b816ba91ac7e43bbe82a70bebac296f8bc6f0addaa1a?s=96&d=mm&r=g\",\"caption\":\"Edici\u00f3n Web\"},\"url\":\"https:\\\/\\\/canal7slp.tv\\\/2023\\\/author\\\/edicionweb\\\/\"}]}<\/script>\n<!-- \/ Yoast SEO plugin. -->","yoast_head_json":{"title":"Avanza en COFEPRIS permiso para comercializar vacuna de Moderna - Canal 7 SLP - 2023","robots":{"index":"index","follow":"follow","max-snippet":"max-snippet:-1","max-image-preview":"max-image-preview:large","max-video-preview":"max-video-preview:-1"},"canonical":"https:\/\/canal7slp.tv\/2023\/avanza-en-cofepris-permiso-para-comercializar-vacuna-de-moderna\/","og_locale":"es_ES","og_type":"article","og_title":"Avanza en COFEPRIS permiso para comercializar vacuna de Moderna - Canal 7 SLP - 2023","og_description":"Se consideran variantes de COVID-19. M\u00e9xico.- La Comisi\u00f3n Federal para la Protecci\u00f3n contra Riesgos Sanitarios (COFEPRIS) ha aprobado el uso y venta de la vacuna monovalente ARNm de Moderna, Spikevax, para combatir las variantes de COVID-19 que circulan en el pa\u00eds. La vacuna monovalente protege espec\u00edficamente contra la cepa XBB 1.5 y est\u00e1 indicada para la inmunizaci\u00f3n activa contra COVID-19 en personas a partir de los seis meses de edad. Durante la sesi\u00f3n del Comit\u00e9 de Mol\u00e9culas Nuevas, el doctor Carlos Jerjes S\u00e1nchez Ram\u00edrez, suplente del vicepresidente del Comit\u00e9, afirm\u00f3 que existe evidencia suficiente que respalda la seguridad y eficacia [&hellip;]","og_url":"https:\/\/canal7slp.tv\/2023\/avanza-en-cofepris-permiso-para-comercializar-vacuna-de-moderna\/","og_site_name":"Canal 7 SLP - 2023","article_publisher":"https:\/\/www.facebook.com\/noticieroscanalsiete","article_published_time":"2023-10-19T00:23:01+00:00","og_image":[{"width":1920,"height":1280,"url":"https:\/\/canal7slp.tv\/2023\/wp-content\/uploads\/2023\/10\/03-16.jpg","type":"image\/jpeg"}],"author":"Edici\u00f3n Web","twitter_card":"summary_large_image","twitter_creator":"@NOTICIEROS7","twitter_site":"@NOTICIEROS7","twitter_misc":{"Escrito por":"Edici\u00f3n Web","Tiempo de lectura":"2 minutos"},"schema":{"@context":"https:\/\/schema.org","@graph":[{"@type":"Article","@id":"https:\/\/canal7slp.tv\/2023\/avanza-en-cofepris-permiso-para-comercializar-vacuna-de-moderna\/#article","isPartOf":{"@id":"https:\/\/canal7slp.tv\/2023\/avanza-en-cofepris-permiso-para-comercializar-vacuna-de-moderna\/"},"author":{"name":"Edici\u00f3n Web","@id":"https:\/\/canal7slp.tv\/2023\/#\/schema\/person\/639c424e3584069003b11ae813915da6"},"headline":"Avanza en COFEPRIS permiso para comercializar vacuna de Moderna","datePublished":"2023-10-19T00:23:01+00:00","mainEntityOfPage":{"@id":"https:\/\/canal7slp.tv\/2023\/avanza-en-cofepris-permiso-para-comercializar-vacuna-de-moderna\/"},"wordCount":272,"publisher":{"@id":"https:\/\/canal7slp.tv\/2023\/#organization"},"image":{"@id":"https:\/\/canal7slp.tv\/2023\/avanza-en-cofepris-permiso-para-comercializar-vacuna-de-moderna\/#primaryimage"},"thumbnailUrl":"https:\/\/canal7slp.tv\/2023\/wp-content\/uploads\/2023\/10\/03-16.jpg","articleSection":["NACIONALES"],"inLanguage":"es"},{"@type":"WebPage","@id":"https:\/\/canal7slp.tv\/2023\/avanza-en-cofepris-permiso-para-comercializar-vacuna-de-moderna\/","url":"https:\/\/canal7slp.tv\/2023\/avanza-en-cofepris-permiso-para-comercializar-vacuna-de-moderna\/","name":"Avanza en COFEPRIS permiso para comercializar vacuna de Moderna - Canal 7 SLP - 2023","isPartOf":{"@id":"https:\/\/canal7slp.tv\/2023\/#website"},"primaryImageOfPage":{"@id":"https:\/\/canal7slp.tv\/2023\/avanza-en-cofepris-permiso-para-comercializar-vacuna-de-moderna\/#primaryimage"},"image":{"@id":"https:\/\/canal7slp.tv\/2023\/avanza-en-cofepris-permiso-para-comercializar-vacuna-de-moderna\/#primaryimage"},"thumbnailUrl":"https:\/\/canal7slp.tv\/2023\/wp-content\/uploads\/2023\/10\/03-16.jpg","datePublished":"2023-10-19T00:23:01+00:00","breadcrumb":{"@id":"https:\/\/canal7slp.tv\/2023\/avanza-en-cofepris-permiso-para-comercializar-vacuna-de-moderna\/#breadcrumb"},"inLanguage":"es","potentialAction":[{"@type":"ReadAction","target":["https:\/\/canal7slp.tv\/2023\/avanza-en-cofepris-permiso-para-comercializar-vacuna-de-moderna\/"]}]},{"@type":"ImageObject","inLanguage":"es","@id":"https:\/\/canal7slp.tv\/2023\/avanza-en-cofepris-permiso-para-comercializar-vacuna-de-moderna\/#primaryimage","url":"https:\/\/canal7slp.tv\/2023\/wp-content\/uploads\/2023\/10\/03-16.jpg","contentUrl":"https:\/\/canal7slp.tv\/2023\/wp-content\/uploads\/2023\/10\/03-16.jpg","width":1920,"height":1280},{"@type":"BreadcrumbList","@id":"https:\/\/canal7slp.tv\/2023\/avanza-en-cofepris-permiso-para-comercializar-vacuna-de-moderna\/#breadcrumb","itemListElement":[{"@type":"ListItem","position":1,"name":"Portada","item":"https:\/\/canal7slp.tv\/2023\/"},{"@type":"ListItem","position":2,"name":"Avanza en COFEPRIS permiso para comercializar vacuna de Moderna"}]},{"@type":"WebSite","@id":"https:\/\/canal7slp.tv\/2023\/#website","url":"https:\/\/canal7slp.tv\/2023\/","name":"N7 - Noticieros Canal 7","description":"Somos Televisi\u00f3n","publisher":{"@id":"https:\/\/canal7slp.tv\/2023\/#organization"},"potentialAction":[{"@type":"SearchAction","target":{"@type":"EntryPoint","urlTemplate":"https:\/\/canal7slp.tv\/2023\/?s={search_term_string}"},"query-input":{"@type":"PropertyValueSpecification","valueRequired":true,"valueName":"search_term_string"}}],"inLanguage":"es"},{"@type":"Organization","@id":"https:\/\/canal7slp.tv\/2023\/#organization","name":"Noticieros Canal 7","url":"https:\/\/canal7slp.tv\/2023\/","logo":{"@type":"ImageObject","inLanguage":"es","@id":"https:\/\/canal7slp.tv\/2023\/#\/schema\/logo\/image\/","url":"https:\/\/canal7slp.tv\/2023\/wp-content\/uploads\/2021\/01\/logo-noticieros@2x.png","contentUrl":"https:\/\/canal7slp.tv\/2023\/wp-content\/uploads\/2021\/01\/logo-noticieros@2x.png","width":1017,"height":268,"caption":"Noticieros Canal 7"},"image":{"@id":"https:\/\/canal7slp.tv\/2023\/#\/schema\/logo\/image\/"},"sameAs":["https:\/\/www.facebook.com\/noticieroscanalsiete","https:\/\/x.com\/NOTICIEROS7","https:\/\/www.instagram.com\/canal7_slp","https:\/\/www.youtube.com\/channel\/UCliiYs-gP3JfJeqdPrNdd5A"]},{"@type":"Person","@id":"https:\/\/canal7slp.tv\/2023\/#\/schema\/person\/639c424e3584069003b11ae813915da6","name":"Edici\u00f3n Web","image":{"@type":"ImageObject","inLanguage":"es","@id":"https:\/\/secure.gravatar.com\/avatar\/eee448fc3f7164808013b816ba91ac7e43bbe82a70bebac296f8bc6f0addaa1a?s=96&d=mm&r=g","url":"https:\/\/secure.gravatar.com\/avatar\/eee448fc3f7164808013b816ba91ac7e43bbe82a70bebac296f8bc6f0addaa1a?s=96&d=mm&r=g","contentUrl":"https:\/\/secure.gravatar.com\/avatar\/eee448fc3f7164808013b816ba91ac7e43bbe82a70bebac296f8bc6f0addaa1a?s=96&d=mm&r=g","caption":"Edici\u00f3n Web"},"url":"https:\/\/canal7slp.tv\/2023\/author\/edicionweb\/"}]}},"_links":{"self":[{"href":"https:\/\/canal7slp.tv\/2023\/wp-json\/wp\/v2\/posts\/110354","targetHints":{"allow":["GET"]}}],"collection":[{"href":"https:\/\/canal7slp.tv\/2023\/wp-json\/wp\/v2\/posts"}],"about":[{"href":"https:\/\/canal7slp.tv\/2023\/wp-json\/wp\/v2\/types\/post"}],"author":[{"embeddable":true,"href":"https:\/\/canal7slp.tv\/2023\/wp-json\/wp\/v2\/users\/2"}],"replies":[{"embeddable":true,"href":"https:\/\/canal7slp.tv\/2023\/wp-json\/wp\/v2\/comments?post=110354"}],"version-history":[{"count":3,"href":"https:\/\/canal7slp.tv\/2023\/wp-json\/wp\/v2\/posts\/110354\/revisions"}],"predecessor-version":[{"id":110428,"href":"https:\/\/canal7slp.tv\/2023\/wp-json\/wp\/v2\/posts\/110354\/revisions\/110428"}],"wp:featuredmedia":[{"embeddable":true,"href":"https:\/\/canal7slp.tv\/2023\/wp-json\/wp\/v2\/media\/110368"}],"wp:attachment":[{"href":"https:\/\/canal7slp.tv\/2023\/wp-json\/wp\/v2\/media?parent=110354"}],"wp:term":[{"taxonomy":"category","embeddable":true,"href":"https:\/\/canal7slp.tv\/2023\/wp-json\/wp\/v2\/categories?post=110354"},{"taxonomy":"post_tag","embeddable":true,"href":"https:\/\/canal7slp.tv\/2023\/wp-json\/wp\/v2\/tags?post=110354"}],"curies":[{"name":"wp","href":"https:\/\/api.w.org\/{rel}","templated":true}]}}