{"id":108876,"date":"2023-10-02T20:07:31","date_gmt":"2023-10-03T02:07:31","guid":{"rendered":"https:\/\/canal7slp.tv\/2023\/?p=108876"},"modified":"2023-10-02T20:07:31","modified_gmt":"2023-10-03T02:07:31","slug":"a-55-anos-de-impunidad-marchan-por-la-masacre-de-tlatelolco","status":"publish","type":"post","link":"https:\/\/canal7slp.tv\/2023\/a-55-anos-de-impunidad-marchan-por-la-masacre-de-tlatelolco\/","title":{"rendered":"A 55 a\u00f1os de impunidad, marchan por la masacre de Tlatelolco"},"content":{"rendered":"<p style=\"text-align: justify;\">Ciudad de M\u00e9xico.- Hoy, 2 de octubre de 2023, se llevaron a cabo diversas movilizaciones, marchas y protestas en la Ciudad de M\u00e9xico para conmemorar el 55 Aniversario de la Masacre de Tlatelolco.<\/p>\n<p style=\"text-align: justify;\">Desde las 10:00 horas, se realiz\u00f3 una marcha que parti\u00f3 del Museo Nacional de Antropolog\u00eda hacia el Z\u00f3calo capitalino, encabezada por familiares de las v\u00edctimas y sobrevivientes de la masacre, as\u00ed como por estudiantes y activistas de diferentes organizaciones.<\/p>\n<p style=\"text-align: justify;\">A las 16:00 horas, se llev\u00f3 a cabo un mitin en el Z\u00f3calo capitalino, en el que se ley\u00f3 un pronunciamiento exigiendo justicia y verdad para las v\u00edctimas, as\u00ed como la cancelaci\u00f3n de la Ley de Seguridad Interior y el fin de la militarizaci\u00f3n del pa\u00eds.<\/p>\n<p style=\"text-align: justify;\">A las 17:00 horas, se realiz\u00f3 una marcha convocada por el Sindicato Mexicano de Electricistas y diversas organizaciones sociales.<\/p>\n<p style=\"text-align: justify;\">Mientras tanto, los manifestantes se congregaron en la Plaza de las Tres Culturas y avanzaron por Eje Central L\u00e1zaro C\u00e1rdenas rumbo al Z\u00f3calo capitalino.<\/p>\n<p style=\"text-align: justify;\">Estudiantes de universidades como el IPN, UNAM y UACM se hicieron presentes en la marcha, la cual se desarroll\u00f3 mayormente de manera pac\u00edfica.<\/p>\n<p style=\"text-align: justify;\">En calles aleda\u00f1as al paso de la marcha, se instalaron grupos de polic\u00edas antimotines como medida preventiva para contener alg\u00fan disturbio, aunque s\u00f3lo se registraron dos encontronazos sin mayores consecuencias.<\/p>\n<p style=\"text-align: justify;\">Aunque no tuvieron presencia en la ruta del recorrido, los polic\u00edas estaban a unas calles de distancia en caso de ser necesaria su intervenci\u00f3n.<\/p>\n<p style=\"text-align: justify;\">Los encapuchados causaron da\u00f1os con pintas, piedras y vidrios, y se registr\u00f3 la explosi\u00f3n de algunos artefactos caseros sin que alguna persona resultara lesionada.<\/p>\n<p style=\"text-align: justify;\">Los oficiales portaban equipo b\u00e1sico de protecci\u00f3n como escudo acr\u00edlico, espinilleras, casco y cubre espalda, pero no portaban armas de fuego ni instrumentos para causar da\u00f1o como tolete o PR24, solo el escudo como instrumento para contener agresiones de manifestantes.<\/p>\n<p style=\"text-align: justify;\">A las 18:00 horas, se realiz\u00f3 una vigilia en la Plaza de las Tres Culturas, convocada por el Comit\u00e9 68 y diversas organizaciones sociales.<\/p>\n<p style=\"text-align: justify;\">\n","protected":false},"excerpt":{"rendered":"<p>Ciudad de M\u00e9xico.- Hoy, 2 de octubre de 2023, se llevaron a cabo diversas movilizaciones, marchas y protestas en la Ciudad de M\u00e9xico para conmemorar el 55 Aniversario de la Masacre de Tlatelolco. Desde las 10:00 horas, se realiz\u00f3 una marcha que parti\u00f3 del Museo Nacional de Antropolog\u00eda hacia el Z\u00f3calo capitalino, encabezada por familiares de las v\u00edctimas y sobrevivientes de la masacre, as\u00ed como por estudiantes y activistas de diferentes organizaciones. A las 16:00 horas, se llev\u00f3 a cabo un mitin en el Z\u00f3calo capitalino, en el que se ley\u00f3 un pronunciamiento exigiendo justicia y verdad para las v\u00edctimas, [&hellip;]<\/p>\n","protected":false},"author":2,"featured_media":108877,"comment_status":"closed","ping_status":"closed","sticky":false,"template":"","format":"standard","meta":{"footnotes":""},"categories":[46],"tags":[],"class_list":["post-108876","post","type-post","status-publish","format-standard","has-post-thumbnail","hentry","category-nacional","post--single"],"yoast_head":"<!-- This site is optimized with the Yoast SEO plugin v27.5 - https:\/\/yoast.com\/product\/yoast-seo-wordpress\/ -->\n<title>A 55 a\u00f1os de impunidad, marchan por la masacre de Tlatelolco - Canal 7 SLP - 2023<\/title>\n<meta name=\"robots\" content=\"index, follow, max-snippet:-1, max-image-preview:large, max-video-preview:-1\" \/>\n<link rel=\"canonical\" href=\"https:\/\/canal7slp.tv\/2023\/a-55-anos-de-impunidad-marchan-por-la-masacre-de-tlatelolco\/\" \/>\n<meta property=\"og:locale\" content=\"es_ES\" \/>\n<meta property=\"og:type\" content=\"article\" \/>\n<meta property=\"og:title\" content=\"A 55 a\u00f1os de impunidad, marchan por la masacre de Tlatelolco - Canal 7 SLP - 2023\" \/>\n<meta property=\"og:description\" content=\"Ciudad de M\u00e9xico.- Hoy, 2 de octubre de 2023, se llevaron a cabo diversas movilizaciones, marchas y protestas en la Ciudad de M\u00e9xico para conmemorar el 55 Aniversario de la Masacre de Tlatelolco. Desde las 10:00 horas, se realiz\u00f3 una marcha que parti\u00f3 del Museo Nacional de Antropolog\u00eda hacia el Z\u00f3calo capitalino, encabezada por familiares de las v\u00edctimas y sobrevivientes de la masacre, as\u00ed como por estudiantes y activistas de diferentes organizaciones. A las 16:00 horas, se llev\u00f3 a cabo un mitin en el Z\u00f3calo capitalino, en el que se ley\u00f3 un pronunciamiento exigiendo justicia y verdad para las v\u00edctimas, [&hellip;]\" \/>\n<meta property=\"og:url\" content=\"https:\/\/canal7slp.tv\/2023\/a-55-anos-de-impunidad-marchan-por-la-masacre-de-tlatelolco\/\" \/>\n<meta property=\"og:site_name\" content=\"Canal 7 SLP - 2023\" \/>\n<meta property=\"article:publisher\" content=\"https:\/\/www.facebook.com\/noticieroscanalsiete\" \/>\n<meta property=\"article:published_time\" content=\"2023-10-03T02:07:31+00:00\" \/>\n<meta property=\"og:image\" content=\"https:\/\/canal7slp.tv\/2023\/wp-content\/uploads\/2023\/10\/08.jpg\" \/>\n\t<meta property=\"og:image:width\" content=\"1024\" \/>\n\t<meta property=\"og:image:height\" content=\"576\" \/>\n\t<meta property=\"og:image:type\" content=\"image\/jpeg\" \/>\n<meta name=\"author\" content=\"Edici\u00f3n Web\" \/>\n<meta name=\"twitter:card\" content=\"summary_large_image\" \/>\n<meta name=\"twitter:creator\" content=\"@NOTICIEROS7\" \/>\n<meta name=\"twitter:site\" content=\"@NOTICIEROS7\" \/>\n<meta name=\"twitter:label1\" content=\"Escrito por\" \/>\n\t<meta name=\"twitter:data1\" content=\"Edici\u00f3n Web\" \/>\n\t<meta name=\"twitter:label2\" content=\"Tiempo de lectura\" \/>\n\t<meta name=\"twitter:data2\" content=\"2 minutos\" \/>\n<script type=\"application\/ld+json\" class=\"yoast-schema-graph\">{\"@context\":\"https:\\\/\\\/schema.org\",\"@graph\":[{\"@type\":\"Article\",\"@id\":\"https:\\\/\\\/canal7slp.tv\\\/2023\\\/a-55-anos-de-impunidad-marchan-por-la-masacre-de-tlatelolco\\\/#article\",\"isPartOf\":{\"@id\":\"https:\\\/\\\/canal7slp.tv\\\/2023\\\/a-55-anos-de-impunidad-marchan-por-la-masacre-de-tlatelolco\\\/\"},\"author\":{\"name\":\"Edici\u00f3n Web\",\"@id\":\"https:\\\/\\\/canal7slp.tv\\\/2023\\\/#\\\/schema\\\/person\\\/639c424e3584069003b11ae813915da6\"},\"headline\":\"A 55 a\u00f1os de impunidad, marchan por la masacre de Tlatelolco\",\"datePublished\":\"2023-10-03T02:07:31+00:00\",\"mainEntityOfPage\":{\"@id\":\"https:\\\/\\\/canal7slp.tv\\\/2023\\\/a-55-anos-de-impunidad-marchan-por-la-masacre-de-tlatelolco\\\/\"},\"wordCount\":356,\"publisher\":{\"@id\":\"https:\\\/\\\/canal7slp.tv\\\/2023\\\/#organization\"},\"image\":{\"@id\":\"https:\\\/\\\/canal7slp.tv\\\/2023\\\/a-55-anos-de-impunidad-marchan-por-la-masacre-de-tlatelolco\\\/#primaryimage\"},\"thumbnailUrl\":\"https:\\\/\\\/canal7slp.tv\\\/2023\\\/wp-content\\\/uploads\\\/2023\\\/10\\\/08.jpg\",\"articleSection\":[\"NACIONALES\"],\"inLanguage\":\"es\"},{\"@type\":\"WebPage\",\"@id\":\"https:\\\/\\\/canal7slp.tv\\\/2023\\\/a-55-anos-de-impunidad-marchan-por-la-masacre-de-tlatelolco\\\/\",\"url\":\"https:\\\/\\\/canal7slp.tv\\\/2023\\\/a-55-anos-de-impunidad-marchan-por-la-masacre-de-tlatelolco\\\/\",\"name\":\"A 55 a\u00f1os de impunidad, marchan por la masacre de Tlatelolco - Canal 7 SLP - 2023\",\"isPartOf\":{\"@id\":\"https:\\\/\\\/canal7slp.tv\\\/2023\\\/#website\"},\"primaryImageOfPage\":{\"@id\":\"https:\\\/\\\/canal7slp.tv\\\/2023\\\/a-55-anos-de-impunidad-marchan-por-la-masacre-de-tlatelolco\\\/#primaryimage\"},\"image\":{\"@id\":\"https:\\\/\\\/canal7slp.tv\\\/2023\\\/a-55-anos-de-impunidad-marchan-por-la-masacre-de-tlatelolco\\\/#primaryimage\"},\"thumbnailUrl\":\"https:\\\/\\\/canal7slp.tv\\\/2023\\\/wp-content\\\/uploads\\\/2023\\\/10\\\/08.jpg\",\"datePublished\":\"2023-10-03T02:07:31+00:00\",\"breadcrumb\":{\"@id\":\"https:\\\/\\\/canal7slp.tv\\\/2023\\\/a-55-anos-de-impunidad-marchan-por-la-masacre-de-tlatelolco\\\/#breadcrumb\"},\"inLanguage\":\"es\",\"potentialAction\":[{\"@type\":\"ReadAction\",\"target\":[\"https:\\\/\\\/canal7slp.tv\\\/2023\\\/a-55-anos-de-impunidad-marchan-por-la-masacre-de-tlatelolco\\\/\"]}]},{\"@type\":\"ImageObject\",\"inLanguage\":\"es\",\"@id\":\"https:\\\/\\\/canal7slp.tv\\\/2023\\\/a-55-anos-de-impunidad-marchan-por-la-masacre-de-tlatelolco\\\/#primaryimage\",\"url\":\"https:\\\/\\\/canal7slp.tv\\\/2023\\\/wp-content\\\/uploads\\\/2023\\\/10\\\/08.jpg\",\"contentUrl\":\"https:\\\/\\\/canal7slp.tv\\\/2023\\\/wp-content\\\/uploads\\\/2023\\\/10\\\/08.jpg\",\"width\":1024,\"height\":576},{\"@type\":\"BreadcrumbList\",\"@id\":\"https:\\\/\\\/canal7slp.tv\\\/2023\\\/a-55-anos-de-impunidad-marchan-por-la-masacre-de-tlatelolco\\\/#breadcrumb\",\"itemListElement\":[{\"@type\":\"ListItem\",\"position\":1,\"name\":\"Portada\",\"item\":\"https:\\\/\\\/canal7slp.tv\\\/2023\\\/\"},{\"@type\":\"ListItem\",\"position\":2,\"name\":\"A 55 a\u00f1os de impunidad, marchan por la masacre de Tlatelolco\"}]},{\"@type\":\"WebSite\",\"@id\":\"https:\\\/\\\/canal7slp.tv\\\/2023\\\/#website\",\"url\":\"https:\\\/\\\/canal7slp.tv\\\/2023\\\/\",\"name\":\"N7 - Noticieros Canal 7\",\"description\":\"Somos Televisi\u00f3n\",\"publisher\":{\"@id\":\"https:\\\/\\\/canal7slp.tv\\\/2023\\\/#organization\"},\"potentialAction\":[{\"@type\":\"SearchAction\",\"target\":{\"@type\":\"EntryPoint\",\"urlTemplate\":\"https:\\\/\\\/canal7slp.tv\\\/2023\\\/?s={search_term_string}\"},\"query-input\":{\"@type\":\"PropertyValueSpecification\",\"valueRequired\":true,\"valueName\":\"search_term_string\"}}],\"inLanguage\":\"es\"},{\"@type\":\"Organization\",\"@id\":\"https:\\\/\\\/canal7slp.tv\\\/2023\\\/#organization\",\"name\":\"Noticieros Canal 7\",\"url\":\"https:\\\/\\\/canal7slp.tv\\\/2023\\\/\",\"logo\":{\"@type\":\"ImageObject\",\"inLanguage\":\"es\",\"@id\":\"https:\\\/\\\/canal7slp.tv\\\/2023\\\/#\\\/schema\\\/logo\\\/image\\\/\",\"url\":\"https:\\\/\\\/canal7slp.tv\\\/2023\\\/wp-content\\\/uploads\\\/2021\\\/01\\\/logo-noticieros@2x.png\",\"contentUrl\":\"https:\\\/\\\/canal7slp.tv\\\/2023\\\/wp-content\\\/uploads\\\/2021\\\/01\\\/logo-noticieros@2x.png\",\"width\":1017,\"height\":268,\"caption\":\"Noticieros Canal 7\"},\"image\":{\"@id\":\"https:\\\/\\\/canal7slp.tv\\\/2023\\\/#\\\/schema\\\/logo\\\/image\\\/\"},\"sameAs\":[\"https:\\\/\\\/www.facebook.com\\\/noticieroscanalsiete\",\"https:\\\/\\\/x.com\\\/NOTICIEROS7\",\"https:\\\/\\\/www.instagram.com\\\/canal7_slp\",\"https:\\\/\\\/www.youtube.com\\\/channel\\\/UCliiYs-gP3JfJeqdPrNdd5A\"]},{\"@type\":\"Person\",\"@id\":\"https:\\\/\\\/canal7slp.tv\\\/2023\\\/#\\\/schema\\\/person\\\/639c424e3584069003b11ae813915da6\",\"name\":\"Edici\u00f3n Web\",\"image\":{\"@type\":\"ImageObject\",\"inLanguage\":\"es\",\"@id\":\"https:\\\/\\\/secure.gravatar.com\\\/avatar\\\/eee448fc3f7164808013b816ba91ac7e43bbe82a70bebac296f8bc6f0addaa1a?s=96&d=mm&r=g\",\"url\":\"https:\\\/\\\/secure.gravatar.com\\\/avatar\\\/eee448fc3f7164808013b816ba91ac7e43bbe82a70bebac296f8bc6f0addaa1a?s=96&d=mm&r=g\",\"contentUrl\":\"https:\\\/\\\/secure.gravatar.com\\\/avatar\\\/eee448fc3f7164808013b816ba91ac7e43bbe82a70bebac296f8bc6f0addaa1a?s=96&d=mm&r=g\",\"caption\":\"Edici\u00f3n Web\"},\"url\":\"https:\\\/\\\/canal7slp.tv\\\/2023\\\/author\\\/edicionweb\\\/\"}]}<\/script>\n<!-- \/ Yoast SEO plugin. -->","yoast_head_json":{"title":"A 55 a\u00f1os de impunidad, marchan por la masacre de Tlatelolco - Canal 7 SLP - 2023","robots":{"index":"index","follow":"follow","max-snippet":"max-snippet:-1","max-image-preview":"max-image-preview:large","max-video-preview":"max-video-preview:-1"},"canonical":"https:\/\/canal7slp.tv\/2023\/a-55-anos-de-impunidad-marchan-por-la-masacre-de-tlatelolco\/","og_locale":"es_ES","og_type":"article","og_title":"A 55 a\u00f1os de impunidad, marchan por la masacre de Tlatelolco - Canal 7 SLP - 2023","og_description":"Ciudad de M\u00e9xico.- Hoy, 2 de octubre de 2023, se llevaron a cabo diversas movilizaciones, marchas y protestas en la Ciudad de M\u00e9xico para conmemorar el 55 Aniversario de la Masacre de Tlatelolco. Desde las 10:00 horas, se realiz\u00f3 una marcha que parti\u00f3 del Museo Nacional de Antropolog\u00eda hacia el Z\u00f3calo capitalino, encabezada por familiares de las v\u00edctimas y sobrevivientes de la masacre, as\u00ed como por estudiantes y activistas de diferentes organizaciones. A las 16:00 horas, se llev\u00f3 a cabo un mitin en el Z\u00f3calo capitalino, en el que se ley\u00f3 un pronunciamiento exigiendo justicia y verdad para las v\u00edctimas, [&hellip;]","og_url":"https:\/\/canal7slp.tv\/2023\/a-55-anos-de-impunidad-marchan-por-la-masacre-de-tlatelolco\/","og_site_name":"Canal 7 SLP - 2023","article_publisher":"https:\/\/www.facebook.com\/noticieroscanalsiete","article_published_time":"2023-10-03T02:07:31+00:00","og_image":[{"width":1024,"height":576,"url":"https:\/\/canal7slp.tv\/2023\/wp-content\/uploads\/2023\/10\/08.jpg","type":"image\/jpeg"}],"author":"Edici\u00f3n Web","twitter_card":"summary_large_image","twitter_creator":"@NOTICIEROS7","twitter_site":"@NOTICIEROS7","twitter_misc":{"Escrito por":"Edici\u00f3n Web","Tiempo de lectura":"2 minutos"},"schema":{"@context":"https:\/\/schema.org","@graph":[{"@type":"Article","@id":"https:\/\/canal7slp.tv\/2023\/a-55-anos-de-impunidad-marchan-por-la-masacre-de-tlatelolco\/#article","isPartOf":{"@id":"https:\/\/canal7slp.tv\/2023\/a-55-anos-de-impunidad-marchan-por-la-masacre-de-tlatelolco\/"},"author":{"name":"Edici\u00f3n Web","@id":"https:\/\/canal7slp.tv\/2023\/#\/schema\/person\/639c424e3584069003b11ae813915da6"},"headline":"A 55 a\u00f1os de impunidad, marchan por la masacre de Tlatelolco","datePublished":"2023-10-03T02:07:31+00:00","mainEntityOfPage":{"@id":"https:\/\/canal7slp.tv\/2023\/a-55-anos-de-impunidad-marchan-por-la-masacre-de-tlatelolco\/"},"wordCount":356,"publisher":{"@id":"https:\/\/canal7slp.tv\/2023\/#organization"},"image":{"@id":"https:\/\/canal7slp.tv\/2023\/a-55-anos-de-impunidad-marchan-por-la-masacre-de-tlatelolco\/#primaryimage"},"thumbnailUrl":"https:\/\/canal7slp.tv\/2023\/wp-content\/uploads\/2023\/10\/08.jpg","articleSection":["NACIONALES"],"inLanguage":"es"},{"@type":"WebPage","@id":"https:\/\/canal7slp.tv\/2023\/a-55-anos-de-impunidad-marchan-por-la-masacre-de-tlatelolco\/","url":"https:\/\/canal7slp.tv\/2023\/a-55-anos-de-impunidad-marchan-por-la-masacre-de-tlatelolco\/","name":"A 55 a\u00f1os de impunidad, marchan por la masacre de Tlatelolco - Canal 7 SLP - 2023","isPartOf":{"@id":"https:\/\/canal7slp.tv\/2023\/#website"},"primaryImageOfPage":{"@id":"https:\/\/canal7slp.tv\/2023\/a-55-anos-de-impunidad-marchan-por-la-masacre-de-tlatelolco\/#primaryimage"},"image":{"@id":"https:\/\/canal7slp.tv\/2023\/a-55-anos-de-impunidad-marchan-por-la-masacre-de-tlatelolco\/#primaryimage"},"thumbnailUrl":"https:\/\/canal7slp.tv\/2023\/wp-content\/uploads\/2023\/10\/08.jpg","datePublished":"2023-10-03T02:07:31+00:00","breadcrumb":{"@id":"https:\/\/canal7slp.tv\/2023\/a-55-anos-de-impunidad-marchan-por-la-masacre-de-tlatelolco\/#breadcrumb"},"inLanguage":"es","potentialAction":[{"@type":"ReadAction","target":["https:\/\/canal7slp.tv\/2023\/a-55-anos-de-impunidad-marchan-por-la-masacre-de-tlatelolco\/"]}]},{"@type":"ImageObject","inLanguage":"es","@id":"https:\/\/canal7slp.tv\/2023\/a-55-anos-de-impunidad-marchan-por-la-masacre-de-tlatelolco\/#primaryimage","url":"https:\/\/canal7slp.tv\/2023\/wp-content\/uploads\/2023\/10\/08.jpg","contentUrl":"https:\/\/canal7slp.tv\/2023\/wp-content\/uploads\/2023\/10\/08.jpg","width":1024,"height":576},{"@type":"BreadcrumbList","@id":"https:\/\/canal7slp.tv\/2023\/a-55-anos-de-impunidad-marchan-por-la-masacre-de-tlatelolco\/#breadcrumb","itemListElement":[{"@type":"ListItem","position":1,"name":"Portada","item":"https:\/\/canal7slp.tv\/2023\/"},{"@type":"ListItem","position":2,"name":"A 55 a\u00f1os de impunidad, marchan por la masacre de Tlatelolco"}]},{"@type":"WebSite","@id":"https:\/\/canal7slp.tv\/2023\/#website","url":"https:\/\/canal7slp.tv\/2023\/","name":"N7 - Noticieros Canal 7","description":"Somos Televisi\u00f3n","publisher":{"@id":"https:\/\/canal7slp.tv\/2023\/#organization"},"potentialAction":[{"@type":"SearchAction","target":{"@type":"EntryPoint","urlTemplate":"https:\/\/canal7slp.tv\/2023\/?s={search_term_string}"},"query-input":{"@type":"PropertyValueSpecification","valueRequired":true,"valueName":"search_term_string"}}],"inLanguage":"es"},{"@type":"Organization","@id":"https:\/\/canal7slp.tv\/2023\/#organization","name":"Noticieros Canal 7","url":"https:\/\/canal7slp.tv\/2023\/","logo":{"@type":"ImageObject","inLanguage":"es","@id":"https:\/\/canal7slp.tv\/2023\/#\/schema\/logo\/image\/","url":"https:\/\/canal7slp.tv\/2023\/wp-content\/uploads\/2021\/01\/logo-noticieros@2x.png","contentUrl":"https:\/\/canal7slp.tv\/2023\/wp-content\/uploads\/2021\/01\/logo-noticieros@2x.png","width":1017,"height":268,"caption":"Noticieros Canal 7"},"image":{"@id":"https:\/\/canal7slp.tv\/2023\/#\/schema\/logo\/image\/"},"sameAs":["https:\/\/www.facebook.com\/noticieroscanalsiete","https:\/\/x.com\/NOTICIEROS7","https:\/\/www.instagram.com\/canal7_slp","https:\/\/www.youtube.com\/channel\/UCliiYs-gP3JfJeqdPrNdd5A"]},{"@type":"Person","@id":"https:\/\/canal7slp.tv\/2023\/#\/schema\/person\/639c424e3584069003b11ae813915da6","name":"Edici\u00f3n Web","image":{"@type":"ImageObject","inLanguage":"es","@id":"https:\/\/secure.gravatar.com\/avatar\/eee448fc3f7164808013b816ba91ac7e43bbe82a70bebac296f8bc6f0addaa1a?s=96&d=mm&r=g","url":"https:\/\/secure.gravatar.com\/avatar\/eee448fc3f7164808013b816ba91ac7e43bbe82a70bebac296f8bc6f0addaa1a?s=96&d=mm&r=g","contentUrl":"https:\/\/secure.gravatar.com\/avatar\/eee448fc3f7164808013b816ba91ac7e43bbe82a70bebac296f8bc6f0addaa1a?s=96&d=mm&r=g","caption":"Edici\u00f3n Web"},"url":"https:\/\/canal7slp.tv\/2023\/author\/edicionweb\/"}]}},"_links":{"self":[{"href":"https:\/\/canal7slp.tv\/2023\/wp-json\/wp\/v2\/posts\/108876","targetHints":{"allow":["GET"]}}],"collection":[{"href":"https:\/\/canal7slp.tv\/2023\/wp-json\/wp\/v2\/posts"}],"about":[{"href":"https:\/\/canal7slp.tv\/2023\/wp-json\/wp\/v2\/types\/post"}],"author":[{"embeddable":true,"href":"https:\/\/canal7slp.tv\/2023\/wp-json\/wp\/v2\/users\/2"}],"replies":[{"embeddable":true,"href":"https:\/\/canal7slp.tv\/2023\/wp-json\/wp\/v2\/comments?post=108876"}],"version-history":[{"count":2,"href":"https:\/\/canal7slp.tv\/2023\/wp-json\/wp\/v2\/posts\/108876\/revisions"}],"predecessor-version":[{"id":108879,"href":"https:\/\/canal7slp.tv\/2023\/wp-json\/wp\/v2\/posts\/108876\/revisions\/108879"}],"wp:featuredmedia":[{"embeddable":true,"href":"https:\/\/canal7slp.tv\/2023\/wp-json\/wp\/v2\/media\/108877"}],"wp:attachment":[{"href":"https:\/\/canal7slp.tv\/2023\/wp-json\/wp\/v2\/media?parent=108876"}],"wp:term":[{"taxonomy":"category","embeddable":true,"href":"https:\/\/canal7slp.tv\/2023\/wp-json\/wp\/v2\/categories?post=108876"},{"taxonomy":"post_tag","embeddable":true,"href":"https:\/\/canal7slp.tv\/2023\/wp-json\/wp\/v2\/tags?post=108876"}],"curies":[{"name":"wp","href":"https:\/\/api.w.org\/{rel}","templated":true}]}}