{"id":108855,"date":"2023-10-02T20:12:06","date_gmt":"2023-10-03T02:12:06","guid":{"rendered":"https:\/\/canal7slp.tv\/2023\/?p=108855"},"modified":"2023-10-02T20:12:06","modified_gmt":"2023-10-03T02:12:06","slug":"promueve-frente-marea-verde-iniciativa-de-reforma-a-la-ley-de-salud-para-la-interrupcion-del-embarazo","status":"publish","type":"post","link":"https:\/\/canal7slp.tv\/2023\/promueve-frente-marea-verde-iniciativa-de-reforma-a-la-ley-de-salud-para-la-interrupcion-del-embarazo\/","title":{"rendered":"Promueve Frente Marea Verde iniciativa de reforma a la Ley de Salud, para la interrupci\u00f3n del embarazo"},"content":{"rendered":"<p style=\"text-align: justify;\"><span style=\"font-size: 1.21429rem;\">SLP.- El <\/span><span style=\"font-size: 19.4286px;\">colectivo<\/span><span style=\"font-size: 1.21429rem;\"> Frente \u201cMarea Verde\u201d present\u00f3 una iniciativa de reforma a la Ley de Salud del Estado<\/span><\/p>\n<p style=\"text-align: justify;\">que garantice el derecho de las mujeres sobre su cuerpo, y la interrupci\u00f3n del embarazo mediante instrumentos sanitarios proporcionados por el sistema de salud p\u00fablica.<\/p>\n<p style=\"text-align: justify;\">Las integrantes de este colectivo emplazaron a los diputados del Congreso Estatal para dictaminar esta iniciativa, inclu\u00edda tambi\u00e9n la que presentaron el pasado 8 de Septiembre, en donde piden reformar el C\u00f3digo Penal del Estado y que acate la sentencia de la Suprema Corte de Justicia de la Naci\u00f3n, de despenalizar el aborto.<\/p>\n<p style=\"text-align: justify;\">Asimismo, las integrantes del frente \u201cMarea Verde\u201d afirmaron que de seguir en su postura los diputados de no acatar la sentencia de la Suprema Corte, proceder\u00edan por la v\u00eda judicial.<\/p>\n<p>Por: Claudio Ibarra<\/p>\n","protected":false},"excerpt":{"rendered":"<p>SLP.- El colectivo Frente \u201cMarea Verde\u201d present\u00f3 una iniciativa de reforma a la Ley de Salud del Estado que garantice el derecho de las mujeres sobre su cuerpo, y la interrupci\u00f3n del embarazo mediante instrumentos sanitarios proporcionados por el sistema de salud p\u00fablica. Las integrantes de este colectivo emplazaron a los diputados del Congreso Estatal para dictaminar esta iniciativa, inclu\u00edda tambi\u00e9n la que presentaron el pasado 8 de Septiembre, en donde piden reformar el C\u00f3digo Penal del Estado y que acate la sentencia de la Suprema Corte de Justicia de la Naci\u00f3n, de despenalizar el aborto. Asimismo, las integrantes del [&hellip;]<\/p>\n","protected":false},"author":2,"featured_media":108883,"comment_status":"closed","ping_status":"closed","sticky":false,"template":"","format":"video","meta":{"footnotes":""},"categories":[5,45],"tags":[],"class_list":["post-108855","post","type-post","status-publish","format-video","has-post-thumbnail","hentry","category-destacadas","category-localesyregionales","post_format-post-format-video","post--single"],"yoast_head":"<!-- This site is optimized with the Yoast SEO plugin v27.5 - https:\/\/yoast.com\/product\/yoast-seo-wordpress\/ -->\n<title>Promueve Frente Marea Verde iniciativa de reforma a la Ley de Salud, para la interrupci\u00f3n del embarazo - Canal 7 SLP - 2023<\/title>\n<meta name=\"robots\" content=\"index, follow, max-snippet:-1, max-image-preview:large, max-video-preview:-1\" \/>\n<link rel=\"canonical\" href=\"https:\/\/canal7slp.tv\/2023\/promueve-frente-marea-verde-iniciativa-de-reforma-a-la-ley-de-salud-para-la-interrupcion-del-embarazo\/\" \/>\n<meta property=\"og:locale\" content=\"es_ES\" \/>\n<meta property=\"og:type\" content=\"article\" \/>\n<meta property=\"og:title\" content=\"Promueve Frente Marea Verde iniciativa de reforma a la Ley de Salud, para la interrupci\u00f3n del embarazo - Canal 7 SLP - 2023\" \/>\n<meta property=\"og:description\" content=\"SLP.- El colectivo Frente \u201cMarea Verde\u201d present\u00f3 una iniciativa de reforma a la Ley de Salud del Estado que garantice el derecho de las mujeres sobre su cuerpo, y la interrupci\u00f3n del embarazo mediante instrumentos sanitarios proporcionados por el sistema de salud p\u00fablica. Las integrantes de este colectivo emplazaron a los diputados del Congreso Estatal para dictaminar esta iniciativa, inclu\u00edda tambi\u00e9n la que presentaron el pasado 8 de Septiembre, en donde piden reformar el C\u00f3digo Penal del Estado y que acate la sentencia de la Suprema Corte de Justicia de la Naci\u00f3n, de despenalizar el aborto. Asimismo, las integrantes del [&hellip;]\" \/>\n<meta property=\"og:url\" content=\"https:\/\/canal7slp.tv\/2023\/promueve-frente-marea-verde-iniciativa-de-reforma-a-la-ley-de-salud-para-la-interrupcion-del-embarazo\/\" \/>\n<meta property=\"og:site_name\" content=\"Canal 7 SLP - 2023\" \/>\n<meta property=\"article:publisher\" content=\"https:\/\/www.facebook.com\/noticieroscanalsiete\" \/>\n<meta property=\"article:published_time\" content=\"2023-10-03T02:12:06+00:00\" \/>\n<meta property=\"og:image\" content=\"https:\/\/canal7slp.tv\/2023\/wp-content\/uploads\/2023\/10\/Claudio03Iniciativa.jpg\" \/>\n\t<meta property=\"og:image:width\" content=\"1280\" \/>\n\t<meta property=\"og:image:height\" content=\"720\" \/>\n\t<meta property=\"og:image:type\" content=\"image\/jpeg\" \/>\n<meta name=\"author\" content=\"Edici\u00f3n Web\" \/>\n<meta name=\"twitter:card\" content=\"summary_large_image\" \/>\n<meta name=\"twitter:creator\" content=\"@NOTICIEROS7\" \/>\n<meta name=\"twitter:site\" content=\"@NOTICIEROS7\" \/>\n<meta name=\"twitter:label1\" content=\"Escrito por\" \/>\n\t<meta name=\"twitter:data1\" content=\"Edici\u00f3n Web\" \/>\n\t<meta name=\"twitter:label2\" content=\"Tiempo de lectura\" \/>\n\t<meta name=\"twitter:data2\" content=\"1 minuto\" \/>\n<script type=\"application\/ld+json\" class=\"yoast-schema-graph\">{\"@context\":\"https:\\\/\\\/schema.org\",\"@graph\":[{\"@type\":\"Article\",\"@id\":\"https:\\\/\\\/canal7slp.tv\\\/2023\\\/promueve-frente-marea-verde-iniciativa-de-reforma-a-la-ley-de-salud-para-la-interrupcion-del-embarazo\\\/#article\",\"isPartOf\":{\"@id\":\"https:\\\/\\\/canal7slp.tv\\\/2023\\\/promueve-frente-marea-verde-iniciativa-de-reforma-a-la-ley-de-salud-para-la-interrupcion-del-embarazo\\\/\"},\"author\":{\"name\":\"Edici\u00f3n Web\",\"@id\":\"https:\\\/\\\/canal7slp.tv\\\/2023\\\/#\\\/schema\\\/person\\\/639c424e3584069003b11ae813915da6\"},\"headline\":\"Promueve Frente Marea Verde iniciativa de reforma a la Ley de Salud, para la interrupci\u00f3n del embarazo\",\"datePublished\":\"2023-10-03T02:12:06+00:00\",\"mainEntityOfPage\":{\"@id\":\"https:\\\/\\\/canal7slp.tv\\\/2023\\\/promueve-frente-marea-verde-iniciativa-de-reforma-a-la-ley-de-salud-para-la-interrupcion-del-embarazo\\\/\"},\"wordCount\":155,\"publisher\":{\"@id\":\"https:\\\/\\\/canal7slp.tv\\\/2023\\\/#organization\"},\"image\":{\"@id\":\"https:\\\/\\\/canal7slp.tv\\\/2023\\\/promueve-frente-marea-verde-iniciativa-de-reforma-a-la-ley-de-salud-para-la-interrupcion-del-embarazo\\\/#primaryimage\"},\"thumbnailUrl\":\"https:\\\/\\\/canal7slp.tv\\\/2023\\\/wp-content\\\/uploads\\\/2023\\\/10\\\/Claudio03Iniciativa.jpg\",\"articleSection\":[\"DESTACADAS\",\"LOCALES Y REGIONALES\"],\"inLanguage\":\"es\"},{\"@type\":\"WebPage\",\"@id\":\"https:\\\/\\\/canal7slp.tv\\\/2023\\\/promueve-frente-marea-verde-iniciativa-de-reforma-a-la-ley-de-salud-para-la-interrupcion-del-embarazo\\\/\",\"url\":\"https:\\\/\\\/canal7slp.tv\\\/2023\\\/promueve-frente-marea-verde-iniciativa-de-reforma-a-la-ley-de-salud-para-la-interrupcion-del-embarazo\\\/\",\"name\":\"Promueve Frente Marea Verde iniciativa de reforma a la Ley de Salud, para la interrupci\u00f3n del embarazo - Canal 7 SLP - 2023\",\"isPartOf\":{\"@id\":\"https:\\\/\\\/canal7slp.tv\\\/2023\\\/#website\"},\"primaryImageOfPage\":{\"@id\":\"https:\\\/\\\/canal7slp.tv\\\/2023\\\/promueve-frente-marea-verde-iniciativa-de-reforma-a-la-ley-de-salud-para-la-interrupcion-del-embarazo\\\/#primaryimage\"},\"image\":{\"@id\":\"https:\\\/\\\/canal7slp.tv\\\/2023\\\/promueve-frente-marea-verde-iniciativa-de-reforma-a-la-ley-de-salud-para-la-interrupcion-del-embarazo\\\/#primaryimage\"},\"thumbnailUrl\":\"https:\\\/\\\/canal7slp.tv\\\/2023\\\/wp-content\\\/uploads\\\/2023\\\/10\\\/Claudio03Iniciativa.jpg\",\"datePublished\":\"2023-10-03T02:12:06+00:00\",\"breadcrumb\":{\"@id\":\"https:\\\/\\\/canal7slp.tv\\\/2023\\\/promueve-frente-marea-verde-iniciativa-de-reforma-a-la-ley-de-salud-para-la-interrupcion-del-embarazo\\\/#breadcrumb\"},\"inLanguage\":\"es\",\"potentialAction\":[{\"@type\":\"ReadAction\",\"target\":[\"https:\\\/\\\/canal7slp.tv\\\/2023\\\/promueve-frente-marea-verde-iniciativa-de-reforma-a-la-ley-de-salud-para-la-interrupcion-del-embarazo\\\/\"]}]},{\"@type\":\"ImageObject\",\"inLanguage\":\"es\",\"@id\":\"https:\\\/\\\/canal7slp.tv\\\/2023\\\/promueve-frente-marea-verde-iniciativa-de-reforma-a-la-ley-de-salud-para-la-interrupcion-del-embarazo\\\/#primaryimage\",\"url\":\"https:\\\/\\\/canal7slp.tv\\\/2023\\\/wp-content\\\/uploads\\\/2023\\\/10\\\/Claudio03Iniciativa.jpg\",\"contentUrl\":\"https:\\\/\\\/canal7slp.tv\\\/2023\\\/wp-content\\\/uploads\\\/2023\\\/10\\\/Claudio03Iniciativa.jpg\",\"width\":1280,\"height\":720},{\"@type\":\"BreadcrumbList\",\"@id\":\"https:\\\/\\\/canal7slp.tv\\\/2023\\\/promueve-frente-marea-verde-iniciativa-de-reforma-a-la-ley-de-salud-para-la-interrupcion-del-embarazo\\\/#breadcrumb\",\"itemListElement\":[{\"@type\":\"ListItem\",\"position\":1,\"name\":\"Portada\",\"item\":\"https:\\\/\\\/canal7slp.tv\\\/2023\\\/\"},{\"@type\":\"ListItem\",\"position\":2,\"name\":\"Promueve Frente Marea Verde iniciativa de reforma a la Ley de Salud, para la interrupci\u00f3n del embarazo\"}]},{\"@type\":\"WebSite\",\"@id\":\"https:\\\/\\\/canal7slp.tv\\\/2023\\\/#website\",\"url\":\"https:\\\/\\\/canal7slp.tv\\\/2023\\\/\",\"name\":\"N7 - Noticieros Canal 7\",\"description\":\"Somos Televisi\u00f3n\",\"publisher\":{\"@id\":\"https:\\\/\\\/canal7slp.tv\\\/2023\\\/#organization\"},\"potentialAction\":[{\"@type\":\"SearchAction\",\"target\":{\"@type\":\"EntryPoint\",\"urlTemplate\":\"https:\\\/\\\/canal7slp.tv\\\/2023\\\/?s={search_term_string}\"},\"query-input\":{\"@type\":\"PropertyValueSpecification\",\"valueRequired\":true,\"valueName\":\"search_term_string\"}}],\"inLanguage\":\"es\"},{\"@type\":\"Organization\",\"@id\":\"https:\\\/\\\/canal7slp.tv\\\/2023\\\/#organization\",\"name\":\"Noticieros Canal 7\",\"url\":\"https:\\\/\\\/canal7slp.tv\\\/2023\\\/\",\"logo\":{\"@type\":\"ImageObject\",\"inLanguage\":\"es\",\"@id\":\"https:\\\/\\\/canal7slp.tv\\\/2023\\\/#\\\/schema\\\/logo\\\/image\\\/\",\"url\":\"https:\\\/\\\/canal7slp.tv\\\/2023\\\/wp-content\\\/uploads\\\/2021\\\/01\\\/logo-noticieros@2x.png\",\"contentUrl\":\"https:\\\/\\\/canal7slp.tv\\\/2023\\\/wp-content\\\/uploads\\\/2021\\\/01\\\/logo-noticieros@2x.png\",\"width\":1017,\"height\":268,\"caption\":\"Noticieros Canal 7\"},\"image\":{\"@id\":\"https:\\\/\\\/canal7slp.tv\\\/2023\\\/#\\\/schema\\\/logo\\\/image\\\/\"},\"sameAs\":[\"https:\\\/\\\/www.facebook.com\\\/noticieroscanalsiete\",\"https:\\\/\\\/x.com\\\/NOTICIEROS7\",\"https:\\\/\\\/www.instagram.com\\\/canal7_slp\",\"https:\\\/\\\/www.youtube.com\\\/channel\\\/UCliiYs-gP3JfJeqdPrNdd5A\"]},{\"@type\":\"Person\",\"@id\":\"https:\\\/\\\/canal7slp.tv\\\/2023\\\/#\\\/schema\\\/person\\\/639c424e3584069003b11ae813915da6\",\"name\":\"Edici\u00f3n Web\",\"image\":{\"@type\":\"ImageObject\",\"inLanguage\":\"es\",\"@id\":\"https:\\\/\\\/secure.gravatar.com\\\/avatar\\\/eee448fc3f7164808013b816ba91ac7e43bbe82a70bebac296f8bc6f0addaa1a?s=96&d=mm&r=g\",\"url\":\"https:\\\/\\\/secure.gravatar.com\\\/avatar\\\/eee448fc3f7164808013b816ba91ac7e43bbe82a70bebac296f8bc6f0addaa1a?s=96&d=mm&r=g\",\"contentUrl\":\"https:\\\/\\\/secure.gravatar.com\\\/avatar\\\/eee448fc3f7164808013b816ba91ac7e43bbe82a70bebac296f8bc6f0addaa1a?s=96&d=mm&r=g\",\"caption\":\"Edici\u00f3n Web\"},\"url\":\"https:\\\/\\\/canal7slp.tv\\\/2023\\\/author\\\/edicionweb\\\/\"}]}<\/script>\n<!-- \/ Yoast SEO plugin. -->","yoast_head_json":{"title":"Promueve Frente Marea Verde iniciativa de reforma a la Ley de Salud, para la interrupci\u00f3n del embarazo - Canal 7 SLP - 2023","robots":{"index":"index","follow":"follow","max-snippet":"max-snippet:-1","max-image-preview":"max-image-preview:large","max-video-preview":"max-video-preview:-1"},"canonical":"https:\/\/canal7slp.tv\/2023\/promueve-frente-marea-verde-iniciativa-de-reforma-a-la-ley-de-salud-para-la-interrupcion-del-embarazo\/","og_locale":"es_ES","og_type":"article","og_title":"Promueve Frente Marea Verde iniciativa de reforma a la Ley de Salud, para la interrupci\u00f3n del embarazo - Canal 7 SLP - 2023","og_description":"SLP.- El colectivo Frente \u201cMarea Verde\u201d present\u00f3 una iniciativa de reforma a la Ley de Salud del Estado que garantice el derecho de las mujeres sobre su cuerpo, y la interrupci\u00f3n del embarazo mediante instrumentos sanitarios proporcionados por el sistema de salud p\u00fablica. Las integrantes de este colectivo emplazaron a los diputados del Congreso Estatal para dictaminar esta iniciativa, inclu\u00edda tambi\u00e9n la que presentaron el pasado 8 de Septiembre, en donde piden reformar el C\u00f3digo Penal del Estado y que acate la sentencia de la Suprema Corte de Justicia de la Naci\u00f3n, de despenalizar el aborto. Asimismo, las integrantes del [&hellip;]","og_url":"https:\/\/canal7slp.tv\/2023\/promueve-frente-marea-verde-iniciativa-de-reforma-a-la-ley-de-salud-para-la-interrupcion-del-embarazo\/","og_site_name":"Canal 7 SLP - 2023","article_publisher":"https:\/\/www.facebook.com\/noticieroscanalsiete","article_published_time":"2023-10-03T02:12:06+00:00","og_image":[{"width":1280,"height":720,"url":"https:\/\/canal7slp.tv\/2023\/wp-content\/uploads\/2023\/10\/Claudio03Iniciativa.jpg","type":"image\/jpeg"}],"author":"Edici\u00f3n Web","twitter_card":"summary_large_image","twitter_creator":"@NOTICIEROS7","twitter_site":"@NOTICIEROS7","twitter_misc":{"Escrito por":"Edici\u00f3n Web","Tiempo de lectura":"1 minuto"},"schema":{"@context":"https:\/\/schema.org","@graph":[{"@type":"Article","@id":"https:\/\/canal7slp.tv\/2023\/promueve-frente-marea-verde-iniciativa-de-reforma-a-la-ley-de-salud-para-la-interrupcion-del-embarazo\/#article","isPartOf":{"@id":"https:\/\/canal7slp.tv\/2023\/promueve-frente-marea-verde-iniciativa-de-reforma-a-la-ley-de-salud-para-la-interrupcion-del-embarazo\/"},"author":{"name":"Edici\u00f3n Web","@id":"https:\/\/canal7slp.tv\/2023\/#\/schema\/person\/639c424e3584069003b11ae813915da6"},"headline":"Promueve Frente Marea Verde iniciativa de reforma a la Ley de Salud, para la interrupci\u00f3n del embarazo","datePublished":"2023-10-03T02:12:06+00:00","mainEntityOfPage":{"@id":"https:\/\/canal7slp.tv\/2023\/promueve-frente-marea-verde-iniciativa-de-reforma-a-la-ley-de-salud-para-la-interrupcion-del-embarazo\/"},"wordCount":155,"publisher":{"@id":"https:\/\/canal7slp.tv\/2023\/#organization"},"image":{"@id":"https:\/\/canal7slp.tv\/2023\/promueve-frente-marea-verde-iniciativa-de-reforma-a-la-ley-de-salud-para-la-interrupcion-del-embarazo\/#primaryimage"},"thumbnailUrl":"https:\/\/canal7slp.tv\/2023\/wp-content\/uploads\/2023\/10\/Claudio03Iniciativa.jpg","articleSection":["DESTACADAS","LOCALES Y REGIONALES"],"inLanguage":"es"},{"@type":"WebPage","@id":"https:\/\/canal7slp.tv\/2023\/promueve-frente-marea-verde-iniciativa-de-reforma-a-la-ley-de-salud-para-la-interrupcion-del-embarazo\/","url":"https:\/\/canal7slp.tv\/2023\/promueve-frente-marea-verde-iniciativa-de-reforma-a-la-ley-de-salud-para-la-interrupcion-del-embarazo\/","name":"Promueve Frente Marea Verde iniciativa de reforma a la Ley de Salud, para la interrupci\u00f3n del embarazo - Canal 7 SLP - 2023","isPartOf":{"@id":"https:\/\/canal7slp.tv\/2023\/#website"},"primaryImageOfPage":{"@id":"https:\/\/canal7slp.tv\/2023\/promueve-frente-marea-verde-iniciativa-de-reforma-a-la-ley-de-salud-para-la-interrupcion-del-embarazo\/#primaryimage"},"image":{"@id":"https:\/\/canal7slp.tv\/2023\/promueve-frente-marea-verde-iniciativa-de-reforma-a-la-ley-de-salud-para-la-interrupcion-del-embarazo\/#primaryimage"},"thumbnailUrl":"https:\/\/canal7slp.tv\/2023\/wp-content\/uploads\/2023\/10\/Claudio03Iniciativa.jpg","datePublished":"2023-10-03T02:12:06+00:00","breadcrumb":{"@id":"https:\/\/canal7slp.tv\/2023\/promueve-frente-marea-verde-iniciativa-de-reforma-a-la-ley-de-salud-para-la-interrupcion-del-embarazo\/#breadcrumb"},"inLanguage":"es","potentialAction":[{"@type":"ReadAction","target":["https:\/\/canal7slp.tv\/2023\/promueve-frente-marea-verde-iniciativa-de-reforma-a-la-ley-de-salud-para-la-interrupcion-del-embarazo\/"]}]},{"@type":"ImageObject","inLanguage":"es","@id":"https:\/\/canal7slp.tv\/2023\/promueve-frente-marea-verde-iniciativa-de-reforma-a-la-ley-de-salud-para-la-interrupcion-del-embarazo\/#primaryimage","url":"https:\/\/canal7slp.tv\/2023\/wp-content\/uploads\/2023\/10\/Claudio03Iniciativa.jpg","contentUrl":"https:\/\/canal7slp.tv\/2023\/wp-content\/uploads\/2023\/10\/Claudio03Iniciativa.jpg","width":1280,"height":720},{"@type":"BreadcrumbList","@id":"https:\/\/canal7slp.tv\/2023\/promueve-frente-marea-verde-iniciativa-de-reforma-a-la-ley-de-salud-para-la-interrupcion-del-embarazo\/#breadcrumb","itemListElement":[{"@type":"ListItem","position":1,"name":"Portada","item":"https:\/\/canal7slp.tv\/2023\/"},{"@type":"ListItem","position":2,"name":"Promueve Frente Marea Verde iniciativa de reforma a la Ley de Salud, para la interrupci\u00f3n del embarazo"}]},{"@type":"WebSite","@id":"https:\/\/canal7slp.tv\/2023\/#website","url":"https:\/\/canal7slp.tv\/2023\/","name":"N7 - Noticieros Canal 7","description":"Somos Televisi\u00f3n","publisher":{"@id":"https:\/\/canal7slp.tv\/2023\/#organization"},"potentialAction":[{"@type":"SearchAction","target":{"@type":"EntryPoint","urlTemplate":"https:\/\/canal7slp.tv\/2023\/?s={search_term_string}"},"query-input":{"@type":"PropertyValueSpecification","valueRequired":true,"valueName":"search_term_string"}}],"inLanguage":"es"},{"@type":"Organization","@id":"https:\/\/canal7slp.tv\/2023\/#organization","name":"Noticieros Canal 7","url":"https:\/\/canal7slp.tv\/2023\/","logo":{"@type":"ImageObject","inLanguage":"es","@id":"https:\/\/canal7slp.tv\/2023\/#\/schema\/logo\/image\/","url":"https:\/\/canal7slp.tv\/2023\/wp-content\/uploads\/2021\/01\/logo-noticieros@2x.png","contentUrl":"https:\/\/canal7slp.tv\/2023\/wp-content\/uploads\/2021\/01\/logo-noticieros@2x.png","width":1017,"height":268,"caption":"Noticieros Canal 7"},"image":{"@id":"https:\/\/canal7slp.tv\/2023\/#\/schema\/logo\/image\/"},"sameAs":["https:\/\/www.facebook.com\/noticieroscanalsiete","https:\/\/x.com\/NOTICIEROS7","https:\/\/www.instagram.com\/canal7_slp","https:\/\/www.youtube.com\/channel\/UCliiYs-gP3JfJeqdPrNdd5A"]},{"@type":"Person","@id":"https:\/\/canal7slp.tv\/2023\/#\/schema\/person\/639c424e3584069003b11ae813915da6","name":"Edici\u00f3n Web","image":{"@type":"ImageObject","inLanguage":"es","@id":"https:\/\/secure.gravatar.com\/avatar\/eee448fc3f7164808013b816ba91ac7e43bbe82a70bebac296f8bc6f0addaa1a?s=96&d=mm&r=g","url":"https:\/\/secure.gravatar.com\/avatar\/eee448fc3f7164808013b816ba91ac7e43bbe82a70bebac296f8bc6f0addaa1a?s=96&d=mm&r=g","contentUrl":"https:\/\/secure.gravatar.com\/avatar\/eee448fc3f7164808013b816ba91ac7e43bbe82a70bebac296f8bc6f0addaa1a?s=96&d=mm&r=g","caption":"Edici\u00f3n Web"},"url":"https:\/\/canal7slp.tv\/2023\/author\/edicionweb\/"}]}},"_links":{"self":[{"href":"https:\/\/canal7slp.tv\/2023\/wp-json\/wp\/v2\/posts\/108855","targetHints":{"allow":["GET"]}}],"collection":[{"href":"https:\/\/canal7slp.tv\/2023\/wp-json\/wp\/v2\/posts"}],"about":[{"href":"https:\/\/canal7slp.tv\/2023\/wp-json\/wp\/v2\/types\/post"}],"author":[{"embeddable":true,"href":"https:\/\/canal7slp.tv\/2023\/wp-json\/wp\/v2\/users\/2"}],"replies":[{"embeddable":true,"href":"https:\/\/canal7slp.tv\/2023\/wp-json\/wp\/v2\/comments?post=108855"}],"version-history":[{"count":2,"href":"https:\/\/canal7slp.tv\/2023\/wp-json\/wp\/v2\/posts\/108855\/revisions"}],"predecessor-version":[{"id":108884,"href":"https:\/\/canal7slp.tv\/2023\/wp-json\/wp\/v2\/posts\/108855\/revisions\/108884"}],"wp:featuredmedia":[{"embeddable":true,"href":"https:\/\/canal7slp.tv\/2023\/wp-json\/wp\/v2\/media\/108883"}],"wp:attachment":[{"href":"https:\/\/canal7slp.tv\/2023\/wp-json\/wp\/v2\/media?parent=108855"}],"wp:term":[{"taxonomy":"category","embeddable":true,"href":"https:\/\/canal7slp.tv\/2023\/wp-json\/wp\/v2\/categories?post=108855"},{"taxonomy":"post_tag","embeddable":true,"href":"https:\/\/canal7slp.tv\/2023\/wp-json\/wp\/v2\/tags?post=108855"}],"curies":[{"name":"wp","href":"https:\/\/api.w.org\/{rel}","templated":true}]}}