{"id":108822,"date":"2023-10-02T16:59:28","date_gmt":"2023-10-02T22:59:28","guid":{"rendered":"https:\/\/canal7slp.tv\/2023\/?p=108822"},"modified":"2023-10-02T16:59:28","modified_gmt":"2023-10-02T22:59:28","slug":"lidia-a-un-paso-de-activarse-en-el-pacifico","status":"publish","type":"post","link":"https:\/\/canal7slp.tv\/2023\/lidia-a-un-paso-de-activarse-en-el-pacifico\/","title":{"rendered":"\u00abLidia\u00bb, a un paso de activarse en el Pac\u00edfico"},"content":{"rendered":"<p style=\"text-align: justify;\">M\u00e9xico.- El Servicio Meteorol\u00f3gico Nacional (SMN), entidad oficial encargada de la informaci\u00f3n clim\u00e1tica en M\u00e9xico, ha emitido una alerta por la posibilidad de desarrollo de un cicl\u00f3n en el Oc\u00e9ano Pac\u00edfico.<\/p>\n<p style=\"text-align: justify;\">De continuar su avance, este sistema podr\u00eda convertirse en el cicl\u00f3n \u00abLidia\u00bb.<\/p>\n<p style=\"text-align: justify;\">La onda tropical N\u00famero 28 se desplazar\u00e1 sobre el occidente de M\u00e9xico, asociada a una zona de baja presi\u00f3n con probabilidad de desarrollo cicl\u00f3nico ubicada al sur de las costas de Guerrero y Michoac\u00e1n.<\/p>\n<p style=\"text-align: justify;\">Esta interacci\u00f3n con inestabilidad en niveles altos de la atm\u00f3sfera generar\u00e1 chubascos y lluvias fuertes, acompa\u00f1adas de descargas el\u00e9ctricas, r\u00e1fagas de viento y posible ca\u00edda de granizo en diversas entidades del occidente, centro y sur del pa\u00eds.<\/p>\n<p style=\"text-align: justify;\">Se esperan lluvias puntuales muy fuertes en Jalisco, Colima, Michoac\u00e1n y Guerrero. Durante la noche, la onda tropical N\u00famero 28 continuar\u00e1 alej\u00e1ndose del territorio nacional, avanzando hacia el oeste.<\/p>\n","protected":false},"excerpt":{"rendered":"<p>M\u00e9xico.- El Servicio Meteorol\u00f3gico Nacional (SMN), entidad oficial encargada de la informaci\u00f3n clim\u00e1tica en M\u00e9xico, ha emitido una alerta por la posibilidad de desarrollo de un cicl\u00f3n en el Oc\u00e9ano Pac\u00edfico. De continuar su avance, este sistema podr\u00eda convertirse en el cicl\u00f3n \u00abLidia\u00bb. La onda tropical N\u00famero 28 se desplazar\u00e1 sobre el occidente de M\u00e9xico, asociada a una zona de baja presi\u00f3n con probabilidad de desarrollo cicl\u00f3nico ubicada al sur de las costas de Guerrero y Michoac\u00e1n. Esta interacci\u00f3n con inestabilidad en niveles altos de la atm\u00f3sfera generar\u00e1 chubascos y lluvias fuertes, acompa\u00f1adas de descargas el\u00e9ctricas, r\u00e1fagas de viento y [&hellip;]<\/p>\n","protected":false},"author":2,"featured_media":108835,"comment_status":"closed","ping_status":"closed","sticky":false,"template":"","format":"standard","meta":{"footnotes":""},"categories":[46],"tags":[],"class_list":["post-108822","post","type-post","status-publish","format-standard","has-post-thumbnail","hentry","category-nacional","post--single"],"yoast_head":"<!-- This site is optimized with the Yoast SEO plugin v27.5 - https:\/\/yoast.com\/product\/yoast-seo-wordpress\/ -->\n<title>&quot;Lidia&quot;, a un paso de activarse en el Pac\u00edfico - Canal 7 SLP - 2023<\/title>\n<meta name=\"robots\" content=\"index, follow, max-snippet:-1, max-image-preview:large, max-video-preview:-1\" \/>\n<link rel=\"canonical\" href=\"https:\/\/canal7slp.tv\/2023\/lidia-a-un-paso-de-activarse-en-el-pacifico\/\" \/>\n<meta property=\"og:locale\" content=\"es_ES\" \/>\n<meta property=\"og:type\" content=\"article\" \/>\n<meta property=\"og:title\" content=\"&quot;Lidia&quot;, a un paso de activarse en el Pac\u00edfico - Canal 7 SLP - 2023\" \/>\n<meta property=\"og:description\" content=\"M\u00e9xico.- El Servicio Meteorol\u00f3gico Nacional (SMN), entidad oficial encargada de la informaci\u00f3n clim\u00e1tica en M\u00e9xico, ha emitido una alerta por la posibilidad de desarrollo de un cicl\u00f3n en el Oc\u00e9ano Pac\u00edfico. De continuar su avance, este sistema podr\u00eda convertirse en el cicl\u00f3n \u00abLidia\u00bb. La onda tropical N\u00famero 28 se desplazar\u00e1 sobre el occidente de M\u00e9xico, asociada a una zona de baja presi\u00f3n con probabilidad de desarrollo cicl\u00f3nico ubicada al sur de las costas de Guerrero y Michoac\u00e1n. Esta interacci\u00f3n con inestabilidad en niveles altos de la atm\u00f3sfera generar\u00e1 chubascos y lluvias fuertes, acompa\u00f1adas de descargas el\u00e9ctricas, r\u00e1fagas de viento y [&hellip;]\" \/>\n<meta property=\"og:url\" content=\"https:\/\/canal7slp.tv\/2023\/lidia-a-un-paso-de-activarse-en-el-pacifico\/\" \/>\n<meta property=\"og:site_name\" content=\"Canal 7 SLP - 2023\" \/>\n<meta property=\"article:publisher\" content=\"https:\/\/www.facebook.com\/noticieroscanalsiete\" \/>\n<meta property=\"article:published_time\" content=\"2023-10-02T22:59:28+00:00\" \/>\n<meta property=\"og:image\" content=\"https:\/\/canal7slp.tv\/2023\/wp-content\/uploads\/2023\/10\/06-1.jpg\" \/>\n\t<meta property=\"og:image:width\" content=\"880\" \/>\n\t<meta property=\"og:image:height\" content=\"495\" \/>\n\t<meta property=\"og:image:type\" content=\"image\/jpeg\" \/>\n<meta name=\"author\" content=\"Edici\u00f3n Web\" \/>\n<meta name=\"twitter:card\" content=\"summary_large_image\" \/>\n<meta name=\"twitter:creator\" content=\"@NOTICIEROS7\" \/>\n<meta name=\"twitter:site\" content=\"@NOTICIEROS7\" \/>\n<meta name=\"twitter:label1\" content=\"Escrito por\" \/>\n\t<meta name=\"twitter:data1\" content=\"Edici\u00f3n Web\" \/>\n\t<meta name=\"twitter:label2\" content=\"Tiempo de lectura\" \/>\n\t<meta name=\"twitter:data2\" content=\"1 minuto\" \/>\n<script type=\"application\/ld+json\" class=\"yoast-schema-graph\">{\"@context\":\"https:\\\/\\\/schema.org\",\"@graph\":[{\"@type\":\"Article\",\"@id\":\"https:\\\/\\\/canal7slp.tv\\\/2023\\\/lidia-a-un-paso-de-activarse-en-el-pacifico\\\/#article\",\"isPartOf\":{\"@id\":\"https:\\\/\\\/canal7slp.tv\\\/2023\\\/lidia-a-un-paso-de-activarse-en-el-pacifico\\\/\"},\"author\":{\"name\":\"Edici\u00f3n Web\",\"@id\":\"https:\\\/\\\/canal7slp.tv\\\/2023\\\/#\\\/schema\\\/person\\\/639c424e3584069003b11ae813915da6\"},\"headline\":\"\u00abLidia\u00bb, a un paso de activarse en el Pac\u00edfico\",\"datePublished\":\"2023-10-02T22:59:28+00:00\",\"mainEntityOfPage\":{\"@id\":\"https:\\\/\\\/canal7slp.tv\\\/2023\\\/lidia-a-un-paso-de-activarse-en-el-pacifico\\\/\"},\"wordCount\":177,\"publisher\":{\"@id\":\"https:\\\/\\\/canal7slp.tv\\\/2023\\\/#organization\"},\"image\":{\"@id\":\"https:\\\/\\\/canal7slp.tv\\\/2023\\\/lidia-a-un-paso-de-activarse-en-el-pacifico\\\/#primaryimage\"},\"thumbnailUrl\":\"https:\\\/\\\/canal7slp.tv\\\/2023\\\/wp-content\\\/uploads\\\/2023\\\/10\\\/06-1.jpg\",\"articleSection\":[\"NACIONALES\"],\"inLanguage\":\"es\"},{\"@type\":\"WebPage\",\"@id\":\"https:\\\/\\\/canal7slp.tv\\\/2023\\\/lidia-a-un-paso-de-activarse-en-el-pacifico\\\/\",\"url\":\"https:\\\/\\\/canal7slp.tv\\\/2023\\\/lidia-a-un-paso-de-activarse-en-el-pacifico\\\/\",\"name\":\"\\\"Lidia\\\", a un paso de activarse en el Pac\u00edfico - Canal 7 SLP - 2023\",\"isPartOf\":{\"@id\":\"https:\\\/\\\/canal7slp.tv\\\/2023\\\/#website\"},\"primaryImageOfPage\":{\"@id\":\"https:\\\/\\\/canal7slp.tv\\\/2023\\\/lidia-a-un-paso-de-activarse-en-el-pacifico\\\/#primaryimage\"},\"image\":{\"@id\":\"https:\\\/\\\/canal7slp.tv\\\/2023\\\/lidia-a-un-paso-de-activarse-en-el-pacifico\\\/#primaryimage\"},\"thumbnailUrl\":\"https:\\\/\\\/canal7slp.tv\\\/2023\\\/wp-content\\\/uploads\\\/2023\\\/10\\\/06-1.jpg\",\"datePublished\":\"2023-10-02T22:59:28+00:00\",\"breadcrumb\":{\"@id\":\"https:\\\/\\\/canal7slp.tv\\\/2023\\\/lidia-a-un-paso-de-activarse-en-el-pacifico\\\/#breadcrumb\"},\"inLanguage\":\"es\",\"potentialAction\":[{\"@type\":\"ReadAction\",\"target\":[\"https:\\\/\\\/canal7slp.tv\\\/2023\\\/lidia-a-un-paso-de-activarse-en-el-pacifico\\\/\"]}]},{\"@type\":\"ImageObject\",\"inLanguage\":\"es\",\"@id\":\"https:\\\/\\\/canal7slp.tv\\\/2023\\\/lidia-a-un-paso-de-activarse-en-el-pacifico\\\/#primaryimage\",\"url\":\"https:\\\/\\\/canal7slp.tv\\\/2023\\\/wp-content\\\/uploads\\\/2023\\\/10\\\/06-1.jpg\",\"contentUrl\":\"https:\\\/\\\/canal7slp.tv\\\/2023\\\/wp-content\\\/uploads\\\/2023\\\/10\\\/06-1.jpg\",\"width\":880,\"height\":495},{\"@type\":\"BreadcrumbList\",\"@id\":\"https:\\\/\\\/canal7slp.tv\\\/2023\\\/lidia-a-un-paso-de-activarse-en-el-pacifico\\\/#breadcrumb\",\"itemListElement\":[{\"@type\":\"ListItem\",\"position\":1,\"name\":\"Portada\",\"item\":\"https:\\\/\\\/canal7slp.tv\\\/2023\\\/\"},{\"@type\":\"ListItem\",\"position\":2,\"name\":\"&#8220;Lidia&#8221;, a un paso de activarse en el Pac\u00edfico\"}]},{\"@type\":\"WebSite\",\"@id\":\"https:\\\/\\\/canal7slp.tv\\\/2023\\\/#website\",\"url\":\"https:\\\/\\\/canal7slp.tv\\\/2023\\\/\",\"name\":\"N7 - Noticieros Canal 7\",\"description\":\"Somos Televisi\u00f3n\",\"publisher\":{\"@id\":\"https:\\\/\\\/canal7slp.tv\\\/2023\\\/#organization\"},\"potentialAction\":[{\"@type\":\"SearchAction\",\"target\":{\"@type\":\"EntryPoint\",\"urlTemplate\":\"https:\\\/\\\/canal7slp.tv\\\/2023\\\/?s={search_term_string}\"},\"query-input\":{\"@type\":\"PropertyValueSpecification\",\"valueRequired\":true,\"valueName\":\"search_term_string\"}}],\"inLanguage\":\"es\"},{\"@type\":\"Organization\",\"@id\":\"https:\\\/\\\/canal7slp.tv\\\/2023\\\/#organization\",\"name\":\"Noticieros Canal 7\",\"url\":\"https:\\\/\\\/canal7slp.tv\\\/2023\\\/\",\"logo\":{\"@type\":\"ImageObject\",\"inLanguage\":\"es\",\"@id\":\"https:\\\/\\\/canal7slp.tv\\\/2023\\\/#\\\/schema\\\/logo\\\/image\\\/\",\"url\":\"https:\\\/\\\/canal7slp.tv\\\/2023\\\/wp-content\\\/uploads\\\/2021\\\/01\\\/logo-noticieros@2x.png\",\"contentUrl\":\"https:\\\/\\\/canal7slp.tv\\\/2023\\\/wp-content\\\/uploads\\\/2021\\\/01\\\/logo-noticieros@2x.png\",\"width\":1017,\"height\":268,\"caption\":\"Noticieros Canal 7\"},\"image\":{\"@id\":\"https:\\\/\\\/canal7slp.tv\\\/2023\\\/#\\\/schema\\\/logo\\\/image\\\/\"},\"sameAs\":[\"https:\\\/\\\/www.facebook.com\\\/noticieroscanalsiete\",\"https:\\\/\\\/x.com\\\/NOTICIEROS7\",\"https:\\\/\\\/www.instagram.com\\\/canal7_slp\",\"https:\\\/\\\/www.youtube.com\\\/channel\\\/UCliiYs-gP3JfJeqdPrNdd5A\"]},{\"@type\":\"Person\",\"@id\":\"https:\\\/\\\/canal7slp.tv\\\/2023\\\/#\\\/schema\\\/person\\\/639c424e3584069003b11ae813915da6\",\"name\":\"Edici\u00f3n Web\",\"image\":{\"@type\":\"ImageObject\",\"inLanguage\":\"es\",\"@id\":\"https:\\\/\\\/secure.gravatar.com\\\/avatar\\\/eee448fc3f7164808013b816ba91ac7e43bbe82a70bebac296f8bc6f0addaa1a?s=96&d=mm&r=g\",\"url\":\"https:\\\/\\\/secure.gravatar.com\\\/avatar\\\/eee448fc3f7164808013b816ba91ac7e43bbe82a70bebac296f8bc6f0addaa1a?s=96&d=mm&r=g\",\"contentUrl\":\"https:\\\/\\\/secure.gravatar.com\\\/avatar\\\/eee448fc3f7164808013b816ba91ac7e43bbe82a70bebac296f8bc6f0addaa1a?s=96&d=mm&r=g\",\"caption\":\"Edici\u00f3n Web\"},\"url\":\"https:\\\/\\\/canal7slp.tv\\\/2023\\\/author\\\/edicionweb\\\/\"}]}<\/script>\n<!-- \/ Yoast SEO plugin. -->","yoast_head_json":{"title":"\"Lidia\", a un paso de activarse en el Pac\u00edfico - Canal 7 SLP - 2023","robots":{"index":"index","follow":"follow","max-snippet":"max-snippet:-1","max-image-preview":"max-image-preview:large","max-video-preview":"max-video-preview:-1"},"canonical":"https:\/\/canal7slp.tv\/2023\/lidia-a-un-paso-de-activarse-en-el-pacifico\/","og_locale":"es_ES","og_type":"article","og_title":"\"Lidia\", a un paso de activarse en el Pac\u00edfico - Canal 7 SLP - 2023","og_description":"M\u00e9xico.- El Servicio Meteorol\u00f3gico Nacional (SMN), entidad oficial encargada de la informaci\u00f3n clim\u00e1tica en M\u00e9xico, ha emitido una alerta por la posibilidad de desarrollo de un cicl\u00f3n en el Oc\u00e9ano Pac\u00edfico. De continuar su avance, este sistema podr\u00eda convertirse en el cicl\u00f3n \u00abLidia\u00bb. La onda tropical N\u00famero 28 se desplazar\u00e1 sobre el occidente de M\u00e9xico, asociada a una zona de baja presi\u00f3n con probabilidad de desarrollo cicl\u00f3nico ubicada al sur de las costas de Guerrero y Michoac\u00e1n. Esta interacci\u00f3n con inestabilidad en niveles altos de la atm\u00f3sfera generar\u00e1 chubascos y lluvias fuertes, acompa\u00f1adas de descargas el\u00e9ctricas, r\u00e1fagas de viento y [&hellip;]","og_url":"https:\/\/canal7slp.tv\/2023\/lidia-a-un-paso-de-activarse-en-el-pacifico\/","og_site_name":"Canal 7 SLP - 2023","article_publisher":"https:\/\/www.facebook.com\/noticieroscanalsiete","article_published_time":"2023-10-02T22:59:28+00:00","og_image":[{"width":880,"height":495,"url":"https:\/\/canal7slp.tv\/2023\/wp-content\/uploads\/2023\/10\/06-1.jpg","type":"image\/jpeg"}],"author":"Edici\u00f3n Web","twitter_card":"summary_large_image","twitter_creator":"@NOTICIEROS7","twitter_site":"@NOTICIEROS7","twitter_misc":{"Escrito por":"Edici\u00f3n Web","Tiempo de lectura":"1 minuto"},"schema":{"@context":"https:\/\/schema.org","@graph":[{"@type":"Article","@id":"https:\/\/canal7slp.tv\/2023\/lidia-a-un-paso-de-activarse-en-el-pacifico\/#article","isPartOf":{"@id":"https:\/\/canal7slp.tv\/2023\/lidia-a-un-paso-de-activarse-en-el-pacifico\/"},"author":{"name":"Edici\u00f3n Web","@id":"https:\/\/canal7slp.tv\/2023\/#\/schema\/person\/639c424e3584069003b11ae813915da6"},"headline":"\u00abLidia\u00bb, a un paso de activarse en el Pac\u00edfico","datePublished":"2023-10-02T22:59:28+00:00","mainEntityOfPage":{"@id":"https:\/\/canal7slp.tv\/2023\/lidia-a-un-paso-de-activarse-en-el-pacifico\/"},"wordCount":177,"publisher":{"@id":"https:\/\/canal7slp.tv\/2023\/#organization"},"image":{"@id":"https:\/\/canal7slp.tv\/2023\/lidia-a-un-paso-de-activarse-en-el-pacifico\/#primaryimage"},"thumbnailUrl":"https:\/\/canal7slp.tv\/2023\/wp-content\/uploads\/2023\/10\/06-1.jpg","articleSection":["NACIONALES"],"inLanguage":"es"},{"@type":"WebPage","@id":"https:\/\/canal7slp.tv\/2023\/lidia-a-un-paso-de-activarse-en-el-pacifico\/","url":"https:\/\/canal7slp.tv\/2023\/lidia-a-un-paso-de-activarse-en-el-pacifico\/","name":"\"Lidia\", a un paso de activarse en el Pac\u00edfico - Canal 7 SLP - 2023","isPartOf":{"@id":"https:\/\/canal7slp.tv\/2023\/#website"},"primaryImageOfPage":{"@id":"https:\/\/canal7slp.tv\/2023\/lidia-a-un-paso-de-activarse-en-el-pacifico\/#primaryimage"},"image":{"@id":"https:\/\/canal7slp.tv\/2023\/lidia-a-un-paso-de-activarse-en-el-pacifico\/#primaryimage"},"thumbnailUrl":"https:\/\/canal7slp.tv\/2023\/wp-content\/uploads\/2023\/10\/06-1.jpg","datePublished":"2023-10-02T22:59:28+00:00","breadcrumb":{"@id":"https:\/\/canal7slp.tv\/2023\/lidia-a-un-paso-de-activarse-en-el-pacifico\/#breadcrumb"},"inLanguage":"es","potentialAction":[{"@type":"ReadAction","target":["https:\/\/canal7slp.tv\/2023\/lidia-a-un-paso-de-activarse-en-el-pacifico\/"]}]},{"@type":"ImageObject","inLanguage":"es","@id":"https:\/\/canal7slp.tv\/2023\/lidia-a-un-paso-de-activarse-en-el-pacifico\/#primaryimage","url":"https:\/\/canal7slp.tv\/2023\/wp-content\/uploads\/2023\/10\/06-1.jpg","contentUrl":"https:\/\/canal7slp.tv\/2023\/wp-content\/uploads\/2023\/10\/06-1.jpg","width":880,"height":495},{"@type":"BreadcrumbList","@id":"https:\/\/canal7slp.tv\/2023\/lidia-a-un-paso-de-activarse-en-el-pacifico\/#breadcrumb","itemListElement":[{"@type":"ListItem","position":1,"name":"Portada","item":"https:\/\/canal7slp.tv\/2023\/"},{"@type":"ListItem","position":2,"name":"&#8220;Lidia&#8221;, a un paso de activarse en el Pac\u00edfico"}]},{"@type":"WebSite","@id":"https:\/\/canal7slp.tv\/2023\/#website","url":"https:\/\/canal7slp.tv\/2023\/","name":"N7 - Noticieros Canal 7","description":"Somos Televisi\u00f3n","publisher":{"@id":"https:\/\/canal7slp.tv\/2023\/#organization"},"potentialAction":[{"@type":"SearchAction","target":{"@type":"EntryPoint","urlTemplate":"https:\/\/canal7slp.tv\/2023\/?s={search_term_string}"},"query-input":{"@type":"PropertyValueSpecification","valueRequired":true,"valueName":"search_term_string"}}],"inLanguage":"es"},{"@type":"Organization","@id":"https:\/\/canal7slp.tv\/2023\/#organization","name":"Noticieros Canal 7","url":"https:\/\/canal7slp.tv\/2023\/","logo":{"@type":"ImageObject","inLanguage":"es","@id":"https:\/\/canal7slp.tv\/2023\/#\/schema\/logo\/image\/","url":"https:\/\/canal7slp.tv\/2023\/wp-content\/uploads\/2021\/01\/logo-noticieros@2x.png","contentUrl":"https:\/\/canal7slp.tv\/2023\/wp-content\/uploads\/2021\/01\/logo-noticieros@2x.png","width":1017,"height":268,"caption":"Noticieros Canal 7"},"image":{"@id":"https:\/\/canal7slp.tv\/2023\/#\/schema\/logo\/image\/"},"sameAs":["https:\/\/www.facebook.com\/noticieroscanalsiete","https:\/\/x.com\/NOTICIEROS7","https:\/\/www.instagram.com\/canal7_slp","https:\/\/www.youtube.com\/channel\/UCliiYs-gP3JfJeqdPrNdd5A"]},{"@type":"Person","@id":"https:\/\/canal7slp.tv\/2023\/#\/schema\/person\/639c424e3584069003b11ae813915da6","name":"Edici\u00f3n Web","image":{"@type":"ImageObject","inLanguage":"es","@id":"https:\/\/secure.gravatar.com\/avatar\/eee448fc3f7164808013b816ba91ac7e43bbe82a70bebac296f8bc6f0addaa1a?s=96&d=mm&r=g","url":"https:\/\/secure.gravatar.com\/avatar\/eee448fc3f7164808013b816ba91ac7e43bbe82a70bebac296f8bc6f0addaa1a?s=96&d=mm&r=g","contentUrl":"https:\/\/secure.gravatar.com\/avatar\/eee448fc3f7164808013b816ba91ac7e43bbe82a70bebac296f8bc6f0addaa1a?s=96&d=mm&r=g","caption":"Edici\u00f3n Web"},"url":"https:\/\/canal7slp.tv\/2023\/author\/edicionweb\/"}]}},"_links":{"self":[{"href":"https:\/\/canal7slp.tv\/2023\/wp-json\/wp\/v2\/posts\/108822","targetHints":{"allow":["GET"]}}],"collection":[{"href":"https:\/\/canal7slp.tv\/2023\/wp-json\/wp\/v2\/posts"}],"about":[{"href":"https:\/\/canal7slp.tv\/2023\/wp-json\/wp\/v2\/types\/post"}],"author":[{"embeddable":true,"href":"https:\/\/canal7slp.tv\/2023\/wp-json\/wp\/v2\/users\/2"}],"replies":[{"embeddable":true,"href":"https:\/\/canal7slp.tv\/2023\/wp-json\/wp\/v2\/comments?post=108822"}],"version-history":[{"count":3,"href":"https:\/\/canal7slp.tv\/2023\/wp-json\/wp\/v2\/posts\/108822\/revisions"}],"predecessor-version":[{"id":108870,"href":"https:\/\/canal7slp.tv\/2023\/wp-json\/wp\/v2\/posts\/108822\/revisions\/108870"}],"wp:featuredmedia":[{"embeddable":true,"href":"https:\/\/canal7slp.tv\/2023\/wp-json\/wp\/v2\/media\/108835"}],"wp:attachment":[{"href":"https:\/\/canal7slp.tv\/2023\/wp-json\/wp\/v2\/media?parent=108822"}],"wp:term":[{"taxonomy":"category","embeddable":true,"href":"https:\/\/canal7slp.tv\/2023\/wp-json\/wp\/v2\/categories?post=108822"},{"taxonomy":"post_tag","embeddable":true,"href":"https:\/\/canal7slp.tv\/2023\/wp-json\/wp\/v2\/tags?post=108822"}],"curies":[{"name":"wp","href":"https:\/\/api.w.org\/{rel}","templated":true}]}}