{"id":108821,"date":"2023-10-02T16:58:57","date_gmt":"2023-10-02T22:58:57","guid":{"rendered":"https:\/\/canal7slp.tv\/2023\/?p=108821"},"modified":"2023-10-02T16:58:57","modified_gmt":"2023-10-02T22:58:57","slug":"designan-a-carlos-cruz-arzate-coordinador-de-comunicacion-social-del-senado","status":"publish","type":"post","link":"https:\/\/canal7slp.tv\/2023\/designan-a-carlos-cruz-arzate-coordinador-de-comunicacion-social-del-senado\/","title":{"rendered":"Designan a Carlos Cruz Arzate, coordinador de Comunicaci\u00f3n Social del Senado"},"content":{"rendered":"<p style=\"text-align: justify;\">M\u00e9xico.- La presidenta de la Mesa Directiva del Senado de la Rep\u00fablica, Ana Lilia Rivera Rivera, ha nombrado al Maestro Carlos Cruz Arzate como el nuevo titular de la Coordinaci\u00f3n de Comunicaci\u00f3n Social.<\/p>\n<p style=\"text-align: justify;\">El nombramiento entr\u00f3 en funciones el 1 de octubre y tiene como objetivo difundir la informaci\u00f3n que se genera en el Senado y comunicar las actividades y resultados legislativos.<\/p>\n<p style=\"text-align: justify;\">Cruz Arzate cuenta con m\u00e1s de 18 a\u00f1os de experiencia en diferentes \u00e1reas de la Administraci\u00f3n P\u00fablica local y federal.<\/p>\n<p style=\"text-align: justify;\">Ha sido titular de la Unidad de Comunicaci\u00f3n Social y Vocero de la Secretar\u00eda de Hacienda y Cr\u00e9dito P\u00fablico, titular de la Unidad de Prospectiva, Planeaci\u00f3n y Evaluaci\u00f3n en la Secretar\u00eda de Econom\u00eda y director de la Coordinaci\u00f3n Nacional de las Administraciones Desconcentradas de Servicios al Contribuyente en el Servicio de Administraci\u00f3n Tributaria.<\/p>\n<p style=\"text-align: justify;\">Tambi\u00e9n ha trabajado como asesor y secretario particular del Secretario de Desarrollo Econ\u00f3mico en el Gobierno de la Ciudad de M\u00e9xico, y comenz\u00f3 su carrera profesional en la Direcci\u00f3n General de Gobierno de la Secretar\u00eda de Gobierno en 2005.<\/p>\n","protected":false},"excerpt":{"rendered":"<p>M\u00e9xico.- La presidenta de la Mesa Directiva del Senado de la Rep\u00fablica, Ana Lilia Rivera Rivera, ha nombrado al Maestro Carlos Cruz Arzate como el nuevo titular de la Coordinaci\u00f3n de Comunicaci\u00f3n Social. El nombramiento entr\u00f3 en funciones el 1 de octubre y tiene como objetivo difundir la informaci\u00f3n que se genera en el Senado y comunicar las actividades y resultados legislativos. Cruz Arzate cuenta con m\u00e1s de 18 a\u00f1os de experiencia en diferentes \u00e1reas de la Administraci\u00f3n P\u00fablica local y federal. Ha sido titular de la Unidad de Comunicaci\u00f3n Social y Vocero de la Secretar\u00eda de Hacienda y Cr\u00e9dito [&hellip;]<\/p>\n","protected":false},"author":2,"featured_media":108836,"comment_status":"closed","ping_status":"closed","sticky":false,"template":"","format":"standard","meta":{"footnotes":""},"categories":[46],"tags":[],"class_list":["post-108821","post","type-post","status-publish","format-standard","has-post-thumbnail","hentry","category-nacional","post--single"],"yoast_head":"<!-- This site is optimized with the Yoast SEO plugin v27.5 - https:\/\/yoast.com\/product\/yoast-seo-wordpress\/ -->\n<title>Designan a Carlos Cruz Arzate, coordinador de Comunicaci\u00f3n Social del Senado - Canal 7 SLP - 2023<\/title>\n<meta name=\"robots\" content=\"index, follow, max-snippet:-1, max-image-preview:large, max-video-preview:-1\" \/>\n<link rel=\"canonical\" href=\"https:\/\/canal7slp.tv\/2023\/designan-a-carlos-cruz-arzate-coordinador-de-comunicacion-social-del-senado\/\" \/>\n<meta property=\"og:locale\" content=\"es_ES\" \/>\n<meta property=\"og:type\" content=\"article\" \/>\n<meta property=\"og:title\" content=\"Designan a Carlos Cruz Arzate, coordinador de Comunicaci\u00f3n Social del Senado - Canal 7 SLP - 2023\" \/>\n<meta property=\"og:description\" content=\"M\u00e9xico.- La presidenta de la Mesa Directiva del Senado de la Rep\u00fablica, Ana Lilia Rivera Rivera, ha nombrado al Maestro Carlos Cruz Arzate como el nuevo titular de la Coordinaci\u00f3n de Comunicaci\u00f3n Social. El nombramiento entr\u00f3 en funciones el 1 de octubre y tiene como objetivo difundir la informaci\u00f3n que se genera en el Senado y comunicar las actividades y resultados legislativos. Cruz Arzate cuenta con m\u00e1s de 18 a\u00f1os de experiencia en diferentes \u00e1reas de la Administraci\u00f3n P\u00fablica local y federal. Ha sido titular de la Unidad de Comunicaci\u00f3n Social y Vocero de la Secretar\u00eda de Hacienda y Cr\u00e9dito [&hellip;]\" \/>\n<meta property=\"og:url\" content=\"https:\/\/canal7slp.tv\/2023\/designan-a-carlos-cruz-arzate-coordinador-de-comunicacion-social-del-senado\/\" \/>\n<meta property=\"og:site_name\" content=\"Canal 7 SLP - 2023\" \/>\n<meta property=\"article:publisher\" content=\"https:\/\/www.facebook.com\/noticieroscanalsiete\" \/>\n<meta property=\"article:published_time\" content=\"2023-10-02T22:58:57+00:00\" \/>\n<meta property=\"og:image\" content=\"https:\/\/canal7slp.tv\/2023\/wp-content\/uploads\/2023\/10\/05-1.jpg\" \/>\n\t<meta property=\"og:image:width\" content=\"1200\" \/>\n\t<meta property=\"og:image:height\" content=\"789\" \/>\n\t<meta property=\"og:image:type\" content=\"image\/jpeg\" \/>\n<meta name=\"author\" content=\"Edici\u00f3n Web\" \/>\n<meta name=\"twitter:card\" content=\"summary_large_image\" \/>\n<meta name=\"twitter:creator\" content=\"@NOTICIEROS7\" \/>\n<meta name=\"twitter:site\" content=\"@NOTICIEROS7\" \/>\n<meta name=\"twitter:label1\" content=\"Escrito por\" \/>\n\t<meta name=\"twitter:data1\" content=\"Edici\u00f3n Web\" \/>\n\t<meta name=\"twitter:label2\" content=\"Tiempo de lectura\" \/>\n\t<meta name=\"twitter:data2\" content=\"1 minuto\" \/>\n<script type=\"application\/ld+json\" class=\"yoast-schema-graph\">{\"@context\":\"https:\\\/\\\/schema.org\",\"@graph\":[{\"@type\":\"Article\",\"@id\":\"https:\\\/\\\/canal7slp.tv\\\/2023\\\/designan-a-carlos-cruz-arzate-coordinador-de-comunicacion-social-del-senado\\\/#article\",\"isPartOf\":{\"@id\":\"https:\\\/\\\/canal7slp.tv\\\/2023\\\/designan-a-carlos-cruz-arzate-coordinador-de-comunicacion-social-del-senado\\\/\"},\"author\":{\"name\":\"Edici\u00f3n Web\",\"@id\":\"https:\\\/\\\/canal7slp.tv\\\/2023\\\/#\\\/schema\\\/person\\\/639c424e3584069003b11ae813915da6\"},\"headline\":\"Designan a Carlos Cruz Arzate, coordinador de Comunicaci\u00f3n Social del Senado\",\"datePublished\":\"2023-10-02T22:58:57+00:00\",\"mainEntityOfPage\":{\"@id\":\"https:\\\/\\\/canal7slp.tv\\\/2023\\\/designan-a-carlos-cruz-arzate-coordinador-de-comunicacion-social-del-senado\\\/\"},\"wordCount\":208,\"publisher\":{\"@id\":\"https:\\\/\\\/canal7slp.tv\\\/2023\\\/#organization\"},\"image\":{\"@id\":\"https:\\\/\\\/canal7slp.tv\\\/2023\\\/designan-a-carlos-cruz-arzate-coordinador-de-comunicacion-social-del-senado\\\/#primaryimage\"},\"thumbnailUrl\":\"https:\\\/\\\/canal7slp.tv\\\/2023\\\/wp-content\\\/uploads\\\/2023\\\/10\\\/05-1.jpg\",\"articleSection\":[\"NACIONALES\"],\"inLanguage\":\"es\"},{\"@type\":\"WebPage\",\"@id\":\"https:\\\/\\\/canal7slp.tv\\\/2023\\\/designan-a-carlos-cruz-arzate-coordinador-de-comunicacion-social-del-senado\\\/\",\"url\":\"https:\\\/\\\/canal7slp.tv\\\/2023\\\/designan-a-carlos-cruz-arzate-coordinador-de-comunicacion-social-del-senado\\\/\",\"name\":\"Designan a Carlos Cruz Arzate, coordinador de Comunicaci\u00f3n Social del Senado - Canal 7 SLP - 2023\",\"isPartOf\":{\"@id\":\"https:\\\/\\\/canal7slp.tv\\\/2023\\\/#website\"},\"primaryImageOfPage\":{\"@id\":\"https:\\\/\\\/canal7slp.tv\\\/2023\\\/designan-a-carlos-cruz-arzate-coordinador-de-comunicacion-social-del-senado\\\/#primaryimage\"},\"image\":{\"@id\":\"https:\\\/\\\/canal7slp.tv\\\/2023\\\/designan-a-carlos-cruz-arzate-coordinador-de-comunicacion-social-del-senado\\\/#primaryimage\"},\"thumbnailUrl\":\"https:\\\/\\\/canal7slp.tv\\\/2023\\\/wp-content\\\/uploads\\\/2023\\\/10\\\/05-1.jpg\",\"datePublished\":\"2023-10-02T22:58:57+00:00\",\"breadcrumb\":{\"@id\":\"https:\\\/\\\/canal7slp.tv\\\/2023\\\/designan-a-carlos-cruz-arzate-coordinador-de-comunicacion-social-del-senado\\\/#breadcrumb\"},\"inLanguage\":\"es\",\"potentialAction\":[{\"@type\":\"ReadAction\",\"target\":[\"https:\\\/\\\/canal7slp.tv\\\/2023\\\/designan-a-carlos-cruz-arzate-coordinador-de-comunicacion-social-del-senado\\\/\"]}]},{\"@type\":\"ImageObject\",\"inLanguage\":\"es\",\"@id\":\"https:\\\/\\\/canal7slp.tv\\\/2023\\\/designan-a-carlos-cruz-arzate-coordinador-de-comunicacion-social-del-senado\\\/#primaryimage\",\"url\":\"https:\\\/\\\/canal7slp.tv\\\/2023\\\/wp-content\\\/uploads\\\/2023\\\/10\\\/05-1.jpg\",\"contentUrl\":\"https:\\\/\\\/canal7slp.tv\\\/2023\\\/wp-content\\\/uploads\\\/2023\\\/10\\\/05-1.jpg\",\"width\":1200,\"height\":789},{\"@type\":\"BreadcrumbList\",\"@id\":\"https:\\\/\\\/canal7slp.tv\\\/2023\\\/designan-a-carlos-cruz-arzate-coordinador-de-comunicacion-social-del-senado\\\/#breadcrumb\",\"itemListElement\":[{\"@type\":\"ListItem\",\"position\":1,\"name\":\"Portada\",\"item\":\"https:\\\/\\\/canal7slp.tv\\\/2023\\\/\"},{\"@type\":\"ListItem\",\"position\":2,\"name\":\"Designan a Carlos Cruz Arzate, coordinador de Comunicaci\u00f3n Social del Senado\"}]},{\"@type\":\"WebSite\",\"@id\":\"https:\\\/\\\/canal7slp.tv\\\/2023\\\/#website\",\"url\":\"https:\\\/\\\/canal7slp.tv\\\/2023\\\/\",\"name\":\"N7 - Noticieros Canal 7\",\"description\":\"Somos Televisi\u00f3n\",\"publisher\":{\"@id\":\"https:\\\/\\\/canal7slp.tv\\\/2023\\\/#organization\"},\"potentialAction\":[{\"@type\":\"SearchAction\",\"target\":{\"@type\":\"EntryPoint\",\"urlTemplate\":\"https:\\\/\\\/canal7slp.tv\\\/2023\\\/?s={search_term_string}\"},\"query-input\":{\"@type\":\"PropertyValueSpecification\",\"valueRequired\":true,\"valueName\":\"search_term_string\"}}],\"inLanguage\":\"es\"},{\"@type\":\"Organization\",\"@id\":\"https:\\\/\\\/canal7slp.tv\\\/2023\\\/#organization\",\"name\":\"Noticieros Canal 7\",\"url\":\"https:\\\/\\\/canal7slp.tv\\\/2023\\\/\",\"logo\":{\"@type\":\"ImageObject\",\"inLanguage\":\"es\",\"@id\":\"https:\\\/\\\/canal7slp.tv\\\/2023\\\/#\\\/schema\\\/logo\\\/image\\\/\",\"url\":\"https:\\\/\\\/canal7slp.tv\\\/2023\\\/wp-content\\\/uploads\\\/2021\\\/01\\\/logo-noticieros@2x.png\",\"contentUrl\":\"https:\\\/\\\/canal7slp.tv\\\/2023\\\/wp-content\\\/uploads\\\/2021\\\/01\\\/logo-noticieros@2x.png\",\"width\":1017,\"height\":268,\"caption\":\"Noticieros Canal 7\"},\"image\":{\"@id\":\"https:\\\/\\\/canal7slp.tv\\\/2023\\\/#\\\/schema\\\/logo\\\/image\\\/\"},\"sameAs\":[\"https:\\\/\\\/www.facebook.com\\\/noticieroscanalsiete\",\"https:\\\/\\\/x.com\\\/NOTICIEROS7\",\"https:\\\/\\\/www.instagram.com\\\/canal7_slp\",\"https:\\\/\\\/www.youtube.com\\\/channel\\\/UCliiYs-gP3JfJeqdPrNdd5A\"]},{\"@type\":\"Person\",\"@id\":\"https:\\\/\\\/canal7slp.tv\\\/2023\\\/#\\\/schema\\\/person\\\/639c424e3584069003b11ae813915da6\",\"name\":\"Edici\u00f3n Web\",\"image\":{\"@type\":\"ImageObject\",\"inLanguage\":\"es\",\"@id\":\"https:\\\/\\\/secure.gravatar.com\\\/avatar\\\/eee448fc3f7164808013b816ba91ac7e43bbe82a70bebac296f8bc6f0addaa1a?s=96&d=mm&r=g\",\"url\":\"https:\\\/\\\/secure.gravatar.com\\\/avatar\\\/eee448fc3f7164808013b816ba91ac7e43bbe82a70bebac296f8bc6f0addaa1a?s=96&d=mm&r=g\",\"contentUrl\":\"https:\\\/\\\/secure.gravatar.com\\\/avatar\\\/eee448fc3f7164808013b816ba91ac7e43bbe82a70bebac296f8bc6f0addaa1a?s=96&d=mm&r=g\",\"caption\":\"Edici\u00f3n Web\"},\"url\":\"https:\\\/\\\/canal7slp.tv\\\/2023\\\/author\\\/edicionweb\\\/\"}]}<\/script>\n<!-- \/ Yoast SEO plugin. -->","yoast_head_json":{"title":"Designan a Carlos Cruz Arzate, coordinador de Comunicaci\u00f3n Social del Senado - Canal 7 SLP - 2023","robots":{"index":"index","follow":"follow","max-snippet":"max-snippet:-1","max-image-preview":"max-image-preview:large","max-video-preview":"max-video-preview:-1"},"canonical":"https:\/\/canal7slp.tv\/2023\/designan-a-carlos-cruz-arzate-coordinador-de-comunicacion-social-del-senado\/","og_locale":"es_ES","og_type":"article","og_title":"Designan a Carlos Cruz Arzate, coordinador de Comunicaci\u00f3n Social del Senado - Canal 7 SLP - 2023","og_description":"M\u00e9xico.- La presidenta de la Mesa Directiva del Senado de la Rep\u00fablica, Ana Lilia Rivera Rivera, ha nombrado al Maestro Carlos Cruz Arzate como el nuevo titular de la Coordinaci\u00f3n de Comunicaci\u00f3n Social. El nombramiento entr\u00f3 en funciones el 1 de octubre y tiene como objetivo difundir la informaci\u00f3n que se genera en el Senado y comunicar las actividades y resultados legislativos. Cruz Arzate cuenta con m\u00e1s de 18 a\u00f1os de experiencia en diferentes \u00e1reas de la Administraci\u00f3n P\u00fablica local y federal. Ha sido titular de la Unidad de Comunicaci\u00f3n Social y Vocero de la Secretar\u00eda de Hacienda y Cr\u00e9dito [&hellip;]","og_url":"https:\/\/canal7slp.tv\/2023\/designan-a-carlos-cruz-arzate-coordinador-de-comunicacion-social-del-senado\/","og_site_name":"Canal 7 SLP - 2023","article_publisher":"https:\/\/www.facebook.com\/noticieroscanalsiete","article_published_time":"2023-10-02T22:58:57+00:00","og_image":[{"width":1200,"height":789,"url":"https:\/\/canal7slp.tv\/2023\/wp-content\/uploads\/2023\/10\/05-1.jpg","type":"image\/jpeg"}],"author":"Edici\u00f3n Web","twitter_card":"summary_large_image","twitter_creator":"@NOTICIEROS7","twitter_site":"@NOTICIEROS7","twitter_misc":{"Escrito por":"Edici\u00f3n Web","Tiempo de lectura":"1 minuto"},"schema":{"@context":"https:\/\/schema.org","@graph":[{"@type":"Article","@id":"https:\/\/canal7slp.tv\/2023\/designan-a-carlos-cruz-arzate-coordinador-de-comunicacion-social-del-senado\/#article","isPartOf":{"@id":"https:\/\/canal7slp.tv\/2023\/designan-a-carlos-cruz-arzate-coordinador-de-comunicacion-social-del-senado\/"},"author":{"name":"Edici\u00f3n Web","@id":"https:\/\/canal7slp.tv\/2023\/#\/schema\/person\/639c424e3584069003b11ae813915da6"},"headline":"Designan a Carlos Cruz Arzate, coordinador de Comunicaci\u00f3n Social del Senado","datePublished":"2023-10-02T22:58:57+00:00","mainEntityOfPage":{"@id":"https:\/\/canal7slp.tv\/2023\/designan-a-carlos-cruz-arzate-coordinador-de-comunicacion-social-del-senado\/"},"wordCount":208,"publisher":{"@id":"https:\/\/canal7slp.tv\/2023\/#organization"},"image":{"@id":"https:\/\/canal7slp.tv\/2023\/designan-a-carlos-cruz-arzate-coordinador-de-comunicacion-social-del-senado\/#primaryimage"},"thumbnailUrl":"https:\/\/canal7slp.tv\/2023\/wp-content\/uploads\/2023\/10\/05-1.jpg","articleSection":["NACIONALES"],"inLanguage":"es"},{"@type":"WebPage","@id":"https:\/\/canal7slp.tv\/2023\/designan-a-carlos-cruz-arzate-coordinador-de-comunicacion-social-del-senado\/","url":"https:\/\/canal7slp.tv\/2023\/designan-a-carlos-cruz-arzate-coordinador-de-comunicacion-social-del-senado\/","name":"Designan a Carlos Cruz Arzate, coordinador de Comunicaci\u00f3n Social del Senado - Canal 7 SLP - 2023","isPartOf":{"@id":"https:\/\/canal7slp.tv\/2023\/#website"},"primaryImageOfPage":{"@id":"https:\/\/canal7slp.tv\/2023\/designan-a-carlos-cruz-arzate-coordinador-de-comunicacion-social-del-senado\/#primaryimage"},"image":{"@id":"https:\/\/canal7slp.tv\/2023\/designan-a-carlos-cruz-arzate-coordinador-de-comunicacion-social-del-senado\/#primaryimage"},"thumbnailUrl":"https:\/\/canal7slp.tv\/2023\/wp-content\/uploads\/2023\/10\/05-1.jpg","datePublished":"2023-10-02T22:58:57+00:00","breadcrumb":{"@id":"https:\/\/canal7slp.tv\/2023\/designan-a-carlos-cruz-arzate-coordinador-de-comunicacion-social-del-senado\/#breadcrumb"},"inLanguage":"es","potentialAction":[{"@type":"ReadAction","target":["https:\/\/canal7slp.tv\/2023\/designan-a-carlos-cruz-arzate-coordinador-de-comunicacion-social-del-senado\/"]}]},{"@type":"ImageObject","inLanguage":"es","@id":"https:\/\/canal7slp.tv\/2023\/designan-a-carlos-cruz-arzate-coordinador-de-comunicacion-social-del-senado\/#primaryimage","url":"https:\/\/canal7slp.tv\/2023\/wp-content\/uploads\/2023\/10\/05-1.jpg","contentUrl":"https:\/\/canal7slp.tv\/2023\/wp-content\/uploads\/2023\/10\/05-1.jpg","width":1200,"height":789},{"@type":"BreadcrumbList","@id":"https:\/\/canal7slp.tv\/2023\/designan-a-carlos-cruz-arzate-coordinador-de-comunicacion-social-del-senado\/#breadcrumb","itemListElement":[{"@type":"ListItem","position":1,"name":"Portada","item":"https:\/\/canal7slp.tv\/2023\/"},{"@type":"ListItem","position":2,"name":"Designan a Carlos Cruz Arzate, coordinador de Comunicaci\u00f3n Social del Senado"}]},{"@type":"WebSite","@id":"https:\/\/canal7slp.tv\/2023\/#website","url":"https:\/\/canal7slp.tv\/2023\/","name":"N7 - Noticieros Canal 7","description":"Somos Televisi\u00f3n","publisher":{"@id":"https:\/\/canal7slp.tv\/2023\/#organization"},"potentialAction":[{"@type":"SearchAction","target":{"@type":"EntryPoint","urlTemplate":"https:\/\/canal7slp.tv\/2023\/?s={search_term_string}"},"query-input":{"@type":"PropertyValueSpecification","valueRequired":true,"valueName":"search_term_string"}}],"inLanguage":"es"},{"@type":"Organization","@id":"https:\/\/canal7slp.tv\/2023\/#organization","name":"Noticieros Canal 7","url":"https:\/\/canal7slp.tv\/2023\/","logo":{"@type":"ImageObject","inLanguage":"es","@id":"https:\/\/canal7slp.tv\/2023\/#\/schema\/logo\/image\/","url":"https:\/\/canal7slp.tv\/2023\/wp-content\/uploads\/2021\/01\/logo-noticieros@2x.png","contentUrl":"https:\/\/canal7slp.tv\/2023\/wp-content\/uploads\/2021\/01\/logo-noticieros@2x.png","width":1017,"height":268,"caption":"Noticieros Canal 7"},"image":{"@id":"https:\/\/canal7slp.tv\/2023\/#\/schema\/logo\/image\/"},"sameAs":["https:\/\/www.facebook.com\/noticieroscanalsiete","https:\/\/x.com\/NOTICIEROS7","https:\/\/www.instagram.com\/canal7_slp","https:\/\/www.youtube.com\/channel\/UCliiYs-gP3JfJeqdPrNdd5A"]},{"@type":"Person","@id":"https:\/\/canal7slp.tv\/2023\/#\/schema\/person\/639c424e3584069003b11ae813915da6","name":"Edici\u00f3n Web","image":{"@type":"ImageObject","inLanguage":"es","@id":"https:\/\/secure.gravatar.com\/avatar\/eee448fc3f7164808013b816ba91ac7e43bbe82a70bebac296f8bc6f0addaa1a?s=96&d=mm&r=g","url":"https:\/\/secure.gravatar.com\/avatar\/eee448fc3f7164808013b816ba91ac7e43bbe82a70bebac296f8bc6f0addaa1a?s=96&d=mm&r=g","contentUrl":"https:\/\/secure.gravatar.com\/avatar\/eee448fc3f7164808013b816ba91ac7e43bbe82a70bebac296f8bc6f0addaa1a?s=96&d=mm&r=g","caption":"Edici\u00f3n Web"},"url":"https:\/\/canal7slp.tv\/2023\/author\/edicionweb\/"}]}},"_links":{"self":[{"href":"https:\/\/canal7slp.tv\/2023\/wp-json\/wp\/v2\/posts\/108821","targetHints":{"allow":["GET"]}}],"collection":[{"href":"https:\/\/canal7slp.tv\/2023\/wp-json\/wp\/v2\/posts"}],"about":[{"href":"https:\/\/canal7slp.tv\/2023\/wp-json\/wp\/v2\/types\/post"}],"author":[{"embeddable":true,"href":"https:\/\/canal7slp.tv\/2023\/wp-json\/wp\/v2\/users\/2"}],"replies":[{"embeddable":true,"href":"https:\/\/canal7slp.tv\/2023\/wp-json\/wp\/v2\/comments?post=108821"}],"version-history":[{"count":4,"href":"https:\/\/canal7slp.tv\/2023\/wp-json\/wp\/v2\/posts\/108821\/revisions"}],"predecessor-version":[{"id":108869,"href":"https:\/\/canal7slp.tv\/2023\/wp-json\/wp\/v2\/posts\/108821\/revisions\/108869"}],"wp:featuredmedia":[{"embeddable":true,"href":"https:\/\/canal7slp.tv\/2023\/wp-json\/wp\/v2\/media\/108836"}],"wp:attachment":[{"href":"https:\/\/canal7slp.tv\/2023\/wp-json\/wp\/v2\/media?parent=108821"}],"wp:term":[{"taxonomy":"category","embeddable":true,"href":"https:\/\/canal7slp.tv\/2023\/wp-json\/wp\/v2\/categories?post=108821"},{"taxonomy":"post_tag","embeddable":true,"href":"https:\/\/canal7slp.tv\/2023\/wp-json\/wp\/v2\/tags?post=108821"}],"curies":[{"name":"wp","href":"https:\/\/api.w.org\/{rel}","templated":true}]}}