{"id":108817,"date":"2023-10-02T16:56:41","date_gmt":"2023-10-02T22:56:41","guid":{"rendered":"https:\/\/canal7slp.tv\/2023\/?p=108817"},"modified":"2023-10-02T16:56:41","modified_gmt":"2023-10-02T22:56:41","slug":"andres-roemer-fue-detenido-en-israel-y-sera-extraditado-a-mexico","status":"publish","type":"post","link":"https:\/\/canal7slp.tv\/2023\/andres-roemer-fue-detenido-en-israel-y-sera-extraditado-a-mexico\/","title":{"rendered":"Andr\u00e9s Roemer fue detenido en Israel y ser\u00e1 extraditado a M\u00e9xico"},"content":{"rendered":"<p style=\"text-align: justify;\">M\u00e9xico.- El presidente Andr\u00e9s Manuel L\u00f3pez Obrador confirm\u00f3 que el escritor y exdiplom\u00e1tico mexicano Andr\u00e9s Roemer ha sido detenido por la Polic\u00eda de Israel debido a acusaciones de presunto acoso sexual. Seg\u00fan inform\u00f3 el mandatario, Roemer ser\u00e1 extraditado a M\u00e9xico.<\/p>\n<p style=\"text-align: justify;\">Durante \u201cLa Ma\u00f1anera\u201d, L\u00f3pez Obrador mencion\u00f3 que la Secretar\u00eda de Relaciones Exteriores (SRE) dar\u00e1 m\u00e1s detalles sobre este caso.<\/p>\n<p style=\"text-align: justify;\">Es importante recordad que desde 2021, M\u00e9xico ha presentado cinco solicitudes formales de extradici\u00f3n contra Roemer ante Israel, acus\u00e1ndolo de abuso sexual agravado y violaci\u00f3n.<\/p>\n<p style=\"text-align: justify;\">En febrero de 2021, varias mujeres valientemente rompieron su silencio y acusaron p\u00fablicamente al escritor de abusos sexuales y comportamientos inapropiados. La agrupaci\u00f3n Periodistas Unidas Mexicanas (PUM) ha recopilado m\u00e1s de 60 denuncias en su contra.<\/p>\n<p style=\"text-align: justify;\">En 2022, Interpol emiti\u00f3 una ficha roja para buscar y detener a Roemer, quien supuestamente citaba a sus presuntas v\u00edctimas en su casa bajo falsos pretextos laborales para luego realizar tocamientos e insinuaciones, ofreci\u00e9ndoles dinero posteriormente.<\/p>\n","protected":false},"excerpt":{"rendered":"<p>M\u00e9xico.- El presidente Andr\u00e9s Manuel L\u00f3pez Obrador confirm\u00f3 que el escritor y exdiplom\u00e1tico mexicano Andr\u00e9s Roemer ha sido detenido por la Polic\u00eda de Israel debido a acusaciones de presunto acoso sexual. Seg\u00fan inform\u00f3 el mandatario, Roemer ser\u00e1 extraditado a M\u00e9xico. Durante \u201cLa Ma\u00f1anera\u201d, L\u00f3pez Obrador mencion\u00f3 que la Secretar\u00eda de Relaciones Exteriores (SRE) dar\u00e1 m\u00e1s detalles sobre este caso. Es importante recordad que desde 2021, M\u00e9xico ha presentado cinco solicitudes formales de extradici\u00f3n contra Roemer ante Israel, acus\u00e1ndolo de abuso sexual agravado y violaci\u00f3n. En febrero de 2021, varias mujeres valientemente rompieron su silencio y acusaron p\u00fablicamente al escritor de [&hellip;]<\/p>\n","protected":false},"author":2,"featured_media":108831,"comment_status":"closed","ping_status":"closed","sticky":false,"template":"","format":"standard","meta":{"footnotes":""},"categories":[46],"tags":[],"class_list":["post-108817","post","type-post","status-publish","format-standard","has-post-thumbnail","hentry","category-nacional","post--single"],"yoast_head":"<!-- This site is optimized with the Yoast SEO plugin v27.5 - https:\/\/yoast.com\/product\/yoast-seo-wordpress\/ -->\n<title>Andr\u00e9s Roemer fue detenido en Israel y ser\u00e1 extraditado a M\u00e9xico - Canal 7 SLP - 2023<\/title>\n<meta name=\"robots\" content=\"index, follow, max-snippet:-1, max-image-preview:large, max-video-preview:-1\" \/>\n<link rel=\"canonical\" href=\"https:\/\/canal7slp.tv\/2023\/andres-roemer-fue-detenido-en-israel-y-sera-extraditado-a-mexico\/\" \/>\n<meta property=\"og:locale\" content=\"es_ES\" \/>\n<meta property=\"og:type\" content=\"article\" \/>\n<meta property=\"og:title\" content=\"Andr\u00e9s Roemer fue detenido en Israel y ser\u00e1 extraditado a M\u00e9xico - Canal 7 SLP - 2023\" \/>\n<meta property=\"og:description\" content=\"M\u00e9xico.- El presidente Andr\u00e9s Manuel L\u00f3pez Obrador confirm\u00f3 que el escritor y exdiplom\u00e1tico mexicano Andr\u00e9s Roemer ha sido detenido por la Polic\u00eda de Israel debido a acusaciones de presunto acoso sexual. Seg\u00fan inform\u00f3 el mandatario, Roemer ser\u00e1 extraditado a M\u00e9xico. Durante \u201cLa Ma\u00f1anera\u201d, L\u00f3pez Obrador mencion\u00f3 que la Secretar\u00eda de Relaciones Exteriores (SRE) dar\u00e1 m\u00e1s detalles sobre este caso. Es importante recordad que desde 2021, M\u00e9xico ha presentado cinco solicitudes formales de extradici\u00f3n contra Roemer ante Israel, acus\u00e1ndolo de abuso sexual agravado y violaci\u00f3n. En febrero de 2021, varias mujeres valientemente rompieron su silencio y acusaron p\u00fablicamente al escritor de [&hellip;]\" \/>\n<meta property=\"og:url\" content=\"https:\/\/canal7slp.tv\/2023\/andres-roemer-fue-detenido-en-israel-y-sera-extraditado-a-mexico\/\" \/>\n<meta property=\"og:site_name\" content=\"Canal 7 SLP - 2023\" \/>\n<meta property=\"article:publisher\" content=\"https:\/\/www.facebook.com\/noticieroscanalsiete\" \/>\n<meta property=\"article:published_time\" content=\"2023-10-02T22:56:41+00:00\" \/>\n<meta property=\"og:image\" content=\"https:\/\/canal7slp.tv\/2023\/wp-content\/uploads\/2023\/10\/01-1.jpg\" \/>\n\t<meta property=\"og:image:width\" content=\"1600\" \/>\n\t<meta property=\"og:image:height\" content=\"900\" \/>\n\t<meta property=\"og:image:type\" content=\"image\/jpeg\" \/>\n<meta name=\"author\" content=\"Edici\u00f3n Web\" \/>\n<meta name=\"twitter:card\" content=\"summary_large_image\" \/>\n<meta name=\"twitter:creator\" content=\"@NOTICIEROS7\" \/>\n<meta name=\"twitter:site\" content=\"@NOTICIEROS7\" \/>\n<meta name=\"twitter:label1\" content=\"Escrito por\" \/>\n\t<meta name=\"twitter:data1\" content=\"Edici\u00f3n Web\" \/>\n\t<meta name=\"twitter:label2\" content=\"Tiempo de lectura\" \/>\n\t<meta name=\"twitter:data2\" content=\"1 minuto\" \/>\n<script type=\"application\/ld+json\" class=\"yoast-schema-graph\">{\"@context\":\"https:\\\/\\\/schema.org\",\"@graph\":[{\"@type\":\"Article\",\"@id\":\"https:\\\/\\\/canal7slp.tv\\\/2023\\\/andres-roemer-fue-detenido-en-israel-y-sera-extraditado-a-mexico\\\/#article\",\"isPartOf\":{\"@id\":\"https:\\\/\\\/canal7slp.tv\\\/2023\\\/andres-roemer-fue-detenido-en-israel-y-sera-extraditado-a-mexico\\\/\"},\"author\":{\"name\":\"Edici\u00f3n Web\",\"@id\":\"https:\\\/\\\/canal7slp.tv\\\/2023\\\/#\\\/schema\\\/person\\\/639c424e3584069003b11ae813915da6\"},\"headline\":\"Andr\u00e9s Roemer fue detenido en Israel y ser\u00e1 extraditado a M\u00e9xico\",\"datePublished\":\"2023-10-02T22:56:41+00:00\",\"mainEntityOfPage\":{\"@id\":\"https:\\\/\\\/canal7slp.tv\\\/2023\\\/andres-roemer-fue-detenido-en-israel-y-sera-extraditado-a-mexico\\\/\"},\"wordCount\":187,\"publisher\":{\"@id\":\"https:\\\/\\\/canal7slp.tv\\\/2023\\\/#organization\"},\"image\":{\"@id\":\"https:\\\/\\\/canal7slp.tv\\\/2023\\\/andres-roemer-fue-detenido-en-israel-y-sera-extraditado-a-mexico\\\/#primaryimage\"},\"thumbnailUrl\":\"https:\\\/\\\/canal7slp.tv\\\/2023\\\/wp-content\\\/uploads\\\/2023\\\/10\\\/01-1.jpg\",\"articleSection\":[\"NACIONALES\"],\"inLanguage\":\"es\"},{\"@type\":\"WebPage\",\"@id\":\"https:\\\/\\\/canal7slp.tv\\\/2023\\\/andres-roemer-fue-detenido-en-israel-y-sera-extraditado-a-mexico\\\/\",\"url\":\"https:\\\/\\\/canal7slp.tv\\\/2023\\\/andres-roemer-fue-detenido-en-israel-y-sera-extraditado-a-mexico\\\/\",\"name\":\"Andr\u00e9s Roemer fue detenido en Israel y ser\u00e1 extraditado a M\u00e9xico - Canal 7 SLP - 2023\",\"isPartOf\":{\"@id\":\"https:\\\/\\\/canal7slp.tv\\\/2023\\\/#website\"},\"primaryImageOfPage\":{\"@id\":\"https:\\\/\\\/canal7slp.tv\\\/2023\\\/andres-roemer-fue-detenido-en-israel-y-sera-extraditado-a-mexico\\\/#primaryimage\"},\"image\":{\"@id\":\"https:\\\/\\\/canal7slp.tv\\\/2023\\\/andres-roemer-fue-detenido-en-israel-y-sera-extraditado-a-mexico\\\/#primaryimage\"},\"thumbnailUrl\":\"https:\\\/\\\/canal7slp.tv\\\/2023\\\/wp-content\\\/uploads\\\/2023\\\/10\\\/01-1.jpg\",\"datePublished\":\"2023-10-02T22:56:41+00:00\",\"breadcrumb\":{\"@id\":\"https:\\\/\\\/canal7slp.tv\\\/2023\\\/andres-roemer-fue-detenido-en-israel-y-sera-extraditado-a-mexico\\\/#breadcrumb\"},\"inLanguage\":\"es\",\"potentialAction\":[{\"@type\":\"ReadAction\",\"target\":[\"https:\\\/\\\/canal7slp.tv\\\/2023\\\/andres-roemer-fue-detenido-en-israel-y-sera-extraditado-a-mexico\\\/\"]}]},{\"@type\":\"ImageObject\",\"inLanguage\":\"es\",\"@id\":\"https:\\\/\\\/canal7slp.tv\\\/2023\\\/andres-roemer-fue-detenido-en-israel-y-sera-extraditado-a-mexico\\\/#primaryimage\",\"url\":\"https:\\\/\\\/canal7slp.tv\\\/2023\\\/wp-content\\\/uploads\\\/2023\\\/10\\\/01-1.jpg\",\"contentUrl\":\"https:\\\/\\\/canal7slp.tv\\\/2023\\\/wp-content\\\/uploads\\\/2023\\\/10\\\/01-1.jpg\",\"width\":1600,\"height\":900},{\"@type\":\"BreadcrumbList\",\"@id\":\"https:\\\/\\\/canal7slp.tv\\\/2023\\\/andres-roemer-fue-detenido-en-israel-y-sera-extraditado-a-mexico\\\/#breadcrumb\",\"itemListElement\":[{\"@type\":\"ListItem\",\"position\":1,\"name\":\"Portada\",\"item\":\"https:\\\/\\\/canal7slp.tv\\\/2023\\\/\"},{\"@type\":\"ListItem\",\"position\":2,\"name\":\"Andr\u00e9s Roemer fue detenido en Israel y ser\u00e1 extraditado a M\u00e9xico\"}]},{\"@type\":\"WebSite\",\"@id\":\"https:\\\/\\\/canal7slp.tv\\\/2023\\\/#website\",\"url\":\"https:\\\/\\\/canal7slp.tv\\\/2023\\\/\",\"name\":\"N7 - Noticieros Canal 7\",\"description\":\"Somos Televisi\u00f3n\",\"publisher\":{\"@id\":\"https:\\\/\\\/canal7slp.tv\\\/2023\\\/#organization\"},\"potentialAction\":[{\"@type\":\"SearchAction\",\"target\":{\"@type\":\"EntryPoint\",\"urlTemplate\":\"https:\\\/\\\/canal7slp.tv\\\/2023\\\/?s={search_term_string}\"},\"query-input\":{\"@type\":\"PropertyValueSpecification\",\"valueRequired\":true,\"valueName\":\"search_term_string\"}}],\"inLanguage\":\"es\"},{\"@type\":\"Organization\",\"@id\":\"https:\\\/\\\/canal7slp.tv\\\/2023\\\/#organization\",\"name\":\"Noticieros Canal 7\",\"url\":\"https:\\\/\\\/canal7slp.tv\\\/2023\\\/\",\"logo\":{\"@type\":\"ImageObject\",\"inLanguage\":\"es\",\"@id\":\"https:\\\/\\\/canal7slp.tv\\\/2023\\\/#\\\/schema\\\/logo\\\/image\\\/\",\"url\":\"https:\\\/\\\/canal7slp.tv\\\/2023\\\/wp-content\\\/uploads\\\/2021\\\/01\\\/logo-noticieros@2x.png\",\"contentUrl\":\"https:\\\/\\\/canal7slp.tv\\\/2023\\\/wp-content\\\/uploads\\\/2021\\\/01\\\/logo-noticieros@2x.png\",\"width\":1017,\"height\":268,\"caption\":\"Noticieros Canal 7\"},\"image\":{\"@id\":\"https:\\\/\\\/canal7slp.tv\\\/2023\\\/#\\\/schema\\\/logo\\\/image\\\/\"},\"sameAs\":[\"https:\\\/\\\/www.facebook.com\\\/noticieroscanalsiete\",\"https:\\\/\\\/x.com\\\/NOTICIEROS7\",\"https:\\\/\\\/www.instagram.com\\\/canal7_slp\",\"https:\\\/\\\/www.youtube.com\\\/channel\\\/UCliiYs-gP3JfJeqdPrNdd5A\"]},{\"@type\":\"Person\",\"@id\":\"https:\\\/\\\/canal7slp.tv\\\/2023\\\/#\\\/schema\\\/person\\\/639c424e3584069003b11ae813915da6\",\"name\":\"Edici\u00f3n Web\",\"image\":{\"@type\":\"ImageObject\",\"inLanguage\":\"es\",\"@id\":\"https:\\\/\\\/secure.gravatar.com\\\/avatar\\\/eee448fc3f7164808013b816ba91ac7e43bbe82a70bebac296f8bc6f0addaa1a?s=96&d=mm&r=g\",\"url\":\"https:\\\/\\\/secure.gravatar.com\\\/avatar\\\/eee448fc3f7164808013b816ba91ac7e43bbe82a70bebac296f8bc6f0addaa1a?s=96&d=mm&r=g\",\"contentUrl\":\"https:\\\/\\\/secure.gravatar.com\\\/avatar\\\/eee448fc3f7164808013b816ba91ac7e43bbe82a70bebac296f8bc6f0addaa1a?s=96&d=mm&r=g\",\"caption\":\"Edici\u00f3n Web\"},\"url\":\"https:\\\/\\\/canal7slp.tv\\\/2023\\\/author\\\/edicionweb\\\/\"}]}<\/script>\n<!-- \/ Yoast SEO plugin. -->","yoast_head_json":{"title":"Andr\u00e9s Roemer fue detenido en Israel y ser\u00e1 extraditado a M\u00e9xico - Canal 7 SLP - 2023","robots":{"index":"index","follow":"follow","max-snippet":"max-snippet:-1","max-image-preview":"max-image-preview:large","max-video-preview":"max-video-preview:-1"},"canonical":"https:\/\/canal7slp.tv\/2023\/andres-roemer-fue-detenido-en-israel-y-sera-extraditado-a-mexico\/","og_locale":"es_ES","og_type":"article","og_title":"Andr\u00e9s Roemer fue detenido en Israel y ser\u00e1 extraditado a M\u00e9xico - Canal 7 SLP - 2023","og_description":"M\u00e9xico.- El presidente Andr\u00e9s Manuel L\u00f3pez Obrador confirm\u00f3 que el escritor y exdiplom\u00e1tico mexicano Andr\u00e9s Roemer ha sido detenido por la Polic\u00eda de Israel debido a acusaciones de presunto acoso sexual. Seg\u00fan inform\u00f3 el mandatario, Roemer ser\u00e1 extraditado a M\u00e9xico. Durante \u201cLa Ma\u00f1anera\u201d, L\u00f3pez Obrador mencion\u00f3 que la Secretar\u00eda de Relaciones Exteriores (SRE) dar\u00e1 m\u00e1s detalles sobre este caso. Es importante recordad que desde 2021, M\u00e9xico ha presentado cinco solicitudes formales de extradici\u00f3n contra Roemer ante Israel, acus\u00e1ndolo de abuso sexual agravado y violaci\u00f3n. En febrero de 2021, varias mujeres valientemente rompieron su silencio y acusaron p\u00fablicamente al escritor de [&hellip;]","og_url":"https:\/\/canal7slp.tv\/2023\/andres-roemer-fue-detenido-en-israel-y-sera-extraditado-a-mexico\/","og_site_name":"Canal 7 SLP - 2023","article_publisher":"https:\/\/www.facebook.com\/noticieroscanalsiete","article_published_time":"2023-10-02T22:56:41+00:00","og_image":[{"width":1600,"height":900,"url":"https:\/\/canal7slp.tv\/2023\/wp-content\/uploads\/2023\/10\/01-1.jpg","type":"image\/jpeg"}],"author":"Edici\u00f3n Web","twitter_card":"summary_large_image","twitter_creator":"@NOTICIEROS7","twitter_site":"@NOTICIEROS7","twitter_misc":{"Escrito por":"Edici\u00f3n Web","Tiempo de lectura":"1 minuto"},"schema":{"@context":"https:\/\/schema.org","@graph":[{"@type":"Article","@id":"https:\/\/canal7slp.tv\/2023\/andres-roemer-fue-detenido-en-israel-y-sera-extraditado-a-mexico\/#article","isPartOf":{"@id":"https:\/\/canal7slp.tv\/2023\/andres-roemer-fue-detenido-en-israel-y-sera-extraditado-a-mexico\/"},"author":{"name":"Edici\u00f3n Web","@id":"https:\/\/canal7slp.tv\/2023\/#\/schema\/person\/639c424e3584069003b11ae813915da6"},"headline":"Andr\u00e9s Roemer fue detenido en Israel y ser\u00e1 extraditado a M\u00e9xico","datePublished":"2023-10-02T22:56:41+00:00","mainEntityOfPage":{"@id":"https:\/\/canal7slp.tv\/2023\/andres-roemer-fue-detenido-en-israel-y-sera-extraditado-a-mexico\/"},"wordCount":187,"publisher":{"@id":"https:\/\/canal7slp.tv\/2023\/#organization"},"image":{"@id":"https:\/\/canal7slp.tv\/2023\/andres-roemer-fue-detenido-en-israel-y-sera-extraditado-a-mexico\/#primaryimage"},"thumbnailUrl":"https:\/\/canal7slp.tv\/2023\/wp-content\/uploads\/2023\/10\/01-1.jpg","articleSection":["NACIONALES"],"inLanguage":"es"},{"@type":"WebPage","@id":"https:\/\/canal7slp.tv\/2023\/andres-roemer-fue-detenido-en-israel-y-sera-extraditado-a-mexico\/","url":"https:\/\/canal7slp.tv\/2023\/andres-roemer-fue-detenido-en-israel-y-sera-extraditado-a-mexico\/","name":"Andr\u00e9s Roemer fue detenido en Israel y ser\u00e1 extraditado a M\u00e9xico - Canal 7 SLP - 2023","isPartOf":{"@id":"https:\/\/canal7slp.tv\/2023\/#website"},"primaryImageOfPage":{"@id":"https:\/\/canal7slp.tv\/2023\/andres-roemer-fue-detenido-en-israel-y-sera-extraditado-a-mexico\/#primaryimage"},"image":{"@id":"https:\/\/canal7slp.tv\/2023\/andres-roemer-fue-detenido-en-israel-y-sera-extraditado-a-mexico\/#primaryimage"},"thumbnailUrl":"https:\/\/canal7slp.tv\/2023\/wp-content\/uploads\/2023\/10\/01-1.jpg","datePublished":"2023-10-02T22:56:41+00:00","breadcrumb":{"@id":"https:\/\/canal7slp.tv\/2023\/andres-roemer-fue-detenido-en-israel-y-sera-extraditado-a-mexico\/#breadcrumb"},"inLanguage":"es","potentialAction":[{"@type":"ReadAction","target":["https:\/\/canal7slp.tv\/2023\/andres-roemer-fue-detenido-en-israel-y-sera-extraditado-a-mexico\/"]}]},{"@type":"ImageObject","inLanguage":"es","@id":"https:\/\/canal7slp.tv\/2023\/andres-roemer-fue-detenido-en-israel-y-sera-extraditado-a-mexico\/#primaryimage","url":"https:\/\/canal7slp.tv\/2023\/wp-content\/uploads\/2023\/10\/01-1.jpg","contentUrl":"https:\/\/canal7slp.tv\/2023\/wp-content\/uploads\/2023\/10\/01-1.jpg","width":1600,"height":900},{"@type":"BreadcrumbList","@id":"https:\/\/canal7slp.tv\/2023\/andres-roemer-fue-detenido-en-israel-y-sera-extraditado-a-mexico\/#breadcrumb","itemListElement":[{"@type":"ListItem","position":1,"name":"Portada","item":"https:\/\/canal7slp.tv\/2023\/"},{"@type":"ListItem","position":2,"name":"Andr\u00e9s Roemer fue detenido en Israel y ser\u00e1 extraditado a M\u00e9xico"}]},{"@type":"WebSite","@id":"https:\/\/canal7slp.tv\/2023\/#website","url":"https:\/\/canal7slp.tv\/2023\/","name":"N7 - Noticieros Canal 7","description":"Somos Televisi\u00f3n","publisher":{"@id":"https:\/\/canal7slp.tv\/2023\/#organization"},"potentialAction":[{"@type":"SearchAction","target":{"@type":"EntryPoint","urlTemplate":"https:\/\/canal7slp.tv\/2023\/?s={search_term_string}"},"query-input":{"@type":"PropertyValueSpecification","valueRequired":true,"valueName":"search_term_string"}}],"inLanguage":"es"},{"@type":"Organization","@id":"https:\/\/canal7slp.tv\/2023\/#organization","name":"Noticieros Canal 7","url":"https:\/\/canal7slp.tv\/2023\/","logo":{"@type":"ImageObject","inLanguage":"es","@id":"https:\/\/canal7slp.tv\/2023\/#\/schema\/logo\/image\/","url":"https:\/\/canal7slp.tv\/2023\/wp-content\/uploads\/2021\/01\/logo-noticieros@2x.png","contentUrl":"https:\/\/canal7slp.tv\/2023\/wp-content\/uploads\/2021\/01\/logo-noticieros@2x.png","width":1017,"height":268,"caption":"Noticieros Canal 7"},"image":{"@id":"https:\/\/canal7slp.tv\/2023\/#\/schema\/logo\/image\/"},"sameAs":["https:\/\/www.facebook.com\/noticieroscanalsiete","https:\/\/x.com\/NOTICIEROS7","https:\/\/www.instagram.com\/canal7_slp","https:\/\/www.youtube.com\/channel\/UCliiYs-gP3JfJeqdPrNdd5A"]},{"@type":"Person","@id":"https:\/\/canal7slp.tv\/2023\/#\/schema\/person\/639c424e3584069003b11ae813915da6","name":"Edici\u00f3n Web","image":{"@type":"ImageObject","inLanguage":"es","@id":"https:\/\/secure.gravatar.com\/avatar\/eee448fc3f7164808013b816ba91ac7e43bbe82a70bebac296f8bc6f0addaa1a?s=96&d=mm&r=g","url":"https:\/\/secure.gravatar.com\/avatar\/eee448fc3f7164808013b816ba91ac7e43bbe82a70bebac296f8bc6f0addaa1a?s=96&d=mm&r=g","contentUrl":"https:\/\/secure.gravatar.com\/avatar\/eee448fc3f7164808013b816ba91ac7e43bbe82a70bebac296f8bc6f0addaa1a?s=96&d=mm&r=g","caption":"Edici\u00f3n Web"},"url":"https:\/\/canal7slp.tv\/2023\/author\/edicionweb\/"}]}},"_links":{"self":[{"href":"https:\/\/canal7slp.tv\/2023\/wp-json\/wp\/v2\/posts\/108817","targetHints":{"allow":["GET"]}}],"collection":[{"href":"https:\/\/canal7slp.tv\/2023\/wp-json\/wp\/v2\/posts"}],"about":[{"href":"https:\/\/canal7slp.tv\/2023\/wp-json\/wp\/v2\/types\/post"}],"author":[{"embeddable":true,"href":"https:\/\/canal7slp.tv\/2023\/wp-json\/wp\/v2\/users\/2"}],"replies":[{"embeddable":true,"href":"https:\/\/canal7slp.tv\/2023\/wp-json\/wp\/v2\/comments?post=108817"}],"version-history":[{"count":3,"href":"https:\/\/canal7slp.tv\/2023\/wp-json\/wp\/v2\/posts\/108817\/revisions"}],"predecessor-version":[{"id":108864,"href":"https:\/\/canal7slp.tv\/2023\/wp-json\/wp\/v2\/posts\/108817\/revisions\/108864"}],"wp:featuredmedia":[{"embeddable":true,"href":"https:\/\/canal7slp.tv\/2023\/wp-json\/wp\/v2\/media\/108831"}],"wp:attachment":[{"href":"https:\/\/canal7slp.tv\/2023\/wp-json\/wp\/v2\/media?parent=108817"}],"wp:term":[{"taxonomy":"category","embeddable":true,"href":"https:\/\/canal7slp.tv\/2023\/wp-json\/wp\/v2\/categories?post=108817"},{"taxonomy":"post_tag","embeddable":true,"href":"https:\/\/canal7slp.tv\/2023\/wp-json\/wp\/v2\/tags?post=108817"}],"curies":[{"name":"wp","href":"https:\/\/api.w.org\/{rel}","templated":true}]}}