{"id":108806,"date":"2023-10-02T14:05:09","date_gmt":"2023-10-02T20:05:09","guid":{"rendered":"https:\/\/canal7slp.tv\/2023\/?p=108806"},"modified":"2023-10-02T14:05:09","modified_gmt":"2023-10-02T20:05:09","slug":"lista-la-convocatoria-para-premio-municipal-del-deporte-2023","status":"publish","type":"post","link":"https:\/\/canal7slp.tv\/2023\/lista-la-convocatoria-para-premio-municipal-del-deporte-2023\/","title":{"rendered":"Lista la convocatoria para Premio Municipal del Deporte 2023"},"content":{"rendered":"<p style=\"text-align: justify;\">SLP.- Se dio a conocer la convocatoria para el Premio Municipal del Deporte 2023, el cual se conceder\u00e1 en cada una de las siguientes modalidades, En el deporte no profesional; En el deporte adaptado; Al entrenador, y Al deportista profesional omitiendo el incentivo econ\u00f3mico.<\/p>\n<p style=\"text-align: justify;\">El Premio consistir\u00e1\u0301 en un reconocimiento que se complementara\u0301 con un incentivo econ\u00f3mico de Cuarenta mil pesos para cada una de las modalidades, excepto la de deportista profesional, quien \u00fanicamente ser\u00e1\u0301 acreedor a la distinci\u00f3n.<\/p>\n<p style=\"text-align: justify;\">Se otorgara\u0301 a quienes, por su actuaci\u00f3n y desempe\u00f1o, hayan destacado en el \u00e1mbito deportivo en cualquiera de las modalidades se\u00f1aladas, durante el periodo comprendido entre el 01 de octubre de 2022 al 30 de septiembre de 2023.<\/p>\n<p style=\"text-align: justify;\">Para ser candidato al \u201cPremio\u201d en cualquiera de sus modalidades, se requiere haber nacido en el Municipio de San Luis Potos\u00ed\u0301, S.L.P.<\/p>\n","protected":false},"excerpt":{"rendered":"<p>SLP.- Se dio a conocer la convocatoria para el Premio Municipal del Deporte 2023, el cual se conceder\u00e1 en cada una de las siguientes modalidades, En el deporte no profesional; En el deporte adaptado; Al entrenador, y Al deportista profesional omitiendo el incentivo econ\u00f3mico. El Premio consistir\u00e1\u0301 en un reconocimiento que se complementara\u0301 con un incentivo econ\u00f3mico de Cuarenta mil pesos para cada una de las modalidades, excepto la de deportista profesional, quien \u00fanicamente ser\u00e1\u0301 acreedor a la distinci\u00f3n. Se otorgara\u0301 a quienes, por su actuaci\u00f3n y desempe\u00f1o, hayan destacado en el \u00e1mbito deportivo en cualquiera de las modalidades se\u00f1aladas, [&hellip;]<\/p>\n","protected":false},"author":2,"featured_media":108813,"comment_status":"closed","ping_status":"closed","sticky":false,"template":"","format":"video","meta":{"footnotes":""},"categories":[7,5],"tags":[],"class_list":["post-108806","post","type-post","status-publish","format-video","has-post-thumbnail","hentry","category-deportes","category-destacadas","post_format-post-format-video","post--single"],"yoast_head":"<!-- This site is optimized with the Yoast SEO plugin v27.5 - https:\/\/yoast.com\/product\/yoast-seo-wordpress\/ -->\n<title>Lista la convocatoria para Premio Municipal del Deporte 2023 - Canal 7 SLP - 2023<\/title>\n<meta name=\"robots\" content=\"index, follow, max-snippet:-1, max-image-preview:large, max-video-preview:-1\" \/>\n<link rel=\"canonical\" href=\"https:\/\/canal7slp.tv\/2023\/lista-la-convocatoria-para-premio-municipal-del-deporte-2023\/\" \/>\n<meta property=\"og:locale\" content=\"es_ES\" \/>\n<meta property=\"og:type\" content=\"article\" \/>\n<meta property=\"og:title\" content=\"Lista la convocatoria para Premio Municipal del Deporte 2023 - Canal 7 SLP - 2023\" \/>\n<meta property=\"og:description\" content=\"SLP.- Se dio a conocer la convocatoria para el Premio Municipal del Deporte 2023, el cual se conceder\u00e1 en cada una de las siguientes modalidades, En el deporte no profesional; En el deporte adaptado; Al entrenador, y Al deportista profesional omitiendo el incentivo econ\u00f3mico. El Premio consistir\u00e1\u0301 en un reconocimiento que se complementara\u0301 con un incentivo econ\u00f3mico de Cuarenta mil pesos para cada una de las modalidades, excepto la de deportista profesional, quien \u00fanicamente ser\u00e1\u0301 acreedor a la distinci\u00f3n. Se otorgara\u0301 a quienes, por su actuaci\u00f3n y desempe\u00f1o, hayan destacado en el \u00e1mbito deportivo en cualquiera de las modalidades se\u00f1aladas, [&hellip;]\" \/>\n<meta property=\"og:url\" content=\"https:\/\/canal7slp.tv\/2023\/lista-la-convocatoria-para-premio-municipal-del-deporte-2023\/\" \/>\n<meta property=\"og:site_name\" content=\"Canal 7 SLP - 2023\" \/>\n<meta property=\"article:publisher\" content=\"https:\/\/www.facebook.com\/noticieroscanalsiete\" \/>\n<meta property=\"article:published_time\" content=\"2023-10-02T20:05:09+00:00\" \/>\n<meta property=\"og:image\" content=\"https:\/\/canal7slp.tv\/2023\/wp-content\/uploads\/2023\/10\/Froi02Municipal.jpg\" \/>\n\t<meta property=\"og:image:width\" content=\"1280\" \/>\n\t<meta property=\"og:image:height\" content=\"720\" \/>\n\t<meta property=\"og:image:type\" content=\"image\/jpeg\" \/>\n<meta name=\"author\" content=\"Edici\u00f3n Web\" \/>\n<meta name=\"twitter:card\" content=\"summary_large_image\" \/>\n<meta name=\"twitter:creator\" content=\"@NOTICIEROS7\" \/>\n<meta name=\"twitter:site\" content=\"@NOTICIEROS7\" \/>\n<meta name=\"twitter:label1\" content=\"Escrito por\" \/>\n\t<meta name=\"twitter:data1\" content=\"Edici\u00f3n Web\" \/>\n\t<meta name=\"twitter:label2\" content=\"Tiempo de lectura\" \/>\n\t<meta name=\"twitter:data2\" content=\"1 minuto\" \/>\n<script type=\"application\/ld+json\" class=\"yoast-schema-graph\">{\"@context\":\"https:\\\/\\\/schema.org\",\"@graph\":[{\"@type\":\"Article\",\"@id\":\"https:\\\/\\\/canal7slp.tv\\\/2023\\\/lista-la-convocatoria-para-premio-municipal-del-deporte-2023\\\/#article\",\"isPartOf\":{\"@id\":\"https:\\\/\\\/canal7slp.tv\\\/2023\\\/lista-la-convocatoria-para-premio-municipal-del-deporte-2023\\\/\"},\"author\":{\"name\":\"Edici\u00f3n Web\",\"@id\":\"https:\\\/\\\/canal7slp.tv\\\/2023\\\/#\\\/schema\\\/person\\\/639c424e3584069003b11ae813915da6\"},\"headline\":\"Lista la convocatoria para Premio Municipal del Deporte 2023\",\"datePublished\":\"2023-10-02T20:05:09+00:00\",\"mainEntityOfPage\":{\"@id\":\"https:\\\/\\\/canal7slp.tv\\\/2023\\\/lista-la-convocatoria-para-premio-municipal-del-deporte-2023\\\/\"},\"wordCount\":151,\"publisher\":{\"@id\":\"https:\\\/\\\/canal7slp.tv\\\/2023\\\/#organization\"},\"image\":{\"@id\":\"https:\\\/\\\/canal7slp.tv\\\/2023\\\/lista-la-convocatoria-para-premio-municipal-del-deporte-2023\\\/#primaryimage\"},\"thumbnailUrl\":\"https:\\\/\\\/canal7slp.tv\\\/2023\\\/wp-content\\\/uploads\\\/2023\\\/10\\\/Froi02Municipal.jpg\",\"articleSection\":[\"DEPORTES\",\"DESTACADAS\"],\"inLanguage\":\"es\"},{\"@type\":\"WebPage\",\"@id\":\"https:\\\/\\\/canal7slp.tv\\\/2023\\\/lista-la-convocatoria-para-premio-municipal-del-deporte-2023\\\/\",\"url\":\"https:\\\/\\\/canal7slp.tv\\\/2023\\\/lista-la-convocatoria-para-premio-municipal-del-deporte-2023\\\/\",\"name\":\"Lista la convocatoria para Premio Municipal del Deporte 2023 - Canal 7 SLP - 2023\",\"isPartOf\":{\"@id\":\"https:\\\/\\\/canal7slp.tv\\\/2023\\\/#website\"},\"primaryImageOfPage\":{\"@id\":\"https:\\\/\\\/canal7slp.tv\\\/2023\\\/lista-la-convocatoria-para-premio-municipal-del-deporte-2023\\\/#primaryimage\"},\"image\":{\"@id\":\"https:\\\/\\\/canal7slp.tv\\\/2023\\\/lista-la-convocatoria-para-premio-municipal-del-deporte-2023\\\/#primaryimage\"},\"thumbnailUrl\":\"https:\\\/\\\/canal7slp.tv\\\/2023\\\/wp-content\\\/uploads\\\/2023\\\/10\\\/Froi02Municipal.jpg\",\"datePublished\":\"2023-10-02T20:05:09+00:00\",\"breadcrumb\":{\"@id\":\"https:\\\/\\\/canal7slp.tv\\\/2023\\\/lista-la-convocatoria-para-premio-municipal-del-deporte-2023\\\/#breadcrumb\"},\"inLanguage\":\"es\",\"potentialAction\":[{\"@type\":\"ReadAction\",\"target\":[\"https:\\\/\\\/canal7slp.tv\\\/2023\\\/lista-la-convocatoria-para-premio-municipal-del-deporte-2023\\\/\"]}]},{\"@type\":\"ImageObject\",\"inLanguage\":\"es\",\"@id\":\"https:\\\/\\\/canal7slp.tv\\\/2023\\\/lista-la-convocatoria-para-premio-municipal-del-deporte-2023\\\/#primaryimage\",\"url\":\"https:\\\/\\\/canal7slp.tv\\\/2023\\\/wp-content\\\/uploads\\\/2023\\\/10\\\/Froi02Municipal.jpg\",\"contentUrl\":\"https:\\\/\\\/canal7slp.tv\\\/2023\\\/wp-content\\\/uploads\\\/2023\\\/10\\\/Froi02Municipal.jpg\",\"width\":1280,\"height\":720},{\"@type\":\"BreadcrumbList\",\"@id\":\"https:\\\/\\\/canal7slp.tv\\\/2023\\\/lista-la-convocatoria-para-premio-municipal-del-deporte-2023\\\/#breadcrumb\",\"itemListElement\":[{\"@type\":\"ListItem\",\"position\":1,\"name\":\"Portada\",\"item\":\"https:\\\/\\\/canal7slp.tv\\\/2023\\\/\"},{\"@type\":\"ListItem\",\"position\":2,\"name\":\"Lista la convocatoria para Premio Municipal del Deporte 2023\"}]},{\"@type\":\"WebSite\",\"@id\":\"https:\\\/\\\/canal7slp.tv\\\/2023\\\/#website\",\"url\":\"https:\\\/\\\/canal7slp.tv\\\/2023\\\/\",\"name\":\"N7 - Noticieros Canal 7\",\"description\":\"Somos Televisi\u00f3n\",\"publisher\":{\"@id\":\"https:\\\/\\\/canal7slp.tv\\\/2023\\\/#organization\"},\"potentialAction\":[{\"@type\":\"SearchAction\",\"target\":{\"@type\":\"EntryPoint\",\"urlTemplate\":\"https:\\\/\\\/canal7slp.tv\\\/2023\\\/?s={search_term_string}\"},\"query-input\":{\"@type\":\"PropertyValueSpecification\",\"valueRequired\":true,\"valueName\":\"search_term_string\"}}],\"inLanguage\":\"es\"},{\"@type\":\"Organization\",\"@id\":\"https:\\\/\\\/canal7slp.tv\\\/2023\\\/#organization\",\"name\":\"Noticieros Canal 7\",\"url\":\"https:\\\/\\\/canal7slp.tv\\\/2023\\\/\",\"logo\":{\"@type\":\"ImageObject\",\"inLanguage\":\"es\",\"@id\":\"https:\\\/\\\/canal7slp.tv\\\/2023\\\/#\\\/schema\\\/logo\\\/image\\\/\",\"url\":\"https:\\\/\\\/canal7slp.tv\\\/2023\\\/wp-content\\\/uploads\\\/2021\\\/01\\\/logo-noticieros@2x.png\",\"contentUrl\":\"https:\\\/\\\/canal7slp.tv\\\/2023\\\/wp-content\\\/uploads\\\/2021\\\/01\\\/logo-noticieros@2x.png\",\"width\":1017,\"height\":268,\"caption\":\"Noticieros Canal 7\"},\"image\":{\"@id\":\"https:\\\/\\\/canal7slp.tv\\\/2023\\\/#\\\/schema\\\/logo\\\/image\\\/\"},\"sameAs\":[\"https:\\\/\\\/www.facebook.com\\\/noticieroscanalsiete\",\"https:\\\/\\\/x.com\\\/NOTICIEROS7\",\"https:\\\/\\\/www.instagram.com\\\/canal7_slp\",\"https:\\\/\\\/www.youtube.com\\\/channel\\\/UCliiYs-gP3JfJeqdPrNdd5A\"]},{\"@type\":\"Person\",\"@id\":\"https:\\\/\\\/canal7slp.tv\\\/2023\\\/#\\\/schema\\\/person\\\/639c424e3584069003b11ae813915da6\",\"name\":\"Edici\u00f3n Web\",\"image\":{\"@type\":\"ImageObject\",\"inLanguage\":\"es\",\"@id\":\"https:\\\/\\\/secure.gravatar.com\\\/avatar\\\/eee448fc3f7164808013b816ba91ac7e43bbe82a70bebac296f8bc6f0addaa1a?s=96&d=mm&r=g\",\"url\":\"https:\\\/\\\/secure.gravatar.com\\\/avatar\\\/eee448fc3f7164808013b816ba91ac7e43bbe82a70bebac296f8bc6f0addaa1a?s=96&d=mm&r=g\",\"contentUrl\":\"https:\\\/\\\/secure.gravatar.com\\\/avatar\\\/eee448fc3f7164808013b816ba91ac7e43bbe82a70bebac296f8bc6f0addaa1a?s=96&d=mm&r=g\",\"caption\":\"Edici\u00f3n Web\"},\"url\":\"https:\\\/\\\/canal7slp.tv\\\/2023\\\/author\\\/edicionweb\\\/\"}]}<\/script>\n<!-- \/ Yoast SEO plugin. -->","yoast_head_json":{"title":"Lista la convocatoria para Premio Municipal del Deporte 2023 - Canal 7 SLP - 2023","robots":{"index":"index","follow":"follow","max-snippet":"max-snippet:-1","max-image-preview":"max-image-preview:large","max-video-preview":"max-video-preview:-1"},"canonical":"https:\/\/canal7slp.tv\/2023\/lista-la-convocatoria-para-premio-municipal-del-deporte-2023\/","og_locale":"es_ES","og_type":"article","og_title":"Lista la convocatoria para Premio Municipal del Deporte 2023 - Canal 7 SLP - 2023","og_description":"SLP.- Se dio a conocer la convocatoria para el Premio Municipal del Deporte 2023, el cual se conceder\u00e1 en cada una de las siguientes modalidades, En el deporte no profesional; En el deporte adaptado; Al entrenador, y Al deportista profesional omitiendo el incentivo econ\u00f3mico. El Premio consistir\u00e1\u0301 en un reconocimiento que se complementara\u0301 con un incentivo econ\u00f3mico de Cuarenta mil pesos para cada una de las modalidades, excepto la de deportista profesional, quien \u00fanicamente ser\u00e1\u0301 acreedor a la distinci\u00f3n. Se otorgara\u0301 a quienes, por su actuaci\u00f3n y desempe\u00f1o, hayan destacado en el \u00e1mbito deportivo en cualquiera de las modalidades se\u00f1aladas, [&hellip;]","og_url":"https:\/\/canal7slp.tv\/2023\/lista-la-convocatoria-para-premio-municipal-del-deporte-2023\/","og_site_name":"Canal 7 SLP - 2023","article_publisher":"https:\/\/www.facebook.com\/noticieroscanalsiete","article_published_time":"2023-10-02T20:05:09+00:00","og_image":[{"width":1280,"height":720,"url":"https:\/\/canal7slp.tv\/2023\/wp-content\/uploads\/2023\/10\/Froi02Municipal.jpg","type":"image\/jpeg"}],"author":"Edici\u00f3n Web","twitter_card":"summary_large_image","twitter_creator":"@NOTICIEROS7","twitter_site":"@NOTICIEROS7","twitter_misc":{"Escrito por":"Edici\u00f3n Web","Tiempo de lectura":"1 minuto"},"schema":{"@context":"https:\/\/schema.org","@graph":[{"@type":"Article","@id":"https:\/\/canal7slp.tv\/2023\/lista-la-convocatoria-para-premio-municipal-del-deporte-2023\/#article","isPartOf":{"@id":"https:\/\/canal7slp.tv\/2023\/lista-la-convocatoria-para-premio-municipal-del-deporte-2023\/"},"author":{"name":"Edici\u00f3n Web","@id":"https:\/\/canal7slp.tv\/2023\/#\/schema\/person\/639c424e3584069003b11ae813915da6"},"headline":"Lista la convocatoria para Premio Municipal del Deporte 2023","datePublished":"2023-10-02T20:05:09+00:00","mainEntityOfPage":{"@id":"https:\/\/canal7slp.tv\/2023\/lista-la-convocatoria-para-premio-municipal-del-deporte-2023\/"},"wordCount":151,"publisher":{"@id":"https:\/\/canal7slp.tv\/2023\/#organization"},"image":{"@id":"https:\/\/canal7slp.tv\/2023\/lista-la-convocatoria-para-premio-municipal-del-deporte-2023\/#primaryimage"},"thumbnailUrl":"https:\/\/canal7slp.tv\/2023\/wp-content\/uploads\/2023\/10\/Froi02Municipal.jpg","articleSection":["DEPORTES","DESTACADAS"],"inLanguage":"es"},{"@type":"WebPage","@id":"https:\/\/canal7slp.tv\/2023\/lista-la-convocatoria-para-premio-municipal-del-deporte-2023\/","url":"https:\/\/canal7slp.tv\/2023\/lista-la-convocatoria-para-premio-municipal-del-deporte-2023\/","name":"Lista la convocatoria para Premio Municipal del Deporte 2023 - Canal 7 SLP - 2023","isPartOf":{"@id":"https:\/\/canal7slp.tv\/2023\/#website"},"primaryImageOfPage":{"@id":"https:\/\/canal7slp.tv\/2023\/lista-la-convocatoria-para-premio-municipal-del-deporte-2023\/#primaryimage"},"image":{"@id":"https:\/\/canal7slp.tv\/2023\/lista-la-convocatoria-para-premio-municipal-del-deporte-2023\/#primaryimage"},"thumbnailUrl":"https:\/\/canal7slp.tv\/2023\/wp-content\/uploads\/2023\/10\/Froi02Municipal.jpg","datePublished":"2023-10-02T20:05:09+00:00","breadcrumb":{"@id":"https:\/\/canal7slp.tv\/2023\/lista-la-convocatoria-para-premio-municipal-del-deporte-2023\/#breadcrumb"},"inLanguage":"es","potentialAction":[{"@type":"ReadAction","target":["https:\/\/canal7slp.tv\/2023\/lista-la-convocatoria-para-premio-municipal-del-deporte-2023\/"]}]},{"@type":"ImageObject","inLanguage":"es","@id":"https:\/\/canal7slp.tv\/2023\/lista-la-convocatoria-para-premio-municipal-del-deporte-2023\/#primaryimage","url":"https:\/\/canal7slp.tv\/2023\/wp-content\/uploads\/2023\/10\/Froi02Municipal.jpg","contentUrl":"https:\/\/canal7slp.tv\/2023\/wp-content\/uploads\/2023\/10\/Froi02Municipal.jpg","width":1280,"height":720},{"@type":"BreadcrumbList","@id":"https:\/\/canal7slp.tv\/2023\/lista-la-convocatoria-para-premio-municipal-del-deporte-2023\/#breadcrumb","itemListElement":[{"@type":"ListItem","position":1,"name":"Portada","item":"https:\/\/canal7slp.tv\/2023\/"},{"@type":"ListItem","position":2,"name":"Lista la convocatoria para Premio Municipal del Deporte 2023"}]},{"@type":"WebSite","@id":"https:\/\/canal7slp.tv\/2023\/#website","url":"https:\/\/canal7slp.tv\/2023\/","name":"N7 - Noticieros Canal 7","description":"Somos Televisi\u00f3n","publisher":{"@id":"https:\/\/canal7slp.tv\/2023\/#organization"},"potentialAction":[{"@type":"SearchAction","target":{"@type":"EntryPoint","urlTemplate":"https:\/\/canal7slp.tv\/2023\/?s={search_term_string}"},"query-input":{"@type":"PropertyValueSpecification","valueRequired":true,"valueName":"search_term_string"}}],"inLanguage":"es"},{"@type":"Organization","@id":"https:\/\/canal7slp.tv\/2023\/#organization","name":"Noticieros Canal 7","url":"https:\/\/canal7slp.tv\/2023\/","logo":{"@type":"ImageObject","inLanguage":"es","@id":"https:\/\/canal7slp.tv\/2023\/#\/schema\/logo\/image\/","url":"https:\/\/canal7slp.tv\/2023\/wp-content\/uploads\/2021\/01\/logo-noticieros@2x.png","contentUrl":"https:\/\/canal7slp.tv\/2023\/wp-content\/uploads\/2021\/01\/logo-noticieros@2x.png","width":1017,"height":268,"caption":"Noticieros Canal 7"},"image":{"@id":"https:\/\/canal7slp.tv\/2023\/#\/schema\/logo\/image\/"},"sameAs":["https:\/\/www.facebook.com\/noticieroscanalsiete","https:\/\/x.com\/NOTICIEROS7","https:\/\/www.instagram.com\/canal7_slp","https:\/\/www.youtube.com\/channel\/UCliiYs-gP3JfJeqdPrNdd5A"]},{"@type":"Person","@id":"https:\/\/canal7slp.tv\/2023\/#\/schema\/person\/639c424e3584069003b11ae813915da6","name":"Edici\u00f3n Web","image":{"@type":"ImageObject","inLanguage":"es","@id":"https:\/\/secure.gravatar.com\/avatar\/eee448fc3f7164808013b816ba91ac7e43bbe82a70bebac296f8bc6f0addaa1a?s=96&d=mm&r=g","url":"https:\/\/secure.gravatar.com\/avatar\/eee448fc3f7164808013b816ba91ac7e43bbe82a70bebac296f8bc6f0addaa1a?s=96&d=mm&r=g","contentUrl":"https:\/\/secure.gravatar.com\/avatar\/eee448fc3f7164808013b816ba91ac7e43bbe82a70bebac296f8bc6f0addaa1a?s=96&d=mm&r=g","caption":"Edici\u00f3n Web"},"url":"https:\/\/canal7slp.tv\/2023\/author\/edicionweb\/"}]}},"_links":{"self":[{"href":"https:\/\/canal7slp.tv\/2023\/wp-json\/wp\/v2\/posts\/108806","targetHints":{"allow":["GET"]}}],"collection":[{"href":"https:\/\/canal7slp.tv\/2023\/wp-json\/wp\/v2\/posts"}],"about":[{"href":"https:\/\/canal7slp.tv\/2023\/wp-json\/wp\/v2\/types\/post"}],"author":[{"embeddable":true,"href":"https:\/\/canal7slp.tv\/2023\/wp-json\/wp\/v2\/users\/2"}],"replies":[{"embeddable":true,"href":"https:\/\/canal7slp.tv\/2023\/wp-json\/wp\/v2\/comments?post=108806"}],"version-history":[{"count":2,"href":"https:\/\/canal7slp.tv\/2023\/wp-json\/wp\/v2\/posts\/108806\/revisions"}],"predecessor-version":[{"id":108814,"href":"https:\/\/canal7slp.tv\/2023\/wp-json\/wp\/v2\/posts\/108806\/revisions\/108814"}],"wp:featuredmedia":[{"embeddable":true,"href":"https:\/\/canal7slp.tv\/2023\/wp-json\/wp\/v2\/media\/108813"}],"wp:attachment":[{"href":"https:\/\/canal7slp.tv\/2023\/wp-json\/wp\/v2\/media?parent=108806"}],"wp:term":[{"taxonomy":"category","embeddable":true,"href":"https:\/\/canal7slp.tv\/2023\/wp-json\/wp\/v2\/categories?post=108806"},{"taxonomy":"post_tag","embeddable":true,"href":"https:\/\/canal7slp.tv\/2023\/wp-json\/wp\/v2\/tags?post=108806"}],"curies":[{"name":"wp","href":"https:\/\/api.w.org\/{rel}","templated":true}]}}