{"id":108764,"date":"2023-10-02T15:53:59","date_gmt":"2023-10-02T21:53:59","guid":{"rendered":"https:\/\/canal7slp.tv\/2023\/?p=108764"},"modified":"2023-10-02T15:53:59","modified_gmt":"2023-10-02T21:53:59","slug":"comparecera-xochitl-galvez-ante-la-unam-por-acusaciones-de-plagio","status":"publish","type":"post","link":"https:\/\/canal7slp.tv\/2023\/comparecera-xochitl-galvez-ante-la-unam-por-acusaciones-de-plagio\/","title":{"rendered":"Comparecer\u00e1 X\u00f3chitl G\u00e1lvez ante la UNAM, por acusaciones de plagio"},"content":{"rendered":"<p style=\"text-align: justify;\">M\u00e9xico.- La virtual candidata presidencial del Frente Amplio por M\u00e9xico, X\u00f3chitl G\u00e1lvez, ha revelado que ha recibido una carta de la Universidad Nacional Aut\u00f3noma de M\u00e9xico (UNAM) sobre el presunto plagio en su informe de titulaci\u00f3n profesional.<\/p>\n<p style=\"text-align: justify;\">En una entrevista en Quer\u00e9taro, G\u00e1lvez dijo que pronto comparecer\u00e1 ante las autoridades de la UNAM. La senadora del PAN e ingeniera de profesi\u00f3n por la Facultad de Ingenier\u00eda de la UNAM ha aclarado que no hizo una tesis, sino un informe, y que se titul\u00f3 por experiencia profesional.<\/p>\n<p style=\"text-align: justify;\">La UNAM ha iniciado un an\u00e1lisis al informe de G\u00e1lvez despu\u00e9s de que se descubrieran seis p\u00e1rrafos copiados de manuales t\u00e9cnicos de equipos instalados en edificios inteligentes.<\/p>\n<p style=\"text-align: justify;\">La Comisi\u00f3n de \u00c9tica y el Consejo T\u00e9cnico analizar\u00e1n el caso en apego al art\u00edculo 36 del Reglamento General de Ex\u00e1menes de la UNAM.<\/p>\n","protected":false},"excerpt":{"rendered":"<p>M\u00e9xico.- La virtual candidata presidencial del Frente Amplio por M\u00e9xico, X\u00f3chitl G\u00e1lvez, ha revelado que ha recibido una carta de la Universidad Nacional Aut\u00f3noma de M\u00e9xico (UNAM) sobre el presunto plagio en su informe de titulaci\u00f3n profesional. En una entrevista en Quer\u00e9taro, G\u00e1lvez dijo que pronto comparecer\u00e1 ante las autoridades de la UNAM. La senadora del PAN e ingeniera de profesi\u00f3n por la Facultad de Ingenier\u00eda de la UNAM ha aclarado que no hizo una tesis, sino un informe, y que se titul\u00f3 por experiencia profesional. La UNAM ha iniciado un an\u00e1lisis al informe de G\u00e1lvez despu\u00e9s de que se [&hellip;]<\/p>\n","protected":false},"author":2,"featured_media":108776,"comment_status":"closed","ping_status":"closed","sticky":false,"template":"","format":"standard","meta":{"footnotes":""},"categories":[46],"tags":[],"class_list":["post-108764","post","type-post","status-publish","format-standard","has-post-thumbnail","hentry","category-nacional","post--single"],"yoast_head":"<!-- This site is optimized with the Yoast SEO plugin v27.5 - https:\/\/yoast.com\/product\/yoast-seo-wordpress\/ -->\n<title>Comparecer\u00e1 X\u00f3chitl G\u00e1lvez ante la UNAM, por acusaciones de plagio - Canal 7 SLP - 2023<\/title>\n<meta name=\"robots\" content=\"index, follow, max-snippet:-1, max-image-preview:large, max-video-preview:-1\" \/>\n<link rel=\"canonical\" href=\"https:\/\/canal7slp.tv\/2023\/comparecera-xochitl-galvez-ante-la-unam-por-acusaciones-de-plagio\/\" \/>\n<meta property=\"og:locale\" content=\"es_ES\" \/>\n<meta property=\"og:type\" content=\"article\" \/>\n<meta property=\"og:title\" content=\"Comparecer\u00e1 X\u00f3chitl G\u00e1lvez ante la UNAM, por acusaciones de plagio - Canal 7 SLP - 2023\" \/>\n<meta property=\"og:description\" content=\"M\u00e9xico.- La virtual candidata presidencial del Frente Amplio por M\u00e9xico, X\u00f3chitl G\u00e1lvez, ha revelado que ha recibido una carta de la Universidad Nacional Aut\u00f3noma de M\u00e9xico (UNAM) sobre el presunto plagio en su informe de titulaci\u00f3n profesional. En una entrevista en Quer\u00e9taro, G\u00e1lvez dijo que pronto comparecer\u00e1 ante las autoridades de la UNAM. La senadora del PAN e ingeniera de profesi\u00f3n por la Facultad de Ingenier\u00eda de la UNAM ha aclarado que no hizo una tesis, sino un informe, y que se titul\u00f3 por experiencia profesional. La UNAM ha iniciado un an\u00e1lisis al informe de G\u00e1lvez despu\u00e9s de que se [&hellip;]\" \/>\n<meta property=\"og:url\" content=\"https:\/\/canal7slp.tv\/2023\/comparecera-xochitl-galvez-ante-la-unam-por-acusaciones-de-plagio\/\" \/>\n<meta property=\"og:site_name\" content=\"Canal 7 SLP - 2023\" \/>\n<meta property=\"article:publisher\" content=\"https:\/\/www.facebook.com\/noticieroscanalsiete\" \/>\n<meta property=\"article:published_time\" content=\"2023-10-02T21:53:59+00:00\" \/>\n<meta property=\"og:image\" content=\"https:\/\/canal7slp.tv\/2023\/wp-content\/uploads\/2023\/10\/05.jpg\" \/>\n\t<meta property=\"og:image:width\" content=\"1200\" \/>\n\t<meta property=\"og:image:height\" content=\"700\" \/>\n\t<meta property=\"og:image:type\" content=\"image\/jpeg\" \/>\n<meta name=\"author\" content=\"Edici\u00f3n Web\" \/>\n<meta name=\"twitter:card\" content=\"summary_large_image\" \/>\n<meta name=\"twitter:creator\" content=\"@NOTICIEROS7\" \/>\n<meta name=\"twitter:site\" content=\"@NOTICIEROS7\" \/>\n<meta name=\"twitter:label1\" content=\"Escrito por\" \/>\n\t<meta name=\"twitter:data1\" content=\"Edici\u00f3n Web\" \/>\n\t<meta name=\"twitter:label2\" content=\"Tiempo de lectura\" \/>\n\t<meta name=\"twitter:data2\" content=\"1 minuto\" \/>\n<script type=\"application\/ld+json\" class=\"yoast-schema-graph\">{\"@context\":\"https:\\\/\\\/schema.org\",\"@graph\":[{\"@type\":\"Article\",\"@id\":\"https:\\\/\\\/canal7slp.tv\\\/2023\\\/comparecera-xochitl-galvez-ante-la-unam-por-acusaciones-de-plagio\\\/#article\",\"isPartOf\":{\"@id\":\"https:\\\/\\\/canal7slp.tv\\\/2023\\\/comparecera-xochitl-galvez-ante-la-unam-por-acusaciones-de-plagio\\\/\"},\"author\":{\"name\":\"Edici\u00f3n Web\",\"@id\":\"https:\\\/\\\/canal7slp.tv\\\/2023\\\/#\\\/schema\\\/person\\\/639c424e3584069003b11ae813915da6\"},\"headline\":\"Comparecer\u00e1 X\u00f3chitl G\u00e1lvez ante la UNAM, por acusaciones de plagio\",\"datePublished\":\"2023-10-02T21:53:59+00:00\",\"mainEntityOfPage\":{\"@id\":\"https:\\\/\\\/canal7slp.tv\\\/2023\\\/comparecera-xochitl-galvez-ante-la-unam-por-acusaciones-de-plagio\\\/\"},\"wordCount\":170,\"publisher\":{\"@id\":\"https:\\\/\\\/canal7slp.tv\\\/2023\\\/#organization\"},\"image\":{\"@id\":\"https:\\\/\\\/canal7slp.tv\\\/2023\\\/comparecera-xochitl-galvez-ante-la-unam-por-acusaciones-de-plagio\\\/#primaryimage\"},\"thumbnailUrl\":\"https:\\\/\\\/canal7slp.tv\\\/2023\\\/wp-content\\\/uploads\\\/2023\\\/10\\\/05.jpg\",\"articleSection\":[\"NACIONALES\"],\"inLanguage\":\"es\"},{\"@type\":\"WebPage\",\"@id\":\"https:\\\/\\\/canal7slp.tv\\\/2023\\\/comparecera-xochitl-galvez-ante-la-unam-por-acusaciones-de-plagio\\\/\",\"url\":\"https:\\\/\\\/canal7slp.tv\\\/2023\\\/comparecera-xochitl-galvez-ante-la-unam-por-acusaciones-de-plagio\\\/\",\"name\":\"Comparecer\u00e1 X\u00f3chitl G\u00e1lvez ante la UNAM, por acusaciones de plagio - Canal 7 SLP - 2023\",\"isPartOf\":{\"@id\":\"https:\\\/\\\/canal7slp.tv\\\/2023\\\/#website\"},\"primaryImageOfPage\":{\"@id\":\"https:\\\/\\\/canal7slp.tv\\\/2023\\\/comparecera-xochitl-galvez-ante-la-unam-por-acusaciones-de-plagio\\\/#primaryimage\"},\"image\":{\"@id\":\"https:\\\/\\\/canal7slp.tv\\\/2023\\\/comparecera-xochitl-galvez-ante-la-unam-por-acusaciones-de-plagio\\\/#primaryimage\"},\"thumbnailUrl\":\"https:\\\/\\\/canal7slp.tv\\\/2023\\\/wp-content\\\/uploads\\\/2023\\\/10\\\/05.jpg\",\"datePublished\":\"2023-10-02T21:53:59+00:00\",\"breadcrumb\":{\"@id\":\"https:\\\/\\\/canal7slp.tv\\\/2023\\\/comparecera-xochitl-galvez-ante-la-unam-por-acusaciones-de-plagio\\\/#breadcrumb\"},\"inLanguage\":\"es\",\"potentialAction\":[{\"@type\":\"ReadAction\",\"target\":[\"https:\\\/\\\/canal7slp.tv\\\/2023\\\/comparecera-xochitl-galvez-ante-la-unam-por-acusaciones-de-plagio\\\/\"]}]},{\"@type\":\"ImageObject\",\"inLanguage\":\"es\",\"@id\":\"https:\\\/\\\/canal7slp.tv\\\/2023\\\/comparecera-xochitl-galvez-ante-la-unam-por-acusaciones-de-plagio\\\/#primaryimage\",\"url\":\"https:\\\/\\\/canal7slp.tv\\\/2023\\\/wp-content\\\/uploads\\\/2023\\\/10\\\/05.jpg\",\"contentUrl\":\"https:\\\/\\\/canal7slp.tv\\\/2023\\\/wp-content\\\/uploads\\\/2023\\\/10\\\/05.jpg\",\"width\":1200,\"height\":700},{\"@type\":\"BreadcrumbList\",\"@id\":\"https:\\\/\\\/canal7slp.tv\\\/2023\\\/comparecera-xochitl-galvez-ante-la-unam-por-acusaciones-de-plagio\\\/#breadcrumb\",\"itemListElement\":[{\"@type\":\"ListItem\",\"position\":1,\"name\":\"Portada\",\"item\":\"https:\\\/\\\/canal7slp.tv\\\/2023\\\/\"},{\"@type\":\"ListItem\",\"position\":2,\"name\":\"Comparecer\u00e1 X\u00f3chitl G\u00e1lvez ante la UNAM, por acusaciones de plagio\"}]},{\"@type\":\"WebSite\",\"@id\":\"https:\\\/\\\/canal7slp.tv\\\/2023\\\/#website\",\"url\":\"https:\\\/\\\/canal7slp.tv\\\/2023\\\/\",\"name\":\"N7 - Noticieros Canal 7\",\"description\":\"Somos Televisi\u00f3n\",\"publisher\":{\"@id\":\"https:\\\/\\\/canal7slp.tv\\\/2023\\\/#organization\"},\"potentialAction\":[{\"@type\":\"SearchAction\",\"target\":{\"@type\":\"EntryPoint\",\"urlTemplate\":\"https:\\\/\\\/canal7slp.tv\\\/2023\\\/?s={search_term_string}\"},\"query-input\":{\"@type\":\"PropertyValueSpecification\",\"valueRequired\":true,\"valueName\":\"search_term_string\"}}],\"inLanguage\":\"es\"},{\"@type\":\"Organization\",\"@id\":\"https:\\\/\\\/canal7slp.tv\\\/2023\\\/#organization\",\"name\":\"Noticieros Canal 7\",\"url\":\"https:\\\/\\\/canal7slp.tv\\\/2023\\\/\",\"logo\":{\"@type\":\"ImageObject\",\"inLanguage\":\"es\",\"@id\":\"https:\\\/\\\/canal7slp.tv\\\/2023\\\/#\\\/schema\\\/logo\\\/image\\\/\",\"url\":\"https:\\\/\\\/canal7slp.tv\\\/2023\\\/wp-content\\\/uploads\\\/2021\\\/01\\\/logo-noticieros@2x.png\",\"contentUrl\":\"https:\\\/\\\/canal7slp.tv\\\/2023\\\/wp-content\\\/uploads\\\/2021\\\/01\\\/logo-noticieros@2x.png\",\"width\":1017,\"height\":268,\"caption\":\"Noticieros Canal 7\"},\"image\":{\"@id\":\"https:\\\/\\\/canal7slp.tv\\\/2023\\\/#\\\/schema\\\/logo\\\/image\\\/\"},\"sameAs\":[\"https:\\\/\\\/www.facebook.com\\\/noticieroscanalsiete\",\"https:\\\/\\\/x.com\\\/NOTICIEROS7\",\"https:\\\/\\\/www.instagram.com\\\/canal7_slp\",\"https:\\\/\\\/www.youtube.com\\\/channel\\\/UCliiYs-gP3JfJeqdPrNdd5A\"]},{\"@type\":\"Person\",\"@id\":\"https:\\\/\\\/canal7slp.tv\\\/2023\\\/#\\\/schema\\\/person\\\/639c424e3584069003b11ae813915da6\",\"name\":\"Edici\u00f3n Web\",\"image\":{\"@type\":\"ImageObject\",\"inLanguage\":\"es\",\"@id\":\"https:\\\/\\\/secure.gravatar.com\\\/avatar\\\/eee448fc3f7164808013b816ba91ac7e43bbe82a70bebac296f8bc6f0addaa1a?s=96&d=mm&r=g\",\"url\":\"https:\\\/\\\/secure.gravatar.com\\\/avatar\\\/eee448fc3f7164808013b816ba91ac7e43bbe82a70bebac296f8bc6f0addaa1a?s=96&d=mm&r=g\",\"contentUrl\":\"https:\\\/\\\/secure.gravatar.com\\\/avatar\\\/eee448fc3f7164808013b816ba91ac7e43bbe82a70bebac296f8bc6f0addaa1a?s=96&d=mm&r=g\",\"caption\":\"Edici\u00f3n Web\"},\"url\":\"https:\\\/\\\/canal7slp.tv\\\/2023\\\/author\\\/edicionweb\\\/\"}]}<\/script>\n<!-- \/ Yoast SEO plugin. -->","yoast_head_json":{"title":"Comparecer\u00e1 X\u00f3chitl G\u00e1lvez ante la UNAM, por acusaciones de plagio - Canal 7 SLP - 2023","robots":{"index":"index","follow":"follow","max-snippet":"max-snippet:-1","max-image-preview":"max-image-preview:large","max-video-preview":"max-video-preview:-1"},"canonical":"https:\/\/canal7slp.tv\/2023\/comparecera-xochitl-galvez-ante-la-unam-por-acusaciones-de-plagio\/","og_locale":"es_ES","og_type":"article","og_title":"Comparecer\u00e1 X\u00f3chitl G\u00e1lvez ante la UNAM, por acusaciones de plagio - Canal 7 SLP - 2023","og_description":"M\u00e9xico.- La virtual candidata presidencial del Frente Amplio por M\u00e9xico, X\u00f3chitl G\u00e1lvez, ha revelado que ha recibido una carta de la Universidad Nacional Aut\u00f3noma de M\u00e9xico (UNAM) sobre el presunto plagio en su informe de titulaci\u00f3n profesional. En una entrevista en Quer\u00e9taro, G\u00e1lvez dijo que pronto comparecer\u00e1 ante las autoridades de la UNAM. La senadora del PAN e ingeniera de profesi\u00f3n por la Facultad de Ingenier\u00eda de la UNAM ha aclarado que no hizo una tesis, sino un informe, y que se titul\u00f3 por experiencia profesional. La UNAM ha iniciado un an\u00e1lisis al informe de G\u00e1lvez despu\u00e9s de que se [&hellip;]","og_url":"https:\/\/canal7slp.tv\/2023\/comparecera-xochitl-galvez-ante-la-unam-por-acusaciones-de-plagio\/","og_site_name":"Canal 7 SLP - 2023","article_publisher":"https:\/\/www.facebook.com\/noticieroscanalsiete","article_published_time":"2023-10-02T21:53:59+00:00","og_image":[{"width":1200,"height":700,"url":"https:\/\/canal7slp.tv\/2023\/wp-content\/uploads\/2023\/10\/05.jpg","type":"image\/jpeg"}],"author":"Edici\u00f3n Web","twitter_card":"summary_large_image","twitter_creator":"@NOTICIEROS7","twitter_site":"@NOTICIEROS7","twitter_misc":{"Escrito por":"Edici\u00f3n Web","Tiempo de lectura":"1 minuto"},"schema":{"@context":"https:\/\/schema.org","@graph":[{"@type":"Article","@id":"https:\/\/canal7slp.tv\/2023\/comparecera-xochitl-galvez-ante-la-unam-por-acusaciones-de-plagio\/#article","isPartOf":{"@id":"https:\/\/canal7slp.tv\/2023\/comparecera-xochitl-galvez-ante-la-unam-por-acusaciones-de-plagio\/"},"author":{"name":"Edici\u00f3n Web","@id":"https:\/\/canal7slp.tv\/2023\/#\/schema\/person\/639c424e3584069003b11ae813915da6"},"headline":"Comparecer\u00e1 X\u00f3chitl G\u00e1lvez ante la UNAM, por acusaciones de plagio","datePublished":"2023-10-02T21:53:59+00:00","mainEntityOfPage":{"@id":"https:\/\/canal7slp.tv\/2023\/comparecera-xochitl-galvez-ante-la-unam-por-acusaciones-de-plagio\/"},"wordCount":170,"publisher":{"@id":"https:\/\/canal7slp.tv\/2023\/#organization"},"image":{"@id":"https:\/\/canal7slp.tv\/2023\/comparecera-xochitl-galvez-ante-la-unam-por-acusaciones-de-plagio\/#primaryimage"},"thumbnailUrl":"https:\/\/canal7slp.tv\/2023\/wp-content\/uploads\/2023\/10\/05.jpg","articleSection":["NACIONALES"],"inLanguage":"es"},{"@type":"WebPage","@id":"https:\/\/canal7slp.tv\/2023\/comparecera-xochitl-galvez-ante-la-unam-por-acusaciones-de-plagio\/","url":"https:\/\/canal7slp.tv\/2023\/comparecera-xochitl-galvez-ante-la-unam-por-acusaciones-de-plagio\/","name":"Comparecer\u00e1 X\u00f3chitl G\u00e1lvez ante la UNAM, por acusaciones de plagio - Canal 7 SLP - 2023","isPartOf":{"@id":"https:\/\/canal7slp.tv\/2023\/#website"},"primaryImageOfPage":{"@id":"https:\/\/canal7slp.tv\/2023\/comparecera-xochitl-galvez-ante-la-unam-por-acusaciones-de-plagio\/#primaryimage"},"image":{"@id":"https:\/\/canal7slp.tv\/2023\/comparecera-xochitl-galvez-ante-la-unam-por-acusaciones-de-plagio\/#primaryimage"},"thumbnailUrl":"https:\/\/canal7slp.tv\/2023\/wp-content\/uploads\/2023\/10\/05.jpg","datePublished":"2023-10-02T21:53:59+00:00","breadcrumb":{"@id":"https:\/\/canal7slp.tv\/2023\/comparecera-xochitl-galvez-ante-la-unam-por-acusaciones-de-plagio\/#breadcrumb"},"inLanguage":"es","potentialAction":[{"@type":"ReadAction","target":["https:\/\/canal7slp.tv\/2023\/comparecera-xochitl-galvez-ante-la-unam-por-acusaciones-de-plagio\/"]}]},{"@type":"ImageObject","inLanguage":"es","@id":"https:\/\/canal7slp.tv\/2023\/comparecera-xochitl-galvez-ante-la-unam-por-acusaciones-de-plagio\/#primaryimage","url":"https:\/\/canal7slp.tv\/2023\/wp-content\/uploads\/2023\/10\/05.jpg","contentUrl":"https:\/\/canal7slp.tv\/2023\/wp-content\/uploads\/2023\/10\/05.jpg","width":1200,"height":700},{"@type":"BreadcrumbList","@id":"https:\/\/canal7slp.tv\/2023\/comparecera-xochitl-galvez-ante-la-unam-por-acusaciones-de-plagio\/#breadcrumb","itemListElement":[{"@type":"ListItem","position":1,"name":"Portada","item":"https:\/\/canal7slp.tv\/2023\/"},{"@type":"ListItem","position":2,"name":"Comparecer\u00e1 X\u00f3chitl G\u00e1lvez ante la UNAM, por acusaciones de plagio"}]},{"@type":"WebSite","@id":"https:\/\/canal7slp.tv\/2023\/#website","url":"https:\/\/canal7slp.tv\/2023\/","name":"N7 - Noticieros Canal 7","description":"Somos Televisi\u00f3n","publisher":{"@id":"https:\/\/canal7slp.tv\/2023\/#organization"},"potentialAction":[{"@type":"SearchAction","target":{"@type":"EntryPoint","urlTemplate":"https:\/\/canal7slp.tv\/2023\/?s={search_term_string}"},"query-input":{"@type":"PropertyValueSpecification","valueRequired":true,"valueName":"search_term_string"}}],"inLanguage":"es"},{"@type":"Organization","@id":"https:\/\/canal7slp.tv\/2023\/#organization","name":"Noticieros Canal 7","url":"https:\/\/canal7slp.tv\/2023\/","logo":{"@type":"ImageObject","inLanguage":"es","@id":"https:\/\/canal7slp.tv\/2023\/#\/schema\/logo\/image\/","url":"https:\/\/canal7slp.tv\/2023\/wp-content\/uploads\/2021\/01\/logo-noticieros@2x.png","contentUrl":"https:\/\/canal7slp.tv\/2023\/wp-content\/uploads\/2021\/01\/logo-noticieros@2x.png","width":1017,"height":268,"caption":"Noticieros Canal 7"},"image":{"@id":"https:\/\/canal7slp.tv\/2023\/#\/schema\/logo\/image\/"},"sameAs":["https:\/\/www.facebook.com\/noticieroscanalsiete","https:\/\/x.com\/NOTICIEROS7","https:\/\/www.instagram.com\/canal7_slp","https:\/\/www.youtube.com\/channel\/UCliiYs-gP3JfJeqdPrNdd5A"]},{"@type":"Person","@id":"https:\/\/canal7slp.tv\/2023\/#\/schema\/person\/639c424e3584069003b11ae813915da6","name":"Edici\u00f3n Web","image":{"@type":"ImageObject","inLanguage":"es","@id":"https:\/\/secure.gravatar.com\/avatar\/eee448fc3f7164808013b816ba91ac7e43bbe82a70bebac296f8bc6f0addaa1a?s=96&d=mm&r=g","url":"https:\/\/secure.gravatar.com\/avatar\/eee448fc3f7164808013b816ba91ac7e43bbe82a70bebac296f8bc6f0addaa1a?s=96&d=mm&r=g","contentUrl":"https:\/\/secure.gravatar.com\/avatar\/eee448fc3f7164808013b816ba91ac7e43bbe82a70bebac296f8bc6f0addaa1a?s=96&d=mm&r=g","caption":"Edici\u00f3n Web"},"url":"https:\/\/canal7slp.tv\/2023\/author\/edicionweb\/"}]}},"_links":{"self":[{"href":"https:\/\/canal7slp.tv\/2023\/wp-json\/wp\/v2\/posts\/108764","targetHints":{"allow":["GET"]}}],"collection":[{"href":"https:\/\/canal7slp.tv\/2023\/wp-json\/wp\/v2\/posts"}],"about":[{"href":"https:\/\/canal7slp.tv\/2023\/wp-json\/wp\/v2\/types\/post"}],"author":[{"embeddable":true,"href":"https:\/\/canal7slp.tv\/2023\/wp-json\/wp\/v2\/users\/2"}],"replies":[{"embeddable":true,"href":"https:\/\/canal7slp.tv\/2023\/wp-json\/wp\/v2\/comments?post=108764"}],"version-history":[{"count":3,"href":"https:\/\/canal7slp.tv\/2023\/wp-json\/wp\/v2\/posts\/108764\/revisions"}],"predecessor-version":[{"id":108849,"href":"https:\/\/canal7slp.tv\/2023\/wp-json\/wp\/v2\/posts\/108764\/revisions\/108849"}],"wp:featuredmedia":[{"embeddable":true,"href":"https:\/\/canal7slp.tv\/2023\/wp-json\/wp\/v2\/media\/108776"}],"wp:attachment":[{"href":"https:\/\/canal7slp.tv\/2023\/wp-json\/wp\/v2\/media?parent=108764"}],"wp:term":[{"taxonomy":"category","embeddable":true,"href":"https:\/\/canal7slp.tv\/2023\/wp-json\/wp\/v2\/categories?post=108764"},{"taxonomy":"post_tag","embeddable":true,"href":"https:\/\/canal7slp.tv\/2023\/wp-json\/wp\/v2\/tags?post=108764"}],"curies":[{"name":"wp","href":"https:\/\/api.w.org\/{rel}","templated":true}]}}