{"id":108763,"date":"2023-10-02T15:52:18","date_gmt":"2023-10-02T21:52:18","guid":{"rendered":"https:\/\/canal7slp.tv\/2023\/?p=108763"},"modified":"2023-10-02T15:52:18","modified_gmt":"2023-10-02T21:52:18","slug":"admite-morena-queja-de-marcelo-ebrard","status":"publish","type":"post","link":"https:\/\/canal7slp.tv\/2023\/admite-morena-queja-de-marcelo-ebrard\/","title":{"rendered":"Admite MORENA queja de Marcelo Ebrard"},"content":{"rendered":"<p style=\"text-align: justify;\">M\u00e9xico.- Marcelo Ebrard ha informado que la Comisi\u00f3n Nacional de Honor y Justicia de Morena ha admitido su recurso de queja presentado contra el proceso interno para elegir al Coordinador Nacional de los Comit\u00e9s de la Defensa la Transformaci\u00f3n.<\/p>\n<p style=\"text-align: justify;\">La Comisi\u00f3n Nacional de Honestidad y Justicia ha asegurado que la queja de Ebrard se desahogar\u00e1 en estricto apego a la temporalidad establecida en el Estatuto de Morena y en el Reglamento de la comisi\u00f3n.<\/p>\n<p style=\"text-align: justify;\">El proceso interno de Morena para definir al representante de los Comit\u00e9s de la Defensa de la Cuarta Transformaci\u00f3n finaliz\u00f3 el 6 de septiembre, por lo que el aspirante Marcelo Ebrard present\u00f3 su queja acusando que hubo irregularidades en el m\u00e9todo que eligi\u00f3 el partido para la selecci\u00f3n en la que result\u00f3 triunfadora Claudia Sheinbaum.<\/p>\n<p style=\"text-align: justify;\">El Tribunal Electoral del Poder Judicial de la Federaci\u00f3n (TEPJF) ha aclarado que \u00fanicamente solicit\u00f3 informaci\u00f3n al partido sin resolver el caso a fondo, por lo que tendr\u00e1 que integrar el expediente, analizar el caso y resolverlo.<\/p>\n","protected":false},"excerpt":{"rendered":"<p>M\u00e9xico.- Marcelo Ebrard ha informado que la Comisi\u00f3n Nacional de Honor y Justicia de Morena ha admitido su recurso de queja presentado contra el proceso interno para elegir al Coordinador Nacional de los Comit\u00e9s de la Defensa la Transformaci\u00f3n. La Comisi\u00f3n Nacional de Honestidad y Justicia ha asegurado que la queja de Ebrard se desahogar\u00e1 en estricto apego a la temporalidad establecida en el Estatuto de Morena y en el Reglamento de la comisi\u00f3n. El proceso interno de Morena para definir al representante de los Comit\u00e9s de la Defensa de la Cuarta Transformaci\u00f3n finaliz\u00f3 el 6 de septiembre, por lo [&hellip;]<\/p>\n","protected":false},"author":2,"featured_media":108775,"comment_status":"closed","ping_status":"closed","sticky":false,"template":"","format":"standard","meta":{"footnotes":""},"categories":[46],"tags":[],"class_list":["post-108763","post","type-post","status-publish","format-standard","has-post-thumbnail","hentry","category-nacional","post--single"],"yoast_head":"<!-- This site is optimized with the Yoast SEO plugin v27.5 - https:\/\/yoast.com\/product\/yoast-seo-wordpress\/ -->\n<title>Admite MORENA queja de Marcelo Ebrard - Canal 7 SLP - 2023<\/title>\n<meta name=\"robots\" content=\"index, follow, max-snippet:-1, max-image-preview:large, max-video-preview:-1\" \/>\n<link rel=\"canonical\" href=\"https:\/\/canal7slp.tv\/2023\/admite-morena-queja-de-marcelo-ebrard\/\" \/>\n<meta property=\"og:locale\" content=\"es_ES\" \/>\n<meta property=\"og:type\" content=\"article\" \/>\n<meta property=\"og:title\" content=\"Admite MORENA queja de Marcelo Ebrard - Canal 7 SLP - 2023\" \/>\n<meta property=\"og:description\" content=\"M\u00e9xico.- Marcelo Ebrard ha informado que la Comisi\u00f3n Nacional de Honor y Justicia de Morena ha admitido su recurso de queja presentado contra el proceso interno para elegir al Coordinador Nacional de los Comit\u00e9s de la Defensa la Transformaci\u00f3n. La Comisi\u00f3n Nacional de Honestidad y Justicia ha asegurado que la queja de Ebrard se desahogar\u00e1 en estricto apego a la temporalidad establecida en el Estatuto de Morena y en el Reglamento de la comisi\u00f3n. El proceso interno de Morena para definir al representante de los Comit\u00e9s de la Defensa de la Cuarta Transformaci\u00f3n finaliz\u00f3 el 6 de septiembre, por lo [&hellip;]\" \/>\n<meta property=\"og:url\" content=\"https:\/\/canal7slp.tv\/2023\/admite-morena-queja-de-marcelo-ebrard\/\" \/>\n<meta property=\"og:site_name\" content=\"Canal 7 SLP - 2023\" \/>\n<meta property=\"article:publisher\" content=\"https:\/\/www.facebook.com\/noticieroscanalsiete\" \/>\n<meta property=\"article:published_time\" content=\"2023-10-02T21:52:18+00:00\" \/>\n<meta property=\"og:image\" content=\"https:\/\/canal7slp.tv\/2023\/wp-content\/uploads\/2023\/10\/04.jpg\" \/>\n\t<meta property=\"og:image:width\" content=\"968\" \/>\n\t<meta property=\"og:image:height\" content=\"551\" \/>\n\t<meta property=\"og:image:type\" content=\"image\/jpeg\" \/>\n<meta name=\"author\" content=\"Edici\u00f3n Web\" \/>\n<meta name=\"twitter:card\" content=\"summary_large_image\" \/>\n<meta name=\"twitter:creator\" content=\"@NOTICIEROS7\" \/>\n<meta name=\"twitter:site\" content=\"@NOTICIEROS7\" \/>\n<meta name=\"twitter:label1\" content=\"Escrito por\" \/>\n\t<meta name=\"twitter:data1\" content=\"Edici\u00f3n Web\" \/>\n\t<meta name=\"twitter:label2\" content=\"Tiempo de lectura\" \/>\n\t<meta name=\"twitter:data2\" content=\"1 minuto\" \/>\n<script type=\"application\/ld+json\" class=\"yoast-schema-graph\">{\"@context\":\"https:\\\/\\\/schema.org\",\"@graph\":[{\"@type\":\"Article\",\"@id\":\"https:\\\/\\\/canal7slp.tv\\\/2023\\\/admite-morena-queja-de-marcelo-ebrard\\\/#article\",\"isPartOf\":{\"@id\":\"https:\\\/\\\/canal7slp.tv\\\/2023\\\/admite-morena-queja-de-marcelo-ebrard\\\/\"},\"author\":{\"name\":\"Edici\u00f3n Web\",\"@id\":\"https:\\\/\\\/canal7slp.tv\\\/2023\\\/#\\\/schema\\\/person\\\/639c424e3584069003b11ae813915da6\"},\"headline\":\"Admite MORENA queja de Marcelo Ebrard\",\"datePublished\":\"2023-10-02T21:52:18+00:00\",\"mainEntityOfPage\":{\"@id\":\"https:\\\/\\\/canal7slp.tv\\\/2023\\\/admite-morena-queja-de-marcelo-ebrard\\\/\"},\"wordCount\":184,\"publisher\":{\"@id\":\"https:\\\/\\\/canal7slp.tv\\\/2023\\\/#organization\"},\"image\":{\"@id\":\"https:\\\/\\\/canal7slp.tv\\\/2023\\\/admite-morena-queja-de-marcelo-ebrard\\\/#primaryimage\"},\"thumbnailUrl\":\"https:\\\/\\\/canal7slp.tv\\\/2023\\\/wp-content\\\/uploads\\\/2023\\\/10\\\/04.jpg\",\"articleSection\":[\"NACIONALES\"],\"inLanguage\":\"es\"},{\"@type\":\"WebPage\",\"@id\":\"https:\\\/\\\/canal7slp.tv\\\/2023\\\/admite-morena-queja-de-marcelo-ebrard\\\/\",\"url\":\"https:\\\/\\\/canal7slp.tv\\\/2023\\\/admite-morena-queja-de-marcelo-ebrard\\\/\",\"name\":\"Admite MORENA queja de Marcelo Ebrard - Canal 7 SLP - 2023\",\"isPartOf\":{\"@id\":\"https:\\\/\\\/canal7slp.tv\\\/2023\\\/#website\"},\"primaryImageOfPage\":{\"@id\":\"https:\\\/\\\/canal7slp.tv\\\/2023\\\/admite-morena-queja-de-marcelo-ebrard\\\/#primaryimage\"},\"image\":{\"@id\":\"https:\\\/\\\/canal7slp.tv\\\/2023\\\/admite-morena-queja-de-marcelo-ebrard\\\/#primaryimage\"},\"thumbnailUrl\":\"https:\\\/\\\/canal7slp.tv\\\/2023\\\/wp-content\\\/uploads\\\/2023\\\/10\\\/04.jpg\",\"datePublished\":\"2023-10-02T21:52:18+00:00\",\"breadcrumb\":{\"@id\":\"https:\\\/\\\/canal7slp.tv\\\/2023\\\/admite-morena-queja-de-marcelo-ebrard\\\/#breadcrumb\"},\"inLanguage\":\"es\",\"potentialAction\":[{\"@type\":\"ReadAction\",\"target\":[\"https:\\\/\\\/canal7slp.tv\\\/2023\\\/admite-morena-queja-de-marcelo-ebrard\\\/\"]}]},{\"@type\":\"ImageObject\",\"inLanguage\":\"es\",\"@id\":\"https:\\\/\\\/canal7slp.tv\\\/2023\\\/admite-morena-queja-de-marcelo-ebrard\\\/#primaryimage\",\"url\":\"https:\\\/\\\/canal7slp.tv\\\/2023\\\/wp-content\\\/uploads\\\/2023\\\/10\\\/04.jpg\",\"contentUrl\":\"https:\\\/\\\/canal7slp.tv\\\/2023\\\/wp-content\\\/uploads\\\/2023\\\/10\\\/04.jpg\",\"width\":968,\"height\":551},{\"@type\":\"BreadcrumbList\",\"@id\":\"https:\\\/\\\/canal7slp.tv\\\/2023\\\/admite-morena-queja-de-marcelo-ebrard\\\/#breadcrumb\",\"itemListElement\":[{\"@type\":\"ListItem\",\"position\":1,\"name\":\"Portada\",\"item\":\"https:\\\/\\\/canal7slp.tv\\\/2023\\\/\"},{\"@type\":\"ListItem\",\"position\":2,\"name\":\"Admite MORENA queja de Marcelo Ebrard\"}]},{\"@type\":\"WebSite\",\"@id\":\"https:\\\/\\\/canal7slp.tv\\\/2023\\\/#website\",\"url\":\"https:\\\/\\\/canal7slp.tv\\\/2023\\\/\",\"name\":\"N7 - Noticieros Canal 7\",\"description\":\"Somos Televisi\u00f3n\",\"publisher\":{\"@id\":\"https:\\\/\\\/canal7slp.tv\\\/2023\\\/#organization\"},\"potentialAction\":[{\"@type\":\"SearchAction\",\"target\":{\"@type\":\"EntryPoint\",\"urlTemplate\":\"https:\\\/\\\/canal7slp.tv\\\/2023\\\/?s={search_term_string}\"},\"query-input\":{\"@type\":\"PropertyValueSpecification\",\"valueRequired\":true,\"valueName\":\"search_term_string\"}}],\"inLanguage\":\"es\"},{\"@type\":\"Organization\",\"@id\":\"https:\\\/\\\/canal7slp.tv\\\/2023\\\/#organization\",\"name\":\"Noticieros Canal 7\",\"url\":\"https:\\\/\\\/canal7slp.tv\\\/2023\\\/\",\"logo\":{\"@type\":\"ImageObject\",\"inLanguage\":\"es\",\"@id\":\"https:\\\/\\\/canal7slp.tv\\\/2023\\\/#\\\/schema\\\/logo\\\/image\\\/\",\"url\":\"https:\\\/\\\/canal7slp.tv\\\/2023\\\/wp-content\\\/uploads\\\/2021\\\/01\\\/logo-noticieros@2x.png\",\"contentUrl\":\"https:\\\/\\\/canal7slp.tv\\\/2023\\\/wp-content\\\/uploads\\\/2021\\\/01\\\/logo-noticieros@2x.png\",\"width\":1017,\"height\":268,\"caption\":\"Noticieros Canal 7\"},\"image\":{\"@id\":\"https:\\\/\\\/canal7slp.tv\\\/2023\\\/#\\\/schema\\\/logo\\\/image\\\/\"},\"sameAs\":[\"https:\\\/\\\/www.facebook.com\\\/noticieroscanalsiete\",\"https:\\\/\\\/x.com\\\/NOTICIEROS7\",\"https:\\\/\\\/www.instagram.com\\\/canal7_slp\",\"https:\\\/\\\/www.youtube.com\\\/channel\\\/UCliiYs-gP3JfJeqdPrNdd5A\"]},{\"@type\":\"Person\",\"@id\":\"https:\\\/\\\/canal7slp.tv\\\/2023\\\/#\\\/schema\\\/person\\\/639c424e3584069003b11ae813915da6\",\"name\":\"Edici\u00f3n Web\",\"image\":{\"@type\":\"ImageObject\",\"inLanguage\":\"es\",\"@id\":\"https:\\\/\\\/secure.gravatar.com\\\/avatar\\\/eee448fc3f7164808013b816ba91ac7e43bbe82a70bebac296f8bc6f0addaa1a?s=96&d=mm&r=g\",\"url\":\"https:\\\/\\\/secure.gravatar.com\\\/avatar\\\/eee448fc3f7164808013b816ba91ac7e43bbe82a70bebac296f8bc6f0addaa1a?s=96&d=mm&r=g\",\"contentUrl\":\"https:\\\/\\\/secure.gravatar.com\\\/avatar\\\/eee448fc3f7164808013b816ba91ac7e43bbe82a70bebac296f8bc6f0addaa1a?s=96&d=mm&r=g\",\"caption\":\"Edici\u00f3n Web\"},\"url\":\"https:\\\/\\\/canal7slp.tv\\\/2023\\\/author\\\/edicionweb\\\/\"}]}<\/script>\n<!-- \/ Yoast SEO plugin. -->","yoast_head_json":{"title":"Admite MORENA queja de Marcelo Ebrard - Canal 7 SLP - 2023","robots":{"index":"index","follow":"follow","max-snippet":"max-snippet:-1","max-image-preview":"max-image-preview:large","max-video-preview":"max-video-preview:-1"},"canonical":"https:\/\/canal7slp.tv\/2023\/admite-morena-queja-de-marcelo-ebrard\/","og_locale":"es_ES","og_type":"article","og_title":"Admite MORENA queja de Marcelo Ebrard - Canal 7 SLP - 2023","og_description":"M\u00e9xico.- Marcelo Ebrard ha informado que la Comisi\u00f3n Nacional de Honor y Justicia de Morena ha admitido su recurso de queja presentado contra el proceso interno para elegir al Coordinador Nacional de los Comit\u00e9s de la Defensa la Transformaci\u00f3n. La Comisi\u00f3n Nacional de Honestidad y Justicia ha asegurado que la queja de Ebrard se desahogar\u00e1 en estricto apego a la temporalidad establecida en el Estatuto de Morena y en el Reglamento de la comisi\u00f3n. El proceso interno de Morena para definir al representante de los Comit\u00e9s de la Defensa de la Cuarta Transformaci\u00f3n finaliz\u00f3 el 6 de septiembre, por lo [&hellip;]","og_url":"https:\/\/canal7slp.tv\/2023\/admite-morena-queja-de-marcelo-ebrard\/","og_site_name":"Canal 7 SLP - 2023","article_publisher":"https:\/\/www.facebook.com\/noticieroscanalsiete","article_published_time":"2023-10-02T21:52:18+00:00","og_image":[{"width":968,"height":551,"url":"https:\/\/canal7slp.tv\/2023\/wp-content\/uploads\/2023\/10\/04.jpg","type":"image\/jpeg"}],"author":"Edici\u00f3n Web","twitter_card":"summary_large_image","twitter_creator":"@NOTICIEROS7","twitter_site":"@NOTICIEROS7","twitter_misc":{"Escrito por":"Edici\u00f3n Web","Tiempo de lectura":"1 minuto"},"schema":{"@context":"https:\/\/schema.org","@graph":[{"@type":"Article","@id":"https:\/\/canal7slp.tv\/2023\/admite-morena-queja-de-marcelo-ebrard\/#article","isPartOf":{"@id":"https:\/\/canal7slp.tv\/2023\/admite-morena-queja-de-marcelo-ebrard\/"},"author":{"name":"Edici\u00f3n Web","@id":"https:\/\/canal7slp.tv\/2023\/#\/schema\/person\/639c424e3584069003b11ae813915da6"},"headline":"Admite MORENA queja de Marcelo Ebrard","datePublished":"2023-10-02T21:52:18+00:00","mainEntityOfPage":{"@id":"https:\/\/canal7slp.tv\/2023\/admite-morena-queja-de-marcelo-ebrard\/"},"wordCount":184,"publisher":{"@id":"https:\/\/canal7slp.tv\/2023\/#organization"},"image":{"@id":"https:\/\/canal7slp.tv\/2023\/admite-morena-queja-de-marcelo-ebrard\/#primaryimage"},"thumbnailUrl":"https:\/\/canal7slp.tv\/2023\/wp-content\/uploads\/2023\/10\/04.jpg","articleSection":["NACIONALES"],"inLanguage":"es"},{"@type":"WebPage","@id":"https:\/\/canal7slp.tv\/2023\/admite-morena-queja-de-marcelo-ebrard\/","url":"https:\/\/canal7slp.tv\/2023\/admite-morena-queja-de-marcelo-ebrard\/","name":"Admite MORENA queja de Marcelo Ebrard - Canal 7 SLP - 2023","isPartOf":{"@id":"https:\/\/canal7slp.tv\/2023\/#website"},"primaryImageOfPage":{"@id":"https:\/\/canal7slp.tv\/2023\/admite-morena-queja-de-marcelo-ebrard\/#primaryimage"},"image":{"@id":"https:\/\/canal7slp.tv\/2023\/admite-morena-queja-de-marcelo-ebrard\/#primaryimage"},"thumbnailUrl":"https:\/\/canal7slp.tv\/2023\/wp-content\/uploads\/2023\/10\/04.jpg","datePublished":"2023-10-02T21:52:18+00:00","breadcrumb":{"@id":"https:\/\/canal7slp.tv\/2023\/admite-morena-queja-de-marcelo-ebrard\/#breadcrumb"},"inLanguage":"es","potentialAction":[{"@type":"ReadAction","target":["https:\/\/canal7slp.tv\/2023\/admite-morena-queja-de-marcelo-ebrard\/"]}]},{"@type":"ImageObject","inLanguage":"es","@id":"https:\/\/canal7slp.tv\/2023\/admite-morena-queja-de-marcelo-ebrard\/#primaryimage","url":"https:\/\/canal7slp.tv\/2023\/wp-content\/uploads\/2023\/10\/04.jpg","contentUrl":"https:\/\/canal7slp.tv\/2023\/wp-content\/uploads\/2023\/10\/04.jpg","width":968,"height":551},{"@type":"BreadcrumbList","@id":"https:\/\/canal7slp.tv\/2023\/admite-morena-queja-de-marcelo-ebrard\/#breadcrumb","itemListElement":[{"@type":"ListItem","position":1,"name":"Portada","item":"https:\/\/canal7slp.tv\/2023\/"},{"@type":"ListItem","position":2,"name":"Admite MORENA queja de Marcelo Ebrard"}]},{"@type":"WebSite","@id":"https:\/\/canal7slp.tv\/2023\/#website","url":"https:\/\/canal7slp.tv\/2023\/","name":"N7 - Noticieros Canal 7","description":"Somos Televisi\u00f3n","publisher":{"@id":"https:\/\/canal7slp.tv\/2023\/#organization"},"potentialAction":[{"@type":"SearchAction","target":{"@type":"EntryPoint","urlTemplate":"https:\/\/canal7slp.tv\/2023\/?s={search_term_string}"},"query-input":{"@type":"PropertyValueSpecification","valueRequired":true,"valueName":"search_term_string"}}],"inLanguage":"es"},{"@type":"Organization","@id":"https:\/\/canal7slp.tv\/2023\/#organization","name":"Noticieros Canal 7","url":"https:\/\/canal7slp.tv\/2023\/","logo":{"@type":"ImageObject","inLanguage":"es","@id":"https:\/\/canal7slp.tv\/2023\/#\/schema\/logo\/image\/","url":"https:\/\/canal7slp.tv\/2023\/wp-content\/uploads\/2021\/01\/logo-noticieros@2x.png","contentUrl":"https:\/\/canal7slp.tv\/2023\/wp-content\/uploads\/2021\/01\/logo-noticieros@2x.png","width":1017,"height":268,"caption":"Noticieros Canal 7"},"image":{"@id":"https:\/\/canal7slp.tv\/2023\/#\/schema\/logo\/image\/"},"sameAs":["https:\/\/www.facebook.com\/noticieroscanalsiete","https:\/\/x.com\/NOTICIEROS7","https:\/\/www.instagram.com\/canal7_slp","https:\/\/www.youtube.com\/channel\/UCliiYs-gP3JfJeqdPrNdd5A"]},{"@type":"Person","@id":"https:\/\/canal7slp.tv\/2023\/#\/schema\/person\/639c424e3584069003b11ae813915da6","name":"Edici\u00f3n Web","image":{"@type":"ImageObject","inLanguage":"es","@id":"https:\/\/secure.gravatar.com\/avatar\/eee448fc3f7164808013b816ba91ac7e43bbe82a70bebac296f8bc6f0addaa1a?s=96&d=mm&r=g","url":"https:\/\/secure.gravatar.com\/avatar\/eee448fc3f7164808013b816ba91ac7e43bbe82a70bebac296f8bc6f0addaa1a?s=96&d=mm&r=g","contentUrl":"https:\/\/secure.gravatar.com\/avatar\/eee448fc3f7164808013b816ba91ac7e43bbe82a70bebac296f8bc6f0addaa1a?s=96&d=mm&r=g","caption":"Edici\u00f3n Web"},"url":"https:\/\/canal7slp.tv\/2023\/author\/edicionweb\/"}]}},"_links":{"self":[{"href":"https:\/\/canal7slp.tv\/2023\/wp-json\/wp\/v2\/posts\/108763","targetHints":{"allow":["GET"]}}],"collection":[{"href":"https:\/\/canal7slp.tv\/2023\/wp-json\/wp\/v2\/posts"}],"about":[{"href":"https:\/\/canal7slp.tv\/2023\/wp-json\/wp\/v2\/types\/post"}],"author":[{"embeddable":true,"href":"https:\/\/canal7slp.tv\/2023\/wp-json\/wp\/v2\/users\/2"}],"replies":[{"embeddable":true,"href":"https:\/\/canal7slp.tv\/2023\/wp-json\/wp\/v2\/comments?post=108763"}],"version-history":[{"count":3,"href":"https:\/\/canal7slp.tv\/2023\/wp-json\/wp\/v2\/posts\/108763\/revisions"}],"predecessor-version":[{"id":108848,"href":"https:\/\/canal7slp.tv\/2023\/wp-json\/wp\/v2\/posts\/108763\/revisions\/108848"}],"wp:featuredmedia":[{"embeddable":true,"href":"https:\/\/canal7slp.tv\/2023\/wp-json\/wp\/v2\/media\/108775"}],"wp:attachment":[{"href":"https:\/\/canal7slp.tv\/2023\/wp-json\/wp\/v2\/media?parent=108763"}],"wp:term":[{"taxonomy":"category","embeddable":true,"href":"https:\/\/canal7slp.tv\/2023\/wp-json\/wp\/v2\/categories?post=108763"},{"taxonomy":"post_tag","embeddable":true,"href":"https:\/\/canal7slp.tv\/2023\/wp-json\/wp\/v2\/tags?post=108763"}],"curies":[{"name":"wp","href":"https:\/\/api.w.org\/{rel}","templated":true}]}}