{"id":108762,"date":"2023-10-02T15:51:03","date_gmt":"2023-10-02T21:51:03","guid":{"rendered":"https:\/\/canal7slp.tv\/2023\/?p=108762"},"modified":"2023-10-02T15:51:03","modified_gmt":"2023-10-02T21:51:03","slug":"accidente-carretero-dejo-10-migrantes-muertos-en-la-costa-de-chiapas","status":"publish","type":"post","link":"https:\/\/canal7slp.tv\/2023\/accidente-carretero-dejo-10-migrantes-muertos-en-la-costa-de-chiapas\/","title":{"rendered":"Accidente carretero dej\u00f3 10 migrantes muertos en la costa de Chiapas"},"content":{"rendered":"<p style=\"text-align: justify;\">Tapachula.- Diez migrantes han fallecido y otros 15 resultaron heridos, incluyendo a cuatro menores de edad, en un accidente de tr\u00e1fico en la autopista costera de Chiapas.<\/p>\n<p style=\"text-align: justify;\">Seg\u00fan las autoridades de Protecci\u00f3n Civil, el cami\u00f3n que transportaba a los migrantes volc\u00f3 a un costado de la carretera en el tramo entre Pijijiapan y Tonal\u00e1. Las causas del accidente a\u00fan se desconocen.<\/p>\n<p style=\"text-align: justify;\">Se inform\u00f3 que los heridos fueron trasladados al hospital b\u00e1sico comunitario Dr. Rafael Alfaro para recibir atenci\u00f3n m\u00e9dica.<\/p>\n<p style=\"text-align: justify;\">Sin embargo, no se ha informado sobre las nacionalidades de los fallecidos o heridos.<\/p>\n","protected":false},"excerpt":{"rendered":"<p>Tapachula.- Diez migrantes han fallecido y otros 15 resultaron heridos, incluyendo a cuatro menores de edad, en un accidente de tr\u00e1fico en la autopista costera de Chiapas. Seg\u00fan las autoridades de Protecci\u00f3n Civil, el cami\u00f3n que transportaba a los migrantes volc\u00f3 a un costado de la carretera en el tramo entre Pijijiapan y Tonal\u00e1. Las causas del accidente a\u00fan se desconocen. Se inform\u00f3 que los heridos fueron trasladados al hospital b\u00e1sico comunitario Dr. Rafael Alfaro para recibir atenci\u00f3n m\u00e9dica. Sin embargo, no se ha informado sobre las nacionalidades de los fallecidos o heridos.<\/p>\n","protected":false},"author":2,"featured_media":108774,"comment_status":"closed","ping_status":"closed","sticky":false,"template":"","format":"standard","meta":{"footnotes":""},"categories":[46],"tags":[],"class_list":["post-108762","post","type-post","status-publish","format-standard","has-post-thumbnail","hentry","category-nacional","post--single"],"yoast_head":"<!-- This site is optimized with the Yoast SEO plugin v27.5 - https:\/\/yoast.com\/product\/yoast-seo-wordpress\/ -->\n<title>Accidente carretero dej\u00f3 10 migrantes muertos en la costa de Chiapas - Canal 7 SLP - 2023<\/title>\n<meta name=\"robots\" content=\"index, follow, max-snippet:-1, max-image-preview:large, max-video-preview:-1\" \/>\n<link rel=\"canonical\" href=\"https:\/\/canal7slp.tv\/2023\/accidente-carretero-dejo-10-migrantes-muertos-en-la-costa-de-chiapas\/\" \/>\n<meta property=\"og:locale\" content=\"es_ES\" \/>\n<meta property=\"og:type\" content=\"article\" \/>\n<meta property=\"og:title\" content=\"Accidente carretero dej\u00f3 10 migrantes muertos en la costa de Chiapas - Canal 7 SLP - 2023\" \/>\n<meta property=\"og:description\" content=\"Tapachula.- Diez migrantes han fallecido y otros 15 resultaron heridos, incluyendo a cuatro menores de edad, en un accidente de tr\u00e1fico en la autopista costera de Chiapas. Seg\u00fan las autoridades de Protecci\u00f3n Civil, el cami\u00f3n que transportaba a los migrantes volc\u00f3 a un costado de la carretera en el tramo entre Pijijiapan y Tonal\u00e1. Las causas del accidente a\u00fan se desconocen. Se inform\u00f3 que los heridos fueron trasladados al hospital b\u00e1sico comunitario Dr. Rafael Alfaro para recibir atenci\u00f3n m\u00e9dica. Sin embargo, no se ha informado sobre las nacionalidades de los fallecidos o heridos.\" \/>\n<meta property=\"og:url\" content=\"https:\/\/canal7slp.tv\/2023\/accidente-carretero-dejo-10-migrantes-muertos-en-la-costa-de-chiapas\/\" \/>\n<meta property=\"og:site_name\" content=\"Canal 7 SLP - 2023\" \/>\n<meta property=\"article:publisher\" content=\"https:\/\/www.facebook.com\/noticieroscanalsiete\" \/>\n<meta property=\"article:published_time\" content=\"2023-10-02T21:51:03+00:00\" \/>\n<meta property=\"og:image\" content=\"https:\/\/canal7slp.tv\/2023\/wp-content\/uploads\/2023\/10\/03.jpg\" \/>\n\t<meta property=\"og:image:width\" content=\"1200\" \/>\n\t<meta property=\"og:image:height\" content=\"675\" \/>\n\t<meta property=\"og:image:type\" content=\"image\/jpeg\" \/>\n<meta name=\"author\" content=\"Edici\u00f3n Web\" \/>\n<meta name=\"twitter:card\" content=\"summary_large_image\" \/>\n<meta name=\"twitter:creator\" content=\"@NOTICIEROS7\" \/>\n<meta name=\"twitter:site\" content=\"@NOTICIEROS7\" \/>\n<meta name=\"twitter:label1\" content=\"Escrito por\" \/>\n\t<meta name=\"twitter:data1\" content=\"Edici\u00f3n Web\" \/>\n\t<meta name=\"twitter:label2\" content=\"Tiempo de lectura\" \/>\n\t<meta name=\"twitter:data2\" content=\"1 minuto\" \/>\n<script type=\"application\/ld+json\" class=\"yoast-schema-graph\">{\"@context\":\"https:\\\/\\\/schema.org\",\"@graph\":[{\"@type\":\"Article\",\"@id\":\"https:\\\/\\\/canal7slp.tv\\\/2023\\\/accidente-carretero-dejo-10-migrantes-muertos-en-la-costa-de-chiapas\\\/#article\",\"isPartOf\":{\"@id\":\"https:\\\/\\\/canal7slp.tv\\\/2023\\\/accidente-carretero-dejo-10-migrantes-muertos-en-la-costa-de-chiapas\\\/\"},\"author\":{\"name\":\"Edici\u00f3n Web\",\"@id\":\"https:\\\/\\\/canal7slp.tv\\\/2023\\\/#\\\/schema\\\/person\\\/639c424e3584069003b11ae813915da6\"},\"headline\":\"Accidente carretero dej\u00f3 10 migrantes muertos en la costa de Chiapas\",\"datePublished\":\"2023-10-02T21:51:03+00:00\",\"mainEntityOfPage\":{\"@id\":\"https:\\\/\\\/canal7slp.tv\\\/2023\\\/accidente-carretero-dejo-10-migrantes-muertos-en-la-costa-de-chiapas\\\/\"},\"wordCount\":111,\"publisher\":{\"@id\":\"https:\\\/\\\/canal7slp.tv\\\/2023\\\/#organization\"},\"image\":{\"@id\":\"https:\\\/\\\/canal7slp.tv\\\/2023\\\/accidente-carretero-dejo-10-migrantes-muertos-en-la-costa-de-chiapas\\\/#primaryimage\"},\"thumbnailUrl\":\"https:\\\/\\\/canal7slp.tv\\\/2023\\\/wp-content\\\/uploads\\\/2023\\\/10\\\/03.jpg\",\"articleSection\":[\"NACIONALES\"],\"inLanguage\":\"es\"},{\"@type\":\"WebPage\",\"@id\":\"https:\\\/\\\/canal7slp.tv\\\/2023\\\/accidente-carretero-dejo-10-migrantes-muertos-en-la-costa-de-chiapas\\\/\",\"url\":\"https:\\\/\\\/canal7slp.tv\\\/2023\\\/accidente-carretero-dejo-10-migrantes-muertos-en-la-costa-de-chiapas\\\/\",\"name\":\"Accidente carretero dej\u00f3 10 migrantes muertos en la costa de Chiapas - Canal 7 SLP - 2023\",\"isPartOf\":{\"@id\":\"https:\\\/\\\/canal7slp.tv\\\/2023\\\/#website\"},\"primaryImageOfPage\":{\"@id\":\"https:\\\/\\\/canal7slp.tv\\\/2023\\\/accidente-carretero-dejo-10-migrantes-muertos-en-la-costa-de-chiapas\\\/#primaryimage\"},\"image\":{\"@id\":\"https:\\\/\\\/canal7slp.tv\\\/2023\\\/accidente-carretero-dejo-10-migrantes-muertos-en-la-costa-de-chiapas\\\/#primaryimage\"},\"thumbnailUrl\":\"https:\\\/\\\/canal7slp.tv\\\/2023\\\/wp-content\\\/uploads\\\/2023\\\/10\\\/03.jpg\",\"datePublished\":\"2023-10-02T21:51:03+00:00\",\"breadcrumb\":{\"@id\":\"https:\\\/\\\/canal7slp.tv\\\/2023\\\/accidente-carretero-dejo-10-migrantes-muertos-en-la-costa-de-chiapas\\\/#breadcrumb\"},\"inLanguage\":\"es\",\"potentialAction\":[{\"@type\":\"ReadAction\",\"target\":[\"https:\\\/\\\/canal7slp.tv\\\/2023\\\/accidente-carretero-dejo-10-migrantes-muertos-en-la-costa-de-chiapas\\\/\"]}]},{\"@type\":\"ImageObject\",\"inLanguage\":\"es\",\"@id\":\"https:\\\/\\\/canal7slp.tv\\\/2023\\\/accidente-carretero-dejo-10-migrantes-muertos-en-la-costa-de-chiapas\\\/#primaryimage\",\"url\":\"https:\\\/\\\/canal7slp.tv\\\/2023\\\/wp-content\\\/uploads\\\/2023\\\/10\\\/03.jpg\",\"contentUrl\":\"https:\\\/\\\/canal7slp.tv\\\/2023\\\/wp-content\\\/uploads\\\/2023\\\/10\\\/03.jpg\",\"width\":1200,\"height\":675},{\"@type\":\"BreadcrumbList\",\"@id\":\"https:\\\/\\\/canal7slp.tv\\\/2023\\\/accidente-carretero-dejo-10-migrantes-muertos-en-la-costa-de-chiapas\\\/#breadcrumb\",\"itemListElement\":[{\"@type\":\"ListItem\",\"position\":1,\"name\":\"Portada\",\"item\":\"https:\\\/\\\/canal7slp.tv\\\/2023\\\/\"},{\"@type\":\"ListItem\",\"position\":2,\"name\":\"Accidente carretero dej\u00f3 10 migrantes muertos en la costa de Chiapas\"}]},{\"@type\":\"WebSite\",\"@id\":\"https:\\\/\\\/canal7slp.tv\\\/2023\\\/#website\",\"url\":\"https:\\\/\\\/canal7slp.tv\\\/2023\\\/\",\"name\":\"N7 - Noticieros Canal 7\",\"description\":\"Somos Televisi\u00f3n\",\"publisher\":{\"@id\":\"https:\\\/\\\/canal7slp.tv\\\/2023\\\/#organization\"},\"potentialAction\":[{\"@type\":\"SearchAction\",\"target\":{\"@type\":\"EntryPoint\",\"urlTemplate\":\"https:\\\/\\\/canal7slp.tv\\\/2023\\\/?s={search_term_string}\"},\"query-input\":{\"@type\":\"PropertyValueSpecification\",\"valueRequired\":true,\"valueName\":\"search_term_string\"}}],\"inLanguage\":\"es\"},{\"@type\":\"Organization\",\"@id\":\"https:\\\/\\\/canal7slp.tv\\\/2023\\\/#organization\",\"name\":\"Noticieros Canal 7\",\"url\":\"https:\\\/\\\/canal7slp.tv\\\/2023\\\/\",\"logo\":{\"@type\":\"ImageObject\",\"inLanguage\":\"es\",\"@id\":\"https:\\\/\\\/canal7slp.tv\\\/2023\\\/#\\\/schema\\\/logo\\\/image\\\/\",\"url\":\"https:\\\/\\\/canal7slp.tv\\\/2023\\\/wp-content\\\/uploads\\\/2021\\\/01\\\/logo-noticieros@2x.png\",\"contentUrl\":\"https:\\\/\\\/canal7slp.tv\\\/2023\\\/wp-content\\\/uploads\\\/2021\\\/01\\\/logo-noticieros@2x.png\",\"width\":1017,\"height\":268,\"caption\":\"Noticieros Canal 7\"},\"image\":{\"@id\":\"https:\\\/\\\/canal7slp.tv\\\/2023\\\/#\\\/schema\\\/logo\\\/image\\\/\"},\"sameAs\":[\"https:\\\/\\\/www.facebook.com\\\/noticieroscanalsiete\",\"https:\\\/\\\/x.com\\\/NOTICIEROS7\",\"https:\\\/\\\/www.instagram.com\\\/canal7_slp\",\"https:\\\/\\\/www.youtube.com\\\/channel\\\/UCliiYs-gP3JfJeqdPrNdd5A\"]},{\"@type\":\"Person\",\"@id\":\"https:\\\/\\\/canal7slp.tv\\\/2023\\\/#\\\/schema\\\/person\\\/639c424e3584069003b11ae813915da6\",\"name\":\"Edici\u00f3n Web\",\"image\":{\"@type\":\"ImageObject\",\"inLanguage\":\"es\",\"@id\":\"https:\\\/\\\/secure.gravatar.com\\\/avatar\\\/eee448fc3f7164808013b816ba91ac7e43bbe82a70bebac296f8bc6f0addaa1a?s=96&d=mm&r=g\",\"url\":\"https:\\\/\\\/secure.gravatar.com\\\/avatar\\\/eee448fc3f7164808013b816ba91ac7e43bbe82a70bebac296f8bc6f0addaa1a?s=96&d=mm&r=g\",\"contentUrl\":\"https:\\\/\\\/secure.gravatar.com\\\/avatar\\\/eee448fc3f7164808013b816ba91ac7e43bbe82a70bebac296f8bc6f0addaa1a?s=96&d=mm&r=g\",\"caption\":\"Edici\u00f3n Web\"},\"url\":\"https:\\\/\\\/canal7slp.tv\\\/2023\\\/author\\\/edicionweb\\\/\"}]}<\/script>\n<!-- \/ Yoast SEO plugin. -->","yoast_head_json":{"title":"Accidente carretero dej\u00f3 10 migrantes muertos en la costa de Chiapas - Canal 7 SLP - 2023","robots":{"index":"index","follow":"follow","max-snippet":"max-snippet:-1","max-image-preview":"max-image-preview:large","max-video-preview":"max-video-preview:-1"},"canonical":"https:\/\/canal7slp.tv\/2023\/accidente-carretero-dejo-10-migrantes-muertos-en-la-costa-de-chiapas\/","og_locale":"es_ES","og_type":"article","og_title":"Accidente carretero dej\u00f3 10 migrantes muertos en la costa de Chiapas - Canal 7 SLP - 2023","og_description":"Tapachula.- Diez migrantes han fallecido y otros 15 resultaron heridos, incluyendo a cuatro menores de edad, en un accidente de tr\u00e1fico en la autopista costera de Chiapas. Seg\u00fan las autoridades de Protecci\u00f3n Civil, el cami\u00f3n que transportaba a los migrantes volc\u00f3 a un costado de la carretera en el tramo entre Pijijiapan y Tonal\u00e1. Las causas del accidente a\u00fan se desconocen. Se inform\u00f3 que los heridos fueron trasladados al hospital b\u00e1sico comunitario Dr. Rafael Alfaro para recibir atenci\u00f3n m\u00e9dica. Sin embargo, no se ha informado sobre las nacionalidades de los fallecidos o heridos.","og_url":"https:\/\/canal7slp.tv\/2023\/accidente-carretero-dejo-10-migrantes-muertos-en-la-costa-de-chiapas\/","og_site_name":"Canal 7 SLP - 2023","article_publisher":"https:\/\/www.facebook.com\/noticieroscanalsiete","article_published_time":"2023-10-02T21:51:03+00:00","og_image":[{"width":1200,"height":675,"url":"https:\/\/canal7slp.tv\/2023\/wp-content\/uploads\/2023\/10\/03.jpg","type":"image\/jpeg"}],"author":"Edici\u00f3n Web","twitter_card":"summary_large_image","twitter_creator":"@NOTICIEROS7","twitter_site":"@NOTICIEROS7","twitter_misc":{"Escrito por":"Edici\u00f3n Web","Tiempo de lectura":"1 minuto"},"schema":{"@context":"https:\/\/schema.org","@graph":[{"@type":"Article","@id":"https:\/\/canal7slp.tv\/2023\/accidente-carretero-dejo-10-migrantes-muertos-en-la-costa-de-chiapas\/#article","isPartOf":{"@id":"https:\/\/canal7slp.tv\/2023\/accidente-carretero-dejo-10-migrantes-muertos-en-la-costa-de-chiapas\/"},"author":{"name":"Edici\u00f3n Web","@id":"https:\/\/canal7slp.tv\/2023\/#\/schema\/person\/639c424e3584069003b11ae813915da6"},"headline":"Accidente carretero dej\u00f3 10 migrantes muertos en la costa de Chiapas","datePublished":"2023-10-02T21:51:03+00:00","mainEntityOfPage":{"@id":"https:\/\/canal7slp.tv\/2023\/accidente-carretero-dejo-10-migrantes-muertos-en-la-costa-de-chiapas\/"},"wordCount":111,"publisher":{"@id":"https:\/\/canal7slp.tv\/2023\/#organization"},"image":{"@id":"https:\/\/canal7slp.tv\/2023\/accidente-carretero-dejo-10-migrantes-muertos-en-la-costa-de-chiapas\/#primaryimage"},"thumbnailUrl":"https:\/\/canal7slp.tv\/2023\/wp-content\/uploads\/2023\/10\/03.jpg","articleSection":["NACIONALES"],"inLanguage":"es"},{"@type":"WebPage","@id":"https:\/\/canal7slp.tv\/2023\/accidente-carretero-dejo-10-migrantes-muertos-en-la-costa-de-chiapas\/","url":"https:\/\/canal7slp.tv\/2023\/accidente-carretero-dejo-10-migrantes-muertos-en-la-costa-de-chiapas\/","name":"Accidente carretero dej\u00f3 10 migrantes muertos en la costa de Chiapas - Canal 7 SLP - 2023","isPartOf":{"@id":"https:\/\/canal7slp.tv\/2023\/#website"},"primaryImageOfPage":{"@id":"https:\/\/canal7slp.tv\/2023\/accidente-carretero-dejo-10-migrantes-muertos-en-la-costa-de-chiapas\/#primaryimage"},"image":{"@id":"https:\/\/canal7slp.tv\/2023\/accidente-carretero-dejo-10-migrantes-muertos-en-la-costa-de-chiapas\/#primaryimage"},"thumbnailUrl":"https:\/\/canal7slp.tv\/2023\/wp-content\/uploads\/2023\/10\/03.jpg","datePublished":"2023-10-02T21:51:03+00:00","breadcrumb":{"@id":"https:\/\/canal7slp.tv\/2023\/accidente-carretero-dejo-10-migrantes-muertos-en-la-costa-de-chiapas\/#breadcrumb"},"inLanguage":"es","potentialAction":[{"@type":"ReadAction","target":["https:\/\/canal7slp.tv\/2023\/accidente-carretero-dejo-10-migrantes-muertos-en-la-costa-de-chiapas\/"]}]},{"@type":"ImageObject","inLanguage":"es","@id":"https:\/\/canal7slp.tv\/2023\/accidente-carretero-dejo-10-migrantes-muertos-en-la-costa-de-chiapas\/#primaryimage","url":"https:\/\/canal7slp.tv\/2023\/wp-content\/uploads\/2023\/10\/03.jpg","contentUrl":"https:\/\/canal7slp.tv\/2023\/wp-content\/uploads\/2023\/10\/03.jpg","width":1200,"height":675},{"@type":"BreadcrumbList","@id":"https:\/\/canal7slp.tv\/2023\/accidente-carretero-dejo-10-migrantes-muertos-en-la-costa-de-chiapas\/#breadcrumb","itemListElement":[{"@type":"ListItem","position":1,"name":"Portada","item":"https:\/\/canal7slp.tv\/2023\/"},{"@type":"ListItem","position":2,"name":"Accidente carretero dej\u00f3 10 migrantes muertos en la costa de Chiapas"}]},{"@type":"WebSite","@id":"https:\/\/canal7slp.tv\/2023\/#website","url":"https:\/\/canal7slp.tv\/2023\/","name":"N7 - Noticieros Canal 7","description":"Somos Televisi\u00f3n","publisher":{"@id":"https:\/\/canal7slp.tv\/2023\/#organization"},"potentialAction":[{"@type":"SearchAction","target":{"@type":"EntryPoint","urlTemplate":"https:\/\/canal7slp.tv\/2023\/?s={search_term_string}"},"query-input":{"@type":"PropertyValueSpecification","valueRequired":true,"valueName":"search_term_string"}}],"inLanguage":"es"},{"@type":"Organization","@id":"https:\/\/canal7slp.tv\/2023\/#organization","name":"Noticieros Canal 7","url":"https:\/\/canal7slp.tv\/2023\/","logo":{"@type":"ImageObject","inLanguage":"es","@id":"https:\/\/canal7slp.tv\/2023\/#\/schema\/logo\/image\/","url":"https:\/\/canal7slp.tv\/2023\/wp-content\/uploads\/2021\/01\/logo-noticieros@2x.png","contentUrl":"https:\/\/canal7slp.tv\/2023\/wp-content\/uploads\/2021\/01\/logo-noticieros@2x.png","width":1017,"height":268,"caption":"Noticieros Canal 7"},"image":{"@id":"https:\/\/canal7slp.tv\/2023\/#\/schema\/logo\/image\/"},"sameAs":["https:\/\/www.facebook.com\/noticieroscanalsiete","https:\/\/x.com\/NOTICIEROS7","https:\/\/www.instagram.com\/canal7_slp","https:\/\/www.youtube.com\/channel\/UCliiYs-gP3JfJeqdPrNdd5A"]},{"@type":"Person","@id":"https:\/\/canal7slp.tv\/2023\/#\/schema\/person\/639c424e3584069003b11ae813915da6","name":"Edici\u00f3n Web","image":{"@type":"ImageObject","inLanguage":"es","@id":"https:\/\/secure.gravatar.com\/avatar\/eee448fc3f7164808013b816ba91ac7e43bbe82a70bebac296f8bc6f0addaa1a?s=96&d=mm&r=g","url":"https:\/\/secure.gravatar.com\/avatar\/eee448fc3f7164808013b816ba91ac7e43bbe82a70bebac296f8bc6f0addaa1a?s=96&d=mm&r=g","contentUrl":"https:\/\/secure.gravatar.com\/avatar\/eee448fc3f7164808013b816ba91ac7e43bbe82a70bebac296f8bc6f0addaa1a?s=96&d=mm&r=g","caption":"Edici\u00f3n Web"},"url":"https:\/\/canal7slp.tv\/2023\/author\/edicionweb\/"}]}},"_links":{"self":[{"href":"https:\/\/canal7slp.tv\/2023\/wp-json\/wp\/v2\/posts\/108762","targetHints":{"allow":["GET"]}}],"collection":[{"href":"https:\/\/canal7slp.tv\/2023\/wp-json\/wp\/v2\/posts"}],"about":[{"href":"https:\/\/canal7slp.tv\/2023\/wp-json\/wp\/v2\/types\/post"}],"author":[{"embeddable":true,"href":"https:\/\/canal7slp.tv\/2023\/wp-json\/wp\/v2\/users\/2"}],"replies":[{"embeddable":true,"href":"https:\/\/canal7slp.tv\/2023\/wp-json\/wp\/v2\/comments?post=108762"}],"version-history":[{"count":3,"href":"https:\/\/canal7slp.tv\/2023\/wp-json\/wp\/v2\/posts\/108762\/revisions"}],"predecessor-version":[{"id":108847,"href":"https:\/\/canal7slp.tv\/2023\/wp-json\/wp\/v2\/posts\/108762\/revisions\/108847"}],"wp:featuredmedia":[{"embeddable":true,"href":"https:\/\/canal7slp.tv\/2023\/wp-json\/wp\/v2\/media\/108774"}],"wp:attachment":[{"href":"https:\/\/canal7slp.tv\/2023\/wp-json\/wp\/v2\/media?parent=108762"}],"wp:term":[{"taxonomy":"category","embeddable":true,"href":"https:\/\/canal7slp.tv\/2023\/wp-json\/wp\/v2\/categories?post=108762"},{"taxonomy":"post_tag","embeddable":true,"href":"https:\/\/canal7slp.tv\/2023\/wp-json\/wp\/v2\/tags?post=108762"}],"curies":[{"name":"wp","href":"https:\/\/api.w.org\/{rel}","templated":true}]}}