{"id":107521,"date":"2023-09-15T21:08:28","date_gmt":"2023-09-16T03:08:28","guid":{"rendered":"https:\/\/canal7slp.tv\/2023\/?p=107521"},"modified":"2023-09-15T21:08:57","modified_gmt":"2023-09-16T03:08:57","slug":"reitera-dirigente-de-morena-que-para-elecciones-locales-el-partido-va-en-solitario","status":"publish","type":"post","link":"https:\/\/canal7slp.tv\/2023\/reitera-dirigente-de-morena-que-para-elecciones-locales-el-partido-va-en-solitario\/","title":{"rendered":"Reitera dirigente de MORENA que para elecciones locales, el partido va en solitario"},"content":{"rendered":"<p style=\"text-align: justify;\">SLP.- Al igual que en ocasiones anteriores la presidenta del Comit\u00e9 Ejecutivo Estatal del Partido del Movimiento de Regeneraci\u00f3n Nacional, Rita Ozalia Rodr\u00edguez Vel\u00e1zquez, reiter\u00f3 que para las elecciones del 2024 en lo local ir\u00e1n solos.<\/p>\n<p style=\"text-align: justify;\">Sin embargo, la dirigente estatal de MORENA dej\u00f3 abierta la posibilidad de coaligarse con el Partido Nueva Alianza al decir que la base magisterial, siempre ha jugado un papel importante en las elecciones.<\/p>\n<p style=\"text-align: justify;\">Al abundar en el tema de los maestros la dirigente estatal de MORENA coment\u00f3 que en San Luis Potos\u00ed el gobierno del estado, no ha apoyado al cien por ciento a los trabajadores de la educaci\u00f3n en cuanto a sus demandas de incremento salarial y prestaciones.<\/p>\n<p style=\"text-align: justify;\">Por:Claudio Ibarra<\/p>\n","protected":false},"excerpt":{"rendered":"<p>SLP.- Al igual que en ocasiones anteriores la presidenta del Comit\u00e9 Ejecutivo Estatal del Partido del Movimiento de Regeneraci\u00f3n Nacional, Rita Ozalia Rodr\u00edguez Vel\u00e1zquez, reiter\u00f3 que para las elecciones del 2024 en lo local ir\u00e1n solos. Sin embargo, la dirigente estatal de MORENA dej\u00f3 abierta la posibilidad de coaligarse con el Partido Nueva Alianza al decir que la base magisterial, siempre ha jugado un papel importante en las elecciones. Al abundar en el tema de los maestros la dirigente estatal de MORENA coment\u00f3 que en San Luis Potos\u00ed el gobierno del estado, no ha apoyado al cien por ciento a [&hellip;]<\/p>\n","protected":false},"author":2,"featured_media":107533,"comment_status":"closed","ping_status":"closed","sticky":false,"template":"","format":"video","meta":{"footnotes":""},"categories":[5,45],"tags":[],"class_list":["post-107521","post","type-post","status-publish","format-video","has-post-thumbnail","hentry","category-destacadas","category-localesyregionales","post_format-post-format-video","post--single"],"yoast_head":"<!-- This site is optimized with the Yoast SEO plugin v27.5 - https:\/\/yoast.com\/product\/yoast-seo-wordpress\/ -->\n<title>Reitera dirigente de MORENA que para elecciones locales, el partido va en solitario - Canal 7 SLP - 2023<\/title>\n<meta name=\"robots\" content=\"index, follow, max-snippet:-1, max-image-preview:large, max-video-preview:-1\" \/>\n<link rel=\"canonical\" href=\"https:\/\/canal7slp.tv\/2023\/reitera-dirigente-de-morena-que-para-elecciones-locales-el-partido-va-en-solitario\/\" \/>\n<meta property=\"og:locale\" content=\"es_ES\" \/>\n<meta property=\"og:type\" content=\"article\" \/>\n<meta property=\"og:title\" content=\"Reitera dirigente de MORENA que para elecciones locales, el partido va en solitario - Canal 7 SLP - 2023\" \/>\n<meta property=\"og:description\" content=\"SLP.- Al igual que en ocasiones anteriores la presidenta del Comit\u00e9 Ejecutivo Estatal del Partido del Movimiento de Regeneraci\u00f3n Nacional, Rita Ozalia Rodr\u00edguez Vel\u00e1zquez, reiter\u00f3 que para las elecciones del 2024 en lo local ir\u00e1n solos. Sin embargo, la dirigente estatal de MORENA dej\u00f3 abierta la posibilidad de coaligarse con el Partido Nueva Alianza al decir que la base magisterial, siempre ha jugado un papel importante en las elecciones. Al abundar en el tema de los maestros la dirigente estatal de MORENA coment\u00f3 que en San Luis Potos\u00ed el gobierno del estado, no ha apoyado al cien por ciento a [&hellip;]\" \/>\n<meta property=\"og:url\" content=\"https:\/\/canal7slp.tv\/2023\/reitera-dirigente-de-morena-que-para-elecciones-locales-el-partido-va-en-solitario\/\" \/>\n<meta property=\"og:site_name\" content=\"Canal 7 SLP - 2023\" \/>\n<meta property=\"article:publisher\" content=\"https:\/\/www.facebook.com\/noticieroscanalsiete\" \/>\n<meta property=\"article:published_time\" content=\"2023-09-16T03:08:28+00:00\" \/>\n<meta property=\"article:modified_time\" content=\"2023-09-16T03:08:57+00:00\" \/>\n<meta property=\"og:image\" content=\"https:\/\/canal7slp.tv\/2023\/wp-content\/uploads\/2023\/09\/FT-solos.jpg\" \/>\n\t<meta property=\"og:image:width\" content=\"1280\" \/>\n\t<meta property=\"og:image:height\" content=\"720\" \/>\n\t<meta property=\"og:image:type\" content=\"image\/jpeg\" \/>\n<meta name=\"author\" content=\"Edici\u00f3n Web\" \/>\n<meta name=\"twitter:card\" content=\"summary_large_image\" \/>\n<meta name=\"twitter:creator\" content=\"@NOTICIEROS7\" \/>\n<meta name=\"twitter:site\" content=\"@NOTICIEROS7\" \/>\n<meta name=\"twitter:label1\" content=\"Escrito por\" \/>\n\t<meta name=\"twitter:data1\" content=\"Edici\u00f3n Web\" \/>\n\t<meta name=\"twitter:label2\" content=\"Tiempo de lectura\" \/>\n\t<meta name=\"twitter:data2\" content=\"1 minuto\" \/>\n<script type=\"application\/ld+json\" class=\"yoast-schema-graph\">{\"@context\":\"https:\\\/\\\/schema.org\",\"@graph\":[{\"@type\":\"Article\",\"@id\":\"https:\\\/\\\/canal7slp.tv\\\/2023\\\/reitera-dirigente-de-morena-que-para-elecciones-locales-el-partido-va-en-solitario\\\/#article\",\"isPartOf\":{\"@id\":\"https:\\\/\\\/canal7slp.tv\\\/2023\\\/reitera-dirigente-de-morena-que-para-elecciones-locales-el-partido-va-en-solitario\\\/\"},\"author\":{\"name\":\"Edici\u00f3n Web\",\"@id\":\"https:\\\/\\\/canal7slp.tv\\\/2023\\\/#\\\/schema\\\/person\\\/639c424e3584069003b11ae813915da6\"},\"headline\":\"Reitera dirigente de MORENA que para elecciones locales, el partido va en solitario\",\"datePublished\":\"2023-09-16T03:08:28+00:00\",\"dateModified\":\"2023-09-16T03:08:57+00:00\",\"mainEntityOfPage\":{\"@id\":\"https:\\\/\\\/canal7slp.tv\\\/2023\\\/reitera-dirigente-de-morena-que-para-elecciones-locales-el-partido-va-en-solitario\\\/\"},\"wordCount\":136,\"publisher\":{\"@id\":\"https:\\\/\\\/canal7slp.tv\\\/2023\\\/#organization\"},\"image\":{\"@id\":\"https:\\\/\\\/canal7slp.tv\\\/2023\\\/reitera-dirigente-de-morena-que-para-elecciones-locales-el-partido-va-en-solitario\\\/#primaryimage\"},\"thumbnailUrl\":\"https:\\\/\\\/canal7slp.tv\\\/2023\\\/wp-content\\\/uploads\\\/2023\\\/09\\\/FT-solos.jpg\",\"articleSection\":[\"DESTACADAS\",\"LOCALES Y REGIONALES\"],\"inLanguage\":\"es\"},{\"@type\":\"WebPage\",\"@id\":\"https:\\\/\\\/canal7slp.tv\\\/2023\\\/reitera-dirigente-de-morena-que-para-elecciones-locales-el-partido-va-en-solitario\\\/\",\"url\":\"https:\\\/\\\/canal7slp.tv\\\/2023\\\/reitera-dirigente-de-morena-que-para-elecciones-locales-el-partido-va-en-solitario\\\/\",\"name\":\"Reitera dirigente de MORENA que para elecciones locales, el partido va en solitario - Canal 7 SLP - 2023\",\"isPartOf\":{\"@id\":\"https:\\\/\\\/canal7slp.tv\\\/2023\\\/#website\"},\"primaryImageOfPage\":{\"@id\":\"https:\\\/\\\/canal7slp.tv\\\/2023\\\/reitera-dirigente-de-morena-que-para-elecciones-locales-el-partido-va-en-solitario\\\/#primaryimage\"},\"image\":{\"@id\":\"https:\\\/\\\/canal7slp.tv\\\/2023\\\/reitera-dirigente-de-morena-que-para-elecciones-locales-el-partido-va-en-solitario\\\/#primaryimage\"},\"thumbnailUrl\":\"https:\\\/\\\/canal7slp.tv\\\/2023\\\/wp-content\\\/uploads\\\/2023\\\/09\\\/FT-solos.jpg\",\"datePublished\":\"2023-09-16T03:08:28+00:00\",\"dateModified\":\"2023-09-16T03:08:57+00:00\",\"breadcrumb\":{\"@id\":\"https:\\\/\\\/canal7slp.tv\\\/2023\\\/reitera-dirigente-de-morena-que-para-elecciones-locales-el-partido-va-en-solitario\\\/#breadcrumb\"},\"inLanguage\":\"es\",\"potentialAction\":[{\"@type\":\"ReadAction\",\"target\":[\"https:\\\/\\\/canal7slp.tv\\\/2023\\\/reitera-dirigente-de-morena-que-para-elecciones-locales-el-partido-va-en-solitario\\\/\"]}]},{\"@type\":\"ImageObject\",\"inLanguage\":\"es\",\"@id\":\"https:\\\/\\\/canal7slp.tv\\\/2023\\\/reitera-dirigente-de-morena-que-para-elecciones-locales-el-partido-va-en-solitario\\\/#primaryimage\",\"url\":\"https:\\\/\\\/canal7slp.tv\\\/2023\\\/wp-content\\\/uploads\\\/2023\\\/09\\\/FT-solos.jpg\",\"contentUrl\":\"https:\\\/\\\/canal7slp.tv\\\/2023\\\/wp-content\\\/uploads\\\/2023\\\/09\\\/FT-solos.jpg\",\"width\":1280,\"height\":720},{\"@type\":\"BreadcrumbList\",\"@id\":\"https:\\\/\\\/canal7slp.tv\\\/2023\\\/reitera-dirigente-de-morena-que-para-elecciones-locales-el-partido-va-en-solitario\\\/#breadcrumb\",\"itemListElement\":[{\"@type\":\"ListItem\",\"position\":1,\"name\":\"Portada\",\"item\":\"https:\\\/\\\/canal7slp.tv\\\/2023\\\/\"},{\"@type\":\"ListItem\",\"position\":2,\"name\":\"Reitera dirigente de MORENA que para elecciones locales, el partido va en solitario\"}]},{\"@type\":\"WebSite\",\"@id\":\"https:\\\/\\\/canal7slp.tv\\\/2023\\\/#website\",\"url\":\"https:\\\/\\\/canal7slp.tv\\\/2023\\\/\",\"name\":\"N7 - Noticieros Canal 7\",\"description\":\"Somos Televisi\u00f3n\",\"publisher\":{\"@id\":\"https:\\\/\\\/canal7slp.tv\\\/2023\\\/#organization\"},\"potentialAction\":[{\"@type\":\"SearchAction\",\"target\":{\"@type\":\"EntryPoint\",\"urlTemplate\":\"https:\\\/\\\/canal7slp.tv\\\/2023\\\/?s={search_term_string}\"},\"query-input\":{\"@type\":\"PropertyValueSpecification\",\"valueRequired\":true,\"valueName\":\"search_term_string\"}}],\"inLanguage\":\"es\"},{\"@type\":\"Organization\",\"@id\":\"https:\\\/\\\/canal7slp.tv\\\/2023\\\/#organization\",\"name\":\"Noticieros Canal 7\",\"url\":\"https:\\\/\\\/canal7slp.tv\\\/2023\\\/\",\"logo\":{\"@type\":\"ImageObject\",\"inLanguage\":\"es\",\"@id\":\"https:\\\/\\\/canal7slp.tv\\\/2023\\\/#\\\/schema\\\/logo\\\/image\\\/\",\"url\":\"https:\\\/\\\/canal7slp.tv\\\/2023\\\/wp-content\\\/uploads\\\/2021\\\/01\\\/logo-noticieros@2x.png\",\"contentUrl\":\"https:\\\/\\\/canal7slp.tv\\\/2023\\\/wp-content\\\/uploads\\\/2021\\\/01\\\/logo-noticieros@2x.png\",\"width\":1017,\"height\":268,\"caption\":\"Noticieros Canal 7\"},\"image\":{\"@id\":\"https:\\\/\\\/canal7slp.tv\\\/2023\\\/#\\\/schema\\\/logo\\\/image\\\/\"},\"sameAs\":[\"https:\\\/\\\/www.facebook.com\\\/noticieroscanalsiete\",\"https:\\\/\\\/x.com\\\/NOTICIEROS7\",\"https:\\\/\\\/www.instagram.com\\\/canal7_slp\",\"https:\\\/\\\/www.youtube.com\\\/channel\\\/UCliiYs-gP3JfJeqdPrNdd5A\"]},{\"@type\":\"Person\",\"@id\":\"https:\\\/\\\/canal7slp.tv\\\/2023\\\/#\\\/schema\\\/person\\\/639c424e3584069003b11ae813915da6\",\"name\":\"Edici\u00f3n Web\",\"image\":{\"@type\":\"ImageObject\",\"inLanguage\":\"es\",\"@id\":\"https:\\\/\\\/secure.gravatar.com\\\/avatar\\\/eee448fc3f7164808013b816ba91ac7e43bbe82a70bebac296f8bc6f0addaa1a?s=96&d=mm&r=g\",\"url\":\"https:\\\/\\\/secure.gravatar.com\\\/avatar\\\/eee448fc3f7164808013b816ba91ac7e43bbe82a70bebac296f8bc6f0addaa1a?s=96&d=mm&r=g\",\"contentUrl\":\"https:\\\/\\\/secure.gravatar.com\\\/avatar\\\/eee448fc3f7164808013b816ba91ac7e43bbe82a70bebac296f8bc6f0addaa1a?s=96&d=mm&r=g\",\"caption\":\"Edici\u00f3n Web\"},\"url\":\"https:\\\/\\\/canal7slp.tv\\\/2023\\\/author\\\/edicionweb\\\/\"}]}<\/script>\n<!-- \/ Yoast SEO plugin. -->","yoast_head_json":{"title":"Reitera dirigente de MORENA que para elecciones locales, el partido va en solitario - Canal 7 SLP - 2023","robots":{"index":"index","follow":"follow","max-snippet":"max-snippet:-1","max-image-preview":"max-image-preview:large","max-video-preview":"max-video-preview:-1"},"canonical":"https:\/\/canal7slp.tv\/2023\/reitera-dirigente-de-morena-que-para-elecciones-locales-el-partido-va-en-solitario\/","og_locale":"es_ES","og_type":"article","og_title":"Reitera dirigente de MORENA que para elecciones locales, el partido va en solitario - Canal 7 SLP - 2023","og_description":"SLP.- Al igual que en ocasiones anteriores la presidenta del Comit\u00e9 Ejecutivo Estatal del Partido del Movimiento de Regeneraci\u00f3n Nacional, Rita Ozalia Rodr\u00edguez Vel\u00e1zquez, reiter\u00f3 que para las elecciones del 2024 en lo local ir\u00e1n solos. Sin embargo, la dirigente estatal de MORENA dej\u00f3 abierta la posibilidad de coaligarse con el Partido Nueva Alianza al decir que la base magisterial, siempre ha jugado un papel importante en las elecciones. Al abundar en el tema de los maestros la dirigente estatal de MORENA coment\u00f3 que en San Luis Potos\u00ed el gobierno del estado, no ha apoyado al cien por ciento a [&hellip;]","og_url":"https:\/\/canal7slp.tv\/2023\/reitera-dirigente-de-morena-que-para-elecciones-locales-el-partido-va-en-solitario\/","og_site_name":"Canal 7 SLP - 2023","article_publisher":"https:\/\/www.facebook.com\/noticieroscanalsiete","article_published_time":"2023-09-16T03:08:28+00:00","article_modified_time":"2023-09-16T03:08:57+00:00","og_image":[{"width":1280,"height":720,"url":"https:\/\/canal7slp.tv\/2023\/wp-content\/uploads\/2023\/09\/FT-solos.jpg","type":"image\/jpeg"}],"author":"Edici\u00f3n Web","twitter_card":"summary_large_image","twitter_creator":"@NOTICIEROS7","twitter_site":"@NOTICIEROS7","twitter_misc":{"Escrito por":"Edici\u00f3n Web","Tiempo de lectura":"1 minuto"},"schema":{"@context":"https:\/\/schema.org","@graph":[{"@type":"Article","@id":"https:\/\/canal7slp.tv\/2023\/reitera-dirigente-de-morena-que-para-elecciones-locales-el-partido-va-en-solitario\/#article","isPartOf":{"@id":"https:\/\/canal7slp.tv\/2023\/reitera-dirigente-de-morena-que-para-elecciones-locales-el-partido-va-en-solitario\/"},"author":{"name":"Edici\u00f3n Web","@id":"https:\/\/canal7slp.tv\/2023\/#\/schema\/person\/639c424e3584069003b11ae813915da6"},"headline":"Reitera dirigente de MORENA que para elecciones locales, el partido va en solitario","datePublished":"2023-09-16T03:08:28+00:00","dateModified":"2023-09-16T03:08:57+00:00","mainEntityOfPage":{"@id":"https:\/\/canal7slp.tv\/2023\/reitera-dirigente-de-morena-que-para-elecciones-locales-el-partido-va-en-solitario\/"},"wordCount":136,"publisher":{"@id":"https:\/\/canal7slp.tv\/2023\/#organization"},"image":{"@id":"https:\/\/canal7slp.tv\/2023\/reitera-dirigente-de-morena-que-para-elecciones-locales-el-partido-va-en-solitario\/#primaryimage"},"thumbnailUrl":"https:\/\/canal7slp.tv\/2023\/wp-content\/uploads\/2023\/09\/FT-solos.jpg","articleSection":["DESTACADAS","LOCALES Y REGIONALES"],"inLanguage":"es"},{"@type":"WebPage","@id":"https:\/\/canal7slp.tv\/2023\/reitera-dirigente-de-morena-que-para-elecciones-locales-el-partido-va-en-solitario\/","url":"https:\/\/canal7slp.tv\/2023\/reitera-dirigente-de-morena-que-para-elecciones-locales-el-partido-va-en-solitario\/","name":"Reitera dirigente de MORENA que para elecciones locales, el partido va en solitario - Canal 7 SLP - 2023","isPartOf":{"@id":"https:\/\/canal7slp.tv\/2023\/#website"},"primaryImageOfPage":{"@id":"https:\/\/canal7slp.tv\/2023\/reitera-dirigente-de-morena-que-para-elecciones-locales-el-partido-va-en-solitario\/#primaryimage"},"image":{"@id":"https:\/\/canal7slp.tv\/2023\/reitera-dirigente-de-morena-que-para-elecciones-locales-el-partido-va-en-solitario\/#primaryimage"},"thumbnailUrl":"https:\/\/canal7slp.tv\/2023\/wp-content\/uploads\/2023\/09\/FT-solos.jpg","datePublished":"2023-09-16T03:08:28+00:00","dateModified":"2023-09-16T03:08:57+00:00","breadcrumb":{"@id":"https:\/\/canal7slp.tv\/2023\/reitera-dirigente-de-morena-que-para-elecciones-locales-el-partido-va-en-solitario\/#breadcrumb"},"inLanguage":"es","potentialAction":[{"@type":"ReadAction","target":["https:\/\/canal7slp.tv\/2023\/reitera-dirigente-de-morena-que-para-elecciones-locales-el-partido-va-en-solitario\/"]}]},{"@type":"ImageObject","inLanguage":"es","@id":"https:\/\/canal7slp.tv\/2023\/reitera-dirigente-de-morena-que-para-elecciones-locales-el-partido-va-en-solitario\/#primaryimage","url":"https:\/\/canal7slp.tv\/2023\/wp-content\/uploads\/2023\/09\/FT-solos.jpg","contentUrl":"https:\/\/canal7slp.tv\/2023\/wp-content\/uploads\/2023\/09\/FT-solos.jpg","width":1280,"height":720},{"@type":"BreadcrumbList","@id":"https:\/\/canal7slp.tv\/2023\/reitera-dirigente-de-morena-que-para-elecciones-locales-el-partido-va-en-solitario\/#breadcrumb","itemListElement":[{"@type":"ListItem","position":1,"name":"Portada","item":"https:\/\/canal7slp.tv\/2023\/"},{"@type":"ListItem","position":2,"name":"Reitera dirigente de MORENA que para elecciones locales, el partido va en solitario"}]},{"@type":"WebSite","@id":"https:\/\/canal7slp.tv\/2023\/#website","url":"https:\/\/canal7slp.tv\/2023\/","name":"N7 - Noticieros Canal 7","description":"Somos Televisi\u00f3n","publisher":{"@id":"https:\/\/canal7slp.tv\/2023\/#organization"},"potentialAction":[{"@type":"SearchAction","target":{"@type":"EntryPoint","urlTemplate":"https:\/\/canal7slp.tv\/2023\/?s={search_term_string}"},"query-input":{"@type":"PropertyValueSpecification","valueRequired":true,"valueName":"search_term_string"}}],"inLanguage":"es"},{"@type":"Organization","@id":"https:\/\/canal7slp.tv\/2023\/#organization","name":"Noticieros Canal 7","url":"https:\/\/canal7slp.tv\/2023\/","logo":{"@type":"ImageObject","inLanguage":"es","@id":"https:\/\/canal7slp.tv\/2023\/#\/schema\/logo\/image\/","url":"https:\/\/canal7slp.tv\/2023\/wp-content\/uploads\/2021\/01\/logo-noticieros@2x.png","contentUrl":"https:\/\/canal7slp.tv\/2023\/wp-content\/uploads\/2021\/01\/logo-noticieros@2x.png","width":1017,"height":268,"caption":"Noticieros Canal 7"},"image":{"@id":"https:\/\/canal7slp.tv\/2023\/#\/schema\/logo\/image\/"},"sameAs":["https:\/\/www.facebook.com\/noticieroscanalsiete","https:\/\/x.com\/NOTICIEROS7","https:\/\/www.instagram.com\/canal7_slp","https:\/\/www.youtube.com\/channel\/UCliiYs-gP3JfJeqdPrNdd5A"]},{"@type":"Person","@id":"https:\/\/canal7slp.tv\/2023\/#\/schema\/person\/639c424e3584069003b11ae813915da6","name":"Edici\u00f3n Web","image":{"@type":"ImageObject","inLanguage":"es","@id":"https:\/\/secure.gravatar.com\/avatar\/eee448fc3f7164808013b816ba91ac7e43bbe82a70bebac296f8bc6f0addaa1a?s=96&d=mm&r=g","url":"https:\/\/secure.gravatar.com\/avatar\/eee448fc3f7164808013b816ba91ac7e43bbe82a70bebac296f8bc6f0addaa1a?s=96&d=mm&r=g","contentUrl":"https:\/\/secure.gravatar.com\/avatar\/eee448fc3f7164808013b816ba91ac7e43bbe82a70bebac296f8bc6f0addaa1a?s=96&d=mm&r=g","caption":"Edici\u00f3n Web"},"url":"https:\/\/canal7slp.tv\/2023\/author\/edicionweb\/"}]}},"_links":{"self":[{"href":"https:\/\/canal7slp.tv\/2023\/wp-json\/wp\/v2\/posts\/107521","targetHints":{"allow":["GET"]}}],"collection":[{"href":"https:\/\/canal7slp.tv\/2023\/wp-json\/wp\/v2\/posts"}],"about":[{"href":"https:\/\/canal7slp.tv\/2023\/wp-json\/wp\/v2\/types\/post"}],"author":[{"embeddable":true,"href":"https:\/\/canal7slp.tv\/2023\/wp-json\/wp\/v2\/users\/2"}],"replies":[{"embeddable":true,"href":"https:\/\/canal7slp.tv\/2023\/wp-json\/wp\/v2\/comments?post=107521"}],"version-history":[{"count":2,"href":"https:\/\/canal7slp.tv\/2023\/wp-json\/wp\/v2\/posts\/107521\/revisions"}],"predecessor-version":[{"id":107540,"href":"https:\/\/canal7slp.tv\/2023\/wp-json\/wp\/v2\/posts\/107521\/revisions\/107540"}],"wp:featuredmedia":[{"embeddable":true,"href":"https:\/\/canal7slp.tv\/2023\/wp-json\/wp\/v2\/media\/107533"}],"wp:attachment":[{"href":"https:\/\/canal7slp.tv\/2023\/wp-json\/wp\/v2\/media?parent=107521"}],"wp:term":[{"taxonomy":"category","embeddable":true,"href":"https:\/\/canal7slp.tv\/2023\/wp-json\/wp\/v2\/categories?post=107521"},{"taxonomy":"post_tag","embeddable":true,"href":"https:\/\/canal7slp.tv\/2023\/wp-json\/wp\/v2\/tags?post=107521"}],"curies":[{"name":"wp","href":"https:\/\/api.w.org\/{rel}","templated":true}]}}