{"id":107518,"date":"2023-09-15T20:50:06","date_gmt":"2023-09-16T02:50:06","guid":{"rendered":"https:\/\/canal7slp.tv\/2023\/?p=107518"},"modified":"2023-09-15T20:50:06","modified_gmt":"2023-09-16T02:50:06","slug":"autoridades-y-estudiantado-conmemoraron-el-aniversario-213-de-la-independencia-en-el-monumento-a-miguel-hidalgo","status":"publish","type":"post","link":"https:\/\/canal7slp.tv\/2023\/autoridades-y-estudiantado-conmemoraron-el-aniversario-213-de-la-independencia-en-el-monumento-a-miguel-hidalgo\/","title":{"rendered":"Autoridades y estudiantado conmemoraron el aniversario 213 de la Independencia en el monumento a Miguel Hidalgo"},"content":{"rendered":"<p style=\"text-align: justify;\">SLP.-En el marco del 213 aniversario del Movimiento de Independencia este 15 de Septiembre en la Alameda Central\u00a0 \u201cJuan Sarabia\u201d se llev\u00f3 a cabo una ceremonia conmemorativa, frente al monumento de Miguel Hidalgo que se ubica en este lugar.<\/p>\n<p style=\"text-align: justify;\">Autoridades y alumnos de la escuela secundaria \u201cDionisio Zavala\u201d realizaron este evento en donde se destac\u00f3 el origen de este movimiento independentista.<\/p>\n<p style=\"text-align: justify;\">En el discurso oficial se destac\u00f3 la gesta del cura Hidalgo que culmin\u00f3 con el fin del dominio espa\u00f1ol luego de 11 a\u00f1os de guerra.<\/p>\n<p>Por:Claudio Ibarra<\/p>\n","protected":false},"excerpt":{"rendered":"<p>SLP.-En el marco del 213 aniversario del Movimiento de Independencia este 15 de Septiembre en la Alameda Central\u00a0 \u201cJuan Sarabia\u201d se llev\u00f3 a cabo una ceremonia conmemorativa, frente al monumento de Miguel Hidalgo que se ubica en este lugar. Autoridades y alumnos de la escuela secundaria \u201cDionisio Zavala\u201d realizaron este evento en donde se destac\u00f3 el origen de este movimiento independentista. En el discurso oficial se destac\u00f3 la gesta del cura Hidalgo que culmin\u00f3 con el fin del dominio espa\u00f1ol luego de 11 a\u00f1os de guerra. Por:Claudio Ibarra<\/p>\n","protected":false},"author":2,"featured_media":107530,"comment_status":"closed","ping_status":"closed","sticky":false,"template":"","format":"video","meta":{"footnotes":""},"categories":[5,45],"tags":[],"class_list":["post-107518","post","type-post","status-publish","format-video","has-post-thumbnail","hentry","category-destacadas","category-localesyregionales","post_format-post-format-video","post--single"],"yoast_head":"<!-- This site is optimized with the Yoast SEO plugin v27.5 - https:\/\/yoast.com\/product\/yoast-seo-wordpress\/ -->\n<title>Autoridades y estudiantado conmemoraron el aniversario 213 de la Independencia en el monumento a Miguel Hidalgo - Canal 7 SLP - 2023<\/title>\n<meta name=\"robots\" content=\"index, follow, max-snippet:-1, max-image-preview:large, max-video-preview:-1\" \/>\n<link rel=\"canonical\" href=\"https:\/\/canal7slp.tv\/2023\/autoridades-y-estudiantado-conmemoraron-el-aniversario-213-de-la-independencia-en-el-monumento-a-miguel-hidalgo\/\" \/>\n<meta property=\"og:locale\" content=\"es_ES\" \/>\n<meta property=\"og:type\" content=\"article\" \/>\n<meta property=\"og:title\" content=\"Autoridades y estudiantado conmemoraron el aniversario 213 de la Independencia en el monumento a Miguel Hidalgo - Canal 7 SLP - 2023\" \/>\n<meta property=\"og:description\" content=\"SLP.-En el marco del 213 aniversario del Movimiento de Independencia este 15 de Septiembre en la Alameda Central\u00a0 \u201cJuan Sarabia\u201d se llev\u00f3 a cabo una ceremonia conmemorativa, frente al monumento de Miguel Hidalgo que se ubica en este lugar. Autoridades y alumnos de la escuela secundaria \u201cDionisio Zavala\u201d realizaron este evento en donde se destac\u00f3 el origen de este movimiento independentista. En el discurso oficial se destac\u00f3 la gesta del cura Hidalgo que culmin\u00f3 con el fin del dominio espa\u00f1ol luego de 11 a\u00f1os de guerra. Por:Claudio Ibarra\" \/>\n<meta property=\"og:url\" content=\"https:\/\/canal7slp.tv\/2023\/autoridades-y-estudiantado-conmemoraron-el-aniversario-213-de-la-independencia-en-el-monumento-a-miguel-hidalgo\/\" \/>\n<meta property=\"og:site_name\" content=\"Canal 7 SLP - 2023\" \/>\n<meta property=\"article:publisher\" content=\"https:\/\/www.facebook.com\/noticieroscanalsiete\" \/>\n<meta property=\"article:published_time\" content=\"2023-09-16T02:50:06+00:00\" \/>\n<meta property=\"og:image\" content=\"https:\/\/canal7slp.tv\/2023\/wp-content\/uploads\/2023\/09\/FT-independencia.jpg\" \/>\n\t<meta property=\"og:image:width\" content=\"1280\" \/>\n\t<meta property=\"og:image:height\" content=\"720\" \/>\n\t<meta property=\"og:image:type\" content=\"image\/jpeg\" \/>\n<meta name=\"author\" content=\"Edici\u00f3n Web\" \/>\n<meta name=\"twitter:card\" content=\"summary_large_image\" \/>\n<meta name=\"twitter:creator\" content=\"@NOTICIEROS7\" \/>\n<meta name=\"twitter:site\" content=\"@NOTICIEROS7\" \/>\n<meta name=\"twitter:label1\" content=\"Escrito por\" \/>\n\t<meta name=\"twitter:data1\" content=\"Edici\u00f3n Web\" \/>\n\t<meta name=\"twitter:label2\" content=\"Tiempo de lectura\" \/>\n\t<meta name=\"twitter:data2\" content=\"1 minuto\" \/>\n<script type=\"application\/ld+json\" class=\"yoast-schema-graph\">{\"@context\":\"https:\\\/\\\/schema.org\",\"@graph\":[{\"@type\":\"Article\",\"@id\":\"https:\\\/\\\/canal7slp.tv\\\/2023\\\/autoridades-y-estudiantado-conmemoraron-el-aniversario-213-de-la-independencia-en-el-monumento-a-miguel-hidalgo\\\/#article\",\"isPartOf\":{\"@id\":\"https:\\\/\\\/canal7slp.tv\\\/2023\\\/autoridades-y-estudiantado-conmemoraron-el-aniversario-213-de-la-independencia-en-el-monumento-a-miguel-hidalgo\\\/\"},\"author\":{\"name\":\"Edici\u00f3n Web\",\"@id\":\"https:\\\/\\\/canal7slp.tv\\\/2023\\\/#\\\/schema\\\/person\\\/639c424e3584069003b11ae813915da6\"},\"headline\":\"Autoridades y estudiantado conmemoraron el aniversario 213 de la Independencia en el monumento a Miguel Hidalgo\",\"datePublished\":\"2023-09-16T02:50:06+00:00\",\"mainEntityOfPage\":{\"@id\":\"https:\\\/\\\/canal7slp.tv\\\/2023\\\/autoridades-y-estudiantado-conmemoraron-el-aniversario-213-de-la-independencia-en-el-monumento-a-miguel-hidalgo\\\/\"},\"wordCount\":104,\"publisher\":{\"@id\":\"https:\\\/\\\/canal7slp.tv\\\/2023\\\/#organization\"},\"image\":{\"@id\":\"https:\\\/\\\/canal7slp.tv\\\/2023\\\/autoridades-y-estudiantado-conmemoraron-el-aniversario-213-de-la-independencia-en-el-monumento-a-miguel-hidalgo\\\/#primaryimage\"},\"thumbnailUrl\":\"https:\\\/\\\/canal7slp.tv\\\/2023\\\/wp-content\\\/uploads\\\/2023\\\/09\\\/FT-independencia.jpg\",\"articleSection\":[\"DESTACADAS\",\"LOCALES Y REGIONALES\"],\"inLanguage\":\"es\"},{\"@type\":\"WebPage\",\"@id\":\"https:\\\/\\\/canal7slp.tv\\\/2023\\\/autoridades-y-estudiantado-conmemoraron-el-aniversario-213-de-la-independencia-en-el-monumento-a-miguel-hidalgo\\\/\",\"url\":\"https:\\\/\\\/canal7slp.tv\\\/2023\\\/autoridades-y-estudiantado-conmemoraron-el-aniversario-213-de-la-independencia-en-el-monumento-a-miguel-hidalgo\\\/\",\"name\":\"Autoridades y estudiantado conmemoraron el aniversario 213 de la Independencia en el monumento a Miguel Hidalgo - Canal 7 SLP - 2023\",\"isPartOf\":{\"@id\":\"https:\\\/\\\/canal7slp.tv\\\/2023\\\/#website\"},\"primaryImageOfPage\":{\"@id\":\"https:\\\/\\\/canal7slp.tv\\\/2023\\\/autoridades-y-estudiantado-conmemoraron-el-aniversario-213-de-la-independencia-en-el-monumento-a-miguel-hidalgo\\\/#primaryimage\"},\"image\":{\"@id\":\"https:\\\/\\\/canal7slp.tv\\\/2023\\\/autoridades-y-estudiantado-conmemoraron-el-aniversario-213-de-la-independencia-en-el-monumento-a-miguel-hidalgo\\\/#primaryimage\"},\"thumbnailUrl\":\"https:\\\/\\\/canal7slp.tv\\\/2023\\\/wp-content\\\/uploads\\\/2023\\\/09\\\/FT-independencia.jpg\",\"datePublished\":\"2023-09-16T02:50:06+00:00\",\"breadcrumb\":{\"@id\":\"https:\\\/\\\/canal7slp.tv\\\/2023\\\/autoridades-y-estudiantado-conmemoraron-el-aniversario-213-de-la-independencia-en-el-monumento-a-miguel-hidalgo\\\/#breadcrumb\"},\"inLanguage\":\"es\",\"potentialAction\":[{\"@type\":\"ReadAction\",\"target\":[\"https:\\\/\\\/canal7slp.tv\\\/2023\\\/autoridades-y-estudiantado-conmemoraron-el-aniversario-213-de-la-independencia-en-el-monumento-a-miguel-hidalgo\\\/\"]}]},{\"@type\":\"ImageObject\",\"inLanguage\":\"es\",\"@id\":\"https:\\\/\\\/canal7slp.tv\\\/2023\\\/autoridades-y-estudiantado-conmemoraron-el-aniversario-213-de-la-independencia-en-el-monumento-a-miguel-hidalgo\\\/#primaryimage\",\"url\":\"https:\\\/\\\/canal7slp.tv\\\/2023\\\/wp-content\\\/uploads\\\/2023\\\/09\\\/FT-independencia.jpg\",\"contentUrl\":\"https:\\\/\\\/canal7slp.tv\\\/2023\\\/wp-content\\\/uploads\\\/2023\\\/09\\\/FT-independencia.jpg\",\"width\":1280,\"height\":720},{\"@type\":\"BreadcrumbList\",\"@id\":\"https:\\\/\\\/canal7slp.tv\\\/2023\\\/autoridades-y-estudiantado-conmemoraron-el-aniversario-213-de-la-independencia-en-el-monumento-a-miguel-hidalgo\\\/#breadcrumb\",\"itemListElement\":[{\"@type\":\"ListItem\",\"position\":1,\"name\":\"Portada\",\"item\":\"https:\\\/\\\/canal7slp.tv\\\/2023\\\/\"},{\"@type\":\"ListItem\",\"position\":2,\"name\":\"Autoridades y estudiantado conmemoraron el aniversario 213 de la Independencia en el monumento a Miguel Hidalgo\"}]},{\"@type\":\"WebSite\",\"@id\":\"https:\\\/\\\/canal7slp.tv\\\/2023\\\/#website\",\"url\":\"https:\\\/\\\/canal7slp.tv\\\/2023\\\/\",\"name\":\"N7 - Noticieros Canal 7\",\"description\":\"Somos Televisi\u00f3n\",\"publisher\":{\"@id\":\"https:\\\/\\\/canal7slp.tv\\\/2023\\\/#organization\"},\"potentialAction\":[{\"@type\":\"SearchAction\",\"target\":{\"@type\":\"EntryPoint\",\"urlTemplate\":\"https:\\\/\\\/canal7slp.tv\\\/2023\\\/?s={search_term_string}\"},\"query-input\":{\"@type\":\"PropertyValueSpecification\",\"valueRequired\":true,\"valueName\":\"search_term_string\"}}],\"inLanguage\":\"es\"},{\"@type\":\"Organization\",\"@id\":\"https:\\\/\\\/canal7slp.tv\\\/2023\\\/#organization\",\"name\":\"Noticieros Canal 7\",\"url\":\"https:\\\/\\\/canal7slp.tv\\\/2023\\\/\",\"logo\":{\"@type\":\"ImageObject\",\"inLanguage\":\"es\",\"@id\":\"https:\\\/\\\/canal7slp.tv\\\/2023\\\/#\\\/schema\\\/logo\\\/image\\\/\",\"url\":\"https:\\\/\\\/canal7slp.tv\\\/2023\\\/wp-content\\\/uploads\\\/2021\\\/01\\\/logo-noticieros@2x.png\",\"contentUrl\":\"https:\\\/\\\/canal7slp.tv\\\/2023\\\/wp-content\\\/uploads\\\/2021\\\/01\\\/logo-noticieros@2x.png\",\"width\":1017,\"height\":268,\"caption\":\"Noticieros Canal 7\"},\"image\":{\"@id\":\"https:\\\/\\\/canal7slp.tv\\\/2023\\\/#\\\/schema\\\/logo\\\/image\\\/\"},\"sameAs\":[\"https:\\\/\\\/www.facebook.com\\\/noticieroscanalsiete\",\"https:\\\/\\\/x.com\\\/NOTICIEROS7\",\"https:\\\/\\\/www.instagram.com\\\/canal7_slp\",\"https:\\\/\\\/www.youtube.com\\\/channel\\\/UCliiYs-gP3JfJeqdPrNdd5A\"]},{\"@type\":\"Person\",\"@id\":\"https:\\\/\\\/canal7slp.tv\\\/2023\\\/#\\\/schema\\\/person\\\/639c424e3584069003b11ae813915da6\",\"name\":\"Edici\u00f3n Web\",\"image\":{\"@type\":\"ImageObject\",\"inLanguage\":\"es\",\"@id\":\"https:\\\/\\\/secure.gravatar.com\\\/avatar\\\/eee448fc3f7164808013b816ba91ac7e43bbe82a70bebac296f8bc6f0addaa1a?s=96&d=mm&r=g\",\"url\":\"https:\\\/\\\/secure.gravatar.com\\\/avatar\\\/eee448fc3f7164808013b816ba91ac7e43bbe82a70bebac296f8bc6f0addaa1a?s=96&d=mm&r=g\",\"contentUrl\":\"https:\\\/\\\/secure.gravatar.com\\\/avatar\\\/eee448fc3f7164808013b816ba91ac7e43bbe82a70bebac296f8bc6f0addaa1a?s=96&d=mm&r=g\",\"caption\":\"Edici\u00f3n Web\"},\"url\":\"https:\\\/\\\/canal7slp.tv\\\/2023\\\/author\\\/edicionweb\\\/\"}]}<\/script>\n<!-- \/ Yoast SEO plugin. -->","yoast_head_json":{"title":"Autoridades y estudiantado conmemoraron el aniversario 213 de la Independencia en el monumento a Miguel Hidalgo - Canal 7 SLP - 2023","robots":{"index":"index","follow":"follow","max-snippet":"max-snippet:-1","max-image-preview":"max-image-preview:large","max-video-preview":"max-video-preview:-1"},"canonical":"https:\/\/canal7slp.tv\/2023\/autoridades-y-estudiantado-conmemoraron-el-aniversario-213-de-la-independencia-en-el-monumento-a-miguel-hidalgo\/","og_locale":"es_ES","og_type":"article","og_title":"Autoridades y estudiantado conmemoraron el aniversario 213 de la Independencia en el monumento a Miguel Hidalgo - Canal 7 SLP - 2023","og_description":"SLP.-En el marco del 213 aniversario del Movimiento de Independencia este 15 de Septiembre en la Alameda Central\u00a0 \u201cJuan Sarabia\u201d se llev\u00f3 a cabo una ceremonia conmemorativa, frente al monumento de Miguel Hidalgo que se ubica en este lugar. Autoridades y alumnos de la escuela secundaria \u201cDionisio Zavala\u201d realizaron este evento en donde se destac\u00f3 el origen de este movimiento independentista. En el discurso oficial se destac\u00f3 la gesta del cura Hidalgo que culmin\u00f3 con el fin del dominio espa\u00f1ol luego de 11 a\u00f1os de guerra. Por:Claudio Ibarra","og_url":"https:\/\/canal7slp.tv\/2023\/autoridades-y-estudiantado-conmemoraron-el-aniversario-213-de-la-independencia-en-el-monumento-a-miguel-hidalgo\/","og_site_name":"Canal 7 SLP - 2023","article_publisher":"https:\/\/www.facebook.com\/noticieroscanalsiete","article_published_time":"2023-09-16T02:50:06+00:00","og_image":[{"width":1280,"height":720,"url":"https:\/\/canal7slp.tv\/2023\/wp-content\/uploads\/2023\/09\/FT-independencia.jpg","type":"image\/jpeg"}],"author":"Edici\u00f3n Web","twitter_card":"summary_large_image","twitter_creator":"@NOTICIEROS7","twitter_site":"@NOTICIEROS7","twitter_misc":{"Escrito por":"Edici\u00f3n Web","Tiempo de lectura":"1 minuto"},"schema":{"@context":"https:\/\/schema.org","@graph":[{"@type":"Article","@id":"https:\/\/canal7slp.tv\/2023\/autoridades-y-estudiantado-conmemoraron-el-aniversario-213-de-la-independencia-en-el-monumento-a-miguel-hidalgo\/#article","isPartOf":{"@id":"https:\/\/canal7slp.tv\/2023\/autoridades-y-estudiantado-conmemoraron-el-aniversario-213-de-la-independencia-en-el-monumento-a-miguel-hidalgo\/"},"author":{"name":"Edici\u00f3n Web","@id":"https:\/\/canal7slp.tv\/2023\/#\/schema\/person\/639c424e3584069003b11ae813915da6"},"headline":"Autoridades y estudiantado conmemoraron el aniversario 213 de la Independencia en el monumento a Miguel Hidalgo","datePublished":"2023-09-16T02:50:06+00:00","mainEntityOfPage":{"@id":"https:\/\/canal7slp.tv\/2023\/autoridades-y-estudiantado-conmemoraron-el-aniversario-213-de-la-independencia-en-el-monumento-a-miguel-hidalgo\/"},"wordCount":104,"publisher":{"@id":"https:\/\/canal7slp.tv\/2023\/#organization"},"image":{"@id":"https:\/\/canal7slp.tv\/2023\/autoridades-y-estudiantado-conmemoraron-el-aniversario-213-de-la-independencia-en-el-monumento-a-miguel-hidalgo\/#primaryimage"},"thumbnailUrl":"https:\/\/canal7slp.tv\/2023\/wp-content\/uploads\/2023\/09\/FT-independencia.jpg","articleSection":["DESTACADAS","LOCALES Y REGIONALES"],"inLanguage":"es"},{"@type":"WebPage","@id":"https:\/\/canal7slp.tv\/2023\/autoridades-y-estudiantado-conmemoraron-el-aniversario-213-de-la-independencia-en-el-monumento-a-miguel-hidalgo\/","url":"https:\/\/canal7slp.tv\/2023\/autoridades-y-estudiantado-conmemoraron-el-aniversario-213-de-la-independencia-en-el-monumento-a-miguel-hidalgo\/","name":"Autoridades y estudiantado conmemoraron el aniversario 213 de la Independencia en el monumento a Miguel Hidalgo - Canal 7 SLP - 2023","isPartOf":{"@id":"https:\/\/canal7slp.tv\/2023\/#website"},"primaryImageOfPage":{"@id":"https:\/\/canal7slp.tv\/2023\/autoridades-y-estudiantado-conmemoraron-el-aniversario-213-de-la-independencia-en-el-monumento-a-miguel-hidalgo\/#primaryimage"},"image":{"@id":"https:\/\/canal7slp.tv\/2023\/autoridades-y-estudiantado-conmemoraron-el-aniversario-213-de-la-independencia-en-el-monumento-a-miguel-hidalgo\/#primaryimage"},"thumbnailUrl":"https:\/\/canal7slp.tv\/2023\/wp-content\/uploads\/2023\/09\/FT-independencia.jpg","datePublished":"2023-09-16T02:50:06+00:00","breadcrumb":{"@id":"https:\/\/canal7slp.tv\/2023\/autoridades-y-estudiantado-conmemoraron-el-aniversario-213-de-la-independencia-en-el-monumento-a-miguel-hidalgo\/#breadcrumb"},"inLanguage":"es","potentialAction":[{"@type":"ReadAction","target":["https:\/\/canal7slp.tv\/2023\/autoridades-y-estudiantado-conmemoraron-el-aniversario-213-de-la-independencia-en-el-monumento-a-miguel-hidalgo\/"]}]},{"@type":"ImageObject","inLanguage":"es","@id":"https:\/\/canal7slp.tv\/2023\/autoridades-y-estudiantado-conmemoraron-el-aniversario-213-de-la-independencia-en-el-monumento-a-miguel-hidalgo\/#primaryimage","url":"https:\/\/canal7slp.tv\/2023\/wp-content\/uploads\/2023\/09\/FT-independencia.jpg","contentUrl":"https:\/\/canal7slp.tv\/2023\/wp-content\/uploads\/2023\/09\/FT-independencia.jpg","width":1280,"height":720},{"@type":"BreadcrumbList","@id":"https:\/\/canal7slp.tv\/2023\/autoridades-y-estudiantado-conmemoraron-el-aniversario-213-de-la-independencia-en-el-monumento-a-miguel-hidalgo\/#breadcrumb","itemListElement":[{"@type":"ListItem","position":1,"name":"Portada","item":"https:\/\/canal7slp.tv\/2023\/"},{"@type":"ListItem","position":2,"name":"Autoridades y estudiantado conmemoraron el aniversario 213 de la Independencia en el monumento a Miguel Hidalgo"}]},{"@type":"WebSite","@id":"https:\/\/canal7slp.tv\/2023\/#website","url":"https:\/\/canal7slp.tv\/2023\/","name":"N7 - Noticieros Canal 7","description":"Somos Televisi\u00f3n","publisher":{"@id":"https:\/\/canal7slp.tv\/2023\/#organization"},"potentialAction":[{"@type":"SearchAction","target":{"@type":"EntryPoint","urlTemplate":"https:\/\/canal7slp.tv\/2023\/?s={search_term_string}"},"query-input":{"@type":"PropertyValueSpecification","valueRequired":true,"valueName":"search_term_string"}}],"inLanguage":"es"},{"@type":"Organization","@id":"https:\/\/canal7slp.tv\/2023\/#organization","name":"Noticieros Canal 7","url":"https:\/\/canal7slp.tv\/2023\/","logo":{"@type":"ImageObject","inLanguage":"es","@id":"https:\/\/canal7slp.tv\/2023\/#\/schema\/logo\/image\/","url":"https:\/\/canal7slp.tv\/2023\/wp-content\/uploads\/2021\/01\/logo-noticieros@2x.png","contentUrl":"https:\/\/canal7slp.tv\/2023\/wp-content\/uploads\/2021\/01\/logo-noticieros@2x.png","width":1017,"height":268,"caption":"Noticieros Canal 7"},"image":{"@id":"https:\/\/canal7slp.tv\/2023\/#\/schema\/logo\/image\/"},"sameAs":["https:\/\/www.facebook.com\/noticieroscanalsiete","https:\/\/x.com\/NOTICIEROS7","https:\/\/www.instagram.com\/canal7_slp","https:\/\/www.youtube.com\/channel\/UCliiYs-gP3JfJeqdPrNdd5A"]},{"@type":"Person","@id":"https:\/\/canal7slp.tv\/2023\/#\/schema\/person\/639c424e3584069003b11ae813915da6","name":"Edici\u00f3n Web","image":{"@type":"ImageObject","inLanguage":"es","@id":"https:\/\/secure.gravatar.com\/avatar\/eee448fc3f7164808013b816ba91ac7e43bbe82a70bebac296f8bc6f0addaa1a?s=96&d=mm&r=g","url":"https:\/\/secure.gravatar.com\/avatar\/eee448fc3f7164808013b816ba91ac7e43bbe82a70bebac296f8bc6f0addaa1a?s=96&d=mm&r=g","contentUrl":"https:\/\/secure.gravatar.com\/avatar\/eee448fc3f7164808013b816ba91ac7e43bbe82a70bebac296f8bc6f0addaa1a?s=96&d=mm&r=g","caption":"Edici\u00f3n Web"},"url":"https:\/\/canal7slp.tv\/2023\/author\/edicionweb\/"}]}},"_links":{"self":[{"href":"https:\/\/canal7slp.tv\/2023\/wp-json\/wp\/v2\/posts\/107518","targetHints":{"allow":["GET"]}}],"collection":[{"href":"https:\/\/canal7slp.tv\/2023\/wp-json\/wp\/v2\/posts"}],"about":[{"href":"https:\/\/canal7slp.tv\/2023\/wp-json\/wp\/v2\/types\/post"}],"author":[{"embeddable":true,"href":"https:\/\/canal7slp.tv\/2023\/wp-json\/wp\/v2\/users\/2"}],"replies":[{"embeddable":true,"href":"https:\/\/canal7slp.tv\/2023\/wp-json\/wp\/v2\/comments?post=107518"}],"version-history":[{"count":1,"href":"https:\/\/canal7slp.tv\/2023\/wp-json\/wp\/v2\/posts\/107518\/revisions"}],"predecessor-version":[{"id":107535,"href":"https:\/\/canal7slp.tv\/2023\/wp-json\/wp\/v2\/posts\/107518\/revisions\/107535"}],"wp:featuredmedia":[{"embeddable":true,"href":"https:\/\/canal7slp.tv\/2023\/wp-json\/wp\/v2\/media\/107530"}],"wp:attachment":[{"href":"https:\/\/canal7slp.tv\/2023\/wp-json\/wp\/v2\/media?parent=107518"}],"wp:term":[{"taxonomy":"category","embeddable":true,"href":"https:\/\/canal7slp.tv\/2023\/wp-json\/wp\/v2\/categories?post=107518"},{"taxonomy":"post_tag","embeddable":true,"href":"https:\/\/canal7slp.tv\/2023\/wp-json\/wp\/v2\/tags?post=107518"}],"curies":[{"name":"wp","href":"https:\/\/api.w.org\/{rel}","templated":true}]}}