{"id":107517,"date":"2023-09-15T21:01:40","date_gmt":"2023-09-16T03:01:40","guid":{"rendered":"https:\/\/canal7slp.tv\/2023\/?p=107517"},"modified":"2023-09-15T21:01:40","modified_gmt":"2023-09-16T03:01:40","slug":"estudiantes-aun-presentan-cuadros-de-ansiedad-derivado-de-la-contingencia-sanitaria","status":"publish","type":"post","link":"https:\/\/canal7slp.tv\/2023\/estudiantes-aun-presentan-cuadros-de-ansiedad-derivado-de-la-contingencia-sanitaria\/","title":{"rendered":"Estudiantes a\u00fan presentan cuadros de ansiedad, derivado de la contingencia sanitaria"},"content":{"rendered":"<p style=\"text-align: justify;\">SLP.- El titular de Unisalud de la Universidad Aut\u00f3noma de San Luis Potos\u00ed, Mario Alberto Espinoza del R\u00edo, se\u00f1al\u00f3 que en su departamento se cuenta con apoyo psicol\u00f3gico para estudiantes.<\/p>\n<p style=\"text-align: justify;\">Indic\u00f3 que despu\u00e9s de la pandemia por COVID-19, los estudiantes presentan cuadros de ansiedad y no cuentan con herramientas para manejo de estr\u00e9s.<\/p>\n<p style=\"text-align: justify;\">J\u00f3venes de la Universidad Aut\u00f3noma de San Luis Potos\u00ed presentan m\u00e1s casos de ansiedad, depresi\u00f3n y poco control del estr\u00e9s, lo que ha generado mayor deserci\u00f3n escolar, se\u00f1al\u00f3 el jefe de Unisalud, Mario Alberto Espinoza del R\u00edo.<\/p>\n<p style=\"text-align: justify;\">\u201cLo que hemos visto es que los muchachos tienen m\u00e1s ansiedad y les faltan herramientas para manejar el estr\u00e9s\u201d.<\/p>\n<p style=\"text-align: justify;\">La causa es el encierro por pandemia del a\u00f1o 2020 y los ciclos de educaci\u00f3n a distancia.<\/p>\n<p style=\"text-align: justify;\">\u201cEl haber estado los muchachos metidos dos a\u00f1os de aislamiento, tuvieron menos convivencia otros compa\u00f1eros, la capacidad de tolerar estr\u00e9s o la presencia estar en grupos eso los afect\u00f3\u201d.<\/p>\n<p style=\"text-align: justify;\">A la fecha se tiene la mayor cantidad de j\u00f3venes con problemas psicol\u00f3gicos.<\/p>\n<p style=\"text-align: justify;\">\u201cDe a\u00f1os previos o de la pandemia yo creo que si aument\u00f3 casi al doble de problemas de ansiedad o de manejo de estr\u00e9s\u201d.<\/p>\n<p style=\"text-align: justify;\">Refiri\u00f3 que se tiene apoyo para estudiantes en las facultades.<\/p>\n<p style=\"text-align: justify;\">\u201cTenemos m\u00f3dulos del programa de promoci\u00f3n de la salud que es atendido por pasantes de enfermer\u00eda (\u2026) si ven que hay un mayor estr\u00e9s, ya los refieren hacia el departamento de orientaci\u00f3n educativa donde los apoyan\u201d.<\/p>\n<p style=\"text-align: justify;\">Durante los primeros meses del ciclo escolar 2023-2024, se registr\u00f3 la deserci\u00f3n escolar m\u00e1s alta de fechas recientes de la UASLP, por encima del ocho por ciento.<\/p>\n<p>Por: Juan Carlos Contreras<\/p>\n","protected":false},"excerpt":{"rendered":"<p>SLP.- El titular de Unisalud de la Universidad Aut\u00f3noma de San Luis Potos\u00ed, Mario Alberto Espinoza del R\u00edo, se\u00f1al\u00f3 que en su departamento se cuenta con apoyo psicol\u00f3gico para estudiantes. Indic\u00f3 que despu\u00e9s de la pandemia por COVID-19, los estudiantes presentan cuadros de ansiedad y no cuentan con herramientas para manejo de estr\u00e9s. J\u00f3venes de la Universidad Aut\u00f3noma de San Luis Potos\u00ed presentan m\u00e1s casos de ansiedad, depresi\u00f3n y poco control del estr\u00e9s, lo que ha generado mayor deserci\u00f3n escolar, se\u00f1al\u00f3 el jefe de Unisalud, Mario Alberto Espinoza del R\u00edo. \u201cLo que hemos visto es que los muchachos tienen m\u00e1s [&hellip;]<\/p>\n","protected":false},"author":2,"featured_media":107532,"comment_status":"closed","ping_status":"closed","sticky":false,"template":"","format":"video","meta":{"footnotes":""},"categories":[5,45],"tags":[],"class_list":["post-107517","post","type-post","status-publish","format-video","has-post-thumbnail","hentry","category-destacadas","category-localesyregionales","post_format-post-format-video","post--single"],"yoast_head":"<!-- This site is optimized with the Yoast SEO plugin v27.5 - https:\/\/yoast.com\/product\/yoast-seo-wordpress\/ -->\n<title>Estudiantes a\u00fan presentan cuadros de ansiedad, derivado de la contingencia sanitaria - Canal 7 SLP - 2023<\/title>\n<meta name=\"robots\" content=\"index, follow, max-snippet:-1, max-image-preview:large, max-video-preview:-1\" \/>\n<link rel=\"canonical\" href=\"https:\/\/canal7slp.tv\/2023\/estudiantes-aun-presentan-cuadros-de-ansiedad-derivado-de-la-contingencia-sanitaria\/\" \/>\n<meta property=\"og:locale\" content=\"es_ES\" \/>\n<meta property=\"og:type\" content=\"article\" \/>\n<meta property=\"og:title\" content=\"Estudiantes a\u00fan presentan cuadros de ansiedad, derivado de la contingencia sanitaria - Canal 7 SLP - 2023\" \/>\n<meta property=\"og:description\" content=\"SLP.- El titular de Unisalud de la Universidad Aut\u00f3noma de San Luis Potos\u00ed, Mario Alberto Espinoza del R\u00edo, se\u00f1al\u00f3 que en su departamento se cuenta con apoyo psicol\u00f3gico para estudiantes. Indic\u00f3 que despu\u00e9s de la pandemia por COVID-19, los estudiantes presentan cuadros de ansiedad y no cuentan con herramientas para manejo de estr\u00e9s. J\u00f3venes de la Universidad Aut\u00f3noma de San Luis Potos\u00ed presentan m\u00e1s casos de ansiedad, depresi\u00f3n y poco control del estr\u00e9s, lo que ha generado mayor deserci\u00f3n escolar, se\u00f1al\u00f3 el jefe de Unisalud, Mario Alberto Espinoza del R\u00edo. \u201cLo que hemos visto es que los muchachos tienen m\u00e1s [&hellip;]\" \/>\n<meta property=\"og:url\" content=\"https:\/\/canal7slp.tv\/2023\/estudiantes-aun-presentan-cuadros-de-ansiedad-derivado-de-la-contingencia-sanitaria\/\" \/>\n<meta property=\"og:site_name\" content=\"Canal 7 SLP - 2023\" \/>\n<meta property=\"article:publisher\" content=\"https:\/\/www.facebook.com\/noticieroscanalsiete\" \/>\n<meta property=\"article:published_time\" content=\"2023-09-16T03:01:40+00:00\" \/>\n<meta property=\"og:image\" content=\"https:\/\/canal7slp.tv\/2023\/wp-content\/uploads\/2023\/09\/Ft-UASLP-UNISALUD.jpg\" \/>\n\t<meta property=\"og:image:width\" content=\"1280\" \/>\n\t<meta property=\"og:image:height\" content=\"720\" \/>\n\t<meta property=\"og:image:type\" content=\"image\/jpeg\" \/>\n<meta name=\"author\" content=\"Edici\u00f3n Web\" \/>\n<meta name=\"twitter:card\" content=\"summary_large_image\" \/>\n<meta name=\"twitter:creator\" content=\"@NOTICIEROS7\" \/>\n<meta name=\"twitter:site\" content=\"@NOTICIEROS7\" \/>\n<meta name=\"twitter:label1\" content=\"Escrito por\" \/>\n\t<meta name=\"twitter:data1\" content=\"Edici\u00f3n Web\" \/>\n\t<meta name=\"twitter:label2\" content=\"Tiempo de lectura\" \/>\n\t<meta name=\"twitter:data2\" content=\"2 minutos\" \/>\n<script type=\"application\/ld+json\" class=\"yoast-schema-graph\">{\"@context\":\"https:\\\/\\\/schema.org\",\"@graph\":[{\"@type\":\"Article\",\"@id\":\"https:\\\/\\\/canal7slp.tv\\\/2023\\\/estudiantes-aun-presentan-cuadros-de-ansiedad-derivado-de-la-contingencia-sanitaria\\\/#article\",\"isPartOf\":{\"@id\":\"https:\\\/\\\/canal7slp.tv\\\/2023\\\/estudiantes-aun-presentan-cuadros-de-ansiedad-derivado-de-la-contingencia-sanitaria\\\/\"},\"author\":{\"name\":\"Edici\u00f3n Web\",\"@id\":\"https:\\\/\\\/canal7slp.tv\\\/2023\\\/#\\\/schema\\\/person\\\/639c424e3584069003b11ae813915da6\"},\"headline\":\"Estudiantes a\u00fan presentan cuadros de ansiedad, derivado de la contingencia sanitaria\",\"datePublished\":\"2023-09-16T03:01:40+00:00\",\"mainEntityOfPage\":{\"@id\":\"https:\\\/\\\/canal7slp.tv\\\/2023\\\/estudiantes-aun-presentan-cuadros-de-ansiedad-derivado-de-la-contingencia-sanitaria\\\/\"},\"wordCount\":312,\"publisher\":{\"@id\":\"https:\\\/\\\/canal7slp.tv\\\/2023\\\/#organization\"},\"image\":{\"@id\":\"https:\\\/\\\/canal7slp.tv\\\/2023\\\/estudiantes-aun-presentan-cuadros-de-ansiedad-derivado-de-la-contingencia-sanitaria\\\/#primaryimage\"},\"thumbnailUrl\":\"https:\\\/\\\/canal7slp.tv\\\/2023\\\/wp-content\\\/uploads\\\/2023\\\/09\\\/Ft-UASLP-UNISALUD.jpg\",\"articleSection\":[\"DESTACADAS\",\"LOCALES Y REGIONALES\"],\"inLanguage\":\"es\"},{\"@type\":\"WebPage\",\"@id\":\"https:\\\/\\\/canal7slp.tv\\\/2023\\\/estudiantes-aun-presentan-cuadros-de-ansiedad-derivado-de-la-contingencia-sanitaria\\\/\",\"url\":\"https:\\\/\\\/canal7slp.tv\\\/2023\\\/estudiantes-aun-presentan-cuadros-de-ansiedad-derivado-de-la-contingencia-sanitaria\\\/\",\"name\":\"Estudiantes a\u00fan presentan cuadros de ansiedad, derivado de la contingencia sanitaria - Canal 7 SLP - 2023\",\"isPartOf\":{\"@id\":\"https:\\\/\\\/canal7slp.tv\\\/2023\\\/#website\"},\"primaryImageOfPage\":{\"@id\":\"https:\\\/\\\/canal7slp.tv\\\/2023\\\/estudiantes-aun-presentan-cuadros-de-ansiedad-derivado-de-la-contingencia-sanitaria\\\/#primaryimage\"},\"image\":{\"@id\":\"https:\\\/\\\/canal7slp.tv\\\/2023\\\/estudiantes-aun-presentan-cuadros-de-ansiedad-derivado-de-la-contingencia-sanitaria\\\/#primaryimage\"},\"thumbnailUrl\":\"https:\\\/\\\/canal7slp.tv\\\/2023\\\/wp-content\\\/uploads\\\/2023\\\/09\\\/Ft-UASLP-UNISALUD.jpg\",\"datePublished\":\"2023-09-16T03:01:40+00:00\",\"breadcrumb\":{\"@id\":\"https:\\\/\\\/canal7slp.tv\\\/2023\\\/estudiantes-aun-presentan-cuadros-de-ansiedad-derivado-de-la-contingencia-sanitaria\\\/#breadcrumb\"},\"inLanguage\":\"es\",\"potentialAction\":[{\"@type\":\"ReadAction\",\"target\":[\"https:\\\/\\\/canal7slp.tv\\\/2023\\\/estudiantes-aun-presentan-cuadros-de-ansiedad-derivado-de-la-contingencia-sanitaria\\\/\"]}]},{\"@type\":\"ImageObject\",\"inLanguage\":\"es\",\"@id\":\"https:\\\/\\\/canal7slp.tv\\\/2023\\\/estudiantes-aun-presentan-cuadros-de-ansiedad-derivado-de-la-contingencia-sanitaria\\\/#primaryimage\",\"url\":\"https:\\\/\\\/canal7slp.tv\\\/2023\\\/wp-content\\\/uploads\\\/2023\\\/09\\\/Ft-UASLP-UNISALUD.jpg\",\"contentUrl\":\"https:\\\/\\\/canal7slp.tv\\\/2023\\\/wp-content\\\/uploads\\\/2023\\\/09\\\/Ft-UASLP-UNISALUD.jpg\",\"width\":1280,\"height\":720},{\"@type\":\"BreadcrumbList\",\"@id\":\"https:\\\/\\\/canal7slp.tv\\\/2023\\\/estudiantes-aun-presentan-cuadros-de-ansiedad-derivado-de-la-contingencia-sanitaria\\\/#breadcrumb\",\"itemListElement\":[{\"@type\":\"ListItem\",\"position\":1,\"name\":\"Portada\",\"item\":\"https:\\\/\\\/canal7slp.tv\\\/2023\\\/\"},{\"@type\":\"ListItem\",\"position\":2,\"name\":\"Estudiantes a\u00fan presentan cuadros de ansiedad, derivado de la contingencia sanitaria\"}]},{\"@type\":\"WebSite\",\"@id\":\"https:\\\/\\\/canal7slp.tv\\\/2023\\\/#website\",\"url\":\"https:\\\/\\\/canal7slp.tv\\\/2023\\\/\",\"name\":\"N7 - Noticieros Canal 7\",\"description\":\"Somos Televisi\u00f3n\",\"publisher\":{\"@id\":\"https:\\\/\\\/canal7slp.tv\\\/2023\\\/#organization\"},\"potentialAction\":[{\"@type\":\"SearchAction\",\"target\":{\"@type\":\"EntryPoint\",\"urlTemplate\":\"https:\\\/\\\/canal7slp.tv\\\/2023\\\/?s={search_term_string}\"},\"query-input\":{\"@type\":\"PropertyValueSpecification\",\"valueRequired\":true,\"valueName\":\"search_term_string\"}}],\"inLanguage\":\"es\"},{\"@type\":\"Organization\",\"@id\":\"https:\\\/\\\/canal7slp.tv\\\/2023\\\/#organization\",\"name\":\"Noticieros Canal 7\",\"url\":\"https:\\\/\\\/canal7slp.tv\\\/2023\\\/\",\"logo\":{\"@type\":\"ImageObject\",\"inLanguage\":\"es\",\"@id\":\"https:\\\/\\\/canal7slp.tv\\\/2023\\\/#\\\/schema\\\/logo\\\/image\\\/\",\"url\":\"https:\\\/\\\/canal7slp.tv\\\/2023\\\/wp-content\\\/uploads\\\/2021\\\/01\\\/logo-noticieros@2x.png\",\"contentUrl\":\"https:\\\/\\\/canal7slp.tv\\\/2023\\\/wp-content\\\/uploads\\\/2021\\\/01\\\/logo-noticieros@2x.png\",\"width\":1017,\"height\":268,\"caption\":\"Noticieros Canal 7\"},\"image\":{\"@id\":\"https:\\\/\\\/canal7slp.tv\\\/2023\\\/#\\\/schema\\\/logo\\\/image\\\/\"},\"sameAs\":[\"https:\\\/\\\/www.facebook.com\\\/noticieroscanalsiete\",\"https:\\\/\\\/x.com\\\/NOTICIEROS7\",\"https:\\\/\\\/www.instagram.com\\\/canal7_slp\",\"https:\\\/\\\/www.youtube.com\\\/channel\\\/UCliiYs-gP3JfJeqdPrNdd5A\"]},{\"@type\":\"Person\",\"@id\":\"https:\\\/\\\/canal7slp.tv\\\/2023\\\/#\\\/schema\\\/person\\\/639c424e3584069003b11ae813915da6\",\"name\":\"Edici\u00f3n Web\",\"image\":{\"@type\":\"ImageObject\",\"inLanguage\":\"es\",\"@id\":\"https:\\\/\\\/secure.gravatar.com\\\/avatar\\\/eee448fc3f7164808013b816ba91ac7e43bbe82a70bebac296f8bc6f0addaa1a?s=96&d=mm&r=g\",\"url\":\"https:\\\/\\\/secure.gravatar.com\\\/avatar\\\/eee448fc3f7164808013b816ba91ac7e43bbe82a70bebac296f8bc6f0addaa1a?s=96&d=mm&r=g\",\"contentUrl\":\"https:\\\/\\\/secure.gravatar.com\\\/avatar\\\/eee448fc3f7164808013b816ba91ac7e43bbe82a70bebac296f8bc6f0addaa1a?s=96&d=mm&r=g\",\"caption\":\"Edici\u00f3n Web\"},\"url\":\"https:\\\/\\\/canal7slp.tv\\\/2023\\\/author\\\/edicionweb\\\/\"}]}<\/script>\n<!-- \/ Yoast SEO plugin. -->","yoast_head_json":{"title":"Estudiantes a\u00fan presentan cuadros de ansiedad, derivado de la contingencia sanitaria - Canal 7 SLP - 2023","robots":{"index":"index","follow":"follow","max-snippet":"max-snippet:-1","max-image-preview":"max-image-preview:large","max-video-preview":"max-video-preview:-1"},"canonical":"https:\/\/canal7slp.tv\/2023\/estudiantes-aun-presentan-cuadros-de-ansiedad-derivado-de-la-contingencia-sanitaria\/","og_locale":"es_ES","og_type":"article","og_title":"Estudiantes a\u00fan presentan cuadros de ansiedad, derivado de la contingencia sanitaria - Canal 7 SLP - 2023","og_description":"SLP.- El titular de Unisalud de la Universidad Aut\u00f3noma de San Luis Potos\u00ed, Mario Alberto Espinoza del R\u00edo, se\u00f1al\u00f3 que en su departamento se cuenta con apoyo psicol\u00f3gico para estudiantes. Indic\u00f3 que despu\u00e9s de la pandemia por COVID-19, los estudiantes presentan cuadros de ansiedad y no cuentan con herramientas para manejo de estr\u00e9s. J\u00f3venes de la Universidad Aut\u00f3noma de San Luis Potos\u00ed presentan m\u00e1s casos de ansiedad, depresi\u00f3n y poco control del estr\u00e9s, lo que ha generado mayor deserci\u00f3n escolar, se\u00f1al\u00f3 el jefe de Unisalud, Mario Alberto Espinoza del R\u00edo. \u201cLo que hemos visto es que los muchachos tienen m\u00e1s [&hellip;]","og_url":"https:\/\/canal7slp.tv\/2023\/estudiantes-aun-presentan-cuadros-de-ansiedad-derivado-de-la-contingencia-sanitaria\/","og_site_name":"Canal 7 SLP - 2023","article_publisher":"https:\/\/www.facebook.com\/noticieroscanalsiete","article_published_time":"2023-09-16T03:01:40+00:00","og_image":[{"width":1280,"height":720,"url":"https:\/\/canal7slp.tv\/2023\/wp-content\/uploads\/2023\/09\/Ft-UASLP-UNISALUD.jpg","type":"image\/jpeg"}],"author":"Edici\u00f3n Web","twitter_card":"summary_large_image","twitter_creator":"@NOTICIEROS7","twitter_site":"@NOTICIEROS7","twitter_misc":{"Escrito por":"Edici\u00f3n Web","Tiempo de lectura":"2 minutos"},"schema":{"@context":"https:\/\/schema.org","@graph":[{"@type":"Article","@id":"https:\/\/canal7slp.tv\/2023\/estudiantes-aun-presentan-cuadros-de-ansiedad-derivado-de-la-contingencia-sanitaria\/#article","isPartOf":{"@id":"https:\/\/canal7slp.tv\/2023\/estudiantes-aun-presentan-cuadros-de-ansiedad-derivado-de-la-contingencia-sanitaria\/"},"author":{"name":"Edici\u00f3n Web","@id":"https:\/\/canal7slp.tv\/2023\/#\/schema\/person\/639c424e3584069003b11ae813915da6"},"headline":"Estudiantes a\u00fan presentan cuadros de ansiedad, derivado de la contingencia sanitaria","datePublished":"2023-09-16T03:01:40+00:00","mainEntityOfPage":{"@id":"https:\/\/canal7slp.tv\/2023\/estudiantes-aun-presentan-cuadros-de-ansiedad-derivado-de-la-contingencia-sanitaria\/"},"wordCount":312,"publisher":{"@id":"https:\/\/canal7slp.tv\/2023\/#organization"},"image":{"@id":"https:\/\/canal7slp.tv\/2023\/estudiantes-aun-presentan-cuadros-de-ansiedad-derivado-de-la-contingencia-sanitaria\/#primaryimage"},"thumbnailUrl":"https:\/\/canal7slp.tv\/2023\/wp-content\/uploads\/2023\/09\/Ft-UASLP-UNISALUD.jpg","articleSection":["DESTACADAS","LOCALES Y REGIONALES"],"inLanguage":"es"},{"@type":"WebPage","@id":"https:\/\/canal7slp.tv\/2023\/estudiantes-aun-presentan-cuadros-de-ansiedad-derivado-de-la-contingencia-sanitaria\/","url":"https:\/\/canal7slp.tv\/2023\/estudiantes-aun-presentan-cuadros-de-ansiedad-derivado-de-la-contingencia-sanitaria\/","name":"Estudiantes a\u00fan presentan cuadros de ansiedad, derivado de la contingencia sanitaria - Canal 7 SLP - 2023","isPartOf":{"@id":"https:\/\/canal7slp.tv\/2023\/#website"},"primaryImageOfPage":{"@id":"https:\/\/canal7slp.tv\/2023\/estudiantes-aun-presentan-cuadros-de-ansiedad-derivado-de-la-contingencia-sanitaria\/#primaryimage"},"image":{"@id":"https:\/\/canal7slp.tv\/2023\/estudiantes-aun-presentan-cuadros-de-ansiedad-derivado-de-la-contingencia-sanitaria\/#primaryimage"},"thumbnailUrl":"https:\/\/canal7slp.tv\/2023\/wp-content\/uploads\/2023\/09\/Ft-UASLP-UNISALUD.jpg","datePublished":"2023-09-16T03:01:40+00:00","breadcrumb":{"@id":"https:\/\/canal7slp.tv\/2023\/estudiantes-aun-presentan-cuadros-de-ansiedad-derivado-de-la-contingencia-sanitaria\/#breadcrumb"},"inLanguage":"es","potentialAction":[{"@type":"ReadAction","target":["https:\/\/canal7slp.tv\/2023\/estudiantes-aun-presentan-cuadros-de-ansiedad-derivado-de-la-contingencia-sanitaria\/"]}]},{"@type":"ImageObject","inLanguage":"es","@id":"https:\/\/canal7slp.tv\/2023\/estudiantes-aun-presentan-cuadros-de-ansiedad-derivado-de-la-contingencia-sanitaria\/#primaryimage","url":"https:\/\/canal7slp.tv\/2023\/wp-content\/uploads\/2023\/09\/Ft-UASLP-UNISALUD.jpg","contentUrl":"https:\/\/canal7slp.tv\/2023\/wp-content\/uploads\/2023\/09\/Ft-UASLP-UNISALUD.jpg","width":1280,"height":720},{"@type":"BreadcrumbList","@id":"https:\/\/canal7slp.tv\/2023\/estudiantes-aun-presentan-cuadros-de-ansiedad-derivado-de-la-contingencia-sanitaria\/#breadcrumb","itemListElement":[{"@type":"ListItem","position":1,"name":"Portada","item":"https:\/\/canal7slp.tv\/2023\/"},{"@type":"ListItem","position":2,"name":"Estudiantes a\u00fan presentan cuadros de ansiedad, derivado de la contingencia sanitaria"}]},{"@type":"WebSite","@id":"https:\/\/canal7slp.tv\/2023\/#website","url":"https:\/\/canal7slp.tv\/2023\/","name":"N7 - Noticieros Canal 7","description":"Somos Televisi\u00f3n","publisher":{"@id":"https:\/\/canal7slp.tv\/2023\/#organization"},"potentialAction":[{"@type":"SearchAction","target":{"@type":"EntryPoint","urlTemplate":"https:\/\/canal7slp.tv\/2023\/?s={search_term_string}"},"query-input":{"@type":"PropertyValueSpecification","valueRequired":true,"valueName":"search_term_string"}}],"inLanguage":"es"},{"@type":"Organization","@id":"https:\/\/canal7slp.tv\/2023\/#organization","name":"Noticieros Canal 7","url":"https:\/\/canal7slp.tv\/2023\/","logo":{"@type":"ImageObject","inLanguage":"es","@id":"https:\/\/canal7slp.tv\/2023\/#\/schema\/logo\/image\/","url":"https:\/\/canal7slp.tv\/2023\/wp-content\/uploads\/2021\/01\/logo-noticieros@2x.png","contentUrl":"https:\/\/canal7slp.tv\/2023\/wp-content\/uploads\/2021\/01\/logo-noticieros@2x.png","width":1017,"height":268,"caption":"Noticieros Canal 7"},"image":{"@id":"https:\/\/canal7slp.tv\/2023\/#\/schema\/logo\/image\/"},"sameAs":["https:\/\/www.facebook.com\/noticieroscanalsiete","https:\/\/x.com\/NOTICIEROS7","https:\/\/www.instagram.com\/canal7_slp","https:\/\/www.youtube.com\/channel\/UCliiYs-gP3JfJeqdPrNdd5A"]},{"@type":"Person","@id":"https:\/\/canal7slp.tv\/2023\/#\/schema\/person\/639c424e3584069003b11ae813915da6","name":"Edici\u00f3n Web","image":{"@type":"ImageObject","inLanguage":"es","@id":"https:\/\/secure.gravatar.com\/avatar\/eee448fc3f7164808013b816ba91ac7e43bbe82a70bebac296f8bc6f0addaa1a?s=96&d=mm&r=g","url":"https:\/\/secure.gravatar.com\/avatar\/eee448fc3f7164808013b816ba91ac7e43bbe82a70bebac296f8bc6f0addaa1a?s=96&d=mm&r=g","contentUrl":"https:\/\/secure.gravatar.com\/avatar\/eee448fc3f7164808013b816ba91ac7e43bbe82a70bebac296f8bc6f0addaa1a?s=96&d=mm&r=g","caption":"Edici\u00f3n Web"},"url":"https:\/\/canal7slp.tv\/2023\/author\/edicionweb\/"}]}},"_links":{"self":[{"href":"https:\/\/canal7slp.tv\/2023\/wp-json\/wp\/v2\/posts\/107517","targetHints":{"allow":["GET"]}}],"collection":[{"href":"https:\/\/canal7slp.tv\/2023\/wp-json\/wp\/v2\/posts"}],"about":[{"href":"https:\/\/canal7slp.tv\/2023\/wp-json\/wp\/v2\/types\/post"}],"author":[{"embeddable":true,"href":"https:\/\/canal7slp.tv\/2023\/wp-json\/wp\/v2\/users\/2"}],"replies":[{"embeddable":true,"href":"https:\/\/canal7slp.tv\/2023\/wp-json\/wp\/v2\/comments?post=107517"}],"version-history":[{"count":1,"href":"https:\/\/canal7slp.tv\/2023\/wp-json\/wp\/v2\/posts\/107517\/revisions"}],"predecessor-version":[{"id":107538,"href":"https:\/\/canal7slp.tv\/2023\/wp-json\/wp\/v2\/posts\/107517\/revisions\/107538"}],"wp:featuredmedia":[{"embeddable":true,"href":"https:\/\/canal7slp.tv\/2023\/wp-json\/wp\/v2\/media\/107532"}],"wp:attachment":[{"href":"https:\/\/canal7slp.tv\/2023\/wp-json\/wp\/v2\/media?parent=107517"}],"wp:term":[{"taxonomy":"category","embeddable":true,"href":"https:\/\/canal7slp.tv\/2023\/wp-json\/wp\/v2\/categories?post=107517"},{"taxonomy":"post_tag","embeddable":true,"href":"https:\/\/canal7slp.tv\/2023\/wp-json\/wp\/v2\/tags?post=107517"}],"curies":[{"name":"wp","href":"https:\/\/api.w.org\/{rel}","templated":true}]}}