{"id":107497,"date":"2023-09-15T20:56:03","date_gmt":"2023-09-16T02:56:03","guid":{"rendered":"https:\/\/canal7slp.tv\/2023\/?p=107497"},"modified":"2023-09-15T20:56:03","modified_gmt":"2023-09-16T02:56:03","slug":"por-activarse-area-de-equinoterapia-de-la-ubr-en-soledad","status":"publish","type":"post","link":"https:\/\/canal7slp.tv\/2023\/por-activarse-area-de-equinoterapia-de-la-ubr-en-soledad\/","title":{"rendered":"Por activarse, \u00e1rea de equinoterapia de la UBR en Soledad"},"content":{"rendered":"<p style=\"text-align: justify;\">SGS.- La presidenta del Sistema Municipal DIF en Soledad de Graciano S\u00e1nchez, Pilar Cardona Reyna, indic\u00f3 que el espacio de Equinoterapias de la Unidad B\u00e1sica de Rehabilitaci\u00f3n dos, est\u00e1 pr\u00e1cticamente culminado y en breve se activar\u00e1.<\/p>\n<p style=\"text-align: justify;\">Actualmente las UBRs cuentan con personal especializado para atender temas bucales, de terapias f\u00edsicas y otras.<\/p>\n<p style=\"text-align: justify;\">El \u00e1rea de Equinoterapias de la Unidad B\u00e1sica de Rehabilitaci\u00f3n dos en Soledad de Graciano S\u00e1nchez tiene un avance del 80 por ciento por lo que podr\u00eda quedar inaugurada para el mes de octubre se\u00f1al\u00f3 la presidenta del Sistema Municipal DIF, Cardona Reyna.<\/p>\n<p style=\"text-align: justify;\">\u201cTenemos ya un gran avance, ya tenemos por ah\u00ed yo creo un digamos 80 por ciento en todo el avance que tenemos\u201d.<\/p>\n<p style=\"text-align: justify;\">Expuso que hace falta el techado y detalles.<\/p>\n<p style=\"text-align: justify;\">\u201cYa son algunos nada m\u00e1s detalles que faltan para completar, y lo que es tambi\u00e9n poner un techado sobre lo que es el ruedo porque no queremos que est\u00e9 ahora si que bajo el sol y se den las terapias en esas condiciones\u201d.<\/p>\n<p style=\"text-align: justify;\">Destac\u00f3 que se cuenta con el equipo necesario para las atenciones.<\/p>\n<p style=\"text-align: justify;\">\u201cEn lo que es la equinoterapia bueno tenemos por ah\u00ed terapeutas especializados en esta terapia quienes van a estar atendiendo\u201d.<\/p>\n<p style=\"text-align: justify;\">Se tiene otro tipo de apoyos.<\/p>\n<p style=\"text-align: justify;\">\u201cComo es atenci\u00f3n a ni\u00f1os con autismo, tambi\u00e9n terapias de lenguaje, terapias psicol\u00f3gicas y todo lo que es la rehabilitaci\u00f3n\u201d.<\/p>\n<p style=\"text-align: justify;\">Actualmente en la UBR2 se tiene un n\u00famero superior a los 200 usuarios que reciben diferentes tratamientos.<\/p>\n<p>Por: Juan Carlos Contreras<\/p>\n","protected":false},"excerpt":{"rendered":"<p>SGS.- La presidenta del Sistema Municipal DIF en Soledad de Graciano S\u00e1nchez, Pilar Cardona Reyna, indic\u00f3 que el espacio de Equinoterapias de la Unidad B\u00e1sica de Rehabilitaci\u00f3n dos, est\u00e1 pr\u00e1cticamente culminado y en breve se activar\u00e1. Actualmente las UBRs cuentan con personal especializado para atender temas bucales, de terapias f\u00edsicas y otras. El \u00e1rea de Equinoterapias de la Unidad B\u00e1sica de Rehabilitaci\u00f3n dos en Soledad de Graciano S\u00e1nchez tiene un avance del 80 por ciento por lo que podr\u00eda quedar inaugurada para el mes de octubre se\u00f1al\u00f3 la presidenta del Sistema Municipal DIF, Cardona Reyna. \u201cTenemos ya un gran avance, [&hellip;]<\/p>\n","protected":false},"author":2,"featured_media":107531,"comment_status":"closed","ping_status":"closed","sticky":false,"template":"","format":"video","meta":{"footnotes":""},"categories":[5,45],"tags":[],"class_list":["post-107497","post","type-post","status-publish","format-video","has-post-thumbnail","hentry","category-destacadas","category-localesyregionales","post_format-post-format-video","post--single"],"yoast_head":"<!-- This site is optimized with the Yoast SEO plugin v27.5 - https:\/\/yoast.com\/product\/yoast-seo-wordpress\/ -->\n<title>Por activarse, \u00e1rea de equinoterapia de la UBR en Soledad - Canal 7 SLP - 2023<\/title>\n<meta name=\"robots\" content=\"index, follow, max-snippet:-1, max-image-preview:large, max-video-preview:-1\" \/>\n<link rel=\"canonical\" href=\"https:\/\/canal7slp.tv\/2023\/por-activarse-area-de-equinoterapia-de-la-ubr-en-soledad\/\" \/>\n<meta property=\"og:locale\" content=\"es_ES\" \/>\n<meta property=\"og:type\" content=\"article\" \/>\n<meta property=\"og:title\" content=\"Por activarse, \u00e1rea de equinoterapia de la UBR en Soledad - Canal 7 SLP - 2023\" \/>\n<meta property=\"og:description\" content=\"SGS.- La presidenta del Sistema Municipal DIF en Soledad de Graciano S\u00e1nchez, Pilar Cardona Reyna, indic\u00f3 que el espacio de Equinoterapias de la Unidad B\u00e1sica de Rehabilitaci\u00f3n dos, est\u00e1 pr\u00e1cticamente culminado y en breve se activar\u00e1. Actualmente las UBRs cuentan con personal especializado para atender temas bucales, de terapias f\u00edsicas y otras. El \u00e1rea de Equinoterapias de la Unidad B\u00e1sica de Rehabilitaci\u00f3n dos en Soledad de Graciano S\u00e1nchez tiene un avance del 80 por ciento por lo que podr\u00eda quedar inaugurada para el mes de octubre se\u00f1al\u00f3 la presidenta del Sistema Municipal DIF, Cardona Reyna. \u201cTenemos ya un gran avance, [&hellip;]\" \/>\n<meta property=\"og:url\" content=\"https:\/\/canal7slp.tv\/2023\/por-activarse-area-de-equinoterapia-de-la-ubr-en-soledad\/\" \/>\n<meta property=\"og:site_name\" content=\"Canal 7 SLP - 2023\" \/>\n<meta property=\"article:publisher\" content=\"https:\/\/www.facebook.com\/noticieroscanalsiete\" \/>\n<meta property=\"article:published_time\" content=\"2023-09-16T02:56:03+00:00\" \/>\n<meta property=\"og:image\" content=\"https:\/\/canal7slp.tv\/2023\/wp-content\/uploads\/2023\/09\/ft-dif-sgs-equinoterapia.jpg\" \/>\n\t<meta property=\"og:image:width\" content=\"1280\" \/>\n\t<meta property=\"og:image:height\" content=\"720\" \/>\n\t<meta property=\"og:image:type\" content=\"image\/jpeg\" \/>\n<meta name=\"author\" content=\"Edici\u00f3n Web\" \/>\n<meta name=\"twitter:card\" content=\"summary_large_image\" \/>\n<meta name=\"twitter:creator\" content=\"@NOTICIEROS7\" \/>\n<meta name=\"twitter:site\" content=\"@NOTICIEROS7\" \/>\n<meta name=\"twitter:label1\" content=\"Escrito por\" \/>\n\t<meta name=\"twitter:data1\" content=\"Edici\u00f3n Web\" \/>\n\t<meta name=\"twitter:label2\" content=\"Tiempo de lectura\" \/>\n\t<meta name=\"twitter:data2\" content=\"2 minutos\" \/>\n<script type=\"application\/ld+json\" class=\"yoast-schema-graph\">{\"@context\":\"https:\\\/\\\/schema.org\",\"@graph\":[{\"@type\":\"Article\",\"@id\":\"https:\\\/\\\/canal7slp.tv\\\/2023\\\/por-activarse-area-de-equinoterapia-de-la-ubr-en-soledad\\\/#article\",\"isPartOf\":{\"@id\":\"https:\\\/\\\/canal7slp.tv\\\/2023\\\/por-activarse-area-de-equinoterapia-de-la-ubr-en-soledad\\\/\"},\"author\":{\"name\":\"Edici\u00f3n Web\",\"@id\":\"https:\\\/\\\/canal7slp.tv\\\/2023\\\/#\\\/schema\\\/person\\\/639c424e3584069003b11ae813915da6\"},\"headline\":\"Por activarse, \u00e1rea de equinoterapia de la UBR en Soledad\",\"datePublished\":\"2023-09-16T02:56:03+00:00\",\"mainEntityOfPage\":{\"@id\":\"https:\\\/\\\/canal7slp.tv\\\/2023\\\/por-activarse-area-de-equinoterapia-de-la-ubr-en-soledad\\\/\"},\"wordCount\":272,\"publisher\":{\"@id\":\"https:\\\/\\\/canal7slp.tv\\\/2023\\\/#organization\"},\"image\":{\"@id\":\"https:\\\/\\\/canal7slp.tv\\\/2023\\\/por-activarse-area-de-equinoterapia-de-la-ubr-en-soledad\\\/#primaryimage\"},\"thumbnailUrl\":\"https:\\\/\\\/canal7slp.tv\\\/2023\\\/wp-content\\\/uploads\\\/2023\\\/09\\\/ft-dif-sgs-equinoterapia.jpg\",\"articleSection\":[\"DESTACADAS\",\"LOCALES Y REGIONALES\"],\"inLanguage\":\"es\"},{\"@type\":\"WebPage\",\"@id\":\"https:\\\/\\\/canal7slp.tv\\\/2023\\\/por-activarse-area-de-equinoterapia-de-la-ubr-en-soledad\\\/\",\"url\":\"https:\\\/\\\/canal7slp.tv\\\/2023\\\/por-activarse-area-de-equinoterapia-de-la-ubr-en-soledad\\\/\",\"name\":\"Por activarse, \u00e1rea de equinoterapia de la UBR en Soledad - Canal 7 SLP - 2023\",\"isPartOf\":{\"@id\":\"https:\\\/\\\/canal7slp.tv\\\/2023\\\/#website\"},\"primaryImageOfPage\":{\"@id\":\"https:\\\/\\\/canal7slp.tv\\\/2023\\\/por-activarse-area-de-equinoterapia-de-la-ubr-en-soledad\\\/#primaryimage\"},\"image\":{\"@id\":\"https:\\\/\\\/canal7slp.tv\\\/2023\\\/por-activarse-area-de-equinoterapia-de-la-ubr-en-soledad\\\/#primaryimage\"},\"thumbnailUrl\":\"https:\\\/\\\/canal7slp.tv\\\/2023\\\/wp-content\\\/uploads\\\/2023\\\/09\\\/ft-dif-sgs-equinoterapia.jpg\",\"datePublished\":\"2023-09-16T02:56:03+00:00\",\"breadcrumb\":{\"@id\":\"https:\\\/\\\/canal7slp.tv\\\/2023\\\/por-activarse-area-de-equinoterapia-de-la-ubr-en-soledad\\\/#breadcrumb\"},\"inLanguage\":\"es\",\"potentialAction\":[{\"@type\":\"ReadAction\",\"target\":[\"https:\\\/\\\/canal7slp.tv\\\/2023\\\/por-activarse-area-de-equinoterapia-de-la-ubr-en-soledad\\\/\"]}]},{\"@type\":\"ImageObject\",\"inLanguage\":\"es\",\"@id\":\"https:\\\/\\\/canal7slp.tv\\\/2023\\\/por-activarse-area-de-equinoterapia-de-la-ubr-en-soledad\\\/#primaryimage\",\"url\":\"https:\\\/\\\/canal7slp.tv\\\/2023\\\/wp-content\\\/uploads\\\/2023\\\/09\\\/ft-dif-sgs-equinoterapia.jpg\",\"contentUrl\":\"https:\\\/\\\/canal7slp.tv\\\/2023\\\/wp-content\\\/uploads\\\/2023\\\/09\\\/ft-dif-sgs-equinoterapia.jpg\",\"width\":1280,\"height\":720},{\"@type\":\"BreadcrumbList\",\"@id\":\"https:\\\/\\\/canal7slp.tv\\\/2023\\\/por-activarse-area-de-equinoterapia-de-la-ubr-en-soledad\\\/#breadcrumb\",\"itemListElement\":[{\"@type\":\"ListItem\",\"position\":1,\"name\":\"Portada\",\"item\":\"https:\\\/\\\/canal7slp.tv\\\/2023\\\/\"},{\"@type\":\"ListItem\",\"position\":2,\"name\":\"Por activarse, \u00e1rea de equinoterapia de la UBR en Soledad\"}]},{\"@type\":\"WebSite\",\"@id\":\"https:\\\/\\\/canal7slp.tv\\\/2023\\\/#website\",\"url\":\"https:\\\/\\\/canal7slp.tv\\\/2023\\\/\",\"name\":\"N7 - Noticieros Canal 7\",\"description\":\"Somos Televisi\u00f3n\",\"publisher\":{\"@id\":\"https:\\\/\\\/canal7slp.tv\\\/2023\\\/#organization\"},\"potentialAction\":[{\"@type\":\"SearchAction\",\"target\":{\"@type\":\"EntryPoint\",\"urlTemplate\":\"https:\\\/\\\/canal7slp.tv\\\/2023\\\/?s={search_term_string}\"},\"query-input\":{\"@type\":\"PropertyValueSpecification\",\"valueRequired\":true,\"valueName\":\"search_term_string\"}}],\"inLanguage\":\"es\"},{\"@type\":\"Organization\",\"@id\":\"https:\\\/\\\/canal7slp.tv\\\/2023\\\/#organization\",\"name\":\"Noticieros Canal 7\",\"url\":\"https:\\\/\\\/canal7slp.tv\\\/2023\\\/\",\"logo\":{\"@type\":\"ImageObject\",\"inLanguage\":\"es\",\"@id\":\"https:\\\/\\\/canal7slp.tv\\\/2023\\\/#\\\/schema\\\/logo\\\/image\\\/\",\"url\":\"https:\\\/\\\/canal7slp.tv\\\/2023\\\/wp-content\\\/uploads\\\/2021\\\/01\\\/logo-noticieros@2x.png\",\"contentUrl\":\"https:\\\/\\\/canal7slp.tv\\\/2023\\\/wp-content\\\/uploads\\\/2021\\\/01\\\/logo-noticieros@2x.png\",\"width\":1017,\"height\":268,\"caption\":\"Noticieros Canal 7\"},\"image\":{\"@id\":\"https:\\\/\\\/canal7slp.tv\\\/2023\\\/#\\\/schema\\\/logo\\\/image\\\/\"},\"sameAs\":[\"https:\\\/\\\/www.facebook.com\\\/noticieroscanalsiete\",\"https:\\\/\\\/x.com\\\/NOTICIEROS7\",\"https:\\\/\\\/www.instagram.com\\\/canal7_slp\",\"https:\\\/\\\/www.youtube.com\\\/channel\\\/UCliiYs-gP3JfJeqdPrNdd5A\"]},{\"@type\":\"Person\",\"@id\":\"https:\\\/\\\/canal7slp.tv\\\/2023\\\/#\\\/schema\\\/person\\\/639c424e3584069003b11ae813915da6\",\"name\":\"Edici\u00f3n Web\",\"image\":{\"@type\":\"ImageObject\",\"inLanguage\":\"es\",\"@id\":\"https:\\\/\\\/secure.gravatar.com\\\/avatar\\\/eee448fc3f7164808013b816ba91ac7e43bbe82a70bebac296f8bc6f0addaa1a?s=96&d=mm&r=g\",\"url\":\"https:\\\/\\\/secure.gravatar.com\\\/avatar\\\/eee448fc3f7164808013b816ba91ac7e43bbe82a70bebac296f8bc6f0addaa1a?s=96&d=mm&r=g\",\"contentUrl\":\"https:\\\/\\\/secure.gravatar.com\\\/avatar\\\/eee448fc3f7164808013b816ba91ac7e43bbe82a70bebac296f8bc6f0addaa1a?s=96&d=mm&r=g\",\"caption\":\"Edici\u00f3n Web\"},\"url\":\"https:\\\/\\\/canal7slp.tv\\\/2023\\\/author\\\/edicionweb\\\/\"}]}<\/script>\n<!-- \/ Yoast SEO plugin. -->","yoast_head_json":{"title":"Por activarse, \u00e1rea de equinoterapia de la UBR en Soledad - Canal 7 SLP - 2023","robots":{"index":"index","follow":"follow","max-snippet":"max-snippet:-1","max-image-preview":"max-image-preview:large","max-video-preview":"max-video-preview:-1"},"canonical":"https:\/\/canal7slp.tv\/2023\/por-activarse-area-de-equinoterapia-de-la-ubr-en-soledad\/","og_locale":"es_ES","og_type":"article","og_title":"Por activarse, \u00e1rea de equinoterapia de la UBR en Soledad - Canal 7 SLP - 2023","og_description":"SGS.- La presidenta del Sistema Municipal DIF en Soledad de Graciano S\u00e1nchez, Pilar Cardona Reyna, indic\u00f3 que el espacio de Equinoterapias de la Unidad B\u00e1sica de Rehabilitaci\u00f3n dos, est\u00e1 pr\u00e1cticamente culminado y en breve se activar\u00e1. Actualmente las UBRs cuentan con personal especializado para atender temas bucales, de terapias f\u00edsicas y otras. El \u00e1rea de Equinoterapias de la Unidad B\u00e1sica de Rehabilitaci\u00f3n dos en Soledad de Graciano S\u00e1nchez tiene un avance del 80 por ciento por lo que podr\u00eda quedar inaugurada para el mes de octubre se\u00f1al\u00f3 la presidenta del Sistema Municipal DIF, Cardona Reyna. \u201cTenemos ya un gran avance, [&hellip;]","og_url":"https:\/\/canal7slp.tv\/2023\/por-activarse-area-de-equinoterapia-de-la-ubr-en-soledad\/","og_site_name":"Canal 7 SLP - 2023","article_publisher":"https:\/\/www.facebook.com\/noticieroscanalsiete","article_published_time":"2023-09-16T02:56:03+00:00","og_image":[{"width":1280,"height":720,"url":"https:\/\/canal7slp.tv\/2023\/wp-content\/uploads\/2023\/09\/ft-dif-sgs-equinoterapia.jpg","type":"image\/jpeg"}],"author":"Edici\u00f3n Web","twitter_card":"summary_large_image","twitter_creator":"@NOTICIEROS7","twitter_site":"@NOTICIEROS7","twitter_misc":{"Escrito por":"Edici\u00f3n Web","Tiempo de lectura":"2 minutos"},"schema":{"@context":"https:\/\/schema.org","@graph":[{"@type":"Article","@id":"https:\/\/canal7slp.tv\/2023\/por-activarse-area-de-equinoterapia-de-la-ubr-en-soledad\/#article","isPartOf":{"@id":"https:\/\/canal7slp.tv\/2023\/por-activarse-area-de-equinoterapia-de-la-ubr-en-soledad\/"},"author":{"name":"Edici\u00f3n Web","@id":"https:\/\/canal7slp.tv\/2023\/#\/schema\/person\/639c424e3584069003b11ae813915da6"},"headline":"Por activarse, \u00e1rea de equinoterapia de la UBR en Soledad","datePublished":"2023-09-16T02:56:03+00:00","mainEntityOfPage":{"@id":"https:\/\/canal7slp.tv\/2023\/por-activarse-area-de-equinoterapia-de-la-ubr-en-soledad\/"},"wordCount":272,"publisher":{"@id":"https:\/\/canal7slp.tv\/2023\/#organization"},"image":{"@id":"https:\/\/canal7slp.tv\/2023\/por-activarse-area-de-equinoterapia-de-la-ubr-en-soledad\/#primaryimage"},"thumbnailUrl":"https:\/\/canal7slp.tv\/2023\/wp-content\/uploads\/2023\/09\/ft-dif-sgs-equinoterapia.jpg","articleSection":["DESTACADAS","LOCALES Y REGIONALES"],"inLanguage":"es"},{"@type":"WebPage","@id":"https:\/\/canal7slp.tv\/2023\/por-activarse-area-de-equinoterapia-de-la-ubr-en-soledad\/","url":"https:\/\/canal7slp.tv\/2023\/por-activarse-area-de-equinoterapia-de-la-ubr-en-soledad\/","name":"Por activarse, \u00e1rea de equinoterapia de la UBR en Soledad - Canal 7 SLP - 2023","isPartOf":{"@id":"https:\/\/canal7slp.tv\/2023\/#website"},"primaryImageOfPage":{"@id":"https:\/\/canal7slp.tv\/2023\/por-activarse-area-de-equinoterapia-de-la-ubr-en-soledad\/#primaryimage"},"image":{"@id":"https:\/\/canal7slp.tv\/2023\/por-activarse-area-de-equinoterapia-de-la-ubr-en-soledad\/#primaryimage"},"thumbnailUrl":"https:\/\/canal7slp.tv\/2023\/wp-content\/uploads\/2023\/09\/ft-dif-sgs-equinoterapia.jpg","datePublished":"2023-09-16T02:56:03+00:00","breadcrumb":{"@id":"https:\/\/canal7slp.tv\/2023\/por-activarse-area-de-equinoterapia-de-la-ubr-en-soledad\/#breadcrumb"},"inLanguage":"es","potentialAction":[{"@type":"ReadAction","target":["https:\/\/canal7slp.tv\/2023\/por-activarse-area-de-equinoterapia-de-la-ubr-en-soledad\/"]}]},{"@type":"ImageObject","inLanguage":"es","@id":"https:\/\/canal7slp.tv\/2023\/por-activarse-area-de-equinoterapia-de-la-ubr-en-soledad\/#primaryimage","url":"https:\/\/canal7slp.tv\/2023\/wp-content\/uploads\/2023\/09\/ft-dif-sgs-equinoterapia.jpg","contentUrl":"https:\/\/canal7slp.tv\/2023\/wp-content\/uploads\/2023\/09\/ft-dif-sgs-equinoterapia.jpg","width":1280,"height":720},{"@type":"BreadcrumbList","@id":"https:\/\/canal7slp.tv\/2023\/por-activarse-area-de-equinoterapia-de-la-ubr-en-soledad\/#breadcrumb","itemListElement":[{"@type":"ListItem","position":1,"name":"Portada","item":"https:\/\/canal7slp.tv\/2023\/"},{"@type":"ListItem","position":2,"name":"Por activarse, \u00e1rea de equinoterapia de la UBR en Soledad"}]},{"@type":"WebSite","@id":"https:\/\/canal7slp.tv\/2023\/#website","url":"https:\/\/canal7slp.tv\/2023\/","name":"N7 - Noticieros Canal 7","description":"Somos Televisi\u00f3n","publisher":{"@id":"https:\/\/canal7slp.tv\/2023\/#organization"},"potentialAction":[{"@type":"SearchAction","target":{"@type":"EntryPoint","urlTemplate":"https:\/\/canal7slp.tv\/2023\/?s={search_term_string}"},"query-input":{"@type":"PropertyValueSpecification","valueRequired":true,"valueName":"search_term_string"}}],"inLanguage":"es"},{"@type":"Organization","@id":"https:\/\/canal7slp.tv\/2023\/#organization","name":"Noticieros Canal 7","url":"https:\/\/canal7slp.tv\/2023\/","logo":{"@type":"ImageObject","inLanguage":"es","@id":"https:\/\/canal7slp.tv\/2023\/#\/schema\/logo\/image\/","url":"https:\/\/canal7slp.tv\/2023\/wp-content\/uploads\/2021\/01\/logo-noticieros@2x.png","contentUrl":"https:\/\/canal7slp.tv\/2023\/wp-content\/uploads\/2021\/01\/logo-noticieros@2x.png","width":1017,"height":268,"caption":"Noticieros Canal 7"},"image":{"@id":"https:\/\/canal7slp.tv\/2023\/#\/schema\/logo\/image\/"},"sameAs":["https:\/\/www.facebook.com\/noticieroscanalsiete","https:\/\/x.com\/NOTICIEROS7","https:\/\/www.instagram.com\/canal7_slp","https:\/\/www.youtube.com\/channel\/UCliiYs-gP3JfJeqdPrNdd5A"]},{"@type":"Person","@id":"https:\/\/canal7slp.tv\/2023\/#\/schema\/person\/639c424e3584069003b11ae813915da6","name":"Edici\u00f3n Web","image":{"@type":"ImageObject","inLanguage":"es","@id":"https:\/\/secure.gravatar.com\/avatar\/eee448fc3f7164808013b816ba91ac7e43bbe82a70bebac296f8bc6f0addaa1a?s=96&d=mm&r=g","url":"https:\/\/secure.gravatar.com\/avatar\/eee448fc3f7164808013b816ba91ac7e43bbe82a70bebac296f8bc6f0addaa1a?s=96&d=mm&r=g","contentUrl":"https:\/\/secure.gravatar.com\/avatar\/eee448fc3f7164808013b816ba91ac7e43bbe82a70bebac296f8bc6f0addaa1a?s=96&d=mm&r=g","caption":"Edici\u00f3n Web"},"url":"https:\/\/canal7slp.tv\/2023\/author\/edicionweb\/"}]}},"_links":{"self":[{"href":"https:\/\/canal7slp.tv\/2023\/wp-json\/wp\/v2\/posts\/107497","targetHints":{"allow":["GET"]}}],"collection":[{"href":"https:\/\/canal7slp.tv\/2023\/wp-json\/wp\/v2\/posts"}],"about":[{"href":"https:\/\/canal7slp.tv\/2023\/wp-json\/wp\/v2\/types\/post"}],"author":[{"embeddable":true,"href":"https:\/\/canal7slp.tv\/2023\/wp-json\/wp\/v2\/users\/2"}],"replies":[{"embeddable":true,"href":"https:\/\/canal7slp.tv\/2023\/wp-json\/wp\/v2\/comments?post=107497"}],"version-history":[{"count":2,"href":"https:\/\/canal7slp.tv\/2023\/wp-json\/wp\/v2\/posts\/107497\/revisions"}],"predecessor-version":[{"id":107537,"href":"https:\/\/canal7slp.tv\/2023\/wp-json\/wp\/v2\/posts\/107497\/revisions\/107537"}],"wp:featuredmedia":[{"embeddable":true,"href":"https:\/\/canal7slp.tv\/2023\/wp-json\/wp\/v2\/media\/107531"}],"wp:attachment":[{"href":"https:\/\/canal7slp.tv\/2023\/wp-json\/wp\/v2\/media?parent=107497"}],"wp:term":[{"taxonomy":"category","embeddable":true,"href":"https:\/\/canal7slp.tv\/2023\/wp-json\/wp\/v2\/categories?post=107497"},{"taxonomy":"post_tag","embeddable":true,"href":"https:\/\/canal7slp.tv\/2023\/wp-json\/wp\/v2\/tags?post=107497"}],"curies":[{"name":"wp","href":"https:\/\/api.w.org\/{rel}","templated":true}]}}