{"id":107223,"date":"2023-09-12T20:56:38","date_gmt":"2023-09-13T02:56:38","guid":{"rendered":"https:\/\/canal7slp.tv\/2023\/?p=107223"},"modified":"2023-09-12T20:56:38","modified_gmt":"2023-09-13T02:56:38","slug":"interviene-ayuntamiento-capitalino-el-barrio-de-santiago","status":"publish","type":"post","link":"https:\/\/canal7slp.tv\/2023\/interviene-ayuntamiento-capitalino-el-barrio-de-santiago\/","title":{"rendered":"Interviene Ayuntamiento Capitalino el Barrio de Santiago"},"content":{"rendered":"<ul>\n<li>Los espacios fueron rehabilitados a trav\u00e9s de dos programas.<\/li>\n<\/ul>\n<div style=\"text-align: justify;\">SLP.- El Ayuntamiento de San Luis Potos\u00ed realiz\u00f3 en el barrio de Santiago dos eventos como parte de la rehabilitaci\u00f3n diaria en espacios urbanos.<\/div>\n<div style=\"text-align: justify;\">En primera instancia realizaron trabajos de mejora en el jard\u00edn del barrio mediante el programa \u201cD\u00eda de talacha\u201d y posteriormente con \u201cDe coraz\u00f3n mi casa, de coraz\u00f3n mi barrio\u201d en el que fachadas de la misma zona recibir\u00e1n una mejora gracias a la coordinaci\u00f3n con una empresa expendedora de pintura.<\/div>\n<div style=\"text-align: justify;\">Con los programas \u201cD\u00eda de talacha y \u201cDe coraz\u00f3n mi casa, de coraz\u00f3n barrio\u201d, el ayuntamiento de la capital intervino en el barrio de Santiago en favor de los vecinos y ciudadanos que concurren en esta zona.<\/div>\n<div style=\"text-align: justify;\">Christian Azuara Azuara, Director de Servicios Municipales en la capital, extern\u00f3 la necesidad de ejecutar el denominado \u201cD\u00eda de Talacha\u201d.<\/div>\n<div style=\"text-align: justify;\"><\/div>\n<div style=\"text-align: justify;\">\u201cQue en un solo d\u00eda podemos intervenir transversalmente la mayor\u00eda de las \u00e1reas que tienen un tema operativo para poderle dar mantenimiento constante a las avenidas son avenidas principales\u201d.<\/div>\n<div style=\"text-align: justify;\">Por su parte el director de Obras P\u00fablicas, Jos\u00e9 Nazario Pineda Osorio, destac\u00f3 la aplicaci\u00f3n el programa \u201cDe coraz\u00f3n mi casa, de coraz\u00f3n mi barrio\u201d.<\/div>\n<div style=\"text-align: justify;\">\u201cEn la primera etapa son 14 fachadas con mil 100 metros, 239 m\u00e1s que son otros de 10 mil 900 metros que se suman a los 394 mil metros que se han aplicado con De mi coraz\u00f3n mi casa en barrios, colonias, unidades habitacionales, en espacios p\u00fablicos y hoy aqu\u00ed en el barrio de Santiago\u201d.<\/div>\n<div style=\"text-align: justify;\">Enrique Galindo Ceballos, reconoci\u00f3 la labor que se realiza en la ciudad mediante el trabajo coordinado.<\/div>\n<div style=\"text-align: justify;\">\u201cNos hemos puesto chambear en los barrios y nos ha ido bien; hoy como cada martes\u2026 primero yo quiero agradecerle a todos los trabajadores y trabajadoras municipales porque est\u00e1n aqu\u00ed otra vez; hoy es una jornada laboral normal, la diferencia es que nos concentramos en un solo punto, nos ha ido muy bien los felicito\u201d.<\/div>\n<div><\/div>\n<div>Por: Juan Carlos Contreras<\/div>\n","protected":false},"excerpt":{"rendered":"<p>Los espacios fueron rehabilitados a trav\u00e9s de dos programas. SLP.- El Ayuntamiento de San Luis Potos\u00ed realiz\u00f3 en el barrio de Santiago dos eventos como parte de la rehabilitaci\u00f3n diaria en espacios urbanos. En primera instancia realizaron trabajos de mejora en el jard\u00edn del barrio mediante el programa \u201cD\u00eda de talacha\u201d y posteriormente con \u201cDe coraz\u00f3n mi casa, de coraz\u00f3n mi barrio\u201d en el que fachadas de la misma zona recibir\u00e1n una mejora gracias a la coordinaci\u00f3n con una empresa expendedora de pintura. Con los programas \u201cD\u00eda de talacha y \u201cDe coraz\u00f3n mi casa, de coraz\u00f3n barrio\u201d, el ayuntamiento de [&hellip;]<\/p>\n","protected":false},"author":2,"featured_media":107234,"comment_status":"closed","ping_status":"closed","sticky":false,"template":"","format":"video","meta":{"footnotes":""},"categories":[5,45],"tags":[],"class_list":["post-107223","post","type-post","status-publish","format-video","has-post-thumbnail","hentry","category-destacadas","category-localesyregionales","post_format-post-format-video","post--single"],"yoast_head":"<!-- This site is optimized with the Yoast SEO plugin v27.5 - https:\/\/yoast.com\/product\/yoast-seo-wordpress\/ -->\n<title>Interviene Ayuntamiento Capitalino el Barrio de Santiago - Canal 7 SLP - 2023<\/title>\n<meta name=\"robots\" content=\"index, follow, max-snippet:-1, max-image-preview:large, max-video-preview:-1\" \/>\n<link rel=\"canonical\" href=\"https:\/\/canal7slp.tv\/2023\/interviene-ayuntamiento-capitalino-el-barrio-de-santiago\/\" \/>\n<meta property=\"og:locale\" content=\"es_ES\" \/>\n<meta property=\"og:type\" content=\"article\" \/>\n<meta property=\"og:title\" content=\"Interviene Ayuntamiento Capitalino el Barrio de Santiago - Canal 7 SLP - 2023\" \/>\n<meta property=\"og:description\" content=\"Los espacios fueron rehabilitados a trav\u00e9s de dos programas. SLP.- El Ayuntamiento de San Luis Potos\u00ed realiz\u00f3 en el barrio de Santiago dos eventos como parte de la rehabilitaci\u00f3n diaria en espacios urbanos. En primera instancia realizaron trabajos de mejora en el jard\u00edn del barrio mediante el programa \u201cD\u00eda de talacha\u201d y posteriormente con \u201cDe coraz\u00f3n mi casa, de coraz\u00f3n mi barrio\u201d en el que fachadas de la misma zona recibir\u00e1n una mejora gracias a la coordinaci\u00f3n con una empresa expendedora de pintura. Con los programas \u201cD\u00eda de talacha y \u201cDe coraz\u00f3n mi casa, de coraz\u00f3n barrio\u201d, el ayuntamiento de [&hellip;]\" \/>\n<meta property=\"og:url\" content=\"https:\/\/canal7slp.tv\/2023\/interviene-ayuntamiento-capitalino-el-barrio-de-santiago\/\" \/>\n<meta property=\"og:site_name\" content=\"Canal 7 SLP - 2023\" \/>\n<meta property=\"article:publisher\" content=\"https:\/\/www.facebook.com\/noticieroscanalsiete\" \/>\n<meta property=\"article:published_time\" content=\"2023-09-13T02:56:38+00:00\" \/>\n<meta property=\"og:image\" content=\"https:\/\/canal7slp.tv\/2023\/wp-content\/uploads\/2023\/09\/riosantiago.jpg\" \/>\n\t<meta property=\"og:image:width\" content=\"1280\" \/>\n\t<meta property=\"og:image:height\" content=\"720\" \/>\n\t<meta property=\"og:image:type\" content=\"image\/jpeg\" \/>\n<meta name=\"author\" content=\"Edici\u00f3n Web\" \/>\n<meta name=\"twitter:card\" content=\"summary_large_image\" \/>\n<meta name=\"twitter:creator\" content=\"@NOTICIEROS7\" \/>\n<meta name=\"twitter:site\" content=\"@NOTICIEROS7\" \/>\n<meta name=\"twitter:label1\" content=\"Escrito por\" \/>\n\t<meta name=\"twitter:data1\" content=\"Edici\u00f3n Web\" \/>\n\t<meta name=\"twitter:label2\" content=\"Tiempo de lectura\" \/>\n\t<meta name=\"twitter:data2\" content=\"2 minutos\" \/>\n<script type=\"application\/ld+json\" class=\"yoast-schema-graph\">{\"@context\":\"https:\\\/\\\/schema.org\",\"@graph\":[{\"@type\":\"Article\",\"@id\":\"https:\\\/\\\/canal7slp.tv\\\/2023\\\/interviene-ayuntamiento-capitalino-el-barrio-de-santiago\\\/#article\",\"isPartOf\":{\"@id\":\"https:\\\/\\\/canal7slp.tv\\\/2023\\\/interviene-ayuntamiento-capitalino-el-barrio-de-santiago\\\/\"},\"author\":{\"name\":\"Edici\u00f3n Web\",\"@id\":\"https:\\\/\\\/canal7slp.tv\\\/2023\\\/#\\\/schema\\\/person\\\/639c424e3584069003b11ae813915da6\"},\"headline\":\"Interviene Ayuntamiento Capitalino el Barrio de Santiago\",\"datePublished\":\"2023-09-13T02:56:38+00:00\",\"mainEntityOfPage\":{\"@id\":\"https:\\\/\\\/canal7slp.tv\\\/2023\\\/interviene-ayuntamiento-capitalino-el-barrio-de-santiago\\\/\"},\"wordCount\":348,\"publisher\":{\"@id\":\"https:\\\/\\\/canal7slp.tv\\\/2023\\\/#organization\"},\"image\":{\"@id\":\"https:\\\/\\\/canal7slp.tv\\\/2023\\\/interviene-ayuntamiento-capitalino-el-barrio-de-santiago\\\/#primaryimage\"},\"thumbnailUrl\":\"https:\\\/\\\/canal7slp.tv\\\/2023\\\/wp-content\\\/uploads\\\/2023\\\/09\\\/riosantiago.jpg\",\"articleSection\":[\"DESTACADAS\",\"LOCALES Y REGIONALES\"],\"inLanguage\":\"es\"},{\"@type\":\"WebPage\",\"@id\":\"https:\\\/\\\/canal7slp.tv\\\/2023\\\/interviene-ayuntamiento-capitalino-el-barrio-de-santiago\\\/\",\"url\":\"https:\\\/\\\/canal7slp.tv\\\/2023\\\/interviene-ayuntamiento-capitalino-el-barrio-de-santiago\\\/\",\"name\":\"Interviene Ayuntamiento Capitalino el Barrio de Santiago - Canal 7 SLP - 2023\",\"isPartOf\":{\"@id\":\"https:\\\/\\\/canal7slp.tv\\\/2023\\\/#website\"},\"primaryImageOfPage\":{\"@id\":\"https:\\\/\\\/canal7slp.tv\\\/2023\\\/interviene-ayuntamiento-capitalino-el-barrio-de-santiago\\\/#primaryimage\"},\"image\":{\"@id\":\"https:\\\/\\\/canal7slp.tv\\\/2023\\\/interviene-ayuntamiento-capitalino-el-barrio-de-santiago\\\/#primaryimage\"},\"thumbnailUrl\":\"https:\\\/\\\/canal7slp.tv\\\/2023\\\/wp-content\\\/uploads\\\/2023\\\/09\\\/riosantiago.jpg\",\"datePublished\":\"2023-09-13T02:56:38+00:00\",\"breadcrumb\":{\"@id\":\"https:\\\/\\\/canal7slp.tv\\\/2023\\\/interviene-ayuntamiento-capitalino-el-barrio-de-santiago\\\/#breadcrumb\"},\"inLanguage\":\"es\",\"potentialAction\":[{\"@type\":\"ReadAction\",\"target\":[\"https:\\\/\\\/canal7slp.tv\\\/2023\\\/interviene-ayuntamiento-capitalino-el-barrio-de-santiago\\\/\"]}]},{\"@type\":\"ImageObject\",\"inLanguage\":\"es\",\"@id\":\"https:\\\/\\\/canal7slp.tv\\\/2023\\\/interviene-ayuntamiento-capitalino-el-barrio-de-santiago\\\/#primaryimage\",\"url\":\"https:\\\/\\\/canal7slp.tv\\\/2023\\\/wp-content\\\/uploads\\\/2023\\\/09\\\/riosantiago.jpg\",\"contentUrl\":\"https:\\\/\\\/canal7slp.tv\\\/2023\\\/wp-content\\\/uploads\\\/2023\\\/09\\\/riosantiago.jpg\",\"width\":1280,\"height\":720},{\"@type\":\"BreadcrumbList\",\"@id\":\"https:\\\/\\\/canal7slp.tv\\\/2023\\\/interviene-ayuntamiento-capitalino-el-barrio-de-santiago\\\/#breadcrumb\",\"itemListElement\":[{\"@type\":\"ListItem\",\"position\":1,\"name\":\"Portada\",\"item\":\"https:\\\/\\\/canal7slp.tv\\\/2023\\\/\"},{\"@type\":\"ListItem\",\"position\":2,\"name\":\"Interviene Ayuntamiento Capitalino el Barrio de Santiago\"}]},{\"@type\":\"WebSite\",\"@id\":\"https:\\\/\\\/canal7slp.tv\\\/2023\\\/#website\",\"url\":\"https:\\\/\\\/canal7slp.tv\\\/2023\\\/\",\"name\":\"N7 - Noticieros Canal 7\",\"description\":\"Somos Televisi\u00f3n\",\"publisher\":{\"@id\":\"https:\\\/\\\/canal7slp.tv\\\/2023\\\/#organization\"},\"potentialAction\":[{\"@type\":\"SearchAction\",\"target\":{\"@type\":\"EntryPoint\",\"urlTemplate\":\"https:\\\/\\\/canal7slp.tv\\\/2023\\\/?s={search_term_string}\"},\"query-input\":{\"@type\":\"PropertyValueSpecification\",\"valueRequired\":true,\"valueName\":\"search_term_string\"}}],\"inLanguage\":\"es\"},{\"@type\":\"Organization\",\"@id\":\"https:\\\/\\\/canal7slp.tv\\\/2023\\\/#organization\",\"name\":\"Noticieros Canal 7\",\"url\":\"https:\\\/\\\/canal7slp.tv\\\/2023\\\/\",\"logo\":{\"@type\":\"ImageObject\",\"inLanguage\":\"es\",\"@id\":\"https:\\\/\\\/canal7slp.tv\\\/2023\\\/#\\\/schema\\\/logo\\\/image\\\/\",\"url\":\"https:\\\/\\\/canal7slp.tv\\\/2023\\\/wp-content\\\/uploads\\\/2021\\\/01\\\/logo-noticieros@2x.png\",\"contentUrl\":\"https:\\\/\\\/canal7slp.tv\\\/2023\\\/wp-content\\\/uploads\\\/2021\\\/01\\\/logo-noticieros@2x.png\",\"width\":1017,\"height\":268,\"caption\":\"Noticieros Canal 7\"},\"image\":{\"@id\":\"https:\\\/\\\/canal7slp.tv\\\/2023\\\/#\\\/schema\\\/logo\\\/image\\\/\"},\"sameAs\":[\"https:\\\/\\\/www.facebook.com\\\/noticieroscanalsiete\",\"https:\\\/\\\/x.com\\\/NOTICIEROS7\",\"https:\\\/\\\/www.instagram.com\\\/canal7_slp\",\"https:\\\/\\\/www.youtube.com\\\/channel\\\/UCliiYs-gP3JfJeqdPrNdd5A\"]},{\"@type\":\"Person\",\"@id\":\"https:\\\/\\\/canal7slp.tv\\\/2023\\\/#\\\/schema\\\/person\\\/639c424e3584069003b11ae813915da6\",\"name\":\"Edici\u00f3n Web\",\"image\":{\"@type\":\"ImageObject\",\"inLanguage\":\"es\",\"@id\":\"https:\\\/\\\/secure.gravatar.com\\\/avatar\\\/eee448fc3f7164808013b816ba91ac7e43bbe82a70bebac296f8bc6f0addaa1a?s=96&d=mm&r=g\",\"url\":\"https:\\\/\\\/secure.gravatar.com\\\/avatar\\\/eee448fc3f7164808013b816ba91ac7e43bbe82a70bebac296f8bc6f0addaa1a?s=96&d=mm&r=g\",\"contentUrl\":\"https:\\\/\\\/secure.gravatar.com\\\/avatar\\\/eee448fc3f7164808013b816ba91ac7e43bbe82a70bebac296f8bc6f0addaa1a?s=96&d=mm&r=g\",\"caption\":\"Edici\u00f3n Web\"},\"url\":\"https:\\\/\\\/canal7slp.tv\\\/2023\\\/author\\\/edicionweb\\\/\"}]}<\/script>\n<!-- \/ Yoast SEO plugin. -->","yoast_head_json":{"title":"Interviene Ayuntamiento Capitalino el Barrio de Santiago - Canal 7 SLP - 2023","robots":{"index":"index","follow":"follow","max-snippet":"max-snippet:-1","max-image-preview":"max-image-preview:large","max-video-preview":"max-video-preview:-1"},"canonical":"https:\/\/canal7slp.tv\/2023\/interviene-ayuntamiento-capitalino-el-barrio-de-santiago\/","og_locale":"es_ES","og_type":"article","og_title":"Interviene Ayuntamiento Capitalino el Barrio de Santiago - Canal 7 SLP - 2023","og_description":"Los espacios fueron rehabilitados a trav\u00e9s de dos programas. SLP.- El Ayuntamiento de San Luis Potos\u00ed realiz\u00f3 en el barrio de Santiago dos eventos como parte de la rehabilitaci\u00f3n diaria en espacios urbanos. En primera instancia realizaron trabajos de mejora en el jard\u00edn del barrio mediante el programa \u201cD\u00eda de talacha\u201d y posteriormente con \u201cDe coraz\u00f3n mi casa, de coraz\u00f3n mi barrio\u201d en el que fachadas de la misma zona recibir\u00e1n una mejora gracias a la coordinaci\u00f3n con una empresa expendedora de pintura. Con los programas \u201cD\u00eda de talacha y \u201cDe coraz\u00f3n mi casa, de coraz\u00f3n barrio\u201d, el ayuntamiento de [&hellip;]","og_url":"https:\/\/canal7slp.tv\/2023\/interviene-ayuntamiento-capitalino-el-barrio-de-santiago\/","og_site_name":"Canal 7 SLP - 2023","article_publisher":"https:\/\/www.facebook.com\/noticieroscanalsiete","article_published_time":"2023-09-13T02:56:38+00:00","og_image":[{"width":1280,"height":720,"url":"https:\/\/canal7slp.tv\/2023\/wp-content\/uploads\/2023\/09\/riosantiago.jpg","type":"image\/jpeg"}],"author":"Edici\u00f3n Web","twitter_card":"summary_large_image","twitter_creator":"@NOTICIEROS7","twitter_site":"@NOTICIEROS7","twitter_misc":{"Escrito por":"Edici\u00f3n Web","Tiempo de lectura":"2 minutos"},"schema":{"@context":"https:\/\/schema.org","@graph":[{"@type":"Article","@id":"https:\/\/canal7slp.tv\/2023\/interviene-ayuntamiento-capitalino-el-barrio-de-santiago\/#article","isPartOf":{"@id":"https:\/\/canal7slp.tv\/2023\/interviene-ayuntamiento-capitalino-el-barrio-de-santiago\/"},"author":{"name":"Edici\u00f3n Web","@id":"https:\/\/canal7slp.tv\/2023\/#\/schema\/person\/639c424e3584069003b11ae813915da6"},"headline":"Interviene Ayuntamiento Capitalino el Barrio de Santiago","datePublished":"2023-09-13T02:56:38+00:00","mainEntityOfPage":{"@id":"https:\/\/canal7slp.tv\/2023\/interviene-ayuntamiento-capitalino-el-barrio-de-santiago\/"},"wordCount":348,"publisher":{"@id":"https:\/\/canal7slp.tv\/2023\/#organization"},"image":{"@id":"https:\/\/canal7slp.tv\/2023\/interviene-ayuntamiento-capitalino-el-barrio-de-santiago\/#primaryimage"},"thumbnailUrl":"https:\/\/canal7slp.tv\/2023\/wp-content\/uploads\/2023\/09\/riosantiago.jpg","articleSection":["DESTACADAS","LOCALES Y REGIONALES"],"inLanguage":"es"},{"@type":"WebPage","@id":"https:\/\/canal7slp.tv\/2023\/interviene-ayuntamiento-capitalino-el-barrio-de-santiago\/","url":"https:\/\/canal7slp.tv\/2023\/interviene-ayuntamiento-capitalino-el-barrio-de-santiago\/","name":"Interviene Ayuntamiento Capitalino el Barrio de Santiago - Canal 7 SLP - 2023","isPartOf":{"@id":"https:\/\/canal7slp.tv\/2023\/#website"},"primaryImageOfPage":{"@id":"https:\/\/canal7slp.tv\/2023\/interviene-ayuntamiento-capitalino-el-barrio-de-santiago\/#primaryimage"},"image":{"@id":"https:\/\/canal7slp.tv\/2023\/interviene-ayuntamiento-capitalino-el-barrio-de-santiago\/#primaryimage"},"thumbnailUrl":"https:\/\/canal7slp.tv\/2023\/wp-content\/uploads\/2023\/09\/riosantiago.jpg","datePublished":"2023-09-13T02:56:38+00:00","breadcrumb":{"@id":"https:\/\/canal7slp.tv\/2023\/interviene-ayuntamiento-capitalino-el-barrio-de-santiago\/#breadcrumb"},"inLanguage":"es","potentialAction":[{"@type":"ReadAction","target":["https:\/\/canal7slp.tv\/2023\/interviene-ayuntamiento-capitalino-el-barrio-de-santiago\/"]}]},{"@type":"ImageObject","inLanguage":"es","@id":"https:\/\/canal7slp.tv\/2023\/interviene-ayuntamiento-capitalino-el-barrio-de-santiago\/#primaryimage","url":"https:\/\/canal7slp.tv\/2023\/wp-content\/uploads\/2023\/09\/riosantiago.jpg","contentUrl":"https:\/\/canal7slp.tv\/2023\/wp-content\/uploads\/2023\/09\/riosantiago.jpg","width":1280,"height":720},{"@type":"BreadcrumbList","@id":"https:\/\/canal7slp.tv\/2023\/interviene-ayuntamiento-capitalino-el-barrio-de-santiago\/#breadcrumb","itemListElement":[{"@type":"ListItem","position":1,"name":"Portada","item":"https:\/\/canal7slp.tv\/2023\/"},{"@type":"ListItem","position":2,"name":"Interviene Ayuntamiento Capitalino el Barrio de Santiago"}]},{"@type":"WebSite","@id":"https:\/\/canal7slp.tv\/2023\/#website","url":"https:\/\/canal7slp.tv\/2023\/","name":"N7 - Noticieros Canal 7","description":"Somos Televisi\u00f3n","publisher":{"@id":"https:\/\/canal7slp.tv\/2023\/#organization"},"potentialAction":[{"@type":"SearchAction","target":{"@type":"EntryPoint","urlTemplate":"https:\/\/canal7slp.tv\/2023\/?s={search_term_string}"},"query-input":{"@type":"PropertyValueSpecification","valueRequired":true,"valueName":"search_term_string"}}],"inLanguage":"es"},{"@type":"Organization","@id":"https:\/\/canal7slp.tv\/2023\/#organization","name":"Noticieros Canal 7","url":"https:\/\/canal7slp.tv\/2023\/","logo":{"@type":"ImageObject","inLanguage":"es","@id":"https:\/\/canal7slp.tv\/2023\/#\/schema\/logo\/image\/","url":"https:\/\/canal7slp.tv\/2023\/wp-content\/uploads\/2021\/01\/logo-noticieros@2x.png","contentUrl":"https:\/\/canal7slp.tv\/2023\/wp-content\/uploads\/2021\/01\/logo-noticieros@2x.png","width":1017,"height":268,"caption":"Noticieros Canal 7"},"image":{"@id":"https:\/\/canal7slp.tv\/2023\/#\/schema\/logo\/image\/"},"sameAs":["https:\/\/www.facebook.com\/noticieroscanalsiete","https:\/\/x.com\/NOTICIEROS7","https:\/\/www.instagram.com\/canal7_slp","https:\/\/www.youtube.com\/channel\/UCliiYs-gP3JfJeqdPrNdd5A"]},{"@type":"Person","@id":"https:\/\/canal7slp.tv\/2023\/#\/schema\/person\/639c424e3584069003b11ae813915da6","name":"Edici\u00f3n Web","image":{"@type":"ImageObject","inLanguage":"es","@id":"https:\/\/secure.gravatar.com\/avatar\/eee448fc3f7164808013b816ba91ac7e43bbe82a70bebac296f8bc6f0addaa1a?s=96&d=mm&r=g","url":"https:\/\/secure.gravatar.com\/avatar\/eee448fc3f7164808013b816ba91ac7e43bbe82a70bebac296f8bc6f0addaa1a?s=96&d=mm&r=g","contentUrl":"https:\/\/secure.gravatar.com\/avatar\/eee448fc3f7164808013b816ba91ac7e43bbe82a70bebac296f8bc6f0addaa1a?s=96&d=mm&r=g","caption":"Edici\u00f3n Web"},"url":"https:\/\/canal7slp.tv\/2023\/author\/edicionweb\/"}]}},"_links":{"self":[{"href":"https:\/\/canal7slp.tv\/2023\/wp-json\/wp\/v2\/posts\/107223","targetHints":{"allow":["GET"]}}],"collection":[{"href":"https:\/\/canal7slp.tv\/2023\/wp-json\/wp\/v2\/posts"}],"about":[{"href":"https:\/\/canal7slp.tv\/2023\/wp-json\/wp\/v2\/types\/post"}],"author":[{"embeddable":true,"href":"https:\/\/canal7slp.tv\/2023\/wp-json\/wp\/v2\/users\/2"}],"replies":[{"embeddable":true,"href":"https:\/\/canal7slp.tv\/2023\/wp-json\/wp\/v2\/comments?post=107223"}],"version-history":[{"count":1,"href":"https:\/\/canal7slp.tv\/2023\/wp-json\/wp\/v2\/posts\/107223\/revisions"}],"predecessor-version":[{"id":107240,"href":"https:\/\/canal7slp.tv\/2023\/wp-json\/wp\/v2\/posts\/107223\/revisions\/107240"}],"wp:featuredmedia":[{"embeddable":true,"href":"https:\/\/canal7slp.tv\/2023\/wp-json\/wp\/v2\/media\/107234"}],"wp:attachment":[{"href":"https:\/\/canal7slp.tv\/2023\/wp-json\/wp\/v2\/media?parent=107223"}],"wp:term":[{"taxonomy":"category","embeddable":true,"href":"https:\/\/canal7slp.tv\/2023\/wp-json\/wp\/v2\/categories?post=107223"},{"taxonomy":"post_tag","embeddable":true,"href":"https:\/\/canal7slp.tv\/2023\/wp-json\/wp\/v2\/tags?post=107223"}],"curies":[{"name":"wp","href":"https:\/\/api.w.org\/{rel}","templated":true}]}}