{"id":107221,"date":"2023-09-12T21:05:26","date_gmt":"2023-09-13T03:05:26","guid":{"rendered":"https:\/\/canal7slp.tv\/2023\/?p=107221"},"modified":"2023-09-12T21:05:26","modified_gmt":"2023-09-13T03:05:26","slug":"por-definirse-construccion-de-paso-a-desnivel-en-fray-diego-de-la-magdalena","status":"publish","type":"post","link":"https:\/\/canal7slp.tv\/2023\/por-definirse-construccion-de-paso-a-desnivel-en-fray-diego-de-la-magdalena\/","title":{"rendered":"Por definirse, construcci\u00f3n de paso a desnivel en Fray Diego de la Magdalena"},"content":{"rendered":"<p style=\"text-align: justify;\">SLP.- El alcalde de la capital, Enrique Galindo Ceballos indic\u00f3 que en breve se definir\u00e1 si se aplicar\u00e1 el proyecto de paso a desnivel en la avenida Fray Diego de la Magdalena, esto despu\u00e9s de la serie de charlas con la poblaci\u00f3n del barrio del Saucito.<\/p>\n<p style=\"text-align: justify;\">El director de Obras P\u00fablicas, Jos\u00e9 Nazario Pineda Osorio, se\u00f1al\u00f3 que en las reuniones con vecinos se han solicitado mejoras en red de drenaje, banquetas con adecuaciones y otros aspectos.<\/p>\n<p style=\"text-align: justify;\">Durante el pasado d\u00eda ocho de septiembre se tuvo una reuni\u00f3n m\u00e1s con los vecinos del barrio del Saucito a fin de definir las obras a realizar en la avenida Fray Diego de la Magdalena que podr\u00edan incluir el paso a desnivel, as\u00ed lo indic\u00f3 el edil, Enrique Galindo Ceballos.<\/p>\n<p style=\"text-align: justify;\">\u201cHablamos con ellos el viernes y la verdad yo debo reconocer a la gente del Saucito su sensibilidad y su apertura (\u2026) el acuerdo que tuvimos es de seguir construyendo un proyecto que a ellos les convenga y que a nosotros nos convenga, pero que le convenga a la ciudad\u201d.<br \/>\nAcept\u00f3 que el recurso para generar un paso a desnivel, debe de aplicarse este a\u00f1o, en caso de que la obra sea rechazada por los vecinos, se deber\u00e1 encausar a otra mejora.<\/p>\n<p style=\"text-align: justify;\">\u201cYo les comuniqu\u00e9 que ten\u00eda que ejercer el presupuesto porque si no se ir\u00eda y estaremos definiendo ya en estos d\u00edas que vamos hacer con este presupuesto\u201d.<br \/>\nPor su parte el director de Obras P\u00fablicas, Jos\u00e9 Nazario Pineda Osorio, explan\u00f3 que derivado de las mesas de trabajo entre la administraci\u00f3n y los vecinos, se han obtenido solicitudes.<\/p>\n<p style=\"text-align: justify;\">\u201cBanquetas amplias que las incluye el proyecto, que acabemos el drenaje pluvial que lo estamos acabando, que lo vamos a acabar; incluyen calles completas, v\u00edas alternas, regeneraci\u00f3n urbana de la zona, equipamiento, cosas de embellecimiento y equipamiento de la zona\u201d.<\/p>\n<p>POR: Juan Carlos Contreras<\/p>\n","protected":false},"excerpt":{"rendered":"<p>SLP.- El alcalde de la capital, Enrique Galindo Ceballos indic\u00f3 que en breve se definir\u00e1 si se aplicar\u00e1 el proyecto de paso a desnivel en la avenida Fray Diego de la Magdalena, esto despu\u00e9s de la serie de charlas con la poblaci\u00f3n del barrio del Saucito. El director de Obras P\u00fablicas, Jos\u00e9 Nazario Pineda Osorio, se\u00f1al\u00f3 que en las reuniones con vecinos se han solicitado mejoras en red de drenaje, banquetas con adecuaciones y otros aspectos. Durante el pasado d\u00eda ocho de septiembre se tuvo una reuni\u00f3n m\u00e1s con los vecinos del barrio del Saucito a fin de definir las [&hellip;]<\/p>\n","protected":false},"author":2,"featured_media":107235,"comment_status":"closed","ping_status":"closed","sticky":false,"template":"","format":"video","meta":{"footnotes":""},"categories":[5,45],"tags":[],"class_list":["post-107221","post","type-post","status-publish","format-video","has-post-thumbnail","hentry","category-destacadas","category-localesyregionales","post_format-post-format-video","post--single"],"yoast_head":"<!-- This site is optimized with the Yoast SEO plugin v27.5 - https:\/\/yoast.com\/product\/yoast-seo-wordpress\/ -->\n<title>Por definirse, construcci\u00f3n de paso a desnivel en Fray Diego de la Magdalena - Canal 7 SLP - 2023<\/title>\n<meta name=\"robots\" content=\"index, follow, max-snippet:-1, max-image-preview:large, max-video-preview:-1\" \/>\n<link rel=\"canonical\" href=\"https:\/\/canal7slp.tv\/2023\/por-definirse-construccion-de-paso-a-desnivel-en-fray-diego-de-la-magdalena\/\" \/>\n<meta property=\"og:locale\" content=\"es_ES\" \/>\n<meta property=\"og:type\" content=\"article\" \/>\n<meta property=\"og:title\" content=\"Por definirse, construcci\u00f3n de paso a desnivel en Fray Diego de la Magdalena - Canal 7 SLP - 2023\" \/>\n<meta property=\"og:description\" content=\"SLP.- El alcalde de la capital, Enrique Galindo Ceballos indic\u00f3 que en breve se definir\u00e1 si se aplicar\u00e1 el proyecto de paso a desnivel en la avenida Fray Diego de la Magdalena, esto despu\u00e9s de la serie de charlas con la poblaci\u00f3n del barrio del Saucito. El director de Obras P\u00fablicas, Jos\u00e9 Nazario Pineda Osorio, se\u00f1al\u00f3 que en las reuniones con vecinos se han solicitado mejoras en red de drenaje, banquetas con adecuaciones y otros aspectos. Durante el pasado d\u00eda ocho de septiembre se tuvo una reuni\u00f3n m\u00e1s con los vecinos del barrio del Saucito a fin de definir las [&hellip;]\" \/>\n<meta property=\"og:url\" content=\"https:\/\/canal7slp.tv\/2023\/por-definirse-construccion-de-paso-a-desnivel-en-fray-diego-de-la-magdalena\/\" \/>\n<meta property=\"og:site_name\" content=\"Canal 7 SLP - 2023\" \/>\n<meta property=\"article:publisher\" content=\"https:\/\/www.facebook.com\/noticieroscanalsiete\" \/>\n<meta property=\"article:published_time\" content=\"2023-09-13T03:05:26+00:00\" \/>\n<meta property=\"og:image\" content=\"https:\/\/canal7slp.tv\/2023\/wp-content\/uploads\/2023\/09\/Saucito.jpg\" \/>\n\t<meta property=\"og:image:width\" content=\"1280\" \/>\n\t<meta property=\"og:image:height\" content=\"720\" \/>\n\t<meta property=\"og:image:type\" content=\"image\/jpeg\" \/>\n<meta name=\"author\" content=\"Edici\u00f3n Web\" \/>\n<meta name=\"twitter:card\" content=\"summary_large_image\" \/>\n<meta name=\"twitter:creator\" content=\"@NOTICIEROS7\" \/>\n<meta name=\"twitter:site\" content=\"@NOTICIEROS7\" \/>\n<meta name=\"twitter:label1\" content=\"Escrito por\" \/>\n\t<meta name=\"twitter:data1\" content=\"Edici\u00f3n Web\" \/>\n\t<meta name=\"twitter:label2\" content=\"Tiempo de lectura\" \/>\n\t<meta name=\"twitter:data2\" content=\"2 minutos\" \/>\n<script type=\"application\/ld+json\" class=\"yoast-schema-graph\">{\"@context\":\"https:\\\/\\\/schema.org\",\"@graph\":[{\"@type\":\"Article\",\"@id\":\"https:\\\/\\\/canal7slp.tv\\\/2023\\\/por-definirse-construccion-de-paso-a-desnivel-en-fray-diego-de-la-magdalena\\\/#article\",\"isPartOf\":{\"@id\":\"https:\\\/\\\/canal7slp.tv\\\/2023\\\/por-definirse-construccion-de-paso-a-desnivel-en-fray-diego-de-la-magdalena\\\/\"},\"author\":{\"name\":\"Edici\u00f3n Web\",\"@id\":\"https:\\\/\\\/canal7slp.tv\\\/2023\\\/#\\\/schema\\\/person\\\/639c424e3584069003b11ae813915da6\"},\"headline\":\"Por definirse, construcci\u00f3n de paso a desnivel en Fray Diego de la Magdalena\",\"datePublished\":\"2023-09-13T03:05:26+00:00\",\"mainEntityOfPage\":{\"@id\":\"https:\\\/\\\/canal7slp.tv\\\/2023\\\/por-definirse-construccion-de-paso-a-desnivel-en-fray-diego-de-la-magdalena\\\/\"},\"wordCount\":339,\"publisher\":{\"@id\":\"https:\\\/\\\/canal7slp.tv\\\/2023\\\/#organization\"},\"image\":{\"@id\":\"https:\\\/\\\/canal7slp.tv\\\/2023\\\/por-definirse-construccion-de-paso-a-desnivel-en-fray-diego-de-la-magdalena\\\/#primaryimage\"},\"thumbnailUrl\":\"https:\\\/\\\/canal7slp.tv\\\/2023\\\/wp-content\\\/uploads\\\/2023\\\/09\\\/Saucito.jpg\",\"articleSection\":[\"DESTACADAS\",\"LOCALES Y REGIONALES\"],\"inLanguage\":\"es\"},{\"@type\":\"WebPage\",\"@id\":\"https:\\\/\\\/canal7slp.tv\\\/2023\\\/por-definirse-construccion-de-paso-a-desnivel-en-fray-diego-de-la-magdalena\\\/\",\"url\":\"https:\\\/\\\/canal7slp.tv\\\/2023\\\/por-definirse-construccion-de-paso-a-desnivel-en-fray-diego-de-la-magdalena\\\/\",\"name\":\"Por definirse, construcci\u00f3n de paso a desnivel en Fray Diego de la Magdalena - Canal 7 SLP - 2023\",\"isPartOf\":{\"@id\":\"https:\\\/\\\/canal7slp.tv\\\/2023\\\/#website\"},\"primaryImageOfPage\":{\"@id\":\"https:\\\/\\\/canal7slp.tv\\\/2023\\\/por-definirse-construccion-de-paso-a-desnivel-en-fray-diego-de-la-magdalena\\\/#primaryimage\"},\"image\":{\"@id\":\"https:\\\/\\\/canal7slp.tv\\\/2023\\\/por-definirse-construccion-de-paso-a-desnivel-en-fray-diego-de-la-magdalena\\\/#primaryimage\"},\"thumbnailUrl\":\"https:\\\/\\\/canal7slp.tv\\\/2023\\\/wp-content\\\/uploads\\\/2023\\\/09\\\/Saucito.jpg\",\"datePublished\":\"2023-09-13T03:05:26+00:00\",\"breadcrumb\":{\"@id\":\"https:\\\/\\\/canal7slp.tv\\\/2023\\\/por-definirse-construccion-de-paso-a-desnivel-en-fray-diego-de-la-magdalena\\\/#breadcrumb\"},\"inLanguage\":\"es\",\"potentialAction\":[{\"@type\":\"ReadAction\",\"target\":[\"https:\\\/\\\/canal7slp.tv\\\/2023\\\/por-definirse-construccion-de-paso-a-desnivel-en-fray-diego-de-la-magdalena\\\/\"]}]},{\"@type\":\"ImageObject\",\"inLanguage\":\"es\",\"@id\":\"https:\\\/\\\/canal7slp.tv\\\/2023\\\/por-definirse-construccion-de-paso-a-desnivel-en-fray-diego-de-la-magdalena\\\/#primaryimage\",\"url\":\"https:\\\/\\\/canal7slp.tv\\\/2023\\\/wp-content\\\/uploads\\\/2023\\\/09\\\/Saucito.jpg\",\"contentUrl\":\"https:\\\/\\\/canal7slp.tv\\\/2023\\\/wp-content\\\/uploads\\\/2023\\\/09\\\/Saucito.jpg\",\"width\":1280,\"height\":720},{\"@type\":\"BreadcrumbList\",\"@id\":\"https:\\\/\\\/canal7slp.tv\\\/2023\\\/por-definirse-construccion-de-paso-a-desnivel-en-fray-diego-de-la-magdalena\\\/#breadcrumb\",\"itemListElement\":[{\"@type\":\"ListItem\",\"position\":1,\"name\":\"Portada\",\"item\":\"https:\\\/\\\/canal7slp.tv\\\/2023\\\/\"},{\"@type\":\"ListItem\",\"position\":2,\"name\":\"Por definirse, construcci\u00f3n de paso a desnivel en Fray Diego de la Magdalena\"}]},{\"@type\":\"WebSite\",\"@id\":\"https:\\\/\\\/canal7slp.tv\\\/2023\\\/#website\",\"url\":\"https:\\\/\\\/canal7slp.tv\\\/2023\\\/\",\"name\":\"N7 - Noticieros Canal 7\",\"description\":\"Somos Televisi\u00f3n\",\"publisher\":{\"@id\":\"https:\\\/\\\/canal7slp.tv\\\/2023\\\/#organization\"},\"potentialAction\":[{\"@type\":\"SearchAction\",\"target\":{\"@type\":\"EntryPoint\",\"urlTemplate\":\"https:\\\/\\\/canal7slp.tv\\\/2023\\\/?s={search_term_string}\"},\"query-input\":{\"@type\":\"PropertyValueSpecification\",\"valueRequired\":true,\"valueName\":\"search_term_string\"}}],\"inLanguage\":\"es\"},{\"@type\":\"Organization\",\"@id\":\"https:\\\/\\\/canal7slp.tv\\\/2023\\\/#organization\",\"name\":\"Noticieros Canal 7\",\"url\":\"https:\\\/\\\/canal7slp.tv\\\/2023\\\/\",\"logo\":{\"@type\":\"ImageObject\",\"inLanguage\":\"es\",\"@id\":\"https:\\\/\\\/canal7slp.tv\\\/2023\\\/#\\\/schema\\\/logo\\\/image\\\/\",\"url\":\"https:\\\/\\\/canal7slp.tv\\\/2023\\\/wp-content\\\/uploads\\\/2021\\\/01\\\/logo-noticieros@2x.png\",\"contentUrl\":\"https:\\\/\\\/canal7slp.tv\\\/2023\\\/wp-content\\\/uploads\\\/2021\\\/01\\\/logo-noticieros@2x.png\",\"width\":1017,\"height\":268,\"caption\":\"Noticieros Canal 7\"},\"image\":{\"@id\":\"https:\\\/\\\/canal7slp.tv\\\/2023\\\/#\\\/schema\\\/logo\\\/image\\\/\"},\"sameAs\":[\"https:\\\/\\\/www.facebook.com\\\/noticieroscanalsiete\",\"https:\\\/\\\/x.com\\\/NOTICIEROS7\",\"https:\\\/\\\/www.instagram.com\\\/canal7_slp\",\"https:\\\/\\\/www.youtube.com\\\/channel\\\/UCliiYs-gP3JfJeqdPrNdd5A\"]},{\"@type\":\"Person\",\"@id\":\"https:\\\/\\\/canal7slp.tv\\\/2023\\\/#\\\/schema\\\/person\\\/639c424e3584069003b11ae813915da6\",\"name\":\"Edici\u00f3n Web\",\"image\":{\"@type\":\"ImageObject\",\"inLanguage\":\"es\",\"@id\":\"https:\\\/\\\/secure.gravatar.com\\\/avatar\\\/eee448fc3f7164808013b816ba91ac7e43bbe82a70bebac296f8bc6f0addaa1a?s=96&d=mm&r=g\",\"url\":\"https:\\\/\\\/secure.gravatar.com\\\/avatar\\\/eee448fc3f7164808013b816ba91ac7e43bbe82a70bebac296f8bc6f0addaa1a?s=96&d=mm&r=g\",\"contentUrl\":\"https:\\\/\\\/secure.gravatar.com\\\/avatar\\\/eee448fc3f7164808013b816ba91ac7e43bbe82a70bebac296f8bc6f0addaa1a?s=96&d=mm&r=g\",\"caption\":\"Edici\u00f3n Web\"},\"url\":\"https:\\\/\\\/canal7slp.tv\\\/2023\\\/author\\\/edicionweb\\\/\"}]}<\/script>\n<!-- \/ Yoast SEO plugin. -->","yoast_head_json":{"title":"Por definirse, construcci\u00f3n de paso a desnivel en Fray Diego de la Magdalena - Canal 7 SLP - 2023","robots":{"index":"index","follow":"follow","max-snippet":"max-snippet:-1","max-image-preview":"max-image-preview:large","max-video-preview":"max-video-preview:-1"},"canonical":"https:\/\/canal7slp.tv\/2023\/por-definirse-construccion-de-paso-a-desnivel-en-fray-diego-de-la-magdalena\/","og_locale":"es_ES","og_type":"article","og_title":"Por definirse, construcci\u00f3n de paso a desnivel en Fray Diego de la Magdalena - Canal 7 SLP - 2023","og_description":"SLP.- El alcalde de la capital, Enrique Galindo Ceballos indic\u00f3 que en breve se definir\u00e1 si se aplicar\u00e1 el proyecto de paso a desnivel en la avenida Fray Diego de la Magdalena, esto despu\u00e9s de la serie de charlas con la poblaci\u00f3n del barrio del Saucito. El director de Obras P\u00fablicas, Jos\u00e9 Nazario Pineda Osorio, se\u00f1al\u00f3 que en las reuniones con vecinos se han solicitado mejoras en red de drenaje, banquetas con adecuaciones y otros aspectos. Durante el pasado d\u00eda ocho de septiembre se tuvo una reuni\u00f3n m\u00e1s con los vecinos del barrio del Saucito a fin de definir las [&hellip;]","og_url":"https:\/\/canal7slp.tv\/2023\/por-definirse-construccion-de-paso-a-desnivel-en-fray-diego-de-la-magdalena\/","og_site_name":"Canal 7 SLP - 2023","article_publisher":"https:\/\/www.facebook.com\/noticieroscanalsiete","article_published_time":"2023-09-13T03:05:26+00:00","og_image":[{"width":1280,"height":720,"url":"https:\/\/canal7slp.tv\/2023\/wp-content\/uploads\/2023\/09\/Saucito.jpg","type":"image\/jpeg"}],"author":"Edici\u00f3n Web","twitter_card":"summary_large_image","twitter_creator":"@NOTICIEROS7","twitter_site":"@NOTICIEROS7","twitter_misc":{"Escrito por":"Edici\u00f3n Web","Tiempo de lectura":"2 minutos"},"schema":{"@context":"https:\/\/schema.org","@graph":[{"@type":"Article","@id":"https:\/\/canal7slp.tv\/2023\/por-definirse-construccion-de-paso-a-desnivel-en-fray-diego-de-la-magdalena\/#article","isPartOf":{"@id":"https:\/\/canal7slp.tv\/2023\/por-definirse-construccion-de-paso-a-desnivel-en-fray-diego-de-la-magdalena\/"},"author":{"name":"Edici\u00f3n Web","@id":"https:\/\/canal7slp.tv\/2023\/#\/schema\/person\/639c424e3584069003b11ae813915da6"},"headline":"Por definirse, construcci\u00f3n de paso a desnivel en Fray Diego de la Magdalena","datePublished":"2023-09-13T03:05:26+00:00","mainEntityOfPage":{"@id":"https:\/\/canal7slp.tv\/2023\/por-definirse-construccion-de-paso-a-desnivel-en-fray-diego-de-la-magdalena\/"},"wordCount":339,"publisher":{"@id":"https:\/\/canal7slp.tv\/2023\/#organization"},"image":{"@id":"https:\/\/canal7slp.tv\/2023\/por-definirse-construccion-de-paso-a-desnivel-en-fray-diego-de-la-magdalena\/#primaryimage"},"thumbnailUrl":"https:\/\/canal7slp.tv\/2023\/wp-content\/uploads\/2023\/09\/Saucito.jpg","articleSection":["DESTACADAS","LOCALES Y REGIONALES"],"inLanguage":"es"},{"@type":"WebPage","@id":"https:\/\/canal7slp.tv\/2023\/por-definirse-construccion-de-paso-a-desnivel-en-fray-diego-de-la-magdalena\/","url":"https:\/\/canal7slp.tv\/2023\/por-definirse-construccion-de-paso-a-desnivel-en-fray-diego-de-la-magdalena\/","name":"Por definirse, construcci\u00f3n de paso a desnivel en Fray Diego de la Magdalena - Canal 7 SLP - 2023","isPartOf":{"@id":"https:\/\/canal7slp.tv\/2023\/#website"},"primaryImageOfPage":{"@id":"https:\/\/canal7slp.tv\/2023\/por-definirse-construccion-de-paso-a-desnivel-en-fray-diego-de-la-magdalena\/#primaryimage"},"image":{"@id":"https:\/\/canal7slp.tv\/2023\/por-definirse-construccion-de-paso-a-desnivel-en-fray-diego-de-la-magdalena\/#primaryimage"},"thumbnailUrl":"https:\/\/canal7slp.tv\/2023\/wp-content\/uploads\/2023\/09\/Saucito.jpg","datePublished":"2023-09-13T03:05:26+00:00","breadcrumb":{"@id":"https:\/\/canal7slp.tv\/2023\/por-definirse-construccion-de-paso-a-desnivel-en-fray-diego-de-la-magdalena\/#breadcrumb"},"inLanguage":"es","potentialAction":[{"@type":"ReadAction","target":["https:\/\/canal7slp.tv\/2023\/por-definirse-construccion-de-paso-a-desnivel-en-fray-diego-de-la-magdalena\/"]}]},{"@type":"ImageObject","inLanguage":"es","@id":"https:\/\/canal7slp.tv\/2023\/por-definirse-construccion-de-paso-a-desnivel-en-fray-diego-de-la-magdalena\/#primaryimage","url":"https:\/\/canal7slp.tv\/2023\/wp-content\/uploads\/2023\/09\/Saucito.jpg","contentUrl":"https:\/\/canal7slp.tv\/2023\/wp-content\/uploads\/2023\/09\/Saucito.jpg","width":1280,"height":720},{"@type":"BreadcrumbList","@id":"https:\/\/canal7slp.tv\/2023\/por-definirse-construccion-de-paso-a-desnivel-en-fray-diego-de-la-magdalena\/#breadcrumb","itemListElement":[{"@type":"ListItem","position":1,"name":"Portada","item":"https:\/\/canal7slp.tv\/2023\/"},{"@type":"ListItem","position":2,"name":"Por definirse, construcci\u00f3n de paso a desnivel en Fray Diego de la Magdalena"}]},{"@type":"WebSite","@id":"https:\/\/canal7slp.tv\/2023\/#website","url":"https:\/\/canal7slp.tv\/2023\/","name":"N7 - Noticieros Canal 7","description":"Somos Televisi\u00f3n","publisher":{"@id":"https:\/\/canal7slp.tv\/2023\/#organization"},"potentialAction":[{"@type":"SearchAction","target":{"@type":"EntryPoint","urlTemplate":"https:\/\/canal7slp.tv\/2023\/?s={search_term_string}"},"query-input":{"@type":"PropertyValueSpecification","valueRequired":true,"valueName":"search_term_string"}}],"inLanguage":"es"},{"@type":"Organization","@id":"https:\/\/canal7slp.tv\/2023\/#organization","name":"Noticieros Canal 7","url":"https:\/\/canal7slp.tv\/2023\/","logo":{"@type":"ImageObject","inLanguage":"es","@id":"https:\/\/canal7slp.tv\/2023\/#\/schema\/logo\/image\/","url":"https:\/\/canal7slp.tv\/2023\/wp-content\/uploads\/2021\/01\/logo-noticieros@2x.png","contentUrl":"https:\/\/canal7slp.tv\/2023\/wp-content\/uploads\/2021\/01\/logo-noticieros@2x.png","width":1017,"height":268,"caption":"Noticieros Canal 7"},"image":{"@id":"https:\/\/canal7slp.tv\/2023\/#\/schema\/logo\/image\/"},"sameAs":["https:\/\/www.facebook.com\/noticieroscanalsiete","https:\/\/x.com\/NOTICIEROS7","https:\/\/www.instagram.com\/canal7_slp","https:\/\/www.youtube.com\/channel\/UCliiYs-gP3JfJeqdPrNdd5A"]},{"@type":"Person","@id":"https:\/\/canal7slp.tv\/2023\/#\/schema\/person\/639c424e3584069003b11ae813915da6","name":"Edici\u00f3n Web","image":{"@type":"ImageObject","inLanguage":"es","@id":"https:\/\/secure.gravatar.com\/avatar\/eee448fc3f7164808013b816ba91ac7e43bbe82a70bebac296f8bc6f0addaa1a?s=96&d=mm&r=g","url":"https:\/\/secure.gravatar.com\/avatar\/eee448fc3f7164808013b816ba91ac7e43bbe82a70bebac296f8bc6f0addaa1a?s=96&d=mm&r=g","contentUrl":"https:\/\/secure.gravatar.com\/avatar\/eee448fc3f7164808013b816ba91ac7e43bbe82a70bebac296f8bc6f0addaa1a?s=96&d=mm&r=g","caption":"Edici\u00f3n Web"},"url":"https:\/\/canal7slp.tv\/2023\/author\/edicionweb\/"}]}},"_links":{"self":[{"href":"https:\/\/canal7slp.tv\/2023\/wp-json\/wp\/v2\/posts\/107221","targetHints":{"allow":["GET"]}}],"collection":[{"href":"https:\/\/canal7slp.tv\/2023\/wp-json\/wp\/v2\/posts"}],"about":[{"href":"https:\/\/canal7slp.tv\/2023\/wp-json\/wp\/v2\/types\/post"}],"author":[{"embeddable":true,"href":"https:\/\/canal7slp.tv\/2023\/wp-json\/wp\/v2\/users\/2"}],"replies":[{"embeddable":true,"href":"https:\/\/canal7slp.tv\/2023\/wp-json\/wp\/v2\/comments?post=107221"}],"version-history":[{"count":2,"href":"https:\/\/canal7slp.tv\/2023\/wp-json\/wp\/v2\/posts\/107221\/revisions"}],"predecessor-version":[{"id":107242,"href":"https:\/\/canal7slp.tv\/2023\/wp-json\/wp\/v2\/posts\/107221\/revisions\/107242"}],"wp:featuredmedia":[{"embeddable":true,"href":"https:\/\/canal7slp.tv\/2023\/wp-json\/wp\/v2\/media\/107235"}],"wp:attachment":[{"href":"https:\/\/canal7slp.tv\/2023\/wp-json\/wp\/v2\/media?parent=107221"}],"wp:term":[{"taxonomy":"category","embeddable":true,"href":"https:\/\/canal7slp.tv\/2023\/wp-json\/wp\/v2\/categories?post=107221"},{"taxonomy":"post_tag","embeddable":true,"href":"https:\/\/canal7slp.tv\/2023\/wp-json\/wp\/v2\/tags?post=107221"}],"curies":[{"name":"wp","href":"https:\/\/api.w.org\/{rel}","templated":true}]}}