{"id":107213,"date":"2023-09-12T20:02:01","date_gmt":"2023-09-13T02:02:01","guid":{"rendered":"https:\/\/canal7slp.tv\/2023\/?p=107213"},"modified":"2023-09-12T20:02:01","modified_gmt":"2023-09-13T02:02:01","slug":"directivo-de-valeo-habria-transitado-por-queretaro-y-guanajuato-fiscalia","status":"publish","type":"post","link":"https:\/\/canal7slp.tv\/2023\/directivo-de-valeo-habria-transitado-por-queretaro-y-guanajuato-fiscalia\/","title":{"rendered":"Directivo de Valeo habr\u00eda transitado por Quer\u00e9taro y Guanajuato: Fiscal\u00eda"},"content":{"rendered":"<div style=\"text-align: justify;\">SLP.- De acuerdo con lo emitido por parte de la Fiscal\u00eda General del Estado, se tiene informaci\u00f3n sobre las \u00faltimas ubicaciones reportadas del empresario desaparecido, C\u00e9sar David Chore\u00f1o Casta\u00f1eda, qui\u00e9n habr\u00eda transitado por otros estados de la rep\u00fablica y no en San Luis Potos\u00ed como se refiri\u00f3 desde un inicio.<\/div>\n<div style=\"text-align: justify;\"><\/div>\n<div style=\"text-align: justify;\">Fue el titular del organismo, Jos\u00e9 Luis Ruiz Contreras, qui\u00e9n asegur\u00f3 que se tienen avances importantes del tema, donde se mantiene una estrecha comunicaci\u00f3n con la familia.<\/div>\n<div style=\"text-align: justify;\"><\/div>\n<div style=\"text-align: justify;\">\u00abS\u00ed, s\u00ed tenemos avances, de hecho estamos en contacto con la familia y con los abogados; quiero referirles que aqu\u00ed hay y tenemos datos de que pudiera haber pasado en dos estados m\u00e1s, tanto en Guanajuato como en Quer\u00e9taro y estamos trabajando en colaboraci\u00f3n con esos estados\u00bb, se\u00f1al\u00f3.<\/div>\n<div style=\"text-align: justify;\"><\/div>\n<div style=\"text-align: justify;\">En ese sentido, explic\u00f3 que tras reportar su desaparici\u00f3n, el ejecutivo habr\u00eda transitado por varios municipios de las entidades ya mencionadas.<\/div>\n<div style=\"text-align: justify;\"><\/div>\n<div style=\"text-align: justify;\">\u00abEl punto es que transit\u00f3 despu\u00e9s de su desaparici\u00f3n, tenemos datos que desde San Luis transita por Silao, Guanajuato; San Luis de la Paz y Celaya, entonces, la \u00faltima ubicaci\u00f3n que tenemos son aquellos estados\u00bb, insisti\u00f3.<\/div>\n<div style=\"text-align: justify;\"><\/div>\n<div style=\"text-align: justify;\">El funcionario tambi\u00e9n dijo desconocer las condiciones del hallazgo del veh\u00edculo en el que transitaba C\u00e9sar David, pues la informaci\u00f3n la mantiene otra fiscal\u00eda estatal.<\/div>\n<div style=\"text-align: justify;\"><\/div>\n<div style=\"text-align: justify;\">\u00abEl veh\u00edculo lo tenemos detectado en d\u00f3nde circul\u00f3, sin embargo, tampoco hemos hecho un aseguramiento puesto que no se ha dado aqu\u00ed en San Luis Potos\u00ed\u00bb, se limit\u00f3 a responder.<\/div>\n<div style=\"text-align: justify;\"><\/div>\n<div style=\"text-align: justify;\">Aunado a ello, Ruiz Contreras dijo que se abarcan varias l\u00edneas de investigaci\u00f3n para resolver este caso.<\/div>\n<div style=\"text-align: justify;\"><\/div>\n<div style=\"text-align: justify;\">\u00abNo se descarta ninguna, estamos abarcando todas, desde una ausencia voluntaria, hasta cualquier otra l\u00ednea que nos arroje la investigaci\u00f3n&#8230; Estaba radicando aqu\u00ed en San Luis, trabaja para la empresa que refieres y bueno es parte de la informaci\u00f3n que nos ha dado de manera personal la propia esposa con quien hemos estado trabajando\u00bb, culmin\u00f3.<\/div>\n<div><\/div>\n<div>Por: Jos\u00e9 Luis V\u00e1zquez<\/div>\n","protected":false},"excerpt":{"rendered":"<p>SLP.- De acuerdo con lo emitido por parte de la Fiscal\u00eda General del Estado, se tiene informaci\u00f3n sobre las \u00faltimas ubicaciones reportadas del empresario desaparecido, C\u00e9sar David Chore\u00f1o Casta\u00f1eda, qui\u00e9n habr\u00eda transitado por otros estados de la rep\u00fablica y no en San Luis Potos\u00ed como se refiri\u00f3 desde un inicio. Fue el titular del organismo, Jos\u00e9 Luis Ruiz Contreras, qui\u00e9n asegur\u00f3 que se tienen avances importantes del tema, donde se mantiene una estrecha comunicaci\u00f3n con la familia. \u00abS\u00ed, s\u00ed tenemos avances, de hecho estamos en contacto con la familia y con los abogados; quiero referirles que aqu\u00ed hay y tenemos [&hellip;]<\/p>\n","protected":false},"author":2,"featured_media":107230,"comment_status":"closed","ping_status":"closed","sticky":false,"template":"","format":"video","meta":{"footnotes":""},"categories":[5,45],"tags":[],"class_list":["post-107213","post","type-post","status-publish","format-video","has-post-thumbnail","hentry","category-destacadas","category-localesyregionales","post_format-post-format-video","post--single"],"yoast_head":"<!-- This site is optimized with the Yoast SEO plugin v27.5 - https:\/\/yoast.com\/product\/yoast-seo-wordpress\/ -->\n<title>Directivo de Valeo habr\u00eda transitado por Quer\u00e9taro y Guanajuato: Fiscal\u00eda - Canal 7 SLP - 2023<\/title>\n<meta name=\"robots\" content=\"index, follow, max-snippet:-1, max-image-preview:large, max-video-preview:-1\" \/>\n<link rel=\"canonical\" href=\"https:\/\/canal7slp.tv\/2023\/directivo-de-valeo-habria-transitado-por-queretaro-y-guanajuato-fiscalia\/\" \/>\n<meta property=\"og:locale\" content=\"es_ES\" \/>\n<meta property=\"og:type\" content=\"article\" \/>\n<meta property=\"og:title\" content=\"Directivo de Valeo habr\u00eda transitado por Quer\u00e9taro y Guanajuato: Fiscal\u00eda - Canal 7 SLP - 2023\" \/>\n<meta property=\"og:description\" content=\"SLP.- De acuerdo con lo emitido por parte de la Fiscal\u00eda General del Estado, se tiene informaci\u00f3n sobre las \u00faltimas ubicaciones reportadas del empresario desaparecido, C\u00e9sar David Chore\u00f1o Casta\u00f1eda, qui\u00e9n habr\u00eda transitado por otros estados de la rep\u00fablica y no en San Luis Potos\u00ed como se refiri\u00f3 desde un inicio. Fue el titular del organismo, Jos\u00e9 Luis Ruiz Contreras, qui\u00e9n asegur\u00f3 que se tienen avances importantes del tema, donde se mantiene una estrecha comunicaci\u00f3n con la familia. \u00abS\u00ed, s\u00ed tenemos avances, de hecho estamos en contacto con la familia y con los abogados; quiero referirles que aqu\u00ed hay y tenemos [&hellip;]\" \/>\n<meta property=\"og:url\" content=\"https:\/\/canal7slp.tv\/2023\/directivo-de-valeo-habria-transitado-por-queretaro-y-guanajuato-fiscalia\/\" \/>\n<meta property=\"og:site_name\" content=\"Canal 7 SLP - 2023\" \/>\n<meta property=\"article:publisher\" content=\"https:\/\/www.facebook.com\/noticieroscanalsiete\" \/>\n<meta property=\"article:published_time\" content=\"2023-09-13T02:02:01+00:00\" \/>\n<meta property=\"og:image\" content=\"https:\/\/canal7slp.tv\/2023\/wp-content\/uploads\/2023\/09\/valeo.jpg\" \/>\n\t<meta property=\"og:image:width\" content=\"1280\" \/>\n\t<meta property=\"og:image:height\" content=\"720\" \/>\n\t<meta property=\"og:image:type\" content=\"image\/jpeg\" \/>\n<meta name=\"author\" content=\"Edici\u00f3n Web\" \/>\n<meta name=\"twitter:card\" content=\"summary_large_image\" \/>\n<meta name=\"twitter:creator\" content=\"@NOTICIEROS7\" \/>\n<meta name=\"twitter:site\" content=\"@NOTICIEROS7\" \/>\n<meta name=\"twitter:label1\" content=\"Escrito por\" \/>\n\t<meta name=\"twitter:data1\" content=\"Edici\u00f3n Web\" \/>\n\t<meta name=\"twitter:label2\" content=\"Tiempo de lectura\" \/>\n\t<meta name=\"twitter:data2\" content=\"2 minutos\" \/>\n<script type=\"application\/ld+json\" class=\"yoast-schema-graph\">{\"@context\":\"https:\\\/\\\/schema.org\",\"@graph\":[{\"@type\":\"Article\",\"@id\":\"https:\\\/\\\/canal7slp.tv\\\/2023\\\/directivo-de-valeo-habria-transitado-por-queretaro-y-guanajuato-fiscalia\\\/#article\",\"isPartOf\":{\"@id\":\"https:\\\/\\\/canal7slp.tv\\\/2023\\\/directivo-de-valeo-habria-transitado-por-queretaro-y-guanajuato-fiscalia\\\/\"},\"author\":{\"name\":\"Edici\u00f3n Web\",\"@id\":\"https:\\\/\\\/canal7slp.tv\\\/2023\\\/#\\\/schema\\\/person\\\/639c424e3584069003b11ae813915da6\"},\"headline\":\"Directivo de Valeo habr\u00eda transitado por Quer\u00e9taro y Guanajuato: Fiscal\u00eda\",\"datePublished\":\"2023-09-13T02:02:01+00:00\",\"mainEntityOfPage\":{\"@id\":\"https:\\\/\\\/canal7slp.tv\\\/2023\\\/directivo-de-valeo-habria-transitado-por-queretaro-y-guanajuato-fiscalia\\\/\"},\"wordCount\":359,\"publisher\":{\"@id\":\"https:\\\/\\\/canal7slp.tv\\\/2023\\\/#organization\"},\"image\":{\"@id\":\"https:\\\/\\\/canal7slp.tv\\\/2023\\\/directivo-de-valeo-habria-transitado-por-queretaro-y-guanajuato-fiscalia\\\/#primaryimage\"},\"thumbnailUrl\":\"https:\\\/\\\/canal7slp.tv\\\/2023\\\/wp-content\\\/uploads\\\/2023\\\/09\\\/valeo.jpg\",\"articleSection\":[\"DESTACADAS\",\"LOCALES Y REGIONALES\"],\"inLanguage\":\"es\"},{\"@type\":\"WebPage\",\"@id\":\"https:\\\/\\\/canal7slp.tv\\\/2023\\\/directivo-de-valeo-habria-transitado-por-queretaro-y-guanajuato-fiscalia\\\/\",\"url\":\"https:\\\/\\\/canal7slp.tv\\\/2023\\\/directivo-de-valeo-habria-transitado-por-queretaro-y-guanajuato-fiscalia\\\/\",\"name\":\"Directivo de Valeo habr\u00eda transitado por Quer\u00e9taro y Guanajuato: Fiscal\u00eda - Canal 7 SLP - 2023\",\"isPartOf\":{\"@id\":\"https:\\\/\\\/canal7slp.tv\\\/2023\\\/#website\"},\"primaryImageOfPage\":{\"@id\":\"https:\\\/\\\/canal7slp.tv\\\/2023\\\/directivo-de-valeo-habria-transitado-por-queretaro-y-guanajuato-fiscalia\\\/#primaryimage\"},\"image\":{\"@id\":\"https:\\\/\\\/canal7slp.tv\\\/2023\\\/directivo-de-valeo-habria-transitado-por-queretaro-y-guanajuato-fiscalia\\\/#primaryimage\"},\"thumbnailUrl\":\"https:\\\/\\\/canal7slp.tv\\\/2023\\\/wp-content\\\/uploads\\\/2023\\\/09\\\/valeo.jpg\",\"datePublished\":\"2023-09-13T02:02:01+00:00\",\"breadcrumb\":{\"@id\":\"https:\\\/\\\/canal7slp.tv\\\/2023\\\/directivo-de-valeo-habria-transitado-por-queretaro-y-guanajuato-fiscalia\\\/#breadcrumb\"},\"inLanguage\":\"es\",\"potentialAction\":[{\"@type\":\"ReadAction\",\"target\":[\"https:\\\/\\\/canal7slp.tv\\\/2023\\\/directivo-de-valeo-habria-transitado-por-queretaro-y-guanajuato-fiscalia\\\/\"]}]},{\"@type\":\"ImageObject\",\"inLanguage\":\"es\",\"@id\":\"https:\\\/\\\/canal7slp.tv\\\/2023\\\/directivo-de-valeo-habria-transitado-por-queretaro-y-guanajuato-fiscalia\\\/#primaryimage\",\"url\":\"https:\\\/\\\/canal7slp.tv\\\/2023\\\/wp-content\\\/uploads\\\/2023\\\/09\\\/valeo.jpg\",\"contentUrl\":\"https:\\\/\\\/canal7slp.tv\\\/2023\\\/wp-content\\\/uploads\\\/2023\\\/09\\\/valeo.jpg\",\"width\":1280,\"height\":720},{\"@type\":\"BreadcrumbList\",\"@id\":\"https:\\\/\\\/canal7slp.tv\\\/2023\\\/directivo-de-valeo-habria-transitado-por-queretaro-y-guanajuato-fiscalia\\\/#breadcrumb\",\"itemListElement\":[{\"@type\":\"ListItem\",\"position\":1,\"name\":\"Portada\",\"item\":\"https:\\\/\\\/canal7slp.tv\\\/2023\\\/\"},{\"@type\":\"ListItem\",\"position\":2,\"name\":\"Directivo de Valeo habr\u00eda transitado por Quer\u00e9taro y Guanajuato: Fiscal\u00eda\"}]},{\"@type\":\"WebSite\",\"@id\":\"https:\\\/\\\/canal7slp.tv\\\/2023\\\/#website\",\"url\":\"https:\\\/\\\/canal7slp.tv\\\/2023\\\/\",\"name\":\"N7 - Noticieros Canal 7\",\"description\":\"Somos Televisi\u00f3n\",\"publisher\":{\"@id\":\"https:\\\/\\\/canal7slp.tv\\\/2023\\\/#organization\"},\"potentialAction\":[{\"@type\":\"SearchAction\",\"target\":{\"@type\":\"EntryPoint\",\"urlTemplate\":\"https:\\\/\\\/canal7slp.tv\\\/2023\\\/?s={search_term_string}\"},\"query-input\":{\"@type\":\"PropertyValueSpecification\",\"valueRequired\":true,\"valueName\":\"search_term_string\"}}],\"inLanguage\":\"es\"},{\"@type\":\"Organization\",\"@id\":\"https:\\\/\\\/canal7slp.tv\\\/2023\\\/#organization\",\"name\":\"Noticieros Canal 7\",\"url\":\"https:\\\/\\\/canal7slp.tv\\\/2023\\\/\",\"logo\":{\"@type\":\"ImageObject\",\"inLanguage\":\"es\",\"@id\":\"https:\\\/\\\/canal7slp.tv\\\/2023\\\/#\\\/schema\\\/logo\\\/image\\\/\",\"url\":\"https:\\\/\\\/canal7slp.tv\\\/2023\\\/wp-content\\\/uploads\\\/2021\\\/01\\\/logo-noticieros@2x.png\",\"contentUrl\":\"https:\\\/\\\/canal7slp.tv\\\/2023\\\/wp-content\\\/uploads\\\/2021\\\/01\\\/logo-noticieros@2x.png\",\"width\":1017,\"height\":268,\"caption\":\"Noticieros Canal 7\"},\"image\":{\"@id\":\"https:\\\/\\\/canal7slp.tv\\\/2023\\\/#\\\/schema\\\/logo\\\/image\\\/\"},\"sameAs\":[\"https:\\\/\\\/www.facebook.com\\\/noticieroscanalsiete\",\"https:\\\/\\\/x.com\\\/NOTICIEROS7\",\"https:\\\/\\\/www.instagram.com\\\/canal7_slp\",\"https:\\\/\\\/www.youtube.com\\\/channel\\\/UCliiYs-gP3JfJeqdPrNdd5A\"]},{\"@type\":\"Person\",\"@id\":\"https:\\\/\\\/canal7slp.tv\\\/2023\\\/#\\\/schema\\\/person\\\/639c424e3584069003b11ae813915da6\",\"name\":\"Edici\u00f3n Web\",\"image\":{\"@type\":\"ImageObject\",\"inLanguage\":\"es\",\"@id\":\"https:\\\/\\\/secure.gravatar.com\\\/avatar\\\/eee448fc3f7164808013b816ba91ac7e43bbe82a70bebac296f8bc6f0addaa1a?s=96&d=mm&r=g\",\"url\":\"https:\\\/\\\/secure.gravatar.com\\\/avatar\\\/eee448fc3f7164808013b816ba91ac7e43bbe82a70bebac296f8bc6f0addaa1a?s=96&d=mm&r=g\",\"contentUrl\":\"https:\\\/\\\/secure.gravatar.com\\\/avatar\\\/eee448fc3f7164808013b816ba91ac7e43bbe82a70bebac296f8bc6f0addaa1a?s=96&d=mm&r=g\",\"caption\":\"Edici\u00f3n Web\"},\"url\":\"https:\\\/\\\/canal7slp.tv\\\/2023\\\/author\\\/edicionweb\\\/\"}]}<\/script>\n<!-- \/ Yoast SEO plugin. -->","yoast_head_json":{"title":"Directivo de Valeo habr\u00eda transitado por Quer\u00e9taro y Guanajuato: Fiscal\u00eda - Canal 7 SLP - 2023","robots":{"index":"index","follow":"follow","max-snippet":"max-snippet:-1","max-image-preview":"max-image-preview:large","max-video-preview":"max-video-preview:-1"},"canonical":"https:\/\/canal7slp.tv\/2023\/directivo-de-valeo-habria-transitado-por-queretaro-y-guanajuato-fiscalia\/","og_locale":"es_ES","og_type":"article","og_title":"Directivo de Valeo habr\u00eda transitado por Quer\u00e9taro y Guanajuato: Fiscal\u00eda - Canal 7 SLP - 2023","og_description":"SLP.- De acuerdo con lo emitido por parte de la Fiscal\u00eda General del Estado, se tiene informaci\u00f3n sobre las \u00faltimas ubicaciones reportadas del empresario desaparecido, C\u00e9sar David Chore\u00f1o Casta\u00f1eda, qui\u00e9n habr\u00eda transitado por otros estados de la rep\u00fablica y no en San Luis Potos\u00ed como se refiri\u00f3 desde un inicio. Fue el titular del organismo, Jos\u00e9 Luis Ruiz Contreras, qui\u00e9n asegur\u00f3 que se tienen avances importantes del tema, donde se mantiene una estrecha comunicaci\u00f3n con la familia. \u00abS\u00ed, s\u00ed tenemos avances, de hecho estamos en contacto con la familia y con los abogados; quiero referirles que aqu\u00ed hay y tenemos [&hellip;]","og_url":"https:\/\/canal7slp.tv\/2023\/directivo-de-valeo-habria-transitado-por-queretaro-y-guanajuato-fiscalia\/","og_site_name":"Canal 7 SLP - 2023","article_publisher":"https:\/\/www.facebook.com\/noticieroscanalsiete","article_published_time":"2023-09-13T02:02:01+00:00","og_image":[{"width":1280,"height":720,"url":"https:\/\/canal7slp.tv\/2023\/wp-content\/uploads\/2023\/09\/valeo.jpg","type":"image\/jpeg"}],"author":"Edici\u00f3n Web","twitter_card":"summary_large_image","twitter_creator":"@NOTICIEROS7","twitter_site":"@NOTICIEROS7","twitter_misc":{"Escrito por":"Edici\u00f3n Web","Tiempo de lectura":"2 minutos"},"schema":{"@context":"https:\/\/schema.org","@graph":[{"@type":"Article","@id":"https:\/\/canal7slp.tv\/2023\/directivo-de-valeo-habria-transitado-por-queretaro-y-guanajuato-fiscalia\/#article","isPartOf":{"@id":"https:\/\/canal7slp.tv\/2023\/directivo-de-valeo-habria-transitado-por-queretaro-y-guanajuato-fiscalia\/"},"author":{"name":"Edici\u00f3n Web","@id":"https:\/\/canal7slp.tv\/2023\/#\/schema\/person\/639c424e3584069003b11ae813915da6"},"headline":"Directivo de Valeo habr\u00eda transitado por Quer\u00e9taro y Guanajuato: Fiscal\u00eda","datePublished":"2023-09-13T02:02:01+00:00","mainEntityOfPage":{"@id":"https:\/\/canal7slp.tv\/2023\/directivo-de-valeo-habria-transitado-por-queretaro-y-guanajuato-fiscalia\/"},"wordCount":359,"publisher":{"@id":"https:\/\/canal7slp.tv\/2023\/#organization"},"image":{"@id":"https:\/\/canal7slp.tv\/2023\/directivo-de-valeo-habria-transitado-por-queretaro-y-guanajuato-fiscalia\/#primaryimage"},"thumbnailUrl":"https:\/\/canal7slp.tv\/2023\/wp-content\/uploads\/2023\/09\/valeo.jpg","articleSection":["DESTACADAS","LOCALES Y REGIONALES"],"inLanguage":"es"},{"@type":"WebPage","@id":"https:\/\/canal7slp.tv\/2023\/directivo-de-valeo-habria-transitado-por-queretaro-y-guanajuato-fiscalia\/","url":"https:\/\/canal7slp.tv\/2023\/directivo-de-valeo-habria-transitado-por-queretaro-y-guanajuato-fiscalia\/","name":"Directivo de Valeo habr\u00eda transitado por Quer\u00e9taro y Guanajuato: Fiscal\u00eda - Canal 7 SLP - 2023","isPartOf":{"@id":"https:\/\/canal7slp.tv\/2023\/#website"},"primaryImageOfPage":{"@id":"https:\/\/canal7slp.tv\/2023\/directivo-de-valeo-habria-transitado-por-queretaro-y-guanajuato-fiscalia\/#primaryimage"},"image":{"@id":"https:\/\/canal7slp.tv\/2023\/directivo-de-valeo-habria-transitado-por-queretaro-y-guanajuato-fiscalia\/#primaryimage"},"thumbnailUrl":"https:\/\/canal7slp.tv\/2023\/wp-content\/uploads\/2023\/09\/valeo.jpg","datePublished":"2023-09-13T02:02:01+00:00","breadcrumb":{"@id":"https:\/\/canal7slp.tv\/2023\/directivo-de-valeo-habria-transitado-por-queretaro-y-guanajuato-fiscalia\/#breadcrumb"},"inLanguage":"es","potentialAction":[{"@type":"ReadAction","target":["https:\/\/canal7slp.tv\/2023\/directivo-de-valeo-habria-transitado-por-queretaro-y-guanajuato-fiscalia\/"]}]},{"@type":"ImageObject","inLanguage":"es","@id":"https:\/\/canal7slp.tv\/2023\/directivo-de-valeo-habria-transitado-por-queretaro-y-guanajuato-fiscalia\/#primaryimage","url":"https:\/\/canal7slp.tv\/2023\/wp-content\/uploads\/2023\/09\/valeo.jpg","contentUrl":"https:\/\/canal7slp.tv\/2023\/wp-content\/uploads\/2023\/09\/valeo.jpg","width":1280,"height":720},{"@type":"BreadcrumbList","@id":"https:\/\/canal7slp.tv\/2023\/directivo-de-valeo-habria-transitado-por-queretaro-y-guanajuato-fiscalia\/#breadcrumb","itemListElement":[{"@type":"ListItem","position":1,"name":"Portada","item":"https:\/\/canal7slp.tv\/2023\/"},{"@type":"ListItem","position":2,"name":"Directivo de Valeo habr\u00eda transitado por Quer\u00e9taro y Guanajuato: Fiscal\u00eda"}]},{"@type":"WebSite","@id":"https:\/\/canal7slp.tv\/2023\/#website","url":"https:\/\/canal7slp.tv\/2023\/","name":"N7 - Noticieros Canal 7","description":"Somos Televisi\u00f3n","publisher":{"@id":"https:\/\/canal7slp.tv\/2023\/#organization"},"potentialAction":[{"@type":"SearchAction","target":{"@type":"EntryPoint","urlTemplate":"https:\/\/canal7slp.tv\/2023\/?s={search_term_string}"},"query-input":{"@type":"PropertyValueSpecification","valueRequired":true,"valueName":"search_term_string"}}],"inLanguage":"es"},{"@type":"Organization","@id":"https:\/\/canal7slp.tv\/2023\/#organization","name":"Noticieros Canal 7","url":"https:\/\/canal7slp.tv\/2023\/","logo":{"@type":"ImageObject","inLanguage":"es","@id":"https:\/\/canal7slp.tv\/2023\/#\/schema\/logo\/image\/","url":"https:\/\/canal7slp.tv\/2023\/wp-content\/uploads\/2021\/01\/logo-noticieros@2x.png","contentUrl":"https:\/\/canal7slp.tv\/2023\/wp-content\/uploads\/2021\/01\/logo-noticieros@2x.png","width":1017,"height":268,"caption":"Noticieros Canal 7"},"image":{"@id":"https:\/\/canal7slp.tv\/2023\/#\/schema\/logo\/image\/"},"sameAs":["https:\/\/www.facebook.com\/noticieroscanalsiete","https:\/\/x.com\/NOTICIEROS7","https:\/\/www.instagram.com\/canal7_slp","https:\/\/www.youtube.com\/channel\/UCliiYs-gP3JfJeqdPrNdd5A"]},{"@type":"Person","@id":"https:\/\/canal7slp.tv\/2023\/#\/schema\/person\/639c424e3584069003b11ae813915da6","name":"Edici\u00f3n Web","image":{"@type":"ImageObject","inLanguage":"es","@id":"https:\/\/secure.gravatar.com\/avatar\/eee448fc3f7164808013b816ba91ac7e43bbe82a70bebac296f8bc6f0addaa1a?s=96&d=mm&r=g","url":"https:\/\/secure.gravatar.com\/avatar\/eee448fc3f7164808013b816ba91ac7e43bbe82a70bebac296f8bc6f0addaa1a?s=96&d=mm&r=g","contentUrl":"https:\/\/secure.gravatar.com\/avatar\/eee448fc3f7164808013b816ba91ac7e43bbe82a70bebac296f8bc6f0addaa1a?s=96&d=mm&r=g","caption":"Edici\u00f3n Web"},"url":"https:\/\/canal7slp.tv\/2023\/author\/edicionweb\/"}]}},"_links":{"self":[{"href":"https:\/\/canal7slp.tv\/2023\/wp-json\/wp\/v2\/posts\/107213","targetHints":{"allow":["GET"]}}],"collection":[{"href":"https:\/\/canal7slp.tv\/2023\/wp-json\/wp\/v2\/posts"}],"about":[{"href":"https:\/\/canal7slp.tv\/2023\/wp-json\/wp\/v2\/types\/post"}],"author":[{"embeddable":true,"href":"https:\/\/canal7slp.tv\/2023\/wp-json\/wp\/v2\/users\/2"}],"replies":[{"embeddable":true,"href":"https:\/\/canal7slp.tv\/2023\/wp-json\/wp\/v2\/comments?post=107213"}],"version-history":[{"count":1,"href":"https:\/\/canal7slp.tv\/2023\/wp-json\/wp\/v2\/posts\/107213\/revisions"}],"predecessor-version":[{"id":107236,"href":"https:\/\/canal7slp.tv\/2023\/wp-json\/wp\/v2\/posts\/107213\/revisions\/107236"}],"wp:featuredmedia":[{"embeddable":true,"href":"https:\/\/canal7slp.tv\/2023\/wp-json\/wp\/v2\/media\/107230"}],"wp:attachment":[{"href":"https:\/\/canal7slp.tv\/2023\/wp-json\/wp\/v2\/media?parent=107213"}],"wp:term":[{"taxonomy":"category","embeddable":true,"href":"https:\/\/canal7slp.tv\/2023\/wp-json\/wp\/v2\/categories?post=107213"},{"taxonomy":"post_tag","embeddable":true,"href":"https:\/\/canal7slp.tv\/2023\/wp-json\/wp\/v2\/tags?post=107213"}],"curies":[{"name":"wp","href":"https:\/\/api.w.org\/{rel}","templated":true}]}}