{"id":107209,"date":"2023-09-12T20:17:51","date_gmt":"2023-09-13T02:17:51","guid":{"rendered":"https:\/\/canal7slp.tv\/2023\/?p=107209"},"modified":"2023-09-12T20:17:51","modified_gmt":"2023-09-13T02:17:51","slug":"proyecta-secretaria-de-salud-incremento-mayor-de-casos-de-covid-19-influenza-y-virus-sincicial-respiratorio-al-cierre-de-ano","status":"publish","type":"post","link":"https:\/\/canal7slp.tv\/2023\/proyecta-secretaria-de-salud-incremento-mayor-de-casos-de-covid-19-influenza-y-virus-sincicial-respiratorio-al-cierre-de-ano\/","title":{"rendered":"Proyecta Secretar\u00eda de Salud incremento mayor de casos de COVID-19, influenza y virus sincicial respiratorio al cierre de a\u00f1o"},"content":{"rendered":"<div style=\"text-align: justify;\">SLP.- El secretario de salud del Gobierno del Estado de San Luis Potos\u00ed, Daniel Acosta D\u00edaz De Le\u00f3n, defendi\u00f3 la decisi\u00f3n de la Universidad Aut\u00f3noma de San Luis Potos\u00ed en cuanto a retomar el uso obligatorio de cubrebocas al interior de sus inmediaciones.<\/div>\n<div style=\"text-align: justify;\"><\/div>\n<div style=\"text-align: justify;\">Cabe recordar que dicha determinaci\u00f3n se da con motivo de un brote de covid-19 en la Facultad de Medicina, donde al menos 10 personas dieron positivo a la enfermedad.<\/div>\n<div style=\"text-align: justify;\"><\/div>\n<div style=\"text-align: justify;\">\u00abDentro de las recomendaciones que hemos hecho desde que se quit\u00f3 la obligatoriedad del cubrebocas estaba la autonom\u00eda que tienen las instituciones para decidir en un momento dado el uso obligatorio o no de cubrebocas, por ejemplo nosotros tenemos obligatorio en los hospitales el cubrebocas, entonces, lo \u00fanico que est\u00e1 haciendo en la universidad es tomar decisiones en base a su poblaci\u00f3n\u00bb, respondi\u00f3.<\/div>\n<div style=\"text-align: justify;\"><\/div>\n<div style=\"text-align: justify;\">Record\u00f3 que actualmente existe una nueva variante del virus que ha modificado el n\u00famero de casos nuevos que se presentan diariamente en todo el mundo, por lo que destac\u00f3 lo estipulado por la entidad acad\u00e9mica para cuidar a sus alumnos y trabajadores.<\/div>\n<div style=\"text-align: justify;\"><\/div>\n<div style=\"text-align: justify;\">\u00abAplaudimos que la instituci\u00f3n tome sus propias decisiones porque quiere decir que est\u00e1n conscientes del riesgo que existe y esto nos hace recordarle al resto de la poblaci\u00f3n que el covid est\u00e1 entre nosotros; hemos llegado a cerca de 80 casos por d\u00eda, y si bien no es algo desproporcionado a lo que vivimos hace dos a\u00f1os, sigue estando presente y lo que es peor, esperamos que para fin de a\u00f1o haya todav\u00eda un incremento mayor de casos de covid, influenza y virus sincicial respiratorio\u00bb, advirti\u00f3.<\/div>\n<div style=\"text-align: justify;\"><\/div>\n<div style=\"text-align: justify;\">Acosta D\u00edaz de Le\u00f3n insisti\u00f3 en que no existe problema alguno con la universidad relacionada con esta medida sanitaria.<\/div>\n<div style=\"text-align: justify;\"><\/div>\n<div style=\"text-align: justify;\">\u00abNo hay ning\u00fan conflicto, yo habl\u00e9 con el rector el d\u00eda que tom\u00f3 la decisi\u00f3n, le dijimos adelante, no hay ning\u00fan problema, hablamos con el secretario de educaci\u00f3n, \u00e9l est\u00e1 enterado, ellos tomaron sus propias determinaciones y hemos estado dando seguimiento muy puntual a esto\u00bb, agreg\u00f3.<\/div>\n<div style=\"text-align: justify;\"><\/div>\n<div style=\"text-align: justify;\">Continu\u00f3: \u00abYo no menosprecio la decisi\u00f3n de la Aut\u00f3noma, si adentro de las instalaciones de la universidad es necesario para el n\u00famero de casos, bienvenido, y nosotros seguiremos vigilando desde el punto de vista de epidemiolog\u00eda el comportamiento de la enfermedad y obviamente dependemos de los lineamientos que vaya poniendo la federaci\u00f3n\u00bb.<\/div>\n<div style=\"text-align: justify;\"><\/div>\n<div style=\"text-align: justify;\">Por otro lado, el funcionario indic\u00f3 que San Luis Potos\u00ed podr\u00eda regresar al uso obligatorio de cubrebocas solamente con cuatro supuestos.<\/div>\n<div style=\"text-align: justify;\"><\/div>\n<div style=\"text-align: justify;\">\u00abEn qu\u00e9 momento se pudiera tomar la determinaci\u00f3n de hacerlo obligatorio: el n\u00famero de casos que incremente de forma exponencial, el n\u00famero de hospitalizaciones, el n\u00famero de pacientes que requieren ventilaci\u00f3n mec\u00e1nica y las defunciones, hasta ahorita ninguno de los casos se ha dado de forma extrema\u00bb, termin\u00f3.<\/div>\n<div><\/div>\n<div>Por: Jos\u00e9 Luis V\u00e1zquez<\/div>\n","protected":false},"excerpt":{"rendered":"<p>SLP.- El secretario de salud del Gobierno del Estado de San Luis Potos\u00ed, Daniel Acosta D\u00edaz De Le\u00f3n, defendi\u00f3 la decisi\u00f3n de la Universidad Aut\u00f3noma de San Luis Potos\u00ed en cuanto a retomar el uso obligatorio de cubrebocas al interior de sus inmediaciones. Cabe recordar que dicha determinaci\u00f3n se da con motivo de un brote de covid-19 en la Facultad de Medicina, donde al menos 10 personas dieron positivo a la enfermedad. \u00abDentro de las recomendaciones que hemos hecho desde que se quit\u00f3 la obligatoriedad del cubrebocas estaba la autonom\u00eda que tienen las instituciones para decidir en un momento dado [&hellip;]<\/p>\n","protected":false},"author":2,"featured_media":107231,"comment_status":"closed","ping_status":"closed","sticky":false,"template":"","format":"video","meta":{"footnotes":""},"categories":[5,45],"tags":[],"class_list":["post-107209","post","type-post","status-publish","format-video","has-post-thumbnail","hentry","category-destacadas","category-localesyregionales","post_format-post-format-video","post--single"],"yoast_head":"<!-- This site is optimized with the Yoast SEO plugin v27.5 - https:\/\/yoast.com\/product\/yoast-seo-wordpress\/ -->\n<title>Proyecta Secretar\u00eda de Salud incremento mayor de casos de COVID-19, influenza y virus sincicial respiratorio al cierre de a\u00f1o - Canal 7 SLP - 2023<\/title>\n<meta name=\"robots\" content=\"index, follow, max-snippet:-1, max-image-preview:large, max-video-preview:-1\" \/>\n<link rel=\"canonical\" href=\"https:\/\/canal7slp.tv\/2023\/proyecta-secretaria-de-salud-incremento-mayor-de-casos-de-covid-19-influenza-y-virus-sincicial-respiratorio-al-cierre-de-ano\/\" \/>\n<meta property=\"og:locale\" content=\"es_ES\" \/>\n<meta property=\"og:type\" content=\"article\" \/>\n<meta property=\"og:title\" content=\"Proyecta Secretar\u00eda de Salud incremento mayor de casos de COVID-19, influenza y virus sincicial respiratorio al cierre de a\u00f1o - Canal 7 SLP - 2023\" \/>\n<meta property=\"og:description\" content=\"SLP.- El secretario de salud del Gobierno del Estado de San Luis Potos\u00ed, Daniel Acosta D\u00edaz De Le\u00f3n, defendi\u00f3 la decisi\u00f3n de la Universidad Aut\u00f3noma de San Luis Potos\u00ed en cuanto a retomar el uso obligatorio de cubrebocas al interior de sus inmediaciones. Cabe recordar que dicha determinaci\u00f3n se da con motivo de un brote de covid-19 en la Facultad de Medicina, donde al menos 10 personas dieron positivo a la enfermedad. \u00abDentro de las recomendaciones que hemos hecho desde que se quit\u00f3 la obligatoriedad del cubrebocas estaba la autonom\u00eda que tienen las instituciones para decidir en un momento dado [&hellip;]\" \/>\n<meta property=\"og:url\" content=\"https:\/\/canal7slp.tv\/2023\/proyecta-secretaria-de-salud-incremento-mayor-de-casos-de-covid-19-influenza-y-virus-sincicial-respiratorio-al-cierre-de-ano\/\" \/>\n<meta property=\"og:site_name\" content=\"Canal 7 SLP - 2023\" \/>\n<meta property=\"article:publisher\" content=\"https:\/\/www.facebook.com\/noticieroscanalsiete\" \/>\n<meta property=\"article:published_time\" content=\"2023-09-13T02:17:51+00:00\" \/>\n<meta property=\"og:image\" content=\"https:\/\/canal7slp.tv\/2023\/wp-content\/uploads\/2023\/09\/CubrebocasCovid.jpg\" \/>\n\t<meta property=\"og:image:width\" content=\"1280\" \/>\n\t<meta property=\"og:image:height\" content=\"720\" \/>\n\t<meta property=\"og:image:type\" content=\"image\/jpeg\" \/>\n<meta name=\"author\" content=\"Edici\u00f3n Web\" \/>\n<meta name=\"twitter:card\" content=\"summary_large_image\" \/>\n<meta name=\"twitter:creator\" content=\"@NOTICIEROS7\" \/>\n<meta name=\"twitter:site\" content=\"@NOTICIEROS7\" \/>\n<meta name=\"twitter:label1\" content=\"Escrito por\" \/>\n\t<meta name=\"twitter:data1\" content=\"Edici\u00f3n Web\" \/>\n\t<meta name=\"twitter:label2\" content=\"Tiempo de lectura\" \/>\n\t<meta name=\"twitter:data2\" content=\"3 minutos\" \/>\n<script type=\"application\/ld+json\" class=\"yoast-schema-graph\">{\"@context\":\"https:\\\/\\\/schema.org\",\"@graph\":[{\"@type\":\"Article\",\"@id\":\"https:\\\/\\\/canal7slp.tv\\\/2023\\\/proyecta-secretaria-de-salud-incremento-mayor-de-casos-de-covid-19-influenza-y-virus-sincicial-respiratorio-al-cierre-de-ano\\\/#article\",\"isPartOf\":{\"@id\":\"https:\\\/\\\/canal7slp.tv\\\/2023\\\/proyecta-secretaria-de-salud-incremento-mayor-de-casos-de-covid-19-influenza-y-virus-sincicial-respiratorio-al-cierre-de-ano\\\/\"},\"author\":{\"name\":\"Edici\u00f3n Web\",\"@id\":\"https:\\\/\\\/canal7slp.tv\\\/2023\\\/#\\\/schema\\\/person\\\/639c424e3584069003b11ae813915da6\"},\"headline\":\"Proyecta Secretar\u00eda de Salud incremento mayor de casos de COVID-19, influenza y virus sincicial respiratorio al cierre de a\u00f1o\",\"datePublished\":\"2023-09-13T02:17:51+00:00\",\"mainEntityOfPage\":{\"@id\":\"https:\\\/\\\/canal7slp.tv\\\/2023\\\/proyecta-secretaria-de-salud-incremento-mayor-de-casos-de-covid-19-influenza-y-virus-sincicial-respiratorio-al-cierre-de-ano\\\/\"},\"wordCount\":509,\"publisher\":{\"@id\":\"https:\\\/\\\/canal7slp.tv\\\/2023\\\/#organization\"},\"image\":{\"@id\":\"https:\\\/\\\/canal7slp.tv\\\/2023\\\/proyecta-secretaria-de-salud-incremento-mayor-de-casos-de-covid-19-influenza-y-virus-sincicial-respiratorio-al-cierre-de-ano\\\/#primaryimage\"},\"thumbnailUrl\":\"https:\\\/\\\/canal7slp.tv\\\/2023\\\/wp-content\\\/uploads\\\/2023\\\/09\\\/CubrebocasCovid.jpg\",\"articleSection\":[\"DESTACADAS\",\"LOCALES Y REGIONALES\"],\"inLanguage\":\"es\"},{\"@type\":\"WebPage\",\"@id\":\"https:\\\/\\\/canal7slp.tv\\\/2023\\\/proyecta-secretaria-de-salud-incremento-mayor-de-casos-de-covid-19-influenza-y-virus-sincicial-respiratorio-al-cierre-de-ano\\\/\",\"url\":\"https:\\\/\\\/canal7slp.tv\\\/2023\\\/proyecta-secretaria-de-salud-incremento-mayor-de-casos-de-covid-19-influenza-y-virus-sincicial-respiratorio-al-cierre-de-ano\\\/\",\"name\":\"Proyecta Secretar\u00eda de Salud incremento mayor de casos de COVID-19, influenza y virus sincicial respiratorio al cierre de a\u00f1o - Canal 7 SLP - 2023\",\"isPartOf\":{\"@id\":\"https:\\\/\\\/canal7slp.tv\\\/2023\\\/#website\"},\"primaryImageOfPage\":{\"@id\":\"https:\\\/\\\/canal7slp.tv\\\/2023\\\/proyecta-secretaria-de-salud-incremento-mayor-de-casos-de-covid-19-influenza-y-virus-sincicial-respiratorio-al-cierre-de-ano\\\/#primaryimage\"},\"image\":{\"@id\":\"https:\\\/\\\/canal7slp.tv\\\/2023\\\/proyecta-secretaria-de-salud-incremento-mayor-de-casos-de-covid-19-influenza-y-virus-sincicial-respiratorio-al-cierre-de-ano\\\/#primaryimage\"},\"thumbnailUrl\":\"https:\\\/\\\/canal7slp.tv\\\/2023\\\/wp-content\\\/uploads\\\/2023\\\/09\\\/CubrebocasCovid.jpg\",\"datePublished\":\"2023-09-13T02:17:51+00:00\",\"breadcrumb\":{\"@id\":\"https:\\\/\\\/canal7slp.tv\\\/2023\\\/proyecta-secretaria-de-salud-incremento-mayor-de-casos-de-covid-19-influenza-y-virus-sincicial-respiratorio-al-cierre-de-ano\\\/#breadcrumb\"},\"inLanguage\":\"es\",\"potentialAction\":[{\"@type\":\"ReadAction\",\"target\":[\"https:\\\/\\\/canal7slp.tv\\\/2023\\\/proyecta-secretaria-de-salud-incremento-mayor-de-casos-de-covid-19-influenza-y-virus-sincicial-respiratorio-al-cierre-de-ano\\\/\"]}]},{\"@type\":\"ImageObject\",\"inLanguage\":\"es\",\"@id\":\"https:\\\/\\\/canal7slp.tv\\\/2023\\\/proyecta-secretaria-de-salud-incremento-mayor-de-casos-de-covid-19-influenza-y-virus-sincicial-respiratorio-al-cierre-de-ano\\\/#primaryimage\",\"url\":\"https:\\\/\\\/canal7slp.tv\\\/2023\\\/wp-content\\\/uploads\\\/2023\\\/09\\\/CubrebocasCovid.jpg\",\"contentUrl\":\"https:\\\/\\\/canal7slp.tv\\\/2023\\\/wp-content\\\/uploads\\\/2023\\\/09\\\/CubrebocasCovid.jpg\",\"width\":1280,\"height\":720},{\"@type\":\"BreadcrumbList\",\"@id\":\"https:\\\/\\\/canal7slp.tv\\\/2023\\\/proyecta-secretaria-de-salud-incremento-mayor-de-casos-de-covid-19-influenza-y-virus-sincicial-respiratorio-al-cierre-de-ano\\\/#breadcrumb\",\"itemListElement\":[{\"@type\":\"ListItem\",\"position\":1,\"name\":\"Portada\",\"item\":\"https:\\\/\\\/canal7slp.tv\\\/2023\\\/\"},{\"@type\":\"ListItem\",\"position\":2,\"name\":\"Proyecta Secretar\u00eda de Salud incremento mayor de casos de COVID-19, influenza y virus sincicial respiratorio al cierre de a\u00f1o\"}]},{\"@type\":\"WebSite\",\"@id\":\"https:\\\/\\\/canal7slp.tv\\\/2023\\\/#website\",\"url\":\"https:\\\/\\\/canal7slp.tv\\\/2023\\\/\",\"name\":\"N7 - Noticieros Canal 7\",\"description\":\"Somos Televisi\u00f3n\",\"publisher\":{\"@id\":\"https:\\\/\\\/canal7slp.tv\\\/2023\\\/#organization\"},\"potentialAction\":[{\"@type\":\"SearchAction\",\"target\":{\"@type\":\"EntryPoint\",\"urlTemplate\":\"https:\\\/\\\/canal7slp.tv\\\/2023\\\/?s={search_term_string}\"},\"query-input\":{\"@type\":\"PropertyValueSpecification\",\"valueRequired\":true,\"valueName\":\"search_term_string\"}}],\"inLanguage\":\"es\"},{\"@type\":\"Organization\",\"@id\":\"https:\\\/\\\/canal7slp.tv\\\/2023\\\/#organization\",\"name\":\"Noticieros Canal 7\",\"url\":\"https:\\\/\\\/canal7slp.tv\\\/2023\\\/\",\"logo\":{\"@type\":\"ImageObject\",\"inLanguage\":\"es\",\"@id\":\"https:\\\/\\\/canal7slp.tv\\\/2023\\\/#\\\/schema\\\/logo\\\/image\\\/\",\"url\":\"https:\\\/\\\/canal7slp.tv\\\/2023\\\/wp-content\\\/uploads\\\/2021\\\/01\\\/logo-noticieros@2x.png\",\"contentUrl\":\"https:\\\/\\\/canal7slp.tv\\\/2023\\\/wp-content\\\/uploads\\\/2021\\\/01\\\/logo-noticieros@2x.png\",\"width\":1017,\"height\":268,\"caption\":\"Noticieros Canal 7\"},\"image\":{\"@id\":\"https:\\\/\\\/canal7slp.tv\\\/2023\\\/#\\\/schema\\\/logo\\\/image\\\/\"},\"sameAs\":[\"https:\\\/\\\/www.facebook.com\\\/noticieroscanalsiete\",\"https:\\\/\\\/x.com\\\/NOTICIEROS7\",\"https:\\\/\\\/www.instagram.com\\\/canal7_slp\",\"https:\\\/\\\/www.youtube.com\\\/channel\\\/UCliiYs-gP3JfJeqdPrNdd5A\"]},{\"@type\":\"Person\",\"@id\":\"https:\\\/\\\/canal7slp.tv\\\/2023\\\/#\\\/schema\\\/person\\\/639c424e3584069003b11ae813915da6\",\"name\":\"Edici\u00f3n Web\",\"image\":{\"@type\":\"ImageObject\",\"inLanguage\":\"es\",\"@id\":\"https:\\\/\\\/secure.gravatar.com\\\/avatar\\\/eee448fc3f7164808013b816ba91ac7e43bbe82a70bebac296f8bc6f0addaa1a?s=96&d=mm&r=g\",\"url\":\"https:\\\/\\\/secure.gravatar.com\\\/avatar\\\/eee448fc3f7164808013b816ba91ac7e43bbe82a70bebac296f8bc6f0addaa1a?s=96&d=mm&r=g\",\"contentUrl\":\"https:\\\/\\\/secure.gravatar.com\\\/avatar\\\/eee448fc3f7164808013b816ba91ac7e43bbe82a70bebac296f8bc6f0addaa1a?s=96&d=mm&r=g\",\"caption\":\"Edici\u00f3n Web\"},\"url\":\"https:\\\/\\\/canal7slp.tv\\\/2023\\\/author\\\/edicionweb\\\/\"}]}<\/script>\n<!-- \/ Yoast SEO plugin. -->","yoast_head_json":{"title":"Proyecta Secretar\u00eda de Salud incremento mayor de casos de COVID-19, influenza y virus sincicial respiratorio al cierre de a\u00f1o - Canal 7 SLP - 2023","robots":{"index":"index","follow":"follow","max-snippet":"max-snippet:-1","max-image-preview":"max-image-preview:large","max-video-preview":"max-video-preview:-1"},"canonical":"https:\/\/canal7slp.tv\/2023\/proyecta-secretaria-de-salud-incremento-mayor-de-casos-de-covid-19-influenza-y-virus-sincicial-respiratorio-al-cierre-de-ano\/","og_locale":"es_ES","og_type":"article","og_title":"Proyecta Secretar\u00eda de Salud incremento mayor de casos de COVID-19, influenza y virus sincicial respiratorio al cierre de a\u00f1o - Canal 7 SLP - 2023","og_description":"SLP.- El secretario de salud del Gobierno del Estado de San Luis Potos\u00ed, Daniel Acosta D\u00edaz De Le\u00f3n, defendi\u00f3 la decisi\u00f3n de la Universidad Aut\u00f3noma de San Luis Potos\u00ed en cuanto a retomar el uso obligatorio de cubrebocas al interior de sus inmediaciones. Cabe recordar que dicha determinaci\u00f3n se da con motivo de un brote de covid-19 en la Facultad de Medicina, donde al menos 10 personas dieron positivo a la enfermedad. \u00abDentro de las recomendaciones que hemos hecho desde que se quit\u00f3 la obligatoriedad del cubrebocas estaba la autonom\u00eda que tienen las instituciones para decidir en un momento dado [&hellip;]","og_url":"https:\/\/canal7slp.tv\/2023\/proyecta-secretaria-de-salud-incremento-mayor-de-casos-de-covid-19-influenza-y-virus-sincicial-respiratorio-al-cierre-de-ano\/","og_site_name":"Canal 7 SLP - 2023","article_publisher":"https:\/\/www.facebook.com\/noticieroscanalsiete","article_published_time":"2023-09-13T02:17:51+00:00","og_image":[{"width":1280,"height":720,"url":"https:\/\/canal7slp.tv\/2023\/wp-content\/uploads\/2023\/09\/CubrebocasCovid.jpg","type":"image\/jpeg"}],"author":"Edici\u00f3n Web","twitter_card":"summary_large_image","twitter_creator":"@NOTICIEROS7","twitter_site":"@NOTICIEROS7","twitter_misc":{"Escrito por":"Edici\u00f3n Web","Tiempo de lectura":"3 minutos"},"schema":{"@context":"https:\/\/schema.org","@graph":[{"@type":"Article","@id":"https:\/\/canal7slp.tv\/2023\/proyecta-secretaria-de-salud-incremento-mayor-de-casos-de-covid-19-influenza-y-virus-sincicial-respiratorio-al-cierre-de-ano\/#article","isPartOf":{"@id":"https:\/\/canal7slp.tv\/2023\/proyecta-secretaria-de-salud-incremento-mayor-de-casos-de-covid-19-influenza-y-virus-sincicial-respiratorio-al-cierre-de-ano\/"},"author":{"name":"Edici\u00f3n Web","@id":"https:\/\/canal7slp.tv\/2023\/#\/schema\/person\/639c424e3584069003b11ae813915da6"},"headline":"Proyecta Secretar\u00eda de Salud incremento mayor de casos de COVID-19, influenza y virus sincicial respiratorio al cierre de a\u00f1o","datePublished":"2023-09-13T02:17:51+00:00","mainEntityOfPage":{"@id":"https:\/\/canal7slp.tv\/2023\/proyecta-secretaria-de-salud-incremento-mayor-de-casos-de-covid-19-influenza-y-virus-sincicial-respiratorio-al-cierre-de-ano\/"},"wordCount":509,"publisher":{"@id":"https:\/\/canal7slp.tv\/2023\/#organization"},"image":{"@id":"https:\/\/canal7slp.tv\/2023\/proyecta-secretaria-de-salud-incremento-mayor-de-casos-de-covid-19-influenza-y-virus-sincicial-respiratorio-al-cierre-de-ano\/#primaryimage"},"thumbnailUrl":"https:\/\/canal7slp.tv\/2023\/wp-content\/uploads\/2023\/09\/CubrebocasCovid.jpg","articleSection":["DESTACADAS","LOCALES Y REGIONALES"],"inLanguage":"es"},{"@type":"WebPage","@id":"https:\/\/canal7slp.tv\/2023\/proyecta-secretaria-de-salud-incremento-mayor-de-casos-de-covid-19-influenza-y-virus-sincicial-respiratorio-al-cierre-de-ano\/","url":"https:\/\/canal7slp.tv\/2023\/proyecta-secretaria-de-salud-incremento-mayor-de-casos-de-covid-19-influenza-y-virus-sincicial-respiratorio-al-cierre-de-ano\/","name":"Proyecta Secretar\u00eda de Salud incremento mayor de casos de COVID-19, influenza y virus sincicial respiratorio al cierre de a\u00f1o - Canal 7 SLP - 2023","isPartOf":{"@id":"https:\/\/canal7slp.tv\/2023\/#website"},"primaryImageOfPage":{"@id":"https:\/\/canal7slp.tv\/2023\/proyecta-secretaria-de-salud-incremento-mayor-de-casos-de-covid-19-influenza-y-virus-sincicial-respiratorio-al-cierre-de-ano\/#primaryimage"},"image":{"@id":"https:\/\/canal7slp.tv\/2023\/proyecta-secretaria-de-salud-incremento-mayor-de-casos-de-covid-19-influenza-y-virus-sincicial-respiratorio-al-cierre-de-ano\/#primaryimage"},"thumbnailUrl":"https:\/\/canal7slp.tv\/2023\/wp-content\/uploads\/2023\/09\/CubrebocasCovid.jpg","datePublished":"2023-09-13T02:17:51+00:00","breadcrumb":{"@id":"https:\/\/canal7slp.tv\/2023\/proyecta-secretaria-de-salud-incremento-mayor-de-casos-de-covid-19-influenza-y-virus-sincicial-respiratorio-al-cierre-de-ano\/#breadcrumb"},"inLanguage":"es","potentialAction":[{"@type":"ReadAction","target":["https:\/\/canal7slp.tv\/2023\/proyecta-secretaria-de-salud-incremento-mayor-de-casos-de-covid-19-influenza-y-virus-sincicial-respiratorio-al-cierre-de-ano\/"]}]},{"@type":"ImageObject","inLanguage":"es","@id":"https:\/\/canal7slp.tv\/2023\/proyecta-secretaria-de-salud-incremento-mayor-de-casos-de-covid-19-influenza-y-virus-sincicial-respiratorio-al-cierre-de-ano\/#primaryimage","url":"https:\/\/canal7slp.tv\/2023\/wp-content\/uploads\/2023\/09\/CubrebocasCovid.jpg","contentUrl":"https:\/\/canal7slp.tv\/2023\/wp-content\/uploads\/2023\/09\/CubrebocasCovid.jpg","width":1280,"height":720},{"@type":"BreadcrumbList","@id":"https:\/\/canal7slp.tv\/2023\/proyecta-secretaria-de-salud-incremento-mayor-de-casos-de-covid-19-influenza-y-virus-sincicial-respiratorio-al-cierre-de-ano\/#breadcrumb","itemListElement":[{"@type":"ListItem","position":1,"name":"Portada","item":"https:\/\/canal7slp.tv\/2023\/"},{"@type":"ListItem","position":2,"name":"Proyecta Secretar\u00eda de Salud incremento mayor de casos de COVID-19, influenza y virus sincicial respiratorio al cierre de a\u00f1o"}]},{"@type":"WebSite","@id":"https:\/\/canal7slp.tv\/2023\/#website","url":"https:\/\/canal7slp.tv\/2023\/","name":"N7 - Noticieros Canal 7","description":"Somos Televisi\u00f3n","publisher":{"@id":"https:\/\/canal7slp.tv\/2023\/#organization"},"potentialAction":[{"@type":"SearchAction","target":{"@type":"EntryPoint","urlTemplate":"https:\/\/canal7slp.tv\/2023\/?s={search_term_string}"},"query-input":{"@type":"PropertyValueSpecification","valueRequired":true,"valueName":"search_term_string"}}],"inLanguage":"es"},{"@type":"Organization","@id":"https:\/\/canal7slp.tv\/2023\/#organization","name":"Noticieros Canal 7","url":"https:\/\/canal7slp.tv\/2023\/","logo":{"@type":"ImageObject","inLanguage":"es","@id":"https:\/\/canal7slp.tv\/2023\/#\/schema\/logo\/image\/","url":"https:\/\/canal7slp.tv\/2023\/wp-content\/uploads\/2021\/01\/logo-noticieros@2x.png","contentUrl":"https:\/\/canal7slp.tv\/2023\/wp-content\/uploads\/2021\/01\/logo-noticieros@2x.png","width":1017,"height":268,"caption":"Noticieros Canal 7"},"image":{"@id":"https:\/\/canal7slp.tv\/2023\/#\/schema\/logo\/image\/"},"sameAs":["https:\/\/www.facebook.com\/noticieroscanalsiete","https:\/\/x.com\/NOTICIEROS7","https:\/\/www.instagram.com\/canal7_slp","https:\/\/www.youtube.com\/channel\/UCliiYs-gP3JfJeqdPrNdd5A"]},{"@type":"Person","@id":"https:\/\/canal7slp.tv\/2023\/#\/schema\/person\/639c424e3584069003b11ae813915da6","name":"Edici\u00f3n Web","image":{"@type":"ImageObject","inLanguage":"es","@id":"https:\/\/secure.gravatar.com\/avatar\/eee448fc3f7164808013b816ba91ac7e43bbe82a70bebac296f8bc6f0addaa1a?s=96&d=mm&r=g","url":"https:\/\/secure.gravatar.com\/avatar\/eee448fc3f7164808013b816ba91ac7e43bbe82a70bebac296f8bc6f0addaa1a?s=96&d=mm&r=g","contentUrl":"https:\/\/secure.gravatar.com\/avatar\/eee448fc3f7164808013b816ba91ac7e43bbe82a70bebac296f8bc6f0addaa1a?s=96&d=mm&r=g","caption":"Edici\u00f3n Web"},"url":"https:\/\/canal7slp.tv\/2023\/author\/edicionweb\/"}]}},"_links":{"self":[{"href":"https:\/\/canal7slp.tv\/2023\/wp-json\/wp\/v2\/posts\/107209","targetHints":{"allow":["GET"]}}],"collection":[{"href":"https:\/\/canal7slp.tv\/2023\/wp-json\/wp\/v2\/posts"}],"about":[{"href":"https:\/\/canal7slp.tv\/2023\/wp-json\/wp\/v2\/types\/post"}],"author":[{"embeddable":true,"href":"https:\/\/canal7slp.tv\/2023\/wp-json\/wp\/v2\/users\/2"}],"replies":[{"embeddable":true,"href":"https:\/\/canal7slp.tv\/2023\/wp-json\/wp\/v2\/comments?post=107209"}],"version-history":[{"count":1,"href":"https:\/\/canal7slp.tv\/2023\/wp-json\/wp\/v2\/posts\/107209\/revisions"}],"predecessor-version":[{"id":107237,"href":"https:\/\/canal7slp.tv\/2023\/wp-json\/wp\/v2\/posts\/107209\/revisions\/107237"}],"wp:featuredmedia":[{"embeddable":true,"href":"https:\/\/canal7slp.tv\/2023\/wp-json\/wp\/v2\/media\/107231"}],"wp:attachment":[{"href":"https:\/\/canal7slp.tv\/2023\/wp-json\/wp\/v2\/media?parent=107209"}],"wp:term":[{"taxonomy":"category","embeddable":true,"href":"https:\/\/canal7slp.tv\/2023\/wp-json\/wp\/v2\/categories?post=107209"},{"taxonomy":"post_tag","embeddable":true,"href":"https:\/\/canal7slp.tv\/2023\/wp-json\/wp\/v2\/tags?post=107209"}],"curies":[{"name":"wp","href":"https:\/\/api.w.org\/{rel}","templated":true}]}}