{"id":107205,"date":"2023-09-12T21:40:31","date_gmt":"2023-09-13T03:40:31","guid":{"rendered":"https:\/\/canal7slp.tv\/2023\/?p=107205"},"modified":"2023-09-12T21:40:31","modified_gmt":"2023-09-13T03:40:31","slug":"nueve-personas-murieron-y-25-resultaron-lesionadas-saldo-de-fiscalia-por-accidente-en-escalerillas","status":"publish","type":"post","link":"https:\/\/canal7slp.tv\/2023\/nueve-personas-murieron-y-25-resultaron-lesionadas-saldo-de-fiscalia-por-accidente-en-escalerillas\/","title":{"rendered":"Nueve personas murieron y 25 resultaron lesionadas; saldo de Fiscal\u00eda por accidente en Escalerillas"},"content":{"rendered":"<div style=\"text-align: justify;\">Escalerillas.- Respecto el accidente ocurrido en la carretera federal 80 San Luis-Lagos de Moreno, la Fiscal\u00eda General del Estado (FGESLP) inform\u00f3 que el n\u00famero de personas fallecidas es de nueve y se registraron 25 heridos.<\/div>\n<div style=\"text-align: justify;\"><\/div>\n<div style=\"text-align: justify;\">De las v\u00edctimas mortales, ocho fallecieron en el sitio de los hechos y una m\u00e1s en un hospital. En cuanto a los primeros ocho, se trat\u00f3 de una menor, seis mujeres adultas y un hombre.<\/div>\n<div style=\"text-align: justify;\"><\/div>\n<div style=\"text-align: justify;\">El percance fue reportado al 911, se\u00f1alando que en la carretera federal 80, km 29+500, de la comunidad Escalerillas, un autob\u00fas de pasajeros de la l\u00ednea Frontera rod\u00f3 varios metros fuera de la cinta asf\u00e1ltica hacia un barranco.<\/div>\n<div style=\"text-align: justify;\"><\/div>\n<div style=\"text-align: justify;\">Al sitio acudi\u00f3 personal de rescate de diferentes corporaciones y servicios m\u00e9dicos.<\/div>\n<div style=\"text-align: justify;\"><\/div>\n<div style=\"text-align: justify;\">El autob\u00fas sali\u00f3 de la Terminal Terrestre Potosina con destino a Aguascalientes.<\/div>\n<div style=\"text-align: justify;\"><\/div>\n<div style=\"text-align: justify;\">La mayor\u00eda de sus viajeros proced\u00edan de San Luis Potos\u00ed.<\/div>\n<div style=\"text-align: justify;\"><\/div>\n<div style=\"text-align: justify;\">Para el levantamiento de los cuerpos se llevaron a cabo maniobras y el traslado al Servicio M\u00e9dico Legal (SEMELE), a fin de realizar las necropsias.<\/div>\n<div style=\"text-align: justify;\"><\/div>\n<div style=\"text-align: justify;\">Por otro lado, se llevaron a cabo peritajes en el lugar de los hechos, para determinar las causas del accidente y el correspondiente deslinde de responsabilidades.<\/div>\n<div style=\"text-align: justify;\"><\/div>\n<div style=\"text-align: justify;\">Los nombres de las personas que se encuentran recibiendo atenci\u00f3n m\u00e9dica en diversos hospitales de la capital potosina y Soledad de Graciano S\u00e1nchez son:<\/div>\n<div style=\"text-align: justify;\"><\/div>\n<div style=\"text-align: justify;\">1. Adriana Rojas<\/div>\n<div style=\"text-align: justify;\">2. Ma. de los \u00c1ngeles Cabriales<\/div>\n<div style=\"text-align: justify;\">3. Mar\u00eda Luisa Escalante<\/div>\n<div style=\"text-align: justify;\">4. Mar\u00eda de Jes\u00fas Ram\u00edrez<\/div>\n<div style=\"text-align: justify;\">5. Alejandro Ruiz<\/div>\n<div style=\"text-align: justify;\">6. Jos\u00e9 de Jes\u00fas Almendarez<\/div>\n<div style=\"text-align: justify;\">7. Elda Yadira Rodr\u00edguez<\/div>\n<div style=\"text-align: justify;\">8. Ang\u00e9lica Mar\u00eda Narv\u00e1ez<\/div>\n<div style=\"text-align: justify;\">9. Micaela Gonzalez<\/div>\n<div style=\"text-align: justify;\">10. Mar\u00eda Guadalupe Pi\u00f1a<\/div>\n<div style=\"text-align: justify;\">11. Norbertha Ju\u00e1rez<\/div>\n<div style=\"text-align: justify;\">12. Juana Pi\u00f1a<\/div>\n<div style=\"text-align: justify;\">13. Alfredo Castro<\/div>\n<div style=\"text-align: justify;\">14. Sim\u00f3n Garc\u00eda<\/div>\n<div style=\"text-align: justify;\">15. Mar\u00eda de Jes\u00fas Campos.<\/div>\n<div style=\"text-align: justify;\">16. Ana Gabriela Cabriales<\/div>\n<div style=\"text-align: justify;\">17. Eva Mar\u00eda Guerrero<\/div>\n<div style=\"text-align: justify;\">18. Teresa Liliana Cervantes<\/div>\n<div style=\"text-align: justify;\">19. Mitzi Alondra Beltr\u00e1n<\/div>\n<div style=\"text-align: justify;\">20. Luis Omar Beltr\u00e1n<\/div>\n<div style=\"text-align: justify;\">21. Mar\u00eda Asunci\u00f3n Contreras<\/div>\n<div style=\"text-align: justify;\">22. Juan Ruiz Hern\u00e1ndez<\/div>\n<div style=\"text-align: justify;\">23. Francisco Javier Juarez<\/div>\n<div style=\"text-align: justify;\">24. Fernando Ruiz<\/div>\n<div style=\"text-align: justify;\">25. Olivia L\u00f3pez<\/div>\n<div style=\"text-align: justify;\"><\/div>\n<div style=\"text-align: justify;\">Estos pacientes se encuentran internados en: Hospital Central, Hospital Regional de Soledad, Hospital Militar Regional, Cl\u00ednica Mar Charbel, Beneficiencia Espa\u00f1ola, y Hospital Lomas de San Luis.<\/div>\n<div><\/div>\n<div>Por: Paulina Rodr\u00edguez<\/div>\n","protected":false},"excerpt":{"rendered":"<p>Escalerillas.- Respecto el accidente ocurrido en la carretera federal 80 San Luis-Lagos de Moreno, la Fiscal\u00eda General del Estado (FGESLP) inform\u00f3 que el n\u00famero de personas fallecidas es de nueve y se registraron 25 heridos. De las v\u00edctimas mortales, ocho fallecieron en el sitio de los hechos y una m\u00e1s en un hospital. En cuanto a los primeros ocho, se trat\u00f3 de una menor, seis mujeres adultas y un hombre. El percance fue reportado al 911, se\u00f1alando que en la carretera federal 80, km 29+500, de la comunidad Escalerillas, un autob\u00fas de pasajeros de la l\u00ednea Frontera rod\u00f3 varios metros [&hellip;]<\/p>\n","protected":false},"author":2,"featured_media":107247,"comment_status":"closed","ping_status":"closed","sticky":false,"template":"","format":"video","meta":{"footnotes":""},"categories":[5,45],"tags":[],"class_list":["post-107205","post","type-post","status-publish","format-video","has-post-thumbnail","hentry","category-destacadas","category-localesyregionales","post_format-post-format-video","post--single"],"yoast_head":"<!-- This site is optimized with the Yoast SEO plugin v27.5 - https:\/\/yoast.com\/product\/yoast-seo-wordpress\/ -->\n<title>Nueve personas murieron y 25 resultaron lesionadas; saldo de Fiscal\u00eda por accidente en Escalerillas - Canal 7 SLP - 2023<\/title>\n<meta name=\"robots\" content=\"index, follow, max-snippet:-1, max-image-preview:large, max-video-preview:-1\" \/>\n<link rel=\"canonical\" href=\"https:\/\/canal7slp.tv\/2023\/nueve-personas-murieron-y-25-resultaron-lesionadas-saldo-de-fiscalia-por-accidente-en-escalerillas\/\" \/>\n<meta property=\"og:locale\" content=\"es_ES\" \/>\n<meta property=\"og:type\" content=\"article\" \/>\n<meta property=\"og:title\" content=\"Nueve personas murieron y 25 resultaron lesionadas; saldo de Fiscal\u00eda por accidente en Escalerillas - Canal 7 SLP - 2023\" \/>\n<meta property=\"og:description\" content=\"Escalerillas.- Respecto el accidente ocurrido en la carretera federal 80 San Luis-Lagos de Moreno, la Fiscal\u00eda General del Estado (FGESLP) inform\u00f3 que el n\u00famero de personas fallecidas es de nueve y se registraron 25 heridos. De las v\u00edctimas mortales, ocho fallecieron en el sitio de los hechos y una m\u00e1s en un hospital. En cuanto a los primeros ocho, se trat\u00f3 de una menor, seis mujeres adultas y un hombre. El percance fue reportado al 911, se\u00f1alando que en la carretera federal 80, km 29+500, de la comunidad Escalerillas, un autob\u00fas de pasajeros de la l\u00ednea Frontera rod\u00f3 varios metros [&hellip;]\" \/>\n<meta property=\"og:url\" content=\"https:\/\/canal7slp.tv\/2023\/nueve-personas-murieron-y-25-resultaron-lesionadas-saldo-de-fiscalia-por-accidente-en-escalerillas\/\" \/>\n<meta property=\"og:site_name\" content=\"Canal 7 SLP - 2023\" \/>\n<meta property=\"article:publisher\" content=\"https:\/\/www.facebook.com\/noticieroscanalsiete\" \/>\n<meta property=\"article:published_time\" content=\"2023-09-13T03:40:31+00:00\" \/>\n<meta property=\"og:image\" content=\"https:\/\/canal7slp.tv\/2023\/wp-content\/uploads\/2023\/09\/escalerillas.jpg\" \/>\n\t<meta property=\"og:image:width\" content=\"1280\" \/>\n\t<meta property=\"og:image:height\" content=\"720\" \/>\n\t<meta property=\"og:image:type\" content=\"image\/jpeg\" \/>\n<meta name=\"author\" content=\"Edici\u00f3n Web\" \/>\n<meta name=\"twitter:card\" content=\"summary_large_image\" \/>\n<meta name=\"twitter:creator\" content=\"@NOTICIEROS7\" \/>\n<meta name=\"twitter:site\" content=\"@NOTICIEROS7\" \/>\n<meta name=\"twitter:label1\" content=\"Escrito por\" \/>\n\t<meta name=\"twitter:data1\" content=\"Edici\u00f3n Web\" \/>\n\t<meta name=\"twitter:label2\" content=\"Tiempo de lectura\" \/>\n\t<meta name=\"twitter:data2\" content=\"2 minutos\" \/>\n<script type=\"application\/ld+json\" class=\"yoast-schema-graph\">{\"@context\":\"https:\\\/\\\/schema.org\",\"@graph\":[{\"@type\":\"Article\",\"@id\":\"https:\\\/\\\/canal7slp.tv\\\/2023\\\/nueve-personas-murieron-y-25-resultaron-lesionadas-saldo-de-fiscalia-por-accidente-en-escalerillas\\\/#article\",\"isPartOf\":{\"@id\":\"https:\\\/\\\/canal7slp.tv\\\/2023\\\/nueve-personas-murieron-y-25-resultaron-lesionadas-saldo-de-fiscalia-por-accidente-en-escalerillas\\\/\"},\"author\":{\"name\":\"Edici\u00f3n Web\",\"@id\":\"https:\\\/\\\/canal7slp.tv\\\/2023\\\/#\\\/schema\\\/person\\\/639c424e3584069003b11ae813915da6\"},\"headline\":\"Nueve personas murieron y 25 resultaron lesionadas; saldo de Fiscal\u00eda por accidente en Escalerillas\",\"datePublished\":\"2023-09-13T03:40:31+00:00\",\"mainEntityOfPage\":{\"@id\":\"https:\\\/\\\/canal7slp.tv\\\/2023\\\/nueve-personas-murieron-y-25-resultaron-lesionadas-saldo-de-fiscalia-por-accidente-en-escalerillas\\\/\"},\"wordCount\":370,\"publisher\":{\"@id\":\"https:\\\/\\\/canal7slp.tv\\\/2023\\\/#organization\"},\"image\":{\"@id\":\"https:\\\/\\\/canal7slp.tv\\\/2023\\\/nueve-personas-murieron-y-25-resultaron-lesionadas-saldo-de-fiscalia-por-accidente-en-escalerillas\\\/#primaryimage\"},\"thumbnailUrl\":\"https:\\\/\\\/canal7slp.tv\\\/2023\\\/wp-content\\\/uploads\\\/2023\\\/09\\\/escalerillas.jpg\",\"articleSection\":[\"DESTACADAS\",\"LOCALES Y REGIONALES\"],\"inLanguage\":\"es\"},{\"@type\":\"WebPage\",\"@id\":\"https:\\\/\\\/canal7slp.tv\\\/2023\\\/nueve-personas-murieron-y-25-resultaron-lesionadas-saldo-de-fiscalia-por-accidente-en-escalerillas\\\/\",\"url\":\"https:\\\/\\\/canal7slp.tv\\\/2023\\\/nueve-personas-murieron-y-25-resultaron-lesionadas-saldo-de-fiscalia-por-accidente-en-escalerillas\\\/\",\"name\":\"Nueve personas murieron y 25 resultaron lesionadas; saldo de Fiscal\u00eda por accidente en Escalerillas - Canal 7 SLP - 2023\",\"isPartOf\":{\"@id\":\"https:\\\/\\\/canal7slp.tv\\\/2023\\\/#website\"},\"primaryImageOfPage\":{\"@id\":\"https:\\\/\\\/canal7slp.tv\\\/2023\\\/nueve-personas-murieron-y-25-resultaron-lesionadas-saldo-de-fiscalia-por-accidente-en-escalerillas\\\/#primaryimage\"},\"image\":{\"@id\":\"https:\\\/\\\/canal7slp.tv\\\/2023\\\/nueve-personas-murieron-y-25-resultaron-lesionadas-saldo-de-fiscalia-por-accidente-en-escalerillas\\\/#primaryimage\"},\"thumbnailUrl\":\"https:\\\/\\\/canal7slp.tv\\\/2023\\\/wp-content\\\/uploads\\\/2023\\\/09\\\/escalerillas.jpg\",\"datePublished\":\"2023-09-13T03:40:31+00:00\",\"breadcrumb\":{\"@id\":\"https:\\\/\\\/canal7slp.tv\\\/2023\\\/nueve-personas-murieron-y-25-resultaron-lesionadas-saldo-de-fiscalia-por-accidente-en-escalerillas\\\/#breadcrumb\"},\"inLanguage\":\"es\",\"potentialAction\":[{\"@type\":\"ReadAction\",\"target\":[\"https:\\\/\\\/canal7slp.tv\\\/2023\\\/nueve-personas-murieron-y-25-resultaron-lesionadas-saldo-de-fiscalia-por-accidente-en-escalerillas\\\/\"]}]},{\"@type\":\"ImageObject\",\"inLanguage\":\"es\",\"@id\":\"https:\\\/\\\/canal7slp.tv\\\/2023\\\/nueve-personas-murieron-y-25-resultaron-lesionadas-saldo-de-fiscalia-por-accidente-en-escalerillas\\\/#primaryimage\",\"url\":\"https:\\\/\\\/canal7slp.tv\\\/2023\\\/wp-content\\\/uploads\\\/2023\\\/09\\\/escalerillas.jpg\",\"contentUrl\":\"https:\\\/\\\/canal7slp.tv\\\/2023\\\/wp-content\\\/uploads\\\/2023\\\/09\\\/escalerillas.jpg\",\"width\":1280,\"height\":720},{\"@type\":\"BreadcrumbList\",\"@id\":\"https:\\\/\\\/canal7slp.tv\\\/2023\\\/nueve-personas-murieron-y-25-resultaron-lesionadas-saldo-de-fiscalia-por-accidente-en-escalerillas\\\/#breadcrumb\",\"itemListElement\":[{\"@type\":\"ListItem\",\"position\":1,\"name\":\"Portada\",\"item\":\"https:\\\/\\\/canal7slp.tv\\\/2023\\\/\"},{\"@type\":\"ListItem\",\"position\":2,\"name\":\"Nueve personas murieron y 25 resultaron lesionadas; saldo de Fiscal\u00eda por accidente en Escalerillas\"}]},{\"@type\":\"WebSite\",\"@id\":\"https:\\\/\\\/canal7slp.tv\\\/2023\\\/#website\",\"url\":\"https:\\\/\\\/canal7slp.tv\\\/2023\\\/\",\"name\":\"N7 - Noticieros Canal 7\",\"description\":\"Somos Televisi\u00f3n\",\"publisher\":{\"@id\":\"https:\\\/\\\/canal7slp.tv\\\/2023\\\/#organization\"},\"potentialAction\":[{\"@type\":\"SearchAction\",\"target\":{\"@type\":\"EntryPoint\",\"urlTemplate\":\"https:\\\/\\\/canal7slp.tv\\\/2023\\\/?s={search_term_string}\"},\"query-input\":{\"@type\":\"PropertyValueSpecification\",\"valueRequired\":true,\"valueName\":\"search_term_string\"}}],\"inLanguage\":\"es\"},{\"@type\":\"Organization\",\"@id\":\"https:\\\/\\\/canal7slp.tv\\\/2023\\\/#organization\",\"name\":\"Noticieros Canal 7\",\"url\":\"https:\\\/\\\/canal7slp.tv\\\/2023\\\/\",\"logo\":{\"@type\":\"ImageObject\",\"inLanguage\":\"es\",\"@id\":\"https:\\\/\\\/canal7slp.tv\\\/2023\\\/#\\\/schema\\\/logo\\\/image\\\/\",\"url\":\"https:\\\/\\\/canal7slp.tv\\\/2023\\\/wp-content\\\/uploads\\\/2021\\\/01\\\/logo-noticieros@2x.png\",\"contentUrl\":\"https:\\\/\\\/canal7slp.tv\\\/2023\\\/wp-content\\\/uploads\\\/2021\\\/01\\\/logo-noticieros@2x.png\",\"width\":1017,\"height\":268,\"caption\":\"Noticieros Canal 7\"},\"image\":{\"@id\":\"https:\\\/\\\/canal7slp.tv\\\/2023\\\/#\\\/schema\\\/logo\\\/image\\\/\"},\"sameAs\":[\"https:\\\/\\\/www.facebook.com\\\/noticieroscanalsiete\",\"https:\\\/\\\/x.com\\\/NOTICIEROS7\",\"https:\\\/\\\/www.instagram.com\\\/canal7_slp\",\"https:\\\/\\\/www.youtube.com\\\/channel\\\/UCliiYs-gP3JfJeqdPrNdd5A\"]},{\"@type\":\"Person\",\"@id\":\"https:\\\/\\\/canal7slp.tv\\\/2023\\\/#\\\/schema\\\/person\\\/639c424e3584069003b11ae813915da6\",\"name\":\"Edici\u00f3n Web\",\"image\":{\"@type\":\"ImageObject\",\"inLanguage\":\"es\",\"@id\":\"https:\\\/\\\/secure.gravatar.com\\\/avatar\\\/eee448fc3f7164808013b816ba91ac7e43bbe82a70bebac296f8bc6f0addaa1a?s=96&d=mm&r=g\",\"url\":\"https:\\\/\\\/secure.gravatar.com\\\/avatar\\\/eee448fc3f7164808013b816ba91ac7e43bbe82a70bebac296f8bc6f0addaa1a?s=96&d=mm&r=g\",\"contentUrl\":\"https:\\\/\\\/secure.gravatar.com\\\/avatar\\\/eee448fc3f7164808013b816ba91ac7e43bbe82a70bebac296f8bc6f0addaa1a?s=96&d=mm&r=g\",\"caption\":\"Edici\u00f3n Web\"},\"url\":\"https:\\\/\\\/canal7slp.tv\\\/2023\\\/author\\\/edicionweb\\\/\"}]}<\/script>\n<!-- \/ Yoast SEO plugin. -->","yoast_head_json":{"title":"Nueve personas murieron y 25 resultaron lesionadas; saldo de Fiscal\u00eda por accidente en Escalerillas - Canal 7 SLP - 2023","robots":{"index":"index","follow":"follow","max-snippet":"max-snippet:-1","max-image-preview":"max-image-preview:large","max-video-preview":"max-video-preview:-1"},"canonical":"https:\/\/canal7slp.tv\/2023\/nueve-personas-murieron-y-25-resultaron-lesionadas-saldo-de-fiscalia-por-accidente-en-escalerillas\/","og_locale":"es_ES","og_type":"article","og_title":"Nueve personas murieron y 25 resultaron lesionadas; saldo de Fiscal\u00eda por accidente en Escalerillas - Canal 7 SLP - 2023","og_description":"Escalerillas.- Respecto el accidente ocurrido en la carretera federal 80 San Luis-Lagos de Moreno, la Fiscal\u00eda General del Estado (FGESLP) inform\u00f3 que el n\u00famero de personas fallecidas es de nueve y se registraron 25 heridos. De las v\u00edctimas mortales, ocho fallecieron en el sitio de los hechos y una m\u00e1s en un hospital. En cuanto a los primeros ocho, se trat\u00f3 de una menor, seis mujeres adultas y un hombre. El percance fue reportado al 911, se\u00f1alando que en la carretera federal 80, km 29+500, de la comunidad Escalerillas, un autob\u00fas de pasajeros de la l\u00ednea Frontera rod\u00f3 varios metros [&hellip;]","og_url":"https:\/\/canal7slp.tv\/2023\/nueve-personas-murieron-y-25-resultaron-lesionadas-saldo-de-fiscalia-por-accidente-en-escalerillas\/","og_site_name":"Canal 7 SLP - 2023","article_publisher":"https:\/\/www.facebook.com\/noticieroscanalsiete","article_published_time":"2023-09-13T03:40:31+00:00","og_image":[{"width":1280,"height":720,"url":"https:\/\/canal7slp.tv\/2023\/wp-content\/uploads\/2023\/09\/escalerillas.jpg","type":"image\/jpeg"}],"author":"Edici\u00f3n Web","twitter_card":"summary_large_image","twitter_creator":"@NOTICIEROS7","twitter_site":"@NOTICIEROS7","twitter_misc":{"Escrito por":"Edici\u00f3n Web","Tiempo de lectura":"2 minutos"},"schema":{"@context":"https:\/\/schema.org","@graph":[{"@type":"Article","@id":"https:\/\/canal7slp.tv\/2023\/nueve-personas-murieron-y-25-resultaron-lesionadas-saldo-de-fiscalia-por-accidente-en-escalerillas\/#article","isPartOf":{"@id":"https:\/\/canal7slp.tv\/2023\/nueve-personas-murieron-y-25-resultaron-lesionadas-saldo-de-fiscalia-por-accidente-en-escalerillas\/"},"author":{"name":"Edici\u00f3n Web","@id":"https:\/\/canal7slp.tv\/2023\/#\/schema\/person\/639c424e3584069003b11ae813915da6"},"headline":"Nueve personas murieron y 25 resultaron lesionadas; saldo de Fiscal\u00eda por accidente en Escalerillas","datePublished":"2023-09-13T03:40:31+00:00","mainEntityOfPage":{"@id":"https:\/\/canal7slp.tv\/2023\/nueve-personas-murieron-y-25-resultaron-lesionadas-saldo-de-fiscalia-por-accidente-en-escalerillas\/"},"wordCount":370,"publisher":{"@id":"https:\/\/canal7slp.tv\/2023\/#organization"},"image":{"@id":"https:\/\/canal7slp.tv\/2023\/nueve-personas-murieron-y-25-resultaron-lesionadas-saldo-de-fiscalia-por-accidente-en-escalerillas\/#primaryimage"},"thumbnailUrl":"https:\/\/canal7slp.tv\/2023\/wp-content\/uploads\/2023\/09\/escalerillas.jpg","articleSection":["DESTACADAS","LOCALES Y REGIONALES"],"inLanguage":"es"},{"@type":"WebPage","@id":"https:\/\/canal7slp.tv\/2023\/nueve-personas-murieron-y-25-resultaron-lesionadas-saldo-de-fiscalia-por-accidente-en-escalerillas\/","url":"https:\/\/canal7slp.tv\/2023\/nueve-personas-murieron-y-25-resultaron-lesionadas-saldo-de-fiscalia-por-accidente-en-escalerillas\/","name":"Nueve personas murieron y 25 resultaron lesionadas; saldo de Fiscal\u00eda por accidente en Escalerillas - Canal 7 SLP - 2023","isPartOf":{"@id":"https:\/\/canal7slp.tv\/2023\/#website"},"primaryImageOfPage":{"@id":"https:\/\/canal7slp.tv\/2023\/nueve-personas-murieron-y-25-resultaron-lesionadas-saldo-de-fiscalia-por-accidente-en-escalerillas\/#primaryimage"},"image":{"@id":"https:\/\/canal7slp.tv\/2023\/nueve-personas-murieron-y-25-resultaron-lesionadas-saldo-de-fiscalia-por-accidente-en-escalerillas\/#primaryimage"},"thumbnailUrl":"https:\/\/canal7slp.tv\/2023\/wp-content\/uploads\/2023\/09\/escalerillas.jpg","datePublished":"2023-09-13T03:40:31+00:00","breadcrumb":{"@id":"https:\/\/canal7slp.tv\/2023\/nueve-personas-murieron-y-25-resultaron-lesionadas-saldo-de-fiscalia-por-accidente-en-escalerillas\/#breadcrumb"},"inLanguage":"es","potentialAction":[{"@type":"ReadAction","target":["https:\/\/canal7slp.tv\/2023\/nueve-personas-murieron-y-25-resultaron-lesionadas-saldo-de-fiscalia-por-accidente-en-escalerillas\/"]}]},{"@type":"ImageObject","inLanguage":"es","@id":"https:\/\/canal7slp.tv\/2023\/nueve-personas-murieron-y-25-resultaron-lesionadas-saldo-de-fiscalia-por-accidente-en-escalerillas\/#primaryimage","url":"https:\/\/canal7slp.tv\/2023\/wp-content\/uploads\/2023\/09\/escalerillas.jpg","contentUrl":"https:\/\/canal7slp.tv\/2023\/wp-content\/uploads\/2023\/09\/escalerillas.jpg","width":1280,"height":720},{"@type":"BreadcrumbList","@id":"https:\/\/canal7slp.tv\/2023\/nueve-personas-murieron-y-25-resultaron-lesionadas-saldo-de-fiscalia-por-accidente-en-escalerillas\/#breadcrumb","itemListElement":[{"@type":"ListItem","position":1,"name":"Portada","item":"https:\/\/canal7slp.tv\/2023\/"},{"@type":"ListItem","position":2,"name":"Nueve personas murieron y 25 resultaron lesionadas; saldo de Fiscal\u00eda por accidente en Escalerillas"}]},{"@type":"WebSite","@id":"https:\/\/canal7slp.tv\/2023\/#website","url":"https:\/\/canal7slp.tv\/2023\/","name":"N7 - Noticieros Canal 7","description":"Somos Televisi\u00f3n","publisher":{"@id":"https:\/\/canal7slp.tv\/2023\/#organization"},"potentialAction":[{"@type":"SearchAction","target":{"@type":"EntryPoint","urlTemplate":"https:\/\/canal7slp.tv\/2023\/?s={search_term_string}"},"query-input":{"@type":"PropertyValueSpecification","valueRequired":true,"valueName":"search_term_string"}}],"inLanguage":"es"},{"@type":"Organization","@id":"https:\/\/canal7slp.tv\/2023\/#organization","name":"Noticieros Canal 7","url":"https:\/\/canal7slp.tv\/2023\/","logo":{"@type":"ImageObject","inLanguage":"es","@id":"https:\/\/canal7slp.tv\/2023\/#\/schema\/logo\/image\/","url":"https:\/\/canal7slp.tv\/2023\/wp-content\/uploads\/2021\/01\/logo-noticieros@2x.png","contentUrl":"https:\/\/canal7slp.tv\/2023\/wp-content\/uploads\/2021\/01\/logo-noticieros@2x.png","width":1017,"height":268,"caption":"Noticieros Canal 7"},"image":{"@id":"https:\/\/canal7slp.tv\/2023\/#\/schema\/logo\/image\/"},"sameAs":["https:\/\/www.facebook.com\/noticieroscanalsiete","https:\/\/x.com\/NOTICIEROS7","https:\/\/www.instagram.com\/canal7_slp","https:\/\/www.youtube.com\/channel\/UCliiYs-gP3JfJeqdPrNdd5A"]},{"@type":"Person","@id":"https:\/\/canal7slp.tv\/2023\/#\/schema\/person\/639c424e3584069003b11ae813915da6","name":"Edici\u00f3n Web","image":{"@type":"ImageObject","inLanguage":"es","@id":"https:\/\/secure.gravatar.com\/avatar\/eee448fc3f7164808013b816ba91ac7e43bbe82a70bebac296f8bc6f0addaa1a?s=96&d=mm&r=g","url":"https:\/\/secure.gravatar.com\/avatar\/eee448fc3f7164808013b816ba91ac7e43bbe82a70bebac296f8bc6f0addaa1a?s=96&d=mm&r=g","contentUrl":"https:\/\/secure.gravatar.com\/avatar\/eee448fc3f7164808013b816ba91ac7e43bbe82a70bebac296f8bc6f0addaa1a?s=96&d=mm&r=g","caption":"Edici\u00f3n Web"},"url":"https:\/\/canal7slp.tv\/2023\/author\/edicionweb\/"}]}},"_links":{"self":[{"href":"https:\/\/canal7slp.tv\/2023\/wp-json\/wp\/v2\/posts\/107205","targetHints":{"allow":["GET"]}}],"collection":[{"href":"https:\/\/canal7slp.tv\/2023\/wp-json\/wp\/v2\/posts"}],"about":[{"href":"https:\/\/canal7slp.tv\/2023\/wp-json\/wp\/v2\/types\/post"}],"author":[{"embeddable":true,"href":"https:\/\/canal7slp.tv\/2023\/wp-json\/wp\/v2\/users\/2"}],"replies":[{"embeddable":true,"href":"https:\/\/canal7slp.tv\/2023\/wp-json\/wp\/v2\/comments?post=107205"}],"version-history":[{"count":1,"href":"https:\/\/canal7slp.tv\/2023\/wp-json\/wp\/v2\/posts\/107205\/revisions"}],"predecessor-version":[{"id":107250,"href":"https:\/\/canal7slp.tv\/2023\/wp-json\/wp\/v2\/posts\/107205\/revisions\/107250"}],"wp:featuredmedia":[{"embeddable":true,"href":"https:\/\/canal7slp.tv\/2023\/wp-json\/wp\/v2\/media\/107247"}],"wp:attachment":[{"href":"https:\/\/canal7slp.tv\/2023\/wp-json\/wp\/v2\/media?parent=107205"}],"wp:term":[{"taxonomy":"category","embeddable":true,"href":"https:\/\/canal7slp.tv\/2023\/wp-json\/wp\/v2\/categories?post=107205"},{"taxonomy":"post_tag","embeddable":true,"href":"https:\/\/canal7slp.tv\/2023\/wp-json\/wp\/v2\/tags?post=107205"}],"curies":[{"name":"wp","href":"https:\/\/api.w.org\/{rel}","templated":true}]}}