{"id":107178,"date":"2023-09-12T18:04:12","date_gmt":"2023-09-13T00:04:12","guid":{"rendered":"https:\/\/canal7slp.tv\/2023\/?p=107178"},"modified":"2023-09-12T18:04:12","modified_gmt":"2023-09-13T00:04:12","slug":"balacera-fuera-de-terminal-1-del-aicm-dos-policias-heridos-y-un-sujeto-detenido","status":"publish","type":"post","link":"https:\/\/canal7slp.tv\/2023\/balacera-fuera-de-terminal-1-del-aicm-dos-policias-heridos-y-un-sujeto-detenido\/","title":{"rendered":"Balacera fuera de Terminal 1 del AICM; dos polic\u00edas heridos y un sujeto detenido"},"content":{"rendered":"<div style=\"text-align: justify;\">Ciudad de M\u00e9xico.- Una balacera en la Terminal 1 del Aeropuerto Internacional de la Ciudad de M\u00e9xico (AICM) se registr\u00f3 este martes.<\/div>\n<div style=\"text-align: justify;\"><\/div>\n<div style=\"text-align: justify;\">Personal de la polic\u00eda comenz\u00f3 un operativo de persecuci\u00f3n contra presuntos delincuentes.<\/div>\n<div style=\"text-align: justify;\"><\/div>\n<div style=\"text-align: justify;\">Los hechos ocurrieron luego de que la Subsecretar\u00eda de Inteligencia e Investigaci\u00f3n Policial atendiera varias denuncias ciudadanas respecto robos en el \u00e1rea de aduanas.<\/div>\n<div style=\"text-align: justify;\"><\/div>\n<div style=\"text-align: justify;\">Los agentes detectaron un veh\u00edculo sospechoso que probablemente estaba involucrado en las denuncias referidas.<\/div>\n<div style=\"text-align: justify;\"><\/div>\n<div style=\"text-align: justify;\">El autom\u00f3vil se encontraba sobre la avenida del Pe\u00f1\u00f3n, en su cruce con Circuito Interior -en la colonia Pensador Mexicano-.<\/div>\n<div style=\"text-align: justify;\"><\/div>\n<div style=\"text-align: justify;\">Tras darse cuenta de la presencia polic\u00edaca, el conductor del auto abri\u00f3 fuego contra la autoridad y aceler\u00f3 la velocidad hasta ingresar al estacionamiento del aeropuerto.<\/div>\n<div style=\"text-align: justify;\"><\/div>\n<div style=\"text-align: justify;\">Dos polic\u00edas resultaron heridos tras el enfrentamiento que se llev\u00f3 en las inmediaciones de la avenida Carlos Le\u00f3n.<\/div>\n","protected":false},"excerpt":{"rendered":"<p>Ciudad de M\u00e9xico.- Una balacera en la Terminal 1 del Aeropuerto Internacional de la Ciudad de M\u00e9xico (AICM) se registr\u00f3 este martes. Personal de la polic\u00eda comenz\u00f3 un operativo de persecuci\u00f3n contra presuntos delincuentes. Los hechos ocurrieron luego de que la Subsecretar\u00eda de Inteligencia e Investigaci\u00f3n Policial atendiera varias denuncias ciudadanas respecto robos en el \u00e1rea de aduanas. Los agentes detectaron un veh\u00edculo sospechoso que probablemente estaba involucrado en las denuncias referidas. El autom\u00f3vil se encontraba sobre la avenida del Pe\u00f1\u00f3n, en su cruce con Circuito Interior -en la colonia Pensador Mexicano-. Tras darse cuenta de la presencia polic\u00edaca, el [&hellip;]<\/p>\n","protected":false},"author":2,"featured_media":107203,"comment_status":"closed","ping_status":"closed","sticky":false,"template":"","format":"standard","meta":{"footnotes":""},"categories":[46],"tags":[],"class_list":["post-107178","post","type-post","status-publish","format-standard","has-post-thumbnail","hentry","category-nacional","post--single"],"yoast_head":"<!-- This site is optimized with the Yoast SEO plugin v27.5 - https:\/\/yoast.com\/product\/yoast-seo-wordpress\/ -->\n<title>Balacera fuera de Terminal 1 del AICM; dos polic\u00edas heridos y un sujeto detenido - Canal 7 SLP - 2023<\/title>\n<meta name=\"robots\" content=\"index, follow, max-snippet:-1, max-image-preview:large, max-video-preview:-1\" \/>\n<link rel=\"canonical\" href=\"https:\/\/canal7slp.tv\/2023\/balacera-fuera-de-terminal-1-del-aicm-dos-policias-heridos-y-un-sujeto-detenido\/\" \/>\n<meta property=\"og:locale\" content=\"es_ES\" \/>\n<meta property=\"og:type\" content=\"article\" \/>\n<meta property=\"og:title\" content=\"Balacera fuera de Terminal 1 del AICM; dos polic\u00edas heridos y un sujeto detenido - Canal 7 SLP - 2023\" \/>\n<meta property=\"og:description\" content=\"Ciudad de M\u00e9xico.- Una balacera en la Terminal 1 del Aeropuerto Internacional de la Ciudad de M\u00e9xico (AICM) se registr\u00f3 este martes. Personal de la polic\u00eda comenz\u00f3 un operativo de persecuci\u00f3n contra presuntos delincuentes. Los hechos ocurrieron luego de que la Subsecretar\u00eda de Inteligencia e Investigaci\u00f3n Policial atendiera varias denuncias ciudadanas respecto robos en el \u00e1rea de aduanas. Los agentes detectaron un veh\u00edculo sospechoso que probablemente estaba involucrado en las denuncias referidas. El autom\u00f3vil se encontraba sobre la avenida del Pe\u00f1\u00f3n, en su cruce con Circuito Interior -en la colonia Pensador Mexicano-. Tras darse cuenta de la presencia polic\u00edaca, el [&hellip;]\" \/>\n<meta property=\"og:url\" content=\"https:\/\/canal7slp.tv\/2023\/balacera-fuera-de-terminal-1-del-aicm-dos-policias-heridos-y-un-sujeto-detenido\/\" \/>\n<meta property=\"og:site_name\" content=\"Canal 7 SLP - 2023\" \/>\n<meta property=\"article:publisher\" content=\"https:\/\/www.facebook.com\/noticieroscanalsiete\" \/>\n<meta property=\"article:published_time\" content=\"2023-09-13T00:04:12+00:00\" \/>\n<meta property=\"og:image\" content=\"https:\/\/canal7slp.tv\/2023\/wp-content\/uploads\/2023\/09\/balacera.jpg\" \/>\n\t<meta property=\"og:image:width\" content=\"1152\" \/>\n\t<meta property=\"og:image:height\" content=\"648\" \/>\n\t<meta property=\"og:image:type\" content=\"image\/jpeg\" \/>\n<meta name=\"author\" content=\"Edici\u00f3n Web\" \/>\n<meta name=\"twitter:card\" content=\"summary_large_image\" \/>\n<meta name=\"twitter:creator\" content=\"@NOTICIEROS7\" \/>\n<meta name=\"twitter:site\" content=\"@NOTICIEROS7\" \/>\n<meta name=\"twitter:label1\" content=\"Escrito por\" \/>\n\t<meta name=\"twitter:data1\" content=\"Edici\u00f3n Web\" \/>\n\t<meta name=\"twitter:label2\" content=\"Tiempo de lectura\" \/>\n\t<meta name=\"twitter:data2\" content=\"1 minuto\" \/>\n<script type=\"application\/ld+json\" class=\"yoast-schema-graph\">{\"@context\":\"https:\\\/\\\/schema.org\",\"@graph\":[{\"@type\":\"Article\",\"@id\":\"https:\\\/\\\/canal7slp.tv\\\/2023\\\/balacera-fuera-de-terminal-1-del-aicm-dos-policias-heridos-y-un-sujeto-detenido\\\/#article\",\"isPartOf\":{\"@id\":\"https:\\\/\\\/canal7slp.tv\\\/2023\\\/balacera-fuera-de-terminal-1-del-aicm-dos-policias-heridos-y-un-sujeto-detenido\\\/\"},\"author\":{\"name\":\"Edici\u00f3n Web\",\"@id\":\"https:\\\/\\\/canal7slp.tv\\\/2023\\\/#\\\/schema\\\/person\\\/639c424e3584069003b11ae813915da6\"},\"headline\":\"Balacera fuera de Terminal 1 del AICM; dos polic\u00edas heridos y un sujeto detenido\",\"datePublished\":\"2023-09-13T00:04:12+00:00\",\"mainEntityOfPage\":{\"@id\":\"https:\\\/\\\/canal7slp.tv\\\/2023\\\/balacera-fuera-de-terminal-1-del-aicm-dos-policias-heridos-y-un-sujeto-detenido\\\/\"},\"wordCount\":162,\"publisher\":{\"@id\":\"https:\\\/\\\/canal7slp.tv\\\/2023\\\/#organization\"},\"image\":{\"@id\":\"https:\\\/\\\/canal7slp.tv\\\/2023\\\/balacera-fuera-de-terminal-1-del-aicm-dos-policias-heridos-y-un-sujeto-detenido\\\/#primaryimage\"},\"thumbnailUrl\":\"https:\\\/\\\/canal7slp.tv\\\/2023\\\/wp-content\\\/uploads\\\/2023\\\/09\\\/balacera.jpg\",\"articleSection\":[\"NACIONALES\"],\"inLanguage\":\"es\"},{\"@type\":\"WebPage\",\"@id\":\"https:\\\/\\\/canal7slp.tv\\\/2023\\\/balacera-fuera-de-terminal-1-del-aicm-dos-policias-heridos-y-un-sujeto-detenido\\\/\",\"url\":\"https:\\\/\\\/canal7slp.tv\\\/2023\\\/balacera-fuera-de-terminal-1-del-aicm-dos-policias-heridos-y-un-sujeto-detenido\\\/\",\"name\":\"Balacera fuera de Terminal 1 del AICM; dos polic\u00edas heridos y un sujeto detenido - Canal 7 SLP - 2023\",\"isPartOf\":{\"@id\":\"https:\\\/\\\/canal7slp.tv\\\/2023\\\/#website\"},\"primaryImageOfPage\":{\"@id\":\"https:\\\/\\\/canal7slp.tv\\\/2023\\\/balacera-fuera-de-terminal-1-del-aicm-dos-policias-heridos-y-un-sujeto-detenido\\\/#primaryimage\"},\"image\":{\"@id\":\"https:\\\/\\\/canal7slp.tv\\\/2023\\\/balacera-fuera-de-terminal-1-del-aicm-dos-policias-heridos-y-un-sujeto-detenido\\\/#primaryimage\"},\"thumbnailUrl\":\"https:\\\/\\\/canal7slp.tv\\\/2023\\\/wp-content\\\/uploads\\\/2023\\\/09\\\/balacera.jpg\",\"datePublished\":\"2023-09-13T00:04:12+00:00\",\"breadcrumb\":{\"@id\":\"https:\\\/\\\/canal7slp.tv\\\/2023\\\/balacera-fuera-de-terminal-1-del-aicm-dos-policias-heridos-y-un-sujeto-detenido\\\/#breadcrumb\"},\"inLanguage\":\"es\",\"potentialAction\":[{\"@type\":\"ReadAction\",\"target\":[\"https:\\\/\\\/canal7slp.tv\\\/2023\\\/balacera-fuera-de-terminal-1-del-aicm-dos-policias-heridos-y-un-sujeto-detenido\\\/\"]}]},{\"@type\":\"ImageObject\",\"inLanguage\":\"es\",\"@id\":\"https:\\\/\\\/canal7slp.tv\\\/2023\\\/balacera-fuera-de-terminal-1-del-aicm-dos-policias-heridos-y-un-sujeto-detenido\\\/#primaryimage\",\"url\":\"https:\\\/\\\/canal7slp.tv\\\/2023\\\/wp-content\\\/uploads\\\/2023\\\/09\\\/balacera.jpg\",\"contentUrl\":\"https:\\\/\\\/canal7slp.tv\\\/2023\\\/wp-content\\\/uploads\\\/2023\\\/09\\\/balacera.jpg\",\"width\":1152,\"height\":648},{\"@type\":\"BreadcrumbList\",\"@id\":\"https:\\\/\\\/canal7slp.tv\\\/2023\\\/balacera-fuera-de-terminal-1-del-aicm-dos-policias-heridos-y-un-sujeto-detenido\\\/#breadcrumb\",\"itemListElement\":[{\"@type\":\"ListItem\",\"position\":1,\"name\":\"Portada\",\"item\":\"https:\\\/\\\/canal7slp.tv\\\/2023\\\/\"},{\"@type\":\"ListItem\",\"position\":2,\"name\":\"Balacera fuera de Terminal 1 del AICM; dos polic\u00edas heridos y un sujeto detenido\"}]},{\"@type\":\"WebSite\",\"@id\":\"https:\\\/\\\/canal7slp.tv\\\/2023\\\/#website\",\"url\":\"https:\\\/\\\/canal7slp.tv\\\/2023\\\/\",\"name\":\"N7 - Noticieros Canal 7\",\"description\":\"Somos Televisi\u00f3n\",\"publisher\":{\"@id\":\"https:\\\/\\\/canal7slp.tv\\\/2023\\\/#organization\"},\"potentialAction\":[{\"@type\":\"SearchAction\",\"target\":{\"@type\":\"EntryPoint\",\"urlTemplate\":\"https:\\\/\\\/canal7slp.tv\\\/2023\\\/?s={search_term_string}\"},\"query-input\":{\"@type\":\"PropertyValueSpecification\",\"valueRequired\":true,\"valueName\":\"search_term_string\"}}],\"inLanguage\":\"es\"},{\"@type\":\"Organization\",\"@id\":\"https:\\\/\\\/canal7slp.tv\\\/2023\\\/#organization\",\"name\":\"Noticieros Canal 7\",\"url\":\"https:\\\/\\\/canal7slp.tv\\\/2023\\\/\",\"logo\":{\"@type\":\"ImageObject\",\"inLanguage\":\"es\",\"@id\":\"https:\\\/\\\/canal7slp.tv\\\/2023\\\/#\\\/schema\\\/logo\\\/image\\\/\",\"url\":\"https:\\\/\\\/canal7slp.tv\\\/2023\\\/wp-content\\\/uploads\\\/2021\\\/01\\\/logo-noticieros@2x.png\",\"contentUrl\":\"https:\\\/\\\/canal7slp.tv\\\/2023\\\/wp-content\\\/uploads\\\/2021\\\/01\\\/logo-noticieros@2x.png\",\"width\":1017,\"height\":268,\"caption\":\"Noticieros Canal 7\"},\"image\":{\"@id\":\"https:\\\/\\\/canal7slp.tv\\\/2023\\\/#\\\/schema\\\/logo\\\/image\\\/\"},\"sameAs\":[\"https:\\\/\\\/www.facebook.com\\\/noticieroscanalsiete\",\"https:\\\/\\\/x.com\\\/NOTICIEROS7\",\"https:\\\/\\\/www.instagram.com\\\/canal7_slp\",\"https:\\\/\\\/www.youtube.com\\\/channel\\\/UCliiYs-gP3JfJeqdPrNdd5A\"]},{\"@type\":\"Person\",\"@id\":\"https:\\\/\\\/canal7slp.tv\\\/2023\\\/#\\\/schema\\\/person\\\/639c424e3584069003b11ae813915da6\",\"name\":\"Edici\u00f3n Web\",\"image\":{\"@type\":\"ImageObject\",\"inLanguage\":\"es\",\"@id\":\"https:\\\/\\\/secure.gravatar.com\\\/avatar\\\/eee448fc3f7164808013b816ba91ac7e43bbe82a70bebac296f8bc6f0addaa1a?s=96&d=mm&r=g\",\"url\":\"https:\\\/\\\/secure.gravatar.com\\\/avatar\\\/eee448fc3f7164808013b816ba91ac7e43bbe82a70bebac296f8bc6f0addaa1a?s=96&d=mm&r=g\",\"contentUrl\":\"https:\\\/\\\/secure.gravatar.com\\\/avatar\\\/eee448fc3f7164808013b816ba91ac7e43bbe82a70bebac296f8bc6f0addaa1a?s=96&d=mm&r=g\",\"caption\":\"Edici\u00f3n Web\"},\"url\":\"https:\\\/\\\/canal7slp.tv\\\/2023\\\/author\\\/edicionweb\\\/\"}]}<\/script>\n<!-- \/ Yoast SEO plugin. -->","yoast_head_json":{"title":"Balacera fuera de Terminal 1 del AICM; dos polic\u00edas heridos y un sujeto detenido - Canal 7 SLP - 2023","robots":{"index":"index","follow":"follow","max-snippet":"max-snippet:-1","max-image-preview":"max-image-preview:large","max-video-preview":"max-video-preview:-1"},"canonical":"https:\/\/canal7slp.tv\/2023\/balacera-fuera-de-terminal-1-del-aicm-dos-policias-heridos-y-un-sujeto-detenido\/","og_locale":"es_ES","og_type":"article","og_title":"Balacera fuera de Terminal 1 del AICM; dos polic\u00edas heridos y un sujeto detenido - Canal 7 SLP - 2023","og_description":"Ciudad de M\u00e9xico.- Una balacera en la Terminal 1 del Aeropuerto Internacional de la Ciudad de M\u00e9xico (AICM) se registr\u00f3 este martes. Personal de la polic\u00eda comenz\u00f3 un operativo de persecuci\u00f3n contra presuntos delincuentes. Los hechos ocurrieron luego de que la Subsecretar\u00eda de Inteligencia e Investigaci\u00f3n Policial atendiera varias denuncias ciudadanas respecto robos en el \u00e1rea de aduanas. Los agentes detectaron un veh\u00edculo sospechoso que probablemente estaba involucrado en las denuncias referidas. El autom\u00f3vil se encontraba sobre la avenida del Pe\u00f1\u00f3n, en su cruce con Circuito Interior -en la colonia Pensador Mexicano-. Tras darse cuenta de la presencia polic\u00edaca, el [&hellip;]","og_url":"https:\/\/canal7slp.tv\/2023\/balacera-fuera-de-terminal-1-del-aicm-dos-policias-heridos-y-un-sujeto-detenido\/","og_site_name":"Canal 7 SLP - 2023","article_publisher":"https:\/\/www.facebook.com\/noticieroscanalsiete","article_published_time":"2023-09-13T00:04:12+00:00","og_image":[{"width":1152,"height":648,"url":"https:\/\/canal7slp.tv\/2023\/wp-content\/uploads\/2023\/09\/balacera.jpg","type":"image\/jpeg"}],"author":"Edici\u00f3n Web","twitter_card":"summary_large_image","twitter_creator":"@NOTICIEROS7","twitter_site":"@NOTICIEROS7","twitter_misc":{"Escrito por":"Edici\u00f3n Web","Tiempo de lectura":"1 minuto"},"schema":{"@context":"https:\/\/schema.org","@graph":[{"@type":"Article","@id":"https:\/\/canal7slp.tv\/2023\/balacera-fuera-de-terminal-1-del-aicm-dos-policias-heridos-y-un-sujeto-detenido\/#article","isPartOf":{"@id":"https:\/\/canal7slp.tv\/2023\/balacera-fuera-de-terminal-1-del-aicm-dos-policias-heridos-y-un-sujeto-detenido\/"},"author":{"name":"Edici\u00f3n Web","@id":"https:\/\/canal7slp.tv\/2023\/#\/schema\/person\/639c424e3584069003b11ae813915da6"},"headline":"Balacera fuera de Terminal 1 del AICM; dos polic\u00edas heridos y un sujeto detenido","datePublished":"2023-09-13T00:04:12+00:00","mainEntityOfPage":{"@id":"https:\/\/canal7slp.tv\/2023\/balacera-fuera-de-terminal-1-del-aicm-dos-policias-heridos-y-un-sujeto-detenido\/"},"wordCount":162,"publisher":{"@id":"https:\/\/canal7slp.tv\/2023\/#organization"},"image":{"@id":"https:\/\/canal7slp.tv\/2023\/balacera-fuera-de-terminal-1-del-aicm-dos-policias-heridos-y-un-sujeto-detenido\/#primaryimage"},"thumbnailUrl":"https:\/\/canal7slp.tv\/2023\/wp-content\/uploads\/2023\/09\/balacera.jpg","articleSection":["NACIONALES"],"inLanguage":"es"},{"@type":"WebPage","@id":"https:\/\/canal7slp.tv\/2023\/balacera-fuera-de-terminal-1-del-aicm-dos-policias-heridos-y-un-sujeto-detenido\/","url":"https:\/\/canal7slp.tv\/2023\/balacera-fuera-de-terminal-1-del-aicm-dos-policias-heridos-y-un-sujeto-detenido\/","name":"Balacera fuera de Terminal 1 del AICM; dos polic\u00edas heridos y un sujeto detenido - Canal 7 SLP - 2023","isPartOf":{"@id":"https:\/\/canal7slp.tv\/2023\/#website"},"primaryImageOfPage":{"@id":"https:\/\/canal7slp.tv\/2023\/balacera-fuera-de-terminal-1-del-aicm-dos-policias-heridos-y-un-sujeto-detenido\/#primaryimage"},"image":{"@id":"https:\/\/canal7slp.tv\/2023\/balacera-fuera-de-terminal-1-del-aicm-dos-policias-heridos-y-un-sujeto-detenido\/#primaryimage"},"thumbnailUrl":"https:\/\/canal7slp.tv\/2023\/wp-content\/uploads\/2023\/09\/balacera.jpg","datePublished":"2023-09-13T00:04:12+00:00","breadcrumb":{"@id":"https:\/\/canal7slp.tv\/2023\/balacera-fuera-de-terminal-1-del-aicm-dos-policias-heridos-y-un-sujeto-detenido\/#breadcrumb"},"inLanguage":"es","potentialAction":[{"@type":"ReadAction","target":["https:\/\/canal7slp.tv\/2023\/balacera-fuera-de-terminal-1-del-aicm-dos-policias-heridos-y-un-sujeto-detenido\/"]}]},{"@type":"ImageObject","inLanguage":"es","@id":"https:\/\/canal7slp.tv\/2023\/balacera-fuera-de-terminal-1-del-aicm-dos-policias-heridos-y-un-sujeto-detenido\/#primaryimage","url":"https:\/\/canal7slp.tv\/2023\/wp-content\/uploads\/2023\/09\/balacera.jpg","contentUrl":"https:\/\/canal7slp.tv\/2023\/wp-content\/uploads\/2023\/09\/balacera.jpg","width":1152,"height":648},{"@type":"BreadcrumbList","@id":"https:\/\/canal7slp.tv\/2023\/balacera-fuera-de-terminal-1-del-aicm-dos-policias-heridos-y-un-sujeto-detenido\/#breadcrumb","itemListElement":[{"@type":"ListItem","position":1,"name":"Portada","item":"https:\/\/canal7slp.tv\/2023\/"},{"@type":"ListItem","position":2,"name":"Balacera fuera de Terminal 1 del AICM; dos polic\u00edas heridos y un sujeto detenido"}]},{"@type":"WebSite","@id":"https:\/\/canal7slp.tv\/2023\/#website","url":"https:\/\/canal7slp.tv\/2023\/","name":"N7 - Noticieros Canal 7","description":"Somos Televisi\u00f3n","publisher":{"@id":"https:\/\/canal7slp.tv\/2023\/#organization"},"potentialAction":[{"@type":"SearchAction","target":{"@type":"EntryPoint","urlTemplate":"https:\/\/canal7slp.tv\/2023\/?s={search_term_string}"},"query-input":{"@type":"PropertyValueSpecification","valueRequired":true,"valueName":"search_term_string"}}],"inLanguage":"es"},{"@type":"Organization","@id":"https:\/\/canal7slp.tv\/2023\/#organization","name":"Noticieros Canal 7","url":"https:\/\/canal7slp.tv\/2023\/","logo":{"@type":"ImageObject","inLanguage":"es","@id":"https:\/\/canal7slp.tv\/2023\/#\/schema\/logo\/image\/","url":"https:\/\/canal7slp.tv\/2023\/wp-content\/uploads\/2021\/01\/logo-noticieros@2x.png","contentUrl":"https:\/\/canal7slp.tv\/2023\/wp-content\/uploads\/2021\/01\/logo-noticieros@2x.png","width":1017,"height":268,"caption":"Noticieros Canal 7"},"image":{"@id":"https:\/\/canal7slp.tv\/2023\/#\/schema\/logo\/image\/"},"sameAs":["https:\/\/www.facebook.com\/noticieroscanalsiete","https:\/\/x.com\/NOTICIEROS7","https:\/\/www.instagram.com\/canal7_slp","https:\/\/www.youtube.com\/channel\/UCliiYs-gP3JfJeqdPrNdd5A"]},{"@type":"Person","@id":"https:\/\/canal7slp.tv\/2023\/#\/schema\/person\/639c424e3584069003b11ae813915da6","name":"Edici\u00f3n Web","image":{"@type":"ImageObject","inLanguage":"es","@id":"https:\/\/secure.gravatar.com\/avatar\/eee448fc3f7164808013b816ba91ac7e43bbe82a70bebac296f8bc6f0addaa1a?s=96&d=mm&r=g","url":"https:\/\/secure.gravatar.com\/avatar\/eee448fc3f7164808013b816ba91ac7e43bbe82a70bebac296f8bc6f0addaa1a?s=96&d=mm&r=g","contentUrl":"https:\/\/secure.gravatar.com\/avatar\/eee448fc3f7164808013b816ba91ac7e43bbe82a70bebac296f8bc6f0addaa1a?s=96&d=mm&r=g","caption":"Edici\u00f3n Web"},"url":"https:\/\/canal7slp.tv\/2023\/author\/edicionweb\/"}]}},"_links":{"self":[{"href":"https:\/\/canal7slp.tv\/2023\/wp-json\/wp\/v2\/posts\/107178","targetHints":{"allow":["GET"]}}],"collection":[{"href":"https:\/\/canal7slp.tv\/2023\/wp-json\/wp\/v2\/posts"}],"about":[{"href":"https:\/\/canal7slp.tv\/2023\/wp-json\/wp\/v2\/types\/post"}],"author":[{"embeddable":true,"href":"https:\/\/canal7slp.tv\/2023\/wp-json\/wp\/v2\/users\/2"}],"replies":[{"embeddable":true,"href":"https:\/\/canal7slp.tv\/2023\/wp-json\/wp\/v2\/comments?post=107178"}],"version-history":[{"count":1,"href":"https:\/\/canal7slp.tv\/2023\/wp-json\/wp\/v2\/posts\/107178\/revisions"}],"predecessor-version":[{"id":107204,"href":"https:\/\/canal7slp.tv\/2023\/wp-json\/wp\/v2\/posts\/107178\/revisions\/107204"}],"wp:featuredmedia":[{"embeddable":true,"href":"https:\/\/canal7slp.tv\/2023\/wp-json\/wp\/v2\/media\/107203"}],"wp:attachment":[{"href":"https:\/\/canal7slp.tv\/2023\/wp-json\/wp\/v2\/media?parent=107178"}],"wp:term":[{"taxonomy":"category","embeddable":true,"href":"https:\/\/canal7slp.tv\/2023\/wp-json\/wp\/v2\/categories?post=107178"},{"taxonomy":"post_tag","embeddable":true,"href":"https:\/\/canal7slp.tv\/2023\/wp-json\/wp\/v2\/tags?post=107178"}],"curies":[{"name":"wp","href":"https:\/\/api.w.org\/{rel}","templated":true}]}}