{"id":106192,"date":"2023-09-02T13:34:54","date_gmt":"2023-09-02T19:34:54","guid":{"rendered":"https:\/\/canal7slp.tv\/2023\/?p=106192"},"modified":"2023-09-04T14:31:57","modified_gmt":"2023-09-04T20:31:57","slug":"fiscal-de-morelos-ya-se-iba-del-reclusorio-sur-cuando-lo-volvieron-a-aprehender","status":"publish","type":"post","link":"https:\/\/canal7slp.tv\/2023\/fiscal-de-morelos-ya-se-iba-del-reclusorio-sur-cuando-lo-volvieron-a-aprehender\/","title":{"rendered":"Fiscal de Morelos ya se iba del Reclusorio Sur cuando lo volvieron a aprehender"},"content":{"rendered":"<p style=\"text-align: justify;\">Ciudad de M\u00e9xico.- El fiscal de Morelos, Uriel Carmona fue detenido nuevamente por elementos de la Fiscal\u00eda General de Justicia de la Ciudad de M\u00e9xico. En esta ocasi\u00f3n, se le acusa de su probable participaci\u00f3n en el delito de encubrimiento por favorecimiento.<\/p>\n<p style=\"text-align: justify;\">La detenci\u00f3n tuvo lugar en las inmediaciones del Reclusorio Preventivo Varonil Sur durante la noche del viernes. Cabe se\u00f1alar que Carmona hab\u00eda sido liberado minutos antes cuando fue notificado sobre la orden de aprehensi\u00f3n en su contra.<\/p>\n<p style=\"text-align: justify;\">La nueva orden de aprehensi\u00f3n fue cumplimentada por agentes de la Polic\u00eda de Investigaci\u00f3n. Carmona fue trasladado para su certificaci\u00f3n m\u00e9dica y posteriormente ser\u00e1 puesto a disposici\u00f3n del juez de control.<\/p>\n<p style=\"text-align: justify;\">Seg\u00fan las investigaciones, Carmona habr\u00eda actuado como enlace y habr\u00eda obstaculizado la entrega de informaci\u00f3n requerida en un caso de feminicidio. Esta detenci\u00f3n se suma a las investigaciones previas en las que se le acusa de entorpecer la procuraci\u00f3n de justicia.<\/p>\n","protected":false},"excerpt":{"rendered":"<p>Ciudad de M\u00e9xico.- El fiscal de Morelos, Uriel Carmona fue detenido nuevamente por elementos de la Fiscal\u00eda General de Justicia de la Ciudad de M\u00e9xico. En esta ocasi\u00f3n, se le acusa de su probable participaci\u00f3n en el delito de encubrimiento por favorecimiento. La detenci\u00f3n tuvo lugar en las inmediaciones del Reclusorio Preventivo Varonil Sur durante la noche del viernes. Cabe se\u00f1alar que Carmona hab\u00eda sido liberado minutos antes cuando fue notificado sobre la orden de aprehensi\u00f3n en su contra. La nueva orden de aprehensi\u00f3n fue cumplimentada por agentes de la Polic\u00eda de Investigaci\u00f3n. Carmona fue trasladado para su certificaci\u00f3n m\u00e9dica [&hellip;]<\/p>\n","protected":false},"author":2,"featured_media":106209,"comment_status":"closed","ping_status":"closed","sticky":false,"template":"","format":"standard","meta":{"footnotes":""},"categories":[46],"tags":[],"class_list":["post-106192","post","type-post","status-publish","format-standard","has-post-thumbnail","hentry","category-nacional","post--single"],"yoast_head":"<!-- This site is optimized with the Yoast SEO plugin v27.5 - https:\/\/yoast.com\/product\/yoast-seo-wordpress\/ -->\n<title>Fiscal de Morelos ya se iba del Reclusorio Sur cuando lo volvieron a aprehender - Canal 7 SLP - 2023<\/title>\n<meta name=\"robots\" content=\"index, follow, max-snippet:-1, max-image-preview:large, max-video-preview:-1\" \/>\n<link rel=\"canonical\" href=\"https:\/\/canal7slp.tv\/2023\/fiscal-de-morelos-ya-se-iba-del-reclusorio-sur-cuando-lo-volvieron-a-aprehender\/\" \/>\n<meta property=\"og:locale\" content=\"es_ES\" \/>\n<meta property=\"og:type\" content=\"article\" \/>\n<meta property=\"og:title\" content=\"Fiscal de Morelos ya se iba del Reclusorio Sur cuando lo volvieron a aprehender - Canal 7 SLP - 2023\" \/>\n<meta property=\"og:description\" content=\"Ciudad de M\u00e9xico.- El fiscal de Morelos, Uriel Carmona fue detenido nuevamente por elementos de la Fiscal\u00eda General de Justicia de la Ciudad de M\u00e9xico. En esta ocasi\u00f3n, se le acusa de su probable participaci\u00f3n en el delito de encubrimiento por favorecimiento. La detenci\u00f3n tuvo lugar en las inmediaciones del Reclusorio Preventivo Varonil Sur durante la noche del viernes. Cabe se\u00f1alar que Carmona hab\u00eda sido liberado minutos antes cuando fue notificado sobre la orden de aprehensi\u00f3n en su contra. La nueva orden de aprehensi\u00f3n fue cumplimentada por agentes de la Polic\u00eda de Investigaci\u00f3n. Carmona fue trasladado para su certificaci\u00f3n m\u00e9dica [&hellip;]\" \/>\n<meta property=\"og:url\" content=\"https:\/\/canal7slp.tv\/2023\/fiscal-de-morelos-ya-se-iba-del-reclusorio-sur-cuando-lo-volvieron-a-aprehender\/\" \/>\n<meta property=\"og:site_name\" content=\"Canal 7 SLP - 2023\" \/>\n<meta property=\"article:publisher\" content=\"https:\/\/www.facebook.com\/noticieroscanalsiete\" \/>\n<meta property=\"article:published_time\" content=\"2023-09-02T19:34:54+00:00\" \/>\n<meta property=\"article:modified_time\" content=\"2023-09-04T20:31:57+00:00\" \/>\n<meta property=\"og:image\" content=\"https:\/\/canal7slp.tv\/2023\/wp-content\/uploads\/2023\/09\/04-1.jpg\" \/>\n\t<meta property=\"og:image:width\" content=\"1920\" \/>\n\t<meta property=\"og:image:height\" content=\"1474\" \/>\n\t<meta property=\"og:image:type\" content=\"image\/jpeg\" \/>\n<meta name=\"author\" content=\"Edici\u00f3n Web\" \/>\n<meta name=\"twitter:card\" content=\"summary_large_image\" \/>\n<meta name=\"twitter:creator\" content=\"@NOTICIEROS7\" \/>\n<meta name=\"twitter:site\" content=\"@NOTICIEROS7\" \/>\n<meta name=\"twitter:label1\" content=\"Escrito por\" \/>\n\t<meta name=\"twitter:data1\" content=\"Edici\u00f3n Web\" \/>\n\t<meta name=\"twitter:label2\" content=\"Tiempo de lectura\" \/>\n\t<meta name=\"twitter:data2\" content=\"1 minuto\" \/>\n<script type=\"application\/ld+json\" class=\"yoast-schema-graph\">{\"@context\":\"https:\\\/\\\/schema.org\",\"@graph\":[{\"@type\":\"Article\",\"@id\":\"https:\\\/\\\/canal7slp.tv\\\/2023\\\/fiscal-de-morelos-ya-se-iba-del-reclusorio-sur-cuando-lo-volvieron-a-aprehender\\\/#article\",\"isPartOf\":{\"@id\":\"https:\\\/\\\/canal7slp.tv\\\/2023\\\/fiscal-de-morelos-ya-se-iba-del-reclusorio-sur-cuando-lo-volvieron-a-aprehender\\\/\"},\"author\":{\"name\":\"Edici\u00f3n Web\",\"@id\":\"https:\\\/\\\/canal7slp.tv\\\/2023\\\/#\\\/schema\\\/person\\\/639c424e3584069003b11ae813915da6\"},\"headline\":\"Fiscal de Morelos ya se iba del Reclusorio Sur cuando lo volvieron a aprehender\",\"datePublished\":\"2023-09-02T19:34:54+00:00\",\"dateModified\":\"2023-09-04T20:31:57+00:00\",\"mainEntityOfPage\":{\"@id\":\"https:\\\/\\\/canal7slp.tv\\\/2023\\\/fiscal-de-morelos-ya-se-iba-del-reclusorio-sur-cuando-lo-volvieron-a-aprehender\\\/\"},\"wordCount\":187,\"publisher\":{\"@id\":\"https:\\\/\\\/canal7slp.tv\\\/2023\\\/#organization\"},\"image\":{\"@id\":\"https:\\\/\\\/canal7slp.tv\\\/2023\\\/fiscal-de-morelos-ya-se-iba-del-reclusorio-sur-cuando-lo-volvieron-a-aprehender\\\/#primaryimage\"},\"thumbnailUrl\":\"https:\\\/\\\/canal7slp.tv\\\/2023\\\/wp-content\\\/uploads\\\/2023\\\/09\\\/04-1.jpg\",\"articleSection\":[\"NACIONALES\"],\"inLanguage\":\"es\"},{\"@type\":\"WebPage\",\"@id\":\"https:\\\/\\\/canal7slp.tv\\\/2023\\\/fiscal-de-morelos-ya-se-iba-del-reclusorio-sur-cuando-lo-volvieron-a-aprehender\\\/\",\"url\":\"https:\\\/\\\/canal7slp.tv\\\/2023\\\/fiscal-de-morelos-ya-se-iba-del-reclusorio-sur-cuando-lo-volvieron-a-aprehender\\\/\",\"name\":\"Fiscal de Morelos ya se iba del Reclusorio Sur cuando lo volvieron a aprehender - Canal 7 SLP - 2023\",\"isPartOf\":{\"@id\":\"https:\\\/\\\/canal7slp.tv\\\/2023\\\/#website\"},\"primaryImageOfPage\":{\"@id\":\"https:\\\/\\\/canal7slp.tv\\\/2023\\\/fiscal-de-morelos-ya-se-iba-del-reclusorio-sur-cuando-lo-volvieron-a-aprehender\\\/#primaryimage\"},\"image\":{\"@id\":\"https:\\\/\\\/canal7slp.tv\\\/2023\\\/fiscal-de-morelos-ya-se-iba-del-reclusorio-sur-cuando-lo-volvieron-a-aprehender\\\/#primaryimage\"},\"thumbnailUrl\":\"https:\\\/\\\/canal7slp.tv\\\/2023\\\/wp-content\\\/uploads\\\/2023\\\/09\\\/04-1.jpg\",\"datePublished\":\"2023-09-02T19:34:54+00:00\",\"dateModified\":\"2023-09-04T20:31:57+00:00\",\"breadcrumb\":{\"@id\":\"https:\\\/\\\/canal7slp.tv\\\/2023\\\/fiscal-de-morelos-ya-se-iba-del-reclusorio-sur-cuando-lo-volvieron-a-aprehender\\\/#breadcrumb\"},\"inLanguage\":\"es\",\"potentialAction\":[{\"@type\":\"ReadAction\",\"target\":[\"https:\\\/\\\/canal7slp.tv\\\/2023\\\/fiscal-de-morelos-ya-se-iba-del-reclusorio-sur-cuando-lo-volvieron-a-aprehender\\\/\"]}]},{\"@type\":\"ImageObject\",\"inLanguage\":\"es\",\"@id\":\"https:\\\/\\\/canal7slp.tv\\\/2023\\\/fiscal-de-morelos-ya-se-iba-del-reclusorio-sur-cuando-lo-volvieron-a-aprehender\\\/#primaryimage\",\"url\":\"https:\\\/\\\/canal7slp.tv\\\/2023\\\/wp-content\\\/uploads\\\/2023\\\/09\\\/04-1.jpg\",\"contentUrl\":\"https:\\\/\\\/canal7slp.tv\\\/2023\\\/wp-content\\\/uploads\\\/2023\\\/09\\\/04-1.jpg\",\"width\":1920,\"height\":1474,\"caption\":\"CIUDAD DE M\u00c9XICO, 04AGOSTO2023.- En un operativo por parte de la Fiscal\u00eda General de Justicia de la Ciudad de M\u00e9xico, la Secretar\u00eda de Marina y la Polic\u00eda de Investigaci\u00f3n (PDI) se realiz\u00f3 el traslado de Uriel \u201cN\u201d, fiscal general del estado de Morelos, acusado de delitos Cometidos contra la Procuraci\u00f3n y Administraci\u00f3n de Justicia. FOTO: ESPECIAL\\\/CUARTOSCURO.COM\"},{\"@type\":\"BreadcrumbList\",\"@id\":\"https:\\\/\\\/canal7slp.tv\\\/2023\\\/fiscal-de-morelos-ya-se-iba-del-reclusorio-sur-cuando-lo-volvieron-a-aprehender\\\/#breadcrumb\",\"itemListElement\":[{\"@type\":\"ListItem\",\"position\":1,\"name\":\"Portada\",\"item\":\"https:\\\/\\\/canal7slp.tv\\\/2023\\\/\"},{\"@type\":\"ListItem\",\"position\":2,\"name\":\"Fiscal de Morelos ya se iba del Reclusorio Sur cuando lo volvieron a aprehender\"}]},{\"@type\":\"WebSite\",\"@id\":\"https:\\\/\\\/canal7slp.tv\\\/2023\\\/#website\",\"url\":\"https:\\\/\\\/canal7slp.tv\\\/2023\\\/\",\"name\":\"N7 - Noticieros Canal 7\",\"description\":\"Somos Televisi\u00f3n\",\"publisher\":{\"@id\":\"https:\\\/\\\/canal7slp.tv\\\/2023\\\/#organization\"},\"potentialAction\":[{\"@type\":\"SearchAction\",\"target\":{\"@type\":\"EntryPoint\",\"urlTemplate\":\"https:\\\/\\\/canal7slp.tv\\\/2023\\\/?s={search_term_string}\"},\"query-input\":{\"@type\":\"PropertyValueSpecification\",\"valueRequired\":true,\"valueName\":\"search_term_string\"}}],\"inLanguage\":\"es\"},{\"@type\":\"Organization\",\"@id\":\"https:\\\/\\\/canal7slp.tv\\\/2023\\\/#organization\",\"name\":\"Noticieros Canal 7\",\"url\":\"https:\\\/\\\/canal7slp.tv\\\/2023\\\/\",\"logo\":{\"@type\":\"ImageObject\",\"inLanguage\":\"es\",\"@id\":\"https:\\\/\\\/canal7slp.tv\\\/2023\\\/#\\\/schema\\\/logo\\\/image\\\/\",\"url\":\"https:\\\/\\\/canal7slp.tv\\\/2023\\\/wp-content\\\/uploads\\\/2021\\\/01\\\/logo-noticieros@2x.png\",\"contentUrl\":\"https:\\\/\\\/canal7slp.tv\\\/2023\\\/wp-content\\\/uploads\\\/2021\\\/01\\\/logo-noticieros@2x.png\",\"width\":1017,\"height\":268,\"caption\":\"Noticieros Canal 7\"},\"image\":{\"@id\":\"https:\\\/\\\/canal7slp.tv\\\/2023\\\/#\\\/schema\\\/logo\\\/image\\\/\"},\"sameAs\":[\"https:\\\/\\\/www.facebook.com\\\/noticieroscanalsiete\",\"https:\\\/\\\/x.com\\\/NOTICIEROS7\",\"https:\\\/\\\/www.instagram.com\\\/canal7_slp\",\"https:\\\/\\\/www.youtube.com\\\/channel\\\/UCliiYs-gP3JfJeqdPrNdd5A\"]},{\"@type\":\"Person\",\"@id\":\"https:\\\/\\\/canal7slp.tv\\\/2023\\\/#\\\/schema\\\/person\\\/639c424e3584069003b11ae813915da6\",\"name\":\"Edici\u00f3n Web\",\"image\":{\"@type\":\"ImageObject\",\"inLanguage\":\"es\",\"@id\":\"https:\\\/\\\/secure.gravatar.com\\\/avatar\\\/eee448fc3f7164808013b816ba91ac7e43bbe82a70bebac296f8bc6f0addaa1a?s=96&d=mm&r=g\",\"url\":\"https:\\\/\\\/secure.gravatar.com\\\/avatar\\\/eee448fc3f7164808013b816ba91ac7e43bbe82a70bebac296f8bc6f0addaa1a?s=96&d=mm&r=g\",\"contentUrl\":\"https:\\\/\\\/secure.gravatar.com\\\/avatar\\\/eee448fc3f7164808013b816ba91ac7e43bbe82a70bebac296f8bc6f0addaa1a?s=96&d=mm&r=g\",\"caption\":\"Edici\u00f3n Web\"},\"url\":\"https:\\\/\\\/canal7slp.tv\\\/2023\\\/author\\\/edicionweb\\\/\"}]}<\/script>\n<!-- \/ Yoast SEO plugin. -->","yoast_head_json":{"title":"Fiscal de Morelos ya se iba del Reclusorio Sur cuando lo volvieron a aprehender - Canal 7 SLP - 2023","robots":{"index":"index","follow":"follow","max-snippet":"max-snippet:-1","max-image-preview":"max-image-preview:large","max-video-preview":"max-video-preview:-1"},"canonical":"https:\/\/canal7slp.tv\/2023\/fiscal-de-morelos-ya-se-iba-del-reclusorio-sur-cuando-lo-volvieron-a-aprehender\/","og_locale":"es_ES","og_type":"article","og_title":"Fiscal de Morelos ya se iba del Reclusorio Sur cuando lo volvieron a aprehender - Canal 7 SLP - 2023","og_description":"Ciudad de M\u00e9xico.- El fiscal de Morelos, Uriel Carmona fue detenido nuevamente por elementos de la Fiscal\u00eda General de Justicia de la Ciudad de M\u00e9xico. En esta ocasi\u00f3n, se le acusa de su probable participaci\u00f3n en el delito de encubrimiento por favorecimiento. La detenci\u00f3n tuvo lugar en las inmediaciones del Reclusorio Preventivo Varonil Sur durante la noche del viernes. Cabe se\u00f1alar que Carmona hab\u00eda sido liberado minutos antes cuando fue notificado sobre la orden de aprehensi\u00f3n en su contra. La nueva orden de aprehensi\u00f3n fue cumplimentada por agentes de la Polic\u00eda de Investigaci\u00f3n. Carmona fue trasladado para su certificaci\u00f3n m\u00e9dica [&hellip;]","og_url":"https:\/\/canal7slp.tv\/2023\/fiscal-de-morelos-ya-se-iba-del-reclusorio-sur-cuando-lo-volvieron-a-aprehender\/","og_site_name":"Canal 7 SLP - 2023","article_publisher":"https:\/\/www.facebook.com\/noticieroscanalsiete","article_published_time":"2023-09-02T19:34:54+00:00","article_modified_time":"2023-09-04T20:31:57+00:00","og_image":[{"width":1920,"height":1474,"url":"https:\/\/canal7slp.tv\/2023\/wp-content\/uploads\/2023\/09\/04-1.jpg","type":"image\/jpeg"}],"author":"Edici\u00f3n Web","twitter_card":"summary_large_image","twitter_creator":"@NOTICIEROS7","twitter_site":"@NOTICIEROS7","twitter_misc":{"Escrito por":"Edici\u00f3n Web","Tiempo de lectura":"1 minuto"},"schema":{"@context":"https:\/\/schema.org","@graph":[{"@type":"Article","@id":"https:\/\/canal7slp.tv\/2023\/fiscal-de-morelos-ya-se-iba-del-reclusorio-sur-cuando-lo-volvieron-a-aprehender\/#article","isPartOf":{"@id":"https:\/\/canal7slp.tv\/2023\/fiscal-de-morelos-ya-se-iba-del-reclusorio-sur-cuando-lo-volvieron-a-aprehender\/"},"author":{"name":"Edici\u00f3n Web","@id":"https:\/\/canal7slp.tv\/2023\/#\/schema\/person\/639c424e3584069003b11ae813915da6"},"headline":"Fiscal de Morelos ya se iba del Reclusorio Sur cuando lo volvieron a aprehender","datePublished":"2023-09-02T19:34:54+00:00","dateModified":"2023-09-04T20:31:57+00:00","mainEntityOfPage":{"@id":"https:\/\/canal7slp.tv\/2023\/fiscal-de-morelos-ya-se-iba-del-reclusorio-sur-cuando-lo-volvieron-a-aprehender\/"},"wordCount":187,"publisher":{"@id":"https:\/\/canal7slp.tv\/2023\/#organization"},"image":{"@id":"https:\/\/canal7slp.tv\/2023\/fiscal-de-morelos-ya-se-iba-del-reclusorio-sur-cuando-lo-volvieron-a-aprehender\/#primaryimage"},"thumbnailUrl":"https:\/\/canal7slp.tv\/2023\/wp-content\/uploads\/2023\/09\/04-1.jpg","articleSection":["NACIONALES"],"inLanguage":"es"},{"@type":"WebPage","@id":"https:\/\/canal7slp.tv\/2023\/fiscal-de-morelos-ya-se-iba-del-reclusorio-sur-cuando-lo-volvieron-a-aprehender\/","url":"https:\/\/canal7slp.tv\/2023\/fiscal-de-morelos-ya-se-iba-del-reclusorio-sur-cuando-lo-volvieron-a-aprehender\/","name":"Fiscal de Morelos ya se iba del Reclusorio Sur cuando lo volvieron a aprehender - Canal 7 SLP - 2023","isPartOf":{"@id":"https:\/\/canal7slp.tv\/2023\/#website"},"primaryImageOfPage":{"@id":"https:\/\/canal7slp.tv\/2023\/fiscal-de-morelos-ya-se-iba-del-reclusorio-sur-cuando-lo-volvieron-a-aprehender\/#primaryimage"},"image":{"@id":"https:\/\/canal7slp.tv\/2023\/fiscal-de-morelos-ya-se-iba-del-reclusorio-sur-cuando-lo-volvieron-a-aprehender\/#primaryimage"},"thumbnailUrl":"https:\/\/canal7slp.tv\/2023\/wp-content\/uploads\/2023\/09\/04-1.jpg","datePublished":"2023-09-02T19:34:54+00:00","dateModified":"2023-09-04T20:31:57+00:00","breadcrumb":{"@id":"https:\/\/canal7slp.tv\/2023\/fiscal-de-morelos-ya-se-iba-del-reclusorio-sur-cuando-lo-volvieron-a-aprehender\/#breadcrumb"},"inLanguage":"es","potentialAction":[{"@type":"ReadAction","target":["https:\/\/canal7slp.tv\/2023\/fiscal-de-morelos-ya-se-iba-del-reclusorio-sur-cuando-lo-volvieron-a-aprehender\/"]}]},{"@type":"ImageObject","inLanguage":"es","@id":"https:\/\/canal7slp.tv\/2023\/fiscal-de-morelos-ya-se-iba-del-reclusorio-sur-cuando-lo-volvieron-a-aprehender\/#primaryimage","url":"https:\/\/canal7slp.tv\/2023\/wp-content\/uploads\/2023\/09\/04-1.jpg","contentUrl":"https:\/\/canal7slp.tv\/2023\/wp-content\/uploads\/2023\/09\/04-1.jpg","width":1920,"height":1474,"caption":"CIUDAD DE M\u00c9XICO, 04AGOSTO2023.- En un operativo por parte de la Fiscal\u00eda General de Justicia de la Ciudad de M\u00e9xico, la Secretar\u00eda de Marina y la Polic\u00eda de Investigaci\u00f3n (PDI) se realiz\u00f3 el traslado de Uriel \u201cN\u201d, fiscal general del estado de Morelos, acusado de delitos Cometidos contra la Procuraci\u00f3n y Administraci\u00f3n de Justicia. FOTO: ESPECIAL\/CUARTOSCURO.COM"},{"@type":"BreadcrumbList","@id":"https:\/\/canal7slp.tv\/2023\/fiscal-de-morelos-ya-se-iba-del-reclusorio-sur-cuando-lo-volvieron-a-aprehender\/#breadcrumb","itemListElement":[{"@type":"ListItem","position":1,"name":"Portada","item":"https:\/\/canal7slp.tv\/2023\/"},{"@type":"ListItem","position":2,"name":"Fiscal de Morelos ya se iba del Reclusorio Sur cuando lo volvieron a aprehender"}]},{"@type":"WebSite","@id":"https:\/\/canal7slp.tv\/2023\/#website","url":"https:\/\/canal7slp.tv\/2023\/","name":"N7 - Noticieros Canal 7","description":"Somos Televisi\u00f3n","publisher":{"@id":"https:\/\/canal7slp.tv\/2023\/#organization"},"potentialAction":[{"@type":"SearchAction","target":{"@type":"EntryPoint","urlTemplate":"https:\/\/canal7slp.tv\/2023\/?s={search_term_string}"},"query-input":{"@type":"PropertyValueSpecification","valueRequired":true,"valueName":"search_term_string"}}],"inLanguage":"es"},{"@type":"Organization","@id":"https:\/\/canal7slp.tv\/2023\/#organization","name":"Noticieros Canal 7","url":"https:\/\/canal7slp.tv\/2023\/","logo":{"@type":"ImageObject","inLanguage":"es","@id":"https:\/\/canal7slp.tv\/2023\/#\/schema\/logo\/image\/","url":"https:\/\/canal7slp.tv\/2023\/wp-content\/uploads\/2021\/01\/logo-noticieros@2x.png","contentUrl":"https:\/\/canal7slp.tv\/2023\/wp-content\/uploads\/2021\/01\/logo-noticieros@2x.png","width":1017,"height":268,"caption":"Noticieros Canal 7"},"image":{"@id":"https:\/\/canal7slp.tv\/2023\/#\/schema\/logo\/image\/"},"sameAs":["https:\/\/www.facebook.com\/noticieroscanalsiete","https:\/\/x.com\/NOTICIEROS7","https:\/\/www.instagram.com\/canal7_slp","https:\/\/www.youtube.com\/channel\/UCliiYs-gP3JfJeqdPrNdd5A"]},{"@type":"Person","@id":"https:\/\/canal7slp.tv\/2023\/#\/schema\/person\/639c424e3584069003b11ae813915da6","name":"Edici\u00f3n Web","image":{"@type":"ImageObject","inLanguage":"es","@id":"https:\/\/secure.gravatar.com\/avatar\/eee448fc3f7164808013b816ba91ac7e43bbe82a70bebac296f8bc6f0addaa1a?s=96&d=mm&r=g","url":"https:\/\/secure.gravatar.com\/avatar\/eee448fc3f7164808013b816ba91ac7e43bbe82a70bebac296f8bc6f0addaa1a?s=96&d=mm&r=g","contentUrl":"https:\/\/secure.gravatar.com\/avatar\/eee448fc3f7164808013b816ba91ac7e43bbe82a70bebac296f8bc6f0addaa1a?s=96&d=mm&r=g","caption":"Edici\u00f3n Web"},"url":"https:\/\/canal7slp.tv\/2023\/author\/edicionweb\/"}]}},"_links":{"self":[{"href":"https:\/\/canal7slp.tv\/2023\/wp-json\/wp\/v2\/posts\/106192","targetHints":{"allow":["GET"]}}],"collection":[{"href":"https:\/\/canal7slp.tv\/2023\/wp-json\/wp\/v2\/posts"}],"about":[{"href":"https:\/\/canal7slp.tv\/2023\/wp-json\/wp\/v2\/types\/post"}],"author":[{"embeddable":true,"href":"https:\/\/canal7slp.tv\/2023\/wp-json\/wp\/v2\/users\/2"}],"replies":[{"embeddable":true,"href":"https:\/\/canal7slp.tv\/2023\/wp-json\/wp\/v2\/comments?post=106192"}],"version-history":[{"count":3,"href":"https:\/\/canal7slp.tv\/2023\/wp-json\/wp\/v2\/posts\/106192\/revisions"}],"predecessor-version":[{"id":106344,"href":"https:\/\/canal7slp.tv\/2023\/wp-json\/wp\/v2\/posts\/106192\/revisions\/106344"}],"wp:featuredmedia":[{"embeddable":true,"href":"https:\/\/canal7slp.tv\/2023\/wp-json\/wp\/v2\/media\/106209"}],"wp:attachment":[{"href":"https:\/\/canal7slp.tv\/2023\/wp-json\/wp\/v2\/media?parent=106192"}],"wp:term":[{"taxonomy":"category","embeddable":true,"href":"https:\/\/canal7slp.tv\/2023\/wp-json\/wp\/v2\/categories?post=106192"},{"taxonomy":"post_tag","embeddable":true,"href":"https:\/\/canal7slp.tv\/2023\/wp-json\/wp\/v2\/tags?post=106192"}],"curies":[{"name":"wp","href":"https:\/\/api.w.org\/{rel}","templated":true}]}}