{"id":105649,"date":"2023-08-28T09:45:31","date_gmt":"2023-08-28T15:45:31","guid":{"rendered":"https:\/\/canal7slp.tv\/2023\/?p=105649"},"modified":"2023-08-28T09:45:31","modified_gmt":"2023-08-28T15:45:31","slug":"se-incendia-basurero-municipal-de-ahualulco","status":"publish","type":"post","link":"https:\/\/canal7slp.tv\/2023\/se-incendia-basurero-municipal-de-ahualulco\/","title":{"rendered":"Se incendia basurero municipal de Ahualulco"},"content":{"rendered":"<p style=\"text-align: justify;\">Ahualulco.-\u00a0Un incendio se report\u00f3 en el basurero municipal de Ahualulco del Sonido 13, ubicado en la comunidad de Arenal de Morelos.<\/p>\n<p style=\"text-align: justify;\">Al lugar arribaron elementos policiales y de Protecci\u00f3n Civil Municipal quienes por horas intentaron sofocar el siniestro, debido a que hab\u00eda alcanzado una gran magnitud, por lo que fue necesario esperar a que consumiera gran parte de los desechos para que pudiera ser controlado.<\/p>\n<p style=\"text-align: justify;\">De acuerdo a informaci\u00f3n extraoficial, el sobrecalentamiento de alg\u00fan pl\u00e1stico podr\u00eda haber originado el siniestro, aunque no descartaron la posibilidad de que fuera provocado.<\/p>\n<p style=\"text-align: justify;\">Cabe se\u00f1alar que en cuesti\u00f3n de d\u00edas, las autoridades de Ahualulco ya hab\u00edan sufrido un anterior incendio de alta magnitud luego de que un terreno bald\u00edo ubicado en la cabecera municipal prendiera en fuego, por lo que vecinos se unieron con cubetas para sofocarlo y que no se extendiera a los domicilios particulares.<\/p>\n<p style=\"text-align: justify;\">De manera oficial, el Ayuntamiento de Ahualulco no se ha pronunciado con respecto al incendio del basurero, a pesar de que si emiti\u00f3 un comunicado por el siniestro del terreno bald\u00edo.<\/p>\n<p style=\"text-align: justify;\">Por: Jes\u00fas Valencia<\/p>\n","protected":false},"excerpt":{"rendered":"<p>Ahualulco.-\u00a0Un incendio se report\u00f3 en el basurero municipal de Ahualulco del Sonido 13, ubicado en la comunidad de Arenal de Morelos. Al lugar arribaron elementos policiales y de Protecci\u00f3n Civil Municipal quienes por horas intentaron sofocar el siniestro, debido a que hab\u00eda alcanzado una gran magnitud, por lo que fue necesario esperar a que consumiera gran parte de los desechos para que pudiera ser controlado. De acuerdo a informaci\u00f3n extraoficial, el sobrecalentamiento de alg\u00fan pl\u00e1stico podr\u00eda haber originado el siniestro, aunque no descartaron la posibilidad de que fuera provocado. Cabe se\u00f1alar que en cuesti\u00f3n de d\u00edas, las autoridades de Ahualulco [&hellip;]<\/p>\n","protected":false},"author":2,"featured_media":105651,"comment_status":"closed","ping_status":"closed","sticky":false,"template":"","format":"video","meta":{"footnotes":""},"categories":[5,43],"tags":[],"class_list":["post-105649","post","type-post","status-publish","format-video","has-post-thumbnail","hentry","category-destacadas","category-interior","post_format-post-format-video","post--single"],"yoast_head":"<!-- This site is optimized with the Yoast SEO plugin v27.5 - https:\/\/yoast.com\/product\/yoast-seo-wordpress\/ -->\n<title>Se incendia basurero municipal de Ahualulco - Canal 7 SLP - 2023<\/title>\n<meta name=\"robots\" content=\"index, follow, max-snippet:-1, max-image-preview:large, max-video-preview:-1\" \/>\n<link rel=\"canonical\" href=\"https:\/\/canal7slp.tv\/2023\/se-incendia-basurero-municipal-de-ahualulco\/\" \/>\n<meta property=\"og:locale\" content=\"es_ES\" \/>\n<meta property=\"og:type\" content=\"article\" \/>\n<meta property=\"og:title\" content=\"Se incendia basurero municipal de Ahualulco - Canal 7 SLP - 2023\" \/>\n<meta property=\"og:description\" content=\"Ahualulco.-\u00a0Un incendio se report\u00f3 en el basurero municipal de Ahualulco del Sonido 13, ubicado en la comunidad de Arenal de Morelos. Al lugar arribaron elementos policiales y de Protecci\u00f3n Civil Municipal quienes por horas intentaron sofocar el siniestro, debido a que hab\u00eda alcanzado una gran magnitud, por lo que fue necesario esperar a que consumiera gran parte de los desechos para que pudiera ser controlado. De acuerdo a informaci\u00f3n extraoficial, el sobrecalentamiento de alg\u00fan pl\u00e1stico podr\u00eda haber originado el siniestro, aunque no descartaron la posibilidad de que fuera provocado. Cabe se\u00f1alar que en cuesti\u00f3n de d\u00edas, las autoridades de Ahualulco [&hellip;]\" \/>\n<meta property=\"og:url\" content=\"https:\/\/canal7slp.tv\/2023\/se-incendia-basurero-municipal-de-ahualulco\/\" \/>\n<meta property=\"og:site_name\" content=\"Canal 7 SLP - 2023\" \/>\n<meta property=\"article:publisher\" content=\"https:\/\/www.facebook.com\/noticieroscanalsiete\" \/>\n<meta property=\"article:published_time\" content=\"2023-08-28T15:45:31+00:00\" \/>\n<meta property=\"og:image\" content=\"https:\/\/canal7slp.tv\/2023\/wp-content\/uploads\/2023\/08\/Valencia01Incendio.jpg\" \/>\n\t<meta property=\"og:image:width\" content=\"848\" \/>\n\t<meta property=\"og:image:height\" content=\"480\" \/>\n\t<meta property=\"og:image:type\" content=\"image\/jpeg\" \/>\n<meta name=\"author\" content=\"Edici\u00f3n Web\" \/>\n<meta name=\"twitter:card\" content=\"summary_large_image\" \/>\n<meta name=\"twitter:creator\" content=\"@NOTICIEROS7\" \/>\n<meta name=\"twitter:site\" content=\"@NOTICIEROS7\" \/>\n<meta name=\"twitter:label1\" content=\"Escrito por\" \/>\n\t<meta name=\"twitter:data1\" content=\"Edici\u00f3n Web\" \/>\n\t<meta name=\"twitter:label2\" content=\"Tiempo de lectura\" \/>\n\t<meta name=\"twitter:data2\" content=\"1 minuto\" \/>\n<script type=\"application\/ld+json\" class=\"yoast-schema-graph\">{\"@context\":\"https:\\\/\\\/schema.org\",\"@graph\":[{\"@type\":\"Article\",\"@id\":\"https:\\\/\\\/canal7slp.tv\\\/2023\\\/se-incendia-basurero-municipal-de-ahualulco\\\/#article\",\"isPartOf\":{\"@id\":\"https:\\\/\\\/canal7slp.tv\\\/2023\\\/se-incendia-basurero-municipal-de-ahualulco\\\/\"},\"author\":{\"name\":\"Edici\u00f3n Web\",\"@id\":\"https:\\\/\\\/canal7slp.tv\\\/2023\\\/#\\\/schema\\\/person\\\/639c424e3584069003b11ae813915da6\"},\"headline\":\"Se incendia basurero municipal de Ahualulco\",\"datePublished\":\"2023-08-28T15:45:31+00:00\",\"mainEntityOfPage\":{\"@id\":\"https:\\\/\\\/canal7slp.tv\\\/2023\\\/se-incendia-basurero-municipal-de-ahualulco\\\/\"},\"wordCount\":196,\"publisher\":{\"@id\":\"https:\\\/\\\/canal7slp.tv\\\/2023\\\/#organization\"},\"image\":{\"@id\":\"https:\\\/\\\/canal7slp.tv\\\/2023\\\/se-incendia-basurero-municipal-de-ahualulco\\\/#primaryimage\"},\"thumbnailUrl\":\"https:\\\/\\\/canal7slp.tv\\\/2023\\\/wp-content\\\/uploads\\\/2023\\\/08\\\/Valencia01Incendio.jpg\",\"articleSection\":[\"DESTACADAS\",\"INTERIOR DEL ESTADO\"],\"inLanguage\":\"es\"},{\"@type\":\"WebPage\",\"@id\":\"https:\\\/\\\/canal7slp.tv\\\/2023\\\/se-incendia-basurero-municipal-de-ahualulco\\\/\",\"url\":\"https:\\\/\\\/canal7slp.tv\\\/2023\\\/se-incendia-basurero-municipal-de-ahualulco\\\/\",\"name\":\"Se incendia basurero municipal de Ahualulco - Canal 7 SLP - 2023\",\"isPartOf\":{\"@id\":\"https:\\\/\\\/canal7slp.tv\\\/2023\\\/#website\"},\"primaryImageOfPage\":{\"@id\":\"https:\\\/\\\/canal7slp.tv\\\/2023\\\/se-incendia-basurero-municipal-de-ahualulco\\\/#primaryimage\"},\"image\":{\"@id\":\"https:\\\/\\\/canal7slp.tv\\\/2023\\\/se-incendia-basurero-municipal-de-ahualulco\\\/#primaryimage\"},\"thumbnailUrl\":\"https:\\\/\\\/canal7slp.tv\\\/2023\\\/wp-content\\\/uploads\\\/2023\\\/08\\\/Valencia01Incendio.jpg\",\"datePublished\":\"2023-08-28T15:45:31+00:00\",\"breadcrumb\":{\"@id\":\"https:\\\/\\\/canal7slp.tv\\\/2023\\\/se-incendia-basurero-municipal-de-ahualulco\\\/#breadcrumb\"},\"inLanguage\":\"es\",\"potentialAction\":[{\"@type\":\"ReadAction\",\"target\":[\"https:\\\/\\\/canal7slp.tv\\\/2023\\\/se-incendia-basurero-municipal-de-ahualulco\\\/\"]}]},{\"@type\":\"ImageObject\",\"inLanguage\":\"es\",\"@id\":\"https:\\\/\\\/canal7slp.tv\\\/2023\\\/se-incendia-basurero-municipal-de-ahualulco\\\/#primaryimage\",\"url\":\"https:\\\/\\\/canal7slp.tv\\\/2023\\\/wp-content\\\/uploads\\\/2023\\\/08\\\/Valencia01Incendio.jpg\",\"contentUrl\":\"https:\\\/\\\/canal7slp.tv\\\/2023\\\/wp-content\\\/uploads\\\/2023\\\/08\\\/Valencia01Incendio.jpg\",\"width\":848,\"height\":480},{\"@type\":\"BreadcrumbList\",\"@id\":\"https:\\\/\\\/canal7slp.tv\\\/2023\\\/se-incendia-basurero-municipal-de-ahualulco\\\/#breadcrumb\",\"itemListElement\":[{\"@type\":\"ListItem\",\"position\":1,\"name\":\"Portada\",\"item\":\"https:\\\/\\\/canal7slp.tv\\\/2023\\\/\"},{\"@type\":\"ListItem\",\"position\":2,\"name\":\"Se incendia basurero municipal de Ahualulco\"}]},{\"@type\":\"WebSite\",\"@id\":\"https:\\\/\\\/canal7slp.tv\\\/2023\\\/#website\",\"url\":\"https:\\\/\\\/canal7slp.tv\\\/2023\\\/\",\"name\":\"N7 - Noticieros Canal 7\",\"description\":\"Somos Televisi\u00f3n\",\"publisher\":{\"@id\":\"https:\\\/\\\/canal7slp.tv\\\/2023\\\/#organization\"},\"potentialAction\":[{\"@type\":\"SearchAction\",\"target\":{\"@type\":\"EntryPoint\",\"urlTemplate\":\"https:\\\/\\\/canal7slp.tv\\\/2023\\\/?s={search_term_string}\"},\"query-input\":{\"@type\":\"PropertyValueSpecification\",\"valueRequired\":true,\"valueName\":\"search_term_string\"}}],\"inLanguage\":\"es\"},{\"@type\":\"Organization\",\"@id\":\"https:\\\/\\\/canal7slp.tv\\\/2023\\\/#organization\",\"name\":\"Noticieros Canal 7\",\"url\":\"https:\\\/\\\/canal7slp.tv\\\/2023\\\/\",\"logo\":{\"@type\":\"ImageObject\",\"inLanguage\":\"es\",\"@id\":\"https:\\\/\\\/canal7slp.tv\\\/2023\\\/#\\\/schema\\\/logo\\\/image\\\/\",\"url\":\"https:\\\/\\\/canal7slp.tv\\\/2023\\\/wp-content\\\/uploads\\\/2021\\\/01\\\/logo-noticieros@2x.png\",\"contentUrl\":\"https:\\\/\\\/canal7slp.tv\\\/2023\\\/wp-content\\\/uploads\\\/2021\\\/01\\\/logo-noticieros@2x.png\",\"width\":1017,\"height\":268,\"caption\":\"Noticieros Canal 7\"},\"image\":{\"@id\":\"https:\\\/\\\/canal7slp.tv\\\/2023\\\/#\\\/schema\\\/logo\\\/image\\\/\"},\"sameAs\":[\"https:\\\/\\\/www.facebook.com\\\/noticieroscanalsiete\",\"https:\\\/\\\/x.com\\\/NOTICIEROS7\",\"https:\\\/\\\/www.instagram.com\\\/canal7_slp\",\"https:\\\/\\\/www.youtube.com\\\/channel\\\/UCliiYs-gP3JfJeqdPrNdd5A\"]},{\"@type\":\"Person\",\"@id\":\"https:\\\/\\\/canal7slp.tv\\\/2023\\\/#\\\/schema\\\/person\\\/639c424e3584069003b11ae813915da6\",\"name\":\"Edici\u00f3n Web\",\"image\":{\"@type\":\"ImageObject\",\"inLanguage\":\"es\",\"@id\":\"https:\\\/\\\/secure.gravatar.com\\\/avatar\\\/eee448fc3f7164808013b816ba91ac7e43bbe82a70bebac296f8bc6f0addaa1a?s=96&d=mm&r=g\",\"url\":\"https:\\\/\\\/secure.gravatar.com\\\/avatar\\\/eee448fc3f7164808013b816ba91ac7e43bbe82a70bebac296f8bc6f0addaa1a?s=96&d=mm&r=g\",\"contentUrl\":\"https:\\\/\\\/secure.gravatar.com\\\/avatar\\\/eee448fc3f7164808013b816ba91ac7e43bbe82a70bebac296f8bc6f0addaa1a?s=96&d=mm&r=g\",\"caption\":\"Edici\u00f3n Web\"},\"url\":\"https:\\\/\\\/canal7slp.tv\\\/2023\\\/author\\\/edicionweb\\\/\"}]}<\/script>\n<!-- \/ Yoast SEO plugin. -->","yoast_head_json":{"title":"Se incendia basurero municipal de Ahualulco - Canal 7 SLP - 2023","robots":{"index":"index","follow":"follow","max-snippet":"max-snippet:-1","max-image-preview":"max-image-preview:large","max-video-preview":"max-video-preview:-1"},"canonical":"https:\/\/canal7slp.tv\/2023\/se-incendia-basurero-municipal-de-ahualulco\/","og_locale":"es_ES","og_type":"article","og_title":"Se incendia basurero municipal de Ahualulco - Canal 7 SLP - 2023","og_description":"Ahualulco.-\u00a0Un incendio se report\u00f3 en el basurero municipal de Ahualulco del Sonido 13, ubicado en la comunidad de Arenal de Morelos. Al lugar arribaron elementos policiales y de Protecci\u00f3n Civil Municipal quienes por horas intentaron sofocar el siniestro, debido a que hab\u00eda alcanzado una gran magnitud, por lo que fue necesario esperar a que consumiera gran parte de los desechos para que pudiera ser controlado. De acuerdo a informaci\u00f3n extraoficial, el sobrecalentamiento de alg\u00fan pl\u00e1stico podr\u00eda haber originado el siniestro, aunque no descartaron la posibilidad de que fuera provocado. Cabe se\u00f1alar que en cuesti\u00f3n de d\u00edas, las autoridades de Ahualulco [&hellip;]","og_url":"https:\/\/canal7slp.tv\/2023\/se-incendia-basurero-municipal-de-ahualulco\/","og_site_name":"Canal 7 SLP - 2023","article_publisher":"https:\/\/www.facebook.com\/noticieroscanalsiete","article_published_time":"2023-08-28T15:45:31+00:00","og_image":[{"width":848,"height":480,"url":"https:\/\/canal7slp.tv\/2023\/wp-content\/uploads\/2023\/08\/Valencia01Incendio.jpg","type":"image\/jpeg"}],"author":"Edici\u00f3n Web","twitter_card":"summary_large_image","twitter_creator":"@NOTICIEROS7","twitter_site":"@NOTICIEROS7","twitter_misc":{"Escrito por":"Edici\u00f3n Web","Tiempo de lectura":"1 minuto"},"schema":{"@context":"https:\/\/schema.org","@graph":[{"@type":"Article","@id":"https:\/\/canal7slp.tv\/2023\/se-incendia-basurero-municipal-de-ahualulco\/#article","isPartOf":{"@id":"https:\/\/canal7slp.tv\/2023\/se-incendia-basurero-municipal-de-ahualulco\/"},"author":{"name":"Edici\u00f3n Web","@id":"https:\/\/canal7slp.tv\/2023\/#\/schema\/person\/639c424e3584069003b11ae813915da6"},"headline":"Se incendia basurero municipal de Ahualulco","datePublished":"2023-08-28T15:45:31+00:00","mainEntityOfPage":{"@id":"https:\/\/canal7slp.tv\/2023\/se-incendia-basurero-municipal-de-ahualulco\/"},"wordCount":196,"publisher":{"@id":"https:\/\/canal7slp.tv\/2023\/#organization"},"image":{"@id":"https:\/\/canal7slp.tv\/2023\/se-incendia-basurero-municipal-de-ahualulco\/#primaryimage"},"thumbnailUrl":"https:\/\/canal7slp.tv\/2023\/wp-content\/uploads\/2023\/08\/Valencia01Incendio.jpg","articleSection":["DESTACADAS","INTERIOR DEL ESTADO"],"inLanguage":"es"},{"@type":"WebPage","@id":"https:\/\/canal7slp.tv\/2023\/se-incendia-basurero-municipal-de-ahualulco\/","url":"https:\/\/canal7slp.tv\/2023\/se-incendia-basurero-municipal-de-ahualulco\/","name":"Se incendia basurero municipal de Ahualulco - Canal 7 SLP - 2023","isPartOf":{"@id":"https:\/\/canal7slp.tv\/2023\/#website"},"primaryImageOfPage":{"@id":"https:\/\/canal7slp.tv\/2023\/se-incendia-basurero-municipal-de-ahualulco\/#primaryimage"},"image":{"@id":"https:\/\/canal7slp.tv\/2023\/se-incendia-basurero-municipal-de-ahualulco\/#primaryimage"},"thumbnailUrl":"https:\/\/canal7slp.tv\/2023\/wp-content\/uploads\/2023\/08\/Valencia01Incendio.jpg","datePublished":"2023-08-28T15:45:31+00:00","breadcrumb":{"@id":"https:\/\/canal7slp.tv\/2023\/se-incendia-basurero-municipal-de-ahualulco\/#breadcrumb"},"inLanguage":"es","potentialAction":[{"@type":"ReadAction","target":["https:\/\/canal7slp.tv\/2023\/se-incendia-basurero-municipal-de-ahualulco\/"]}]},{"@type":"ImageObject","inLanguage":"es","@id":"https:\/\/canal7slp.tv\/2023\/se-incendia-basurero-municipal-de-ahualulco\/#primaryimage","url":"https:\/\/canal7slp.tv\/2023\/wp-content\/uploads\/2023\/08\/Valencia01Incendio.jpg","contentUrl":"https:\/\/canal7slp.tv\/2023\/wp-content\/uploads\/2023\/08\/Valencia01Incendio.jpg","width":848,"height":480},{"@type":"BreadcrumbList","@id":"https:\/\/canal7slp.tv\/2023\/se-incendia-basurero-municipal-de-ahualulco\/#breadcrumb","itemListElement":[{"@type":"ListItem","position":1,"name":"Portada","item":"https:\/\/canal7slp.tv\/2023\/"},{"@type":"ListItem","position":2,"name":"Se incendia basurero municipal de Ahualulco"}]},{"@type":"WebSite","@id":"https:\/\/canal7slp.tv\/2023\/#website","url":"https:\/\/canal7slp.tv\/2023\/","name":"N7 - Noticieros Canal 7","description":"Somos Televisi\u00f3n","publisher":{"@id":"https:\/\/canal7slp.tv\/2023\/#organization"},"potentialAction":[{"@type":"SearchAction","target":{"@type":"EntryPoint","urlTemplate":"https:\/\/canal7slp.tv\/2023\/?s={search_term_string}"},"query-input":{"@type":"PropertyValueSpecification","valueRequired":true,"valueName":"search_term_string"}}],"inLanguage":"es"},{"@type":"Organization","@id":"https:\/\/canal7slp.tv\/2023\/#organization","name":"Noticieros Canal 7","url":"https:\/\/canal7slp.tv\/2023\/","logo":{"@type":"ImageObject","inLanguage":"es","@id":"https:\/\/canal7slp.tv\/2023\/#\/schema\/logo\/image\/","url":"https:\/\/canal7slp.tv\/2023\/wp-content\/uploads\/2021\/01\/logo-noticieros@2x.png","contentUrl":"https:\/\/canal7slp.tv\/2023\/wp-content\/uploads\/2021\/01\/logo-noticieros@2x.png","width":1017,"height":268,"caption":"Noticieros Canal 7"},"image":{"@id":"https:\/\/canal7slp.tv\/2023\/#\/schema\/logo\/image\/"},"sameAs":["https:\/\/www.facebook.com\/noticieroscanalsiete","https:\/\/x.com\/NOTICIEROS7","https:\/\/www.instagram.com\/canal7_slp","https:\/\/www.youtube.com\/channel\/UCliiYs-gP3JfJeqdPrNdd5A"]},{"@type":"Person","@id":"https:\/\/canal7slp.tv\/2023\/#\/schema\/person\/639c424e3584069003b11ae813915da6","name":"Edici\u00f3n Web","image":{"@type":"ImageObject","inLanguage":"es","@id":"https:\/\/secure.gravatar.com\/avatar\/eee448fc3f7164808013b816ba91ac7e43bbe82a70bebac296f8bc6f0addaa1a?s=96&d=mm&r=g","url":"https:\/\/secure.gravatar.com\/avatar\/eee448fc3f7164808013b816ba91ac7e43bbe82a70bebac296f8bc6f0addaa1a?s=96&d=mm&r=g","contentUrl":"https:\/\/secure.gravatar.com\/avatar\/eee448fc3f7164808013b816ba91ac7e43bbe82a70bebac296f8bc6f0addaa1a?s=96&d=mm&r=g","caption":"Edici\u00f3n Web"},"url":"https:\/\/canal7slp.tv\/2023\/author\/edicionweb\/"}]}},"_links":{"self":[{"href":"https:\/\/canal7slp.tv\/2023\/wp-json\/wp\/v2\/posts\/105649","targetHints":{"allow":["GET"]}}],"collection":[{"href":"https:\/\/canal7slp.tv\/2023\/wp-json\/wp\/v2\/posts"}],"about":[{"href":"https:\/\/canal7slp.tv\/2023\/wp-json\/wp\/v2\/types\/post"}],"author":[{"embeddable":true,"href":"https:\/\/canal7slp.tv\/2023\/wp-json\/wp\/v2\/users\/2"}],"replies":[{"embeddable":true,"href":"https:\/\/canal7slp.tv\/2023\/wp-json\/wp\/v2\/comments?post=105649"}],"version-history":[{"count":1,"href":"https:\/\/canal7slp.tv\/2023\/wp-json\/wp\/v2\/posts\/105649\/revisions"}],"predecessor-version":[{"id":105652,"href":"https:\/\/canal7slp.tv\/2023\/wp-json\/wp\/v2\/posts\/105649\/revisions\/105652"}],"wp:featuredmedia":[{"embeddable":true,"href":"https:\/\/canal7slp.tv\/2023\/wp-json\/wp\/v2\/media\/105651"}],"wp:attachment":[{"href":"https:\/\/canal7slp.tv\/2023\/wp-json\/wp\/v2\/media?parent=105649"}],"wp:term":[{"taxonomy":"category","embeddable":true,"href":"https:\/\/canal7slp.tv\/2023\/wp-json\/wp\/v2\/categories?post=105649"},{"taxonomy":"post_tag","embeddable":true,"href":"https:\/\/canal7slp.tv\/2023\/wp-json\/wp\/v2\/tags?post=105649"}],"curies":[{"name":"wp","href":"https:\/\/api.w.org\/{rel}","templated":true}]}}