{"id":103809,"date":"2023-08-09T16:07:52","date_gmt":"2023-08-09T22:07:52","guid":{"rendered":"https:\/\/canal7slp.tv\/2023\/?p=103809"},"modified":"2023-08-09T16:07:52","modified_gmt":"2023-08-09T22:07:52","slug":"pese-poca-respuesta-continuaran-talleres-de-regularizacion-este-periodo-vacacional","status":"publish","type":"post","link":"https:\/\/canal7slp.tv\/2023\/pese-poca-respuesta-continuaran-talleres-de-regularizacion-este-periodo-vacacional\/","title":{"rendered":"Pese poca respuesta, continuar\u00e1n talleres de regularizaci\u00f3n este per\u00edodo vacacional"},"content":{"rendered":"<p style=\"text-align: justify;\"><span style=\"font-size: 1.21429rem;\">SLP.- Al concluir el ciclo escolar 2022-2023 en este periodo vacacional ha sido poca la respuesta los Talleres de Regularizaci\u00f3n, para alumnos rezagados del nivel b\u00e1sico.<\/span><\/p>\n<p style=\"text-align: justify;\">As\u00ed lo inform\u00f3 el director de Educaci\u00f3n y Acci\u00f3n C\u00edvica del ayuntamiento soledense Jos\u00e9 Juan Castro Castillo al comentar que en estos cursos, se hace \u00e9nfasis en la materia de matem\u00e1ticas.<\/p>\n<p style=\"text-align: justify;\">El funcionario municipal inform\u00f3 que estos talleres de regularizaci\u00f3n estar\u00e1n vigentes durante el periodo vacacional en turnos matutino y vespertino.<\/p>\n<p style=\"text-align: justify;\">Al hacer un exhorto a padres de familia y alumnos de la importancia de estos talleres dijo tambi\u00e9n que los cursos de regularizaci\u00f3n ,contribuyen a abatir el rezago educativo, principalmente en el nivel secundaria.<\/p>\n<p>Por: Claudio Ibarra<\/p>\n","protected":false},"excerpt":{"rendered":"<p>SLP.- Al concluir el ciclo escolar 2022-2023 en este periodo vacacional ha sido poca la respuesta los Talleres de Regularizaci\u00f3n, para alumnos rezagados del nivel b\u00e1sico. As\u00ed lo inform\u00f3 el director de Educaci\u00f3n y Acci\u00f3n C\u00edvica del ayuntamiento soledense Jos\u00e9 Juan Castro Castillo al comentar que en estos cursos, se hace \u00e9nfasis en la materia de matem\u00e1ticas. El funcionario municipal inform\u00f3 que estos talleres de regularizaci\u00f3n estar\u00e1n vigentes durante el periodo vacacional en turnos matutino y vespertino. Al hacer un exhorto a padres de familia y alumnos de la importancia de estos talleres dijo tambi\u00e9n que los cursos de regularizaci\u00f3n [&hellip;]<\/p>\n","protected":false},"author":2,"featured_media":103819,"comment_status":"closed","ping_status":"closed","sticky":false,"template":"","format":"video","meta":{"footnotes":""},"categories":[5,45],"tags":[],"class_list":["post-103809","post","type-post","status-publish","format-video","has-post-thumbnail","hentry","category-destacadas","category-localesyregionales","post_format-post-format-video","post--single"],"yoast_head":"<!-- This site is optimized with the Yoast SEO plugin v27.4 - https:\/\/yoast.com\/product\/yoast-seo-wordpress\/ -->\n<title>Pese poca respuesta, continuar\u00e1n talleres de regularizaci\u00f3n este per\u00edodo vacacional - Canal 7 SLP - 2023<\/title>\n<meta name=\"robots\" content=\"index, follow, max-snippet:-1, max-image-preview:large, max-video-preview:-1\" \/>\n<link rel=\"canonical\" href=\"https:\/\/canal7slp.tv\/2023\/pese-poca-respuesta-continuaran-talleres-de-regularizacion-este-periodo-vacacional\/\" \/>\n<meta property=\"og:locale\" content=\"es_ES\" \/>\n<meta property=\"og:type\" content=\"article\" \/>\n<meta property=\"og:title\" content=\"Pese poca respuesta, continuar\u00e1n talleres de regularizaci\u00f3n este per\u00edodo vacacional - Canal 7 SLP - 2023\" \/>\n<meta property=\"og:description\" content=\"SLP.- Al concluir el ciclo escolar 2022-2023 en este periodo vacacional ha sido poca la respuesta los Talleres de Regularizaci\u00f3n, para alumnos rezagados del nivel b\u00e1sico. As\u00ed lo inform\u00f3 el director de Educaci\u00f3n y Acci\u00f3n C\u00edvica del ayuntamiento soledense Jos\u00e9 Juan Castro Castillo al comentar que en estos cursos, se hace \u00e9nfasis en la materia de matem\u00e1ticas. El funcionario municipal inform\u00f3 que estos talleres de regularizaci\u00f3n estar\u00e1n vigentes durante el periodo vacacional en turnos matutino y vespertino. Al hacer un exhorto a padres de familia y alumnos de la importancia de estos talleres dijo tambi\u00e9n que los cursos de regularizaci\u00f3n [&hellip;]\" \/>\n<meta property=\"og:url\" content=\"https:\/\/canal7slp.tv\/2023\/pese-poca-respuesta-continuaran-talleres-de-regularizacion-este-periodo-vacacional\/\" \/>\n<meta property=\"og:site_name\" content=\"Canal 7 SLP - 2023\" \/>\n<meta property=\"article:publisher\" content=\"https:\/\/www.facebook.com\/noticieroscanalsiete\" \/>\n<meta property=\"article:published_time\" content=\"2023-08-09T22:07:52+00:00\" \/>\n<meta property=\"og:image\" content=\"https:\/\/canal7slp.tv\/2023\/wp-content\/uploads\/2023\/08\/Claudio03Regularizacion.jpg\" \/>\n\t<meta property=\"og:image:width\" content=\"1280\" \/>\n\t<meta property=\"og:image:height\" content=\"720\" \/>\n\t<meta property=\"og:image:type\" content=\"image\/jpeg\" \/>\n<meta name=\"author\" content=\"Edici\u00f3n Web\" \/>\n<meta name=\"twitter:card\" content=\"summary_large_image\" \/>\n<meta name=\"twitter:creator\" content=\"@NOTICIEROS7\" \/>\n<meta name=\"twitter:site\" content=\"@NOTICIEROS7\" \/>\n<meta name=\"twitter:label1\" content=\"Escrito por\" \/>\n\t<meta name=\"twitter:data1\" content=\"Edici\u00f3n Web\" \/>\n\t<meta name=\"twitter:label2\" content=\"Tiempo de lectura\" \/>\n\t<meta name=\"twitter:data2\" content=\"1 minuto\" \/>\n<script type=\"application\/ld+json\" class=\"yoast-schema-graph\">{\"@context\":\"https:\\\/\\\/schema.org\",\"@graph\":[{\"@type\":\"Article\",\"@id\":\"https:\\\/\\\/canal7slp.tv\\\/2023\\\/pese-poca-respuesta-continuaran-talleres-de-regularizacion-este-periodo-vacacional\\\/#article\",\"isPartOf\":{\"@id\":\"https:\\\/\\\/canal7slp.tv\\\/2023\\\/pese-poca-respuesta-continuaran-talleres-de-regularizacion-este-periodo-vacacional\\\/\"},\"author\":{\"name\":\"Edici\u00f3n Web\",\"@id\":\"https:\\\/\\\/canal7slp.tv\\\/2023\\\/#\\\/schema\\\/person\\\/639c424e3584069003b11ae813915da6\"},\"headline\":\"Pese poca respuesta, continuar\u00e1n talleres de regularizaci\u00f3n este per\u00edodo vacacional\",\"datePublished\":\"2023-08-09T22:07:52+00:00\",\"mainEntityOfPage\":{\"@id\":\"https:\\\/\\\/canal7slp.tv\\\/2023\\\/pese-poca-respuesta-continuaran-talleres-de-regularizacion-este-periodo-vacacional\\\/\"},\"wordCount\":138,\"publisher\":{\"@id\":\"https:\\\/\\\/canal7slp.tv\\\/2023\\\/#organization\"},\"image\":{\"@id\":\"https:\\\/\\\/canal7slp.tv\\\/2023\\\/pese-poca-respuesta-continuaran-talleres-de-regularizacion-este-periodo-vacacional\\\/#primaryimage\"},\"thumbnailUrl\":\"https:\\\/\\\/canal7slp.tv\\\/2023\\\/wp-content\\\/uploads\\\/2023\\\/08\\\/Claudio03Regularizacion.jpg\",\"articleSection\":[\"DESTACADAS\",\"LOCALES Y REGIONALES\"],\"inLanguage\":\"es\"},{\"@type\":\"WebPage\",\"@id\":\"https:\\\/\\\/canal7slp.tv\\\/2023\\\/pese-poca-respuesta-continuaran-talleres-de-regularizacion-este-periodo-vacacional\\\/\",\"url\":\"https:\\\/\\\/canal7slp.tv\\\/2023\\\/pese-poca-respuesta-continuaran-talleres-de-regularizacion-este-periodo-vacacional\\\/\",\"name\":\"Pese poca respuesta, continuar\u00e1n talleres de regularizaci\u00f3n este per\u00edodo vacacional - Canal 7 SLP - 2023\",\"isPartOf\":{\"@id\":\"https:\\\/\\\/canal7slp.tv\\\/2023\\\/#website\"},\"primaryImageOfPage\":{\"@id\":\"https:\\\/\\\/canal7slp.tv\\\/2023\\\/pese-poca-respuesta-continuaran-talleres-de-regularizacion-este-periodo-vacacional\\\/#primaryimage\"},\"image\":{\"@id\":\"https:\\\/\\\/canal7slp.tv\\\/2023\\\/pese-poca-respuesta-continuaran-talleres-de-regularizacion-este-periodo-vacacional\\\/#primaryimage\"},\"thumbnailUrl\":\"https:\\\/\\\/canal7slp.tv\\\/2023\\\/wp-content\\\/uploads\\\/2023\\\/08\\\/Claudio03Regularizacion.jpg\",\"datePublished\":\"2023-08-09T22:07:52+00:00\",\"breadcrumb\":{\"@id\":\"https:\\\/\\\/canal7slp.tv\\\/2023\\\/pese-poca-respuesta-continuaran-talleres-de-regularizacion-este-periodo-vacacional\\\/#breadcrumb\"},\"inLanguage\":\"es\",\"potentialAction\":[{\"@type\":\"ReadAction\",\"target\":[\"https:\\\/\\\/canal7slp.tv\\\/2023\\\/pese-poca-respuesta-continuaran-talleres-de-regularizacion-este-periodo-vacacional\\\/\"]}]},{\"@type\":\"ImageObject\",\"inLanguage\":\"es\",\"@id\":\"https:\\\/\\\/canal7slp.tv\\\/2023\\\/pese-poca-respuesta-continuaran-talleres-de-regularizacion-este-periodo-vacacional\\\/#primaryimage\",\"url\":\"https:\\\/\\\/canal7slp.tv\\\/2023\\\/wp-content\\\/uploads\\\/2023\\\/08\\\/Claudio03Regularizacion.jpg\",\"contentUrl\":\"https:\\\/\\\/canal7slp.tv\\\/2023\\\/wp-content\\\/uploads\\\/2023\\\/08\\\/Claudio03Regularizacion.jpg\",\"width\":1280,\"height\":720},{\"@type\":\"BreadcrumbList\",\"@id\":\"https:\\\/\\\/canal7slp.tv\\\/2023\\\/pese-poca-respuesta-continuaran-talleres-de-regularizacion-este-periodo-vacacional\\\/#breadcrumb\",\"itemListElement\":[{\"@type\":\"ListItem\",\"position\":1,\"name\":\"Portada\",\"item\":\"https:\\\/\\\/canal7slp.tv\\\/2023\\\/\"},{\"@type\":\"ListItem\",\"position\":2,\"name\":\"Pese poca respuesta, continuar\u00e1n talleres de regularizaci\u00f3n este per\u00edodo vacacional\"}]},{\"@type\":\"WebSite\",\"@id\":\"https:\\\/\\\/canal7slp.tv\\\/2023\\\/#website\",\"url\":\"https:\\\/\\\/canal7slp.tv\\\/2023\\\/\",\"name\":\"N7 - Noticieros Canal 7\",\"description\":\"Somos Televisi\u00f3n\",\"publisher\":{\"@id\":\"https:\\\/\\\/canal7slp.tv\\\/2023\\\/#organization\"},\"potentialAction\":[{\"@type\":\"SearchAction\",\"target\":{\"@type\":\"EntryPoint\",\"urlTemplate\":\"https:\\\/\\\/canal7slp.tv\\\/2023\\\/?s={search_term_string}\"},\"query-input\":{\"@type\":\"PropertyValueSpecification\",\"valueRequired\":true,\"valueName\":\"search_term_string\"}}],\"inLanguage\":\"es\"},{\"@type\":\"Organization\",\"@id\":\"https:\\\/\\\/canal7slp.tv\\\/2023\\\/#organization\",\"name\":\"Noticieros Canal 7\",\"url\":\"https:\\\/\\\/canal7slp.tv\\\/2023\\\/\",\"logo\":{\"@type\":\"ImageObject\",\"inLanguage\":\"es\",\"@id\":\"https:\\\/\\\/canal7slp.tv\\\/2023\\\/#\\\/schema\\\/logo\\\/image\\\/\",\"url\":\"https:\\\/\\\/canal7slp.tv\\\/2023\\\/wp-content\\\/uploads\\\/2021\\\/01\\\/logo-noticieros@2x.png\",\"contentUrl\":\"https:\\\/\\\/canal7slp.tv\\\/2023\\\/wp-content\\\/uploads\\\/2021\\\/01\\\/logo-noticieros@2x.png\",\"width\":1017,\"height\":268,\"caption\":\"Noticieros Canal 7\"},\"image\":{\"@id\":\"https:\\\/\\\/canal7slp.tv\\\/2023\\\/#\\\/schema\\\/logo\\\/image\\\/\"},\"sameAs\":[\"https:\\\/\\\/www.facebook.com\\\/noticieroscanalsiete\",\"https:\\\/\\\/x.com\\\/NOTICIEROS7\",\"https:\\\/\\\/www.instagram.com\\\/canal7_slp\",\"https:\\\/\\\/www.youtube.com\\\/channel\\\/UCliiYs-gP3JfJeqdPrNdd5A\"]},{\"@type\":\"Person\",\"@id\":\"https:\\\/\\\/canal7slp.tv\\\/2023\\\/#\\\/schema\\\/person\\\/639c424e3584069003b11ae813915da6\",\"name\":\"Edici\u00f3n Web\",\"image\":{\"@type\":\"ImageObject\",\"inLanguage\":\"es\",\"@id\":\"https:\\\/\\\/secure.gravatar.com\\\/avatar\\\/eee448fc3f7164808013b816ba91ac7e43bbe82a70bebac296f8bc6f0addaa1a?s=96&d=mm&r=g\",\"url\":\"https:\\\/\\\/secure.gravatar.com\\\/avatar\\\/eee448fc3f7164808013b816ba91ac7e43bbe82a70bebac296f8bc6f0addaa1a?s=96&d=mm&r=g\",\"contentUrl\":\"https:\\\/\\\/secure.gravatar.com\\\/avatar\\\/eee448fc3f7164808013b816ba91ac7e43bbe82a70bebac296f8bc6f0addaa1a?s=96&d=mm&r=g\",\"caption\":\"Edici\u00f3n Web\"},\"url\":\"https:\\\/\\\/canal7slp.tv\\\/2023\\\/author\\\/edicionweb\\\/\"}]}<\/script>\n<!-- \/ Yoast SEO plugin. -->","yoast_head_json":{"title":"Pese poca respuesta, continuar\u00e1n talleres de regularizaci\u00f3n este per\u00edodo vacacional - Canal 7 SLP - 2023","robots":{"index":"index","follow":"follow","max-snippet":"max-snippet:-1","max-image-preview":"max-image-preview:large","max-video-preview":"max-video-preview:-1"},"canonical":"https:\/\/canal7slp.tv\/2023\/pese-poca-respuesta-continuaran-talleres-de-regularizacion-este-periodo-vacacional\/","og_locale":"es_ES","og_type":"article","og_title":"Pese poca respuesta, continuar\u00e1n talleres de regularizaci\u00f3n este per\u00edodo vacacional - Canal 7 SLP - 2023","og_description":"SLP.- Al concluir el ciclo escolar 2022-2023 en este periodo vacacional ha sido poca la respuesta los Talleres de Regularizaci\u00f3n, para alumnos rezagados del nivel b\u00e1sico. As\u00ed lo inform\u00f3 el director de Educaci\u00f3n y Acci\u00f3n C\u00edvica del ayuntamiento soledense Jos\u00e9 Juan Castro Castillo al comentar que en estos cursos, se hace \u00e9nfasis en la materia de matem\u00e1ticas. El funcionario municipal inform\u00f3 que estos talleres de regularizaci\u00f3n estar\u00e1n vigentes durante el periodo vacacional en turnos matutino y vespertino. Al hacer un exhorto a padres de familia y alumnos de la importancia de estos talleres dijo tambi\u00e9n que los cursos de regularizaci\u00f3n [&hellip;]","og_url":"https:\/\/canal7slp.tv\/2023\/pese-poca-respuesta-continuaran-talleres-de-regularizacion-este-periodo-vacacional\/","og_site_name":"Canal 7 SLP - 2023","article_publisher":"https:\/\/www.facebook.com\/noticieroscanalsiete","article_published_time":"2023-08-09T22:07:52+00:00","og_image":[{"width":1280,"height":720,"url":"https:\/\/canal7slp.tv\/2023\/wp-content\/uploads\/2023\/08\/Claudio03Regularizacion.jpg","type":"image\/jpeg"}],"author":"Edici\u00f3n Web","twitter_card":"summary_large_image","twitter_creator":"@NOTICIEROS7","twitter_site":"@NOTICIEROS7","twitter_misc":{"Escrito por":"Edici\u00f3n Web","Tiempo de lectura":"1 minuto"},"schema":{"@context":"https:\/\/schema.org","@graph":[{"@type":"Article","@id":"https:\/\/canal7slp.tv\/2023\/pese-poca-respuesta-continuaran-talleres-de-regularizacion-este-periodo-vacacional\/#article","isPartOf":{"@id":"https:\/\/canal7slp.tv\/2023\/pese-poca-respuesta-continuaran-talleres-de-regularizacion-este-periodo-vacacional\/"},"author":{"name":"Edici\u00f3n Web","@id":"https:\/\/canal7slp.tv\/2023\/#\/schema\/person\/639c424e3584069003b11ae813915da6"},"headline":"Pese poca respuesta, continuar\u00e1n talleres de regularizaci\u00f3n este per\u00edodo vacacional","datePublished":"2023-08-09T22:07:52+00:00","mainEntityOfPage":{"@id":"https:\/\/canal7slp.tv\/2023\/pese-poca-respuesta-continuaran-talleres-de-regularizacion-este-periodo-vacacional\/"},"wordCount":138,"publisher":{"@id":"https:\/\/canal7slp.tv\/2023\/#organization"},"image":{"@id":"https:\/\/canal7slp.tv\/2023\/pese-poca-respuesta-continuaran-talleres-de-regularizacion-este-periodo-vacacional\/#primaryimage"},"thumbnailUrl":"https:\/\/canal7slp.tv\/2023\/wp-content\/uploads\/2023\/08\/Claudio03Regularizacion.jpg","articleSection":["DESTACADAS","LOCALES Y REGIONALES"],"inLanguage":"es"},{"@type":"WebPage","@id":"https:\/\/canal7slp.tv\/2023\/pese-poca-respuesta-continuaran-talleres-de-regularizacion-este-periodo-vacacional\/","url":"https:\/\/canal7slp.tv\/2023\/pese-poca-respuesta-continuaran-talleres-de-regularizacion-este-periodo-vacacional\/","name":"Pese poca respuesta, continuar\u00e1n talleres de regularizaci\u00f3n este per\u00edodo vacacional - Canal 7 SLP - 2023","isPartOf":{"@id":"https:\/\/canal7slp.tv\/2023\/#website"},"primaryImageOfPage":{"@id":"https:\/\/canal7slp.tv\/2023\/pese-poca-respuesta-continuaran-talleres-de-regularizacion-este-periodo-vacacional\/#primaryimage"},"image":{"@id":"https:\/\/canal7slp.tv\/2023\/pese-poca-respuesta-continuaran-talleres-de-regularizacion-este-periodo-vacacional\/#primaryimage"},"thumbnailUrl":"https:\/\/canal7slp.tv\/2023\/wp-content\/uploads\/2023\/08\/Claudio03Regularizacion.jpg","datePublished":"2023-08-09T22:07:52+00:00","breadcrumb":{"@id":"https:\/\/canal7slp.tv\/2023\/pese-poca-respuesta-continuaran-talleres-de-regularizacion-este-periodo-vacacional\/#breadcrumb"},"inLanguage":"es","potentialAction":[{"@type":"ReadAction","target":["https:\/\/canal7slp.tv\/2023\/pese-poca-respuesta-continuaran-talleres-de-regularizacion-este-periodo-vacacional\/"]}]},{"@type":"ImageObject","inLanguage":"es","@id":"https:\/\/canal7slp.tv\/2023\/pese-poca-respuesta-continuaran-talleres-de-regularizacion-este-periodo-vacacional\/#primaryimage","url":"https:\/\/canal7slp.tv\/2023\/wp-content\/uploads\/2023\/08\/Claudio03Regularizacion.jpg","contentUrl":"https:\/\/canal7slp.tv\/2023\/wp-content\/uploads\/2023\/08\/Claudio03Regularizacion.jpg","width":1280,"height":720},{"@type":"BreadcrumbList","@id":"https:\/\/canal7slp.tv\/2023\/pese-poca-respuesta-continuaran-talleres-de-regularizacion-este-periodo-vacacional\/#breadcrumb","itemListElement":[{"@type":"ListItem","position":1,"name":"Portada","item":"https:\/\/canal7slp.tv\/2023\/"},{"@type":"ListItem","position":2,"name":"Pese poca respuesta, continuar\u00e1n talleres de regularizaci\u00f3n este per\u00edodo vacacional"}]},{"@type":"WebSite","@id":"https:\/\/canal7slp.tv\/2023\/#website","url":"https:\/\/canal7slp.tv\/2023\/","name":"N7 - Noticieros Canal 7","description":"Somos Televisi\u00f3n","publisher":{"@id":"https:\/\/canal7slp.tv\/2023\/#organization"},"potentialAction":[{"@type":"SearchAction","target":{"@type":"EntryPoint","urlTemplate":"https:\/\/canal7slp.tv\/2023\/?s={search_term_string}"},"query-input":{"@type":"PropertyValueSpecification","valueRequired":true,"valueName":"search_term_string"}}],"inLanguage":"es"},{"@type":"Organization","@id":"https:\/\/canal7slp.tv\/2023\/#organization","name":"Noticieros Canal 7","url":"https:\/\/canal7slp.tv\/2023\/","logo":{"@type":"ImageObject","inLanguage":"es","@id":"https:\/\/canal7slp.tv\/2023\/#\/schema\/logo\/image\/","url":"https:\/\/canal7slp.tv\/2023\/wp-content\/uploads\/2021\/01\/logo-noticieros@2x.png","contentUrl":"https:\/\/canal7slp.tv\/2023\/wp-content\/uploads\/2021\/01\/logo-noticieros@2x.png","width":1017,"height":268,"caption":"Noticieros Canal 7"},"image":{"@id":"https:\/\/canal7slp.tv\/2023\/#\/schema\/logo\/image\/"},"sameAs":["https:\/\/www.facebook.com\/noticieroscanalsiete","https:\/\/x.com\/NOTICIEROS7","https:\/\/www.instagram.com\/canal7_slp","https:\/\/www.youtube.com\/channel\/UCliiYs-gP3JfJeqdPrNdd5A"]},{"@type":"Person","@id":"https:\/\/canal7slp.tv\/2023\/#\/schema\/person\/639c424e3584069003b11ae813915da6","name":"Edici\u00f3n Web","image":{"@type":"ImageObject","inLanguage":"es","@id":"https:\/\/secure.gravatar.com\/avatar\/eee448fc3f7164808013b816ba91ac7e43bbe82a70bebac296f8bc6f0addaa1a?s=96&d=mm&r=g","url":"https:\/\/secure.gravatar.com\/avatar\/eee448fc3f7164808013b816ba91ac7e43bbe82a70bebac296f8bc6f0addaa1a?s=96&d=mm&r=g","contentUrl":"https:\/\/secure.gravatar.com\/avatar\/eee448fc3f7164808013b816ba91ac7e43bbe82a70bebac296f8bc6f0addaa1a?s=96&d=mm&r=g","caption":"Edici\u00f3n Web"},"url":"https:\/\/canal7slp.tv\/2023\/author\/edicionweb\/"}]}},"_links":{"self":[{"href":"https:\/\/canal7slp.tv\/2023\/wp-json\/wp\/v2\/posts\/103809","targetHints":{"allow":["GET"]}}],"collection":[{"href":"https:\/\/canal7slp.tv\/2023\/wp-json\/wp\/v2\/posts"}],"about":[{"href":"https:\/\/canal7slp.tv\/2023\/wp-json\/wp\/v2\/types\/post"}],"author":[{"embeddable":true,"href":"https:\/\/canal7slp.tv\/2023\/wp-json\/wp\/v2\/users\/2"}],"replies":[{"embeddable":true,"href":"https:\/\/canal7slp.tv\/2023\/wp-json\/wp\/v2\/comments?post=103809"}],"version-history":[{"count":2,"href":"https:\/\/canal7slp.tv\/2023\/wp-json\/wp\/v2\/posts\/103809\/revisions"}],"predecessor-version":[{"id":103820,"href":"https:\/\/canal7slp.tv\/2023\/wp-json\/wp\/v2\/posts\/103809\/revisions\/103820"}],"wp:featuredmedia":[{"embeddable":true,"href":"https:\/\/canal7slp.tv\/2023\/wp-json\/wp\/v2\/media\/103819"}],"wp:attachment":[{"href":"https:\/\/canal7slp.tv\/2023\/wp-json\/wp\/v2\/media?parent=103809"}],"wp:term":[{"taxonomy":"category","embeddable":true,"href":"https:\/\/canal7slp.tv\/2023\/wp-json\/wp\/v2\/categories?post=103809"},{"taxonomy":"post_tag","embeddable":true,"href":"https:\/\/canal7slp.tv\/2023\/wp-json\/wp\/v2\/tags?post=103809"}],"curies":[{"name":"wp","href":"https:\/\/api.w.org\/{rel}","templated":true}]}}