{"id":103808,"date":"2023-08-09T16:05:18","date_gmt":"2023-08-09T22:05:18","guid":{"rendered":"https:\/\/canal7slp.tv\/2023\/?p=103808"},"modified":"2023-08-09T16:05:18","modified_gmt":"2023-08-09T22:05:18","slug":"mesura-y-no-polarizacion-pide-iglesia-catolica-tras-polemica-de-libros-de-texto","status":"publish","type":"post","link":"https:\/\/canal7slp.tv\/2023\/mesura-y-no-polarizacion-pide-iglesia-catolica-tras-polemica-de-libros-de-texto\/","title":{"rendered":"Mesura y no polarizaci\u00f3n pide Iglesia Cat\u00f3lica, tras pol\u00e9mica de libros de texto"},"content":{"rendered":"<p style=\"text-align: justify;\"><span style=\"font-size: 1.21429rem;\">SLP.- En torno a la eventual entrega de los libros de texto gratuitos y la pol\u00e9mica desatada en este tema por sus contenidos el vocero de la Arquidi\u00f3cesis de San Luis Tom\u00e1s Cruz Perales, pidi\u00f3 mesura y que no haya polarizaci\u00f3n.<\/span><\/p>\n<p style=\"text-align: justify;\">Se\u00f1al\u00f3 que se deben de ver \u00fanicamente como herramientas para la formaci\u00f3n de los ni\u00f1os luego de que, sobre este tema, leyera un pronunciamiento de la Iglesia.<\/p>\n<p style=\"text-align: justify;\">Sin embargo, el sacerdote se\u00f1al\u00f3 que no es desconocido que en en un proceso de educaci\u00f3n y formaci\u00f3n haya intentos de adoctrinamientos, al afirmar que esto ha sucedido en el pasado.<\/p>\n<p style=\"text-align: justify;\">Asimismo, el vocero del Arzobispado Potosino opin\u00f3 que en M\u00e9xico la educaci\u00f3n no ha sido la deseada porque lamentablemente, dijo, sigue habiendo rezago educativo.<\/p>\n<p>Por: Claudio Ibarra<\/p>\n","protected":false},"excerpt":{"rendered":"<p>SLP.- En torno a la eventual entrega de los libros de texto gratuitos y la pol\u00e9mica desatada en este tema por sus contenidos el vocero de la Arquidi\u00f3cesis de San Luis Tom\u00e1s Cruz Perales, pidi\u00f3 mesura y que no haya polarizaci\u00f3n. Se\u00f1al\u00f3 que se deben de ver \u00fanicamente como herramientas para la formaci\u00f3n de los ni\u00f1os luego de que, sobre este tema, leyera un pronunciamiento de la Iglesia. Sin embargo, el sacerdote se\u00f1al\u00f3 que no es desconocido que en en un proceso de educaci\u00f3n y formaci\u00f3n haya intentos de adoctrinamientos, al afirmar que esto ha sucedido en el pasado. Asimismo, [&hellip;]<\/p>\n","protected":false},"author":2,"featured_media":103817,"comment_status":"closed","ping_status":"closed","sticky":false,"template":"","format":"video","meta":{"footnotes":""},"categories":[5,45],"tags":[],"class_list":["post-103808","post","type-post","status-publish","format-video","has-post-thumbnail","hentry","category-destacadas","category-localesyregionales","post_format-post-format-video","post--single"],"yoast_head":"<!-- This site is optimized with the Yoast SEO plugin v27.5 - https:\/\/yoast.com\/product\/yoast-seo-wordpress\/ -->\n<title>Mesura y no polarizaci\u00f3n pide Iglesia Cat\u00f3lica, tras pol\u00e9mica de libros de texto - Canal 7 SLP - 2023<\/title>\n<meta name=\"robots\" content=\"index, follow, max-snippet:-1, max-image-preview:large, max-video-preview:-1\" \/>\n<link rel=\"canonical\" href=\"https:\/\/canal7slp.tv\/2023\/mesura-y-no-polarizacion-pide-iglesia-catolica-tras-polemica-de-libros-de-texto\/\" \/>\n<meta property=\"og:locale\" content=\"es_ES\" \/>\n<meta property=\"og:type\" content=\"article\" \/>\n<meta property=\"og:title\" content=\"Mesura y no polarizaci\u00f3n pide Iglesia Cat\u00f3lica, tras pol\u00e9mica de libros de texto - Canal 7 SLP - 2023\" \/>\n<meta property=\"og:description\" content=\"SLP.- En torno a la eventual entrega de los libros de texto gratuitos y la pol\u00e9mica desatada en este tema por sus contenidos el vocero de la Arquidi\u00f3cesis de San Luis Tom\u00e1s Cruz Perales, pidi\u00f3 mesura y que no haya polarizaci\u00f3n. Se\u00f1al\u00f3 que se deben de ver \u00fanicamente como herramientas para la formaci\u00f3n de los ni\u00f1os luego de que, sobre este tema, leyera un pronunciamiento de la Iglesia. Sin embargo, el sacerdote se\u00f1al\u00f3 que no es desconocido que en en un proceso de educaci\u00f3n y formaci\u00f3n haya intentos de adoctrinamientos, al afirmar que esto ha sucedido en el pasado. Asimismo, [&hellip;]\" \/>\n<meta property=\"og:url\" content=\"https:\/\/canal7slp.tv\/2023\/mesura-y-no-polarizacion-pide-iglesia-catolica-tras-polemica-de-libros-de-texto\/\" \/>\n<meta property=\"og:site_name\" content=\"Canal 7 SLP - 2023\" \/>\n<meta property=\"article:publisher\" content=\"https:\/\/www.facebook.com\/noticieroscanalsiete\" \/>\n<meta property=\"article:published_time\" content=\"2023-08-09T22:05:18+00:00\" \/>\n<meta property=\"og:image\" content=\"https:\/\/canal7slp.tv\/2023\/wp-content\/uploads\/2023\/08\/Claudio02LibrosTexto.jpg\" \/>\n\t<meta property=\"og:image:width\" content=\"1280\" \/>\n\t<meta property=\"og:image:height\" content=\"720\" \/>\n\t<meta property=\"og:image:type\" content=\"image\/jpeg\" \/>\n<meta name=\"author\" content=\"Edici\u00f3n Web\" \/>\n<meta name=\"twitter:card\" content=\"summary_large_image\" \/>\n<meta name=\"twitter:creator\" content=\"@NOTICIEROS7\" \/>\n<meta name=\"twitter:site\" content=\"@NOTICIEROS7\" \/>\n<meta name=\"twitter:label1\" content=\"Escrito por\" \/>\n\t<meta name=\"twitter:data1\" content=\"Edici\u00f3n Web\" \/>\n\t<meta name=\"twitter:label2\" content=\"Tiempo de lectura\" \/>\n\t<meta name=\"twitter:data2\" content=\"1 minuto\" \/>\n<script type=\"application\/ld+json\" class=\"yoast-schema-graph\">{\"@context\":\"https:\\\/\\\/schema.org\",\"@graph\":[{\"@type\":\"Article\",\"@id\":\"https:\\\/\\\/canal7slp.tv\\\/2023\\\/mesura-y-no-polarizacion-pide-iglesia-catolica-tras-polemica-de-libros-de-texto\\\/#article\",\"isPartOf\":{\"@id\":\"https:\\\/\\\/canal7slp.tv\\\/2023\\\/mesura-y-no-polarizacion-pide-iglesia-catolica-tras-polemica-de-libros-de-texto\\\/\"},\"author\":{\"name\":\"Edici\u00f3n Web\",\"@id\":\"https:\\\/\\\/canal7slp.tv\\\/2023\\\/#\\\/schema\\\/person\\\/639c424e3584069003b11ae813915da6\"},\"headline\":\"Mesura y no polarizaci\u00f3n pide Iglesia Cat\u00f3lica, tras pol\u00e9mica de libros de texto\",\"datePublished\":\"2023-08-09T22:05:18+00:00\",\"mainEntityOfPage\":{\"@id\":\"https:\\\/\\\/canal7slp.tv\\\/2023\\\/mesura-y-no-polarizacion-pide-iglesia-catolica-tras-polemica-de-libros-de-texto\\\/\"},\"wordCount\":155,\"publisher\":{\"@id\":\"https:\\\/\\\/canal7slp.tv\\\/2023\\\/#organization\"},\"image\":{\"@id\":\"https:\\\/\\\/canal7slp.tv\\\/2023\\\/mesura-y-no-polarizacion-pide-iglesia-catolica-tras-polemica-de-libros-de-texto\\\/#primaryimage\"},\"thumbnailUrl\":\"https:\\\/\\\/canal7slp.tv\\\/2023\\\/wp-content\\\/uploads\\\/2023\\\/08\\\/Claudio02LibrosTexto.jpg\",\"articleSection\":[\"DESTACADAS\",\"LOCALES Y REGIONALES\"],\"inLanguage\":\"es\"},{\"@type\":\"WebPage\",\"@id\":\"https:\\\/\\\/canal7slp.tv\\\/2023\\\/mesura-y-no-polarizacion-pide-iglesia-catolica-tras-polemica-de-libros-de-texto\\\/\",\"url\":\"https:\\\/\\\/canal7slp.tv\\\/2023\\\/mesura-y-no-polarizacion-pide-iglesia-catolica-tras-polemica-de-libros-de-texto\\\/\",\"name\":\"Mesura y no polarizaci\u00f3n pide Iglesia Cat\u00f3lica, tras pol\u00e9mica de libros de texto - Canal 7 SLP - 2023\",\"isPartOf\":{\"@id\":\"https:\\\/\\\/canal7slp.tv\\\/2023\\\/#website\"},\"primaryImageOfPage\":{\"@id\":\"https:\\\/\\\/canal7slp.tv\\\/2023\\\/mesura-y-no-polarizacion-pide-iglesia-catolica-tras-polemica-de-libros-de-texto\\\/#primaryimage\"},\"image\":{\"@id\":\"https:\\\/\\\/canal7slp.tv\\\/2023\\\/mesura-y-no-polarizacion-pide-iglesia-catolica-tras-polemica-de-libros-de-texto\\\/#primaryimage\"},\"thumbnailUrl\":\"https:\\\/\\\/canal7slp.tv\\\/2023\\\/wp-content\\\/uploads\\\/2023\\\/08\\\/Claudio02LibrosTexto.jpg\",\"datePublished\":\"2023-08-09T22:05:18+00:00\",\"breadcrumb\":{\"@id\":\"https:\\\/\\\/canal7slp.tv\\\/2023\\\/mesura-y-no-polarizacion-pide-iglesia-catolica-tras-polemica-de-libros-de-texto\\\/#breadcrumb\"},\"inLanguage\":\"es\",\"potentialAction\":[{\"@type\":\"ReadAction\",\"target\":[\"https:\\\/\\\/canal7slp.tv\\\/2023\\\/mesura-y-no-polarizacion-pide-iglesia-catolica-tras-polemica-de-libros-de-texto\\\/\"]}]},{\"@type\":\"ImageObject\",\"inLanguage\":\"es\",\"@id\":\"https:\\\/\\\/canal7slp.tv\\\/2023\\\/mesura-y-no-polarizacion-pide-iglesia-catolica-tras-polemica-de-libros-de-texto\\\/#primaryimage\",\"url\":\"https:\\\/\\\/canal7slp.tv\\\/2023\\\/wp-content\\\/uploads\\\/2023\\\/08\\\/Claudio02LibrosTexto.jpg\",\"contentUrl\":\"https:\\\/\\\/canal7slp.tv\\\/2023\\\/wp-content\\\/uploads\\\/2023\\\/08\\\/Claudio02LibrosTexto.jpg\",\"width\":1280,\"height\":720},{\"@type\":\"BreadcrumbList\",\"@id\":\"https:\\\/\\\/canal7slp.tv\\\/2023\\\/mesura-y-no-polarizacion-pide-iglesia-catolica-tras-polemica-de-libros-de-texto\\\/#breadcrumb\",\"itemListElement\":[{\"@type\":\"ListItem\",\"position\":1,\"name\":\"Portada\",\"item\":\"https:\\\/\\\/canal7slp.tv\\\/2023\\\/\"},{\"@type\":\"ListItem\",\"position\":2,\"name\":\"Mesura y no polarizaci\u00f3n pide Iglesia Cat\u00f3lica, tras pol\u00e9mica de libros de texto\"}]},{\"@type\":\"WebSite\",\"@id\":\"https:\\\/\\\/canal7slp.tv\\\/2023\\\/#website\",\"url\":\"https:\\\/\\\/canal7slp.tv\\\/2023\\\/\",\"name\":\"N7 - Noticieros Canal 7\",\"description\":\"Somos Televisi\u00f3n\",\"publisher\":{\"@id\":\"https:\\\/\\\/canal7slp.tv\\\/2023\\\/#organization\"},\"potentialAction\":[{\"@type\":\"SearchAction\",\"target\":{\"@type\":\"EntryPoint\",\"urlTemplate\":\"https:\\\/\\\/canal7slp.tv\\\/2023\\\/?s={search_term_string}\"},\"query-input\":{\"@type\":\"PropertyValueSpecification\",\"valueRequired\":true,\"valueName\":\"search_term_string\"}}],\"inLanguage\":\"es\"},{\"@type\":\"Organization\",\"@id\":\"https:\\\/\\\/canal7slp.tv\\\/2023\\\/#organization\",\"name\":\"Noticieros Canal 7\",\"url\":\"https:\\\/\\\/canal7slp.tv\\\/2023\\\/\",\"logo\":{\"@type\":\"ImageObject\",\"inLanguage\":\"es\",\"@id\":\"https:\\\/\\\/canal7slp.tv\\\/2023\\\/#\\\/schema\\\/logo\\\/image\\\/\",\"url\":\"https:\\\/\\\/canal7slp.tv\\\/2023\\\/wp-content\\\/uploads\\\/2021\\\/01\\\/logo-noticieros@2x.png\",\"contentUrl\":\"https:\\\/\\\/canal7slp.tv\\\/2023\\\/wp-content\\\/uploads\\\/2021\\\/01\\\/logo-noticieros@2x.png\",\"width\":1017,\"height\":268,\"caption\":\"Noticieros Canal 7\"},\"image\":{\"@id\":\"https:\\\/\\\/canal7slp.tv\\\/2023\\\/#\\\/schema\\\/logo\\\/image\\\/\"},\"sameAs\":[\"https:\\\/\\\/www.facebook.com\\\/noticieroscanalsiete\",\"https:\\\/\\\/x.com\\\/NOTICIEROS7\",\"https:\\\/\\\/www.instagram.com\\\/canal7_slp\",\"https:\\\/\\\/www.youtube.com\\\/channel\\\/UCliiYs-gP3JfJeqdPrNdd5A\"]},{\"@type\":\"Person\",\"@id\":\"https:\\\/\\\/canal7slp.tv\\\/2023\\\/#\\\/schema\\\/person\\\/639c424e3584069003b11ae813915da6\",\"name\":\"Edici\u00f3n Web\",\"image\":{\"@type\":\"ImageObject\",\"inLanguage\":\"es\",\"@id\":\"https:\\\/\\\/secure.gravatar.com\\\/avatar\\\/eee448fc3f7164808013b816ba91ac7e43bbe82a70bebac296f8bc6f0addaa1a?s=96&d=mm&r=g\",\"url\":\"https:\\\/\\\/secure.gravatar.com\\\/avatar\\\/eee448fc3f7164808013b816ba91ac7e43bbe82a70bebac296f8bc6f0addaa1a?s=96&d=mm&r=g\",\"contentUrl\":\"https:\\\/\\\/secure.gravatar.com\\\/avatar\\\/eee448fc3f7164808013b816ba91ac7e43bbe82a70bebac296f8bc6f0addaa1a?s=96&d=mm&r=g\",\"caption\":\"Edici\u00f3n Web\"},\"url\":\"https:\\\/\\\/canal7slp.tv\\\/2023\\\/author\\\/edicionweb\\\/\"}]}<\/script>\n<!-- \/ Yoast SEO plugin. -->","yoast_head_json":{"title":"Mesura y no polarizaci\u00f3n pide Iglesia Cat\u00f3lica, tras pol\u00e9mica de libros de texto - Canal 7 SLP - 2023","robots":{"index":"index","follow":"follow","max-snippet":"max-snippet:-1","max-image-preview":"max-image-preview:large","max-video-preview":"max-video-preview:-1"},"canonical":"https:\/\/canal7slp.tv\/2023\/mesura-y-no-polarizacion-pide-iglesia-catolica-tras-polemica-de-libros-de-texto\/","og_locale":"es_ES","og_type":"article","og_title":"Mesura y no polarizaci\u00f3n pide Iglesia Cat\u00f3lica, tras pol\u00e9mica de libros de texto - Canal 7 SLP - 2023","og_description":"SLP.- En torno a la eventual entrega de los libros de texto gratuitos y la pol\u00e9mica desatada en este tema por sus contenidos el vocero de la Arquidi\u00f3cesis de San Luis Tom\u00e1s Cruz Perales, pidi\u00f3 mesura y que no haya polarizaci\u00f3n. Se\u00f1al\u00f3 que se deben de ver \u00fanicamente como herramientas para la formaci\u00f3n de los ni\u00f1os luego de que, sobre este tema, leyera un pronunciamiento de la Iglesia. Sin embargo, el sacerdote se\u00f1al\u00f3 que no es desconocido que en en un proceso de educaci\u00f3n y formaci\u00f3n haya intentos de adoctrinamientos, al afirmar que esto ha sucedido en el pasado. Asimismo, [&hellip;]","og_url":"https:\/\/canal7slp.tv\/2023\/mesura-y-no-polarizacion-pide-iglesia-catolica-tras-polemica-de-libros-de-texto\/","og_site_name":"Canal 7 SLP - 2023","article_publisher":"https:\/\/www.facebook.com\/noticieroscanalsiete","article_published_time":"2023-08-09T22:05:18+00:00","og_image":[{"width":1280,"height":720,"url":"https:\/\/canal7slp.tv\/2023\/wp-content\/uploads\/2023\/08\/Claudio02LibrosTexto.jpg","type":"image\/jpeg"}],"author":"Edici\u00f3n Web","twitter_card":"summary_large_image","twitter_creator":"@NOTICIEROS7","twitter_site":"@NOTICIEROS7","twitter_misc":{"Escrito por":"Edici\u00f3n Web","Tiempo de lectura":"1 minuto"},"schema":{"@context":"https:\/\/schema.org","@graph":[{"@type":"Article","@id":"https:\/\/canal7slp.tv\/2023\/mesura-y-no-polarizacion-pide-iglesia-catolica-tras-polemica-de-libros-de-texto\/#article","isPartOf":{"@id":"https:\/\/canal7slp.tv\/2023\/mesura-y-no-polarizacion-pide-iglesia-catolica-tras-polemica-de-libros-de-texto\/"},"author":{"name":"Edici\u00f3n Web","@id":"https:\/\/canal7slp.tv\/2023\/#\/schema\/person\/639c424e3584069003b11ae813915da6"},"headline":"Mesura y no polarizaci\u00f3n pide Iglesia Cat\u00f3lica, tras pol\u00e9mica de libros de texto","datePublished":"2023-08-09T22:05:18+00:00","mainEntityOfPage":{"@id":"https:\/\/canal7slp.tv\/2023\/mesura-y-no-polarizacion-pide-iglesia-catolica-tras-polemica-de-libros-de-texto\/"},"wordCount":155,"publisher":{"@id":"https:\/\/canal7slp.tv\/2023\/#organization"},"image":{"@id":"https:\/\/canal7slp.tv\/2023\/mesura-y-no-polarizacion-pide-iglesia-catolica-tras-polemica-de-libros-de-texto\/#primaryimage"},"thumbnailUrl":"https:\/\/canal7slp.tv\/2023\/wp-content\/uploads\/2023\/08\/Claudio02LibrosTexto.jpg","articleSection":["DESTACADAS","LOCALES Y REGIONALES"],"inLanguage":"es"},{"@type":"WebPage","@id":"https:\/\/canal7slp.tv\/2023\/mesura-y-no-polarizacion-pide-iglesia-catolica-tras-polemica-de-libros-de-texto\/","url":"https:\/\/canal7slp.tv\/2023\/mesura-y-no-polarizacion-pide-iglesia-catolica-tras-polemica-de-libros-de-texto\/","name":"Mesura y no polarizaci\u00f3n pide Iglesia Cat\u00f3lica, tras pol\u00e9mica de libros de texto - Canal 7 SLP - 2023","isPartOf":{"@id":"https:\/\/canal7slp.tv\/2023\/#website"},"primaryImageOfPage":{"@id":"https:\/\/canal7slp.tv\/2023\/mesura-y-no-polarizacion-pide-iglesia-catolica-tras-polemica-de-libros-de-texto\/#primaryimage"},"image":{"@id":"https:\/\/canal7slp.tv\/2023\/mesura-y-no-polarizacion-pide-iglesia-catolica-tras-polemica-de-libros-de-texto\/#primaryimage"},"thumbnailUrl":"https:\/\/canal7slp.tv\/2023\/wp-content\/uploads\/2023\/08\/Claudio02LibrosTexto.jpg","datePublished":"2023-08-09T22:05:18+00:00","breadcrumb":{"@id":"https:\/\/canal7slp.tv\/2023\/mesura-y-no-polarizacion-pide-iglesia-catolica-tras-polemica-de-libros-de-texto\/#breadcrumb"},"inLanguage":"es","potentialAction":[{"@type":"ReadAction","target":["https:\/\/canal7slp.tv\/2023\/mesura-y-no-polarizacion-pide-iglesia-catolica-tras-polemica-de-libros-de-texto\/"]}]},{"@type":"ImageObject","inLanguage":"es","@id":"https:\/\/canal7slp.tv\/2023\/mesura-y-no-polarizacion-pide-iglesia-catolica-tras-polemica-de-libros-de-texto\/#primaryimage","url":"https:\/\/canal7slp.tv\/2023\/wp-content\/uploads\/2023\/08\/Claudio02LibrosTexto.jpg","contentUrl":"https:\/\/canal7slp.tv\/2023\/wp-content\/uploads\/2023\/08\/Claudio02LibrosTexto.jpg","width":1280,"height":720},{"@type":"BreadcrumbList","@id":"https:\/\/canal7slp.tv\/2023\/mesura-y-no-polarizacion-pide-iglesia-catolica-tras-polemica-de-libros-de-texto\/#breadcrumb","itemListElement":[{"@type":"ListItem","position":1,"name":"Portada","item":"https:\/\/canal7slp.tv\/2023\/"},{"@type":"ListItem","position":2,"name":"Mesura y no polarizaci\u00f3n pide Iglesia Cat\u00f3lica, tras pol\u00e9mica de libros de texto"}]},{"@type":"WebSite","@id":"https:\/\/canal7slp.tv\/2023\/#website","url":"https:\/\/canal7slp.tv\/2023\/","name":"N7 - Noticieros Canal 7","description":"Somos Televisi\u00f3n","publisher":{"@id":"https:\/\/canal7slp.tv\/2023\/#organization"},"potentialAction":[{"@type":"SearchAction","target":{"@type":"EntryPoint","urlTemplate":"https:\/\/canal7slp.tv\/2023\/?s={search_term_string}"},"query-input":{"@type":"PropertyValueSpecification","valueRequired":true,"valueName":"search_term_string"}}],"inLanguage":"es"},{"@type":"Organization","@id":"https:\/\/canal7slp.tv\/2023\/#organization","name":"Noticieros Canal 7","url":"https:\/\/canal7slp.tv\/2023\/","logo":{"@type":"ImageObject","inLanguage":"es","@id":"https:\/\/canal7slp.tv\/2023\/#\/schema\/logo\/image\/","url":"https:\/\/canal7slp.tv\/2023\/wp-content\/uploads\/2021\/01\/logo-noticieros@2x.png","contentUrl":"https:\/\/canal7slp.tv\/2023\/wp-content\/uploads\/2021\/01\/logo-noticieros@2x.png","width":1017,"height":268,"caption":"Noticieros Canal 7"},"image":{"@id":"https:\/\/canal7slp.tv\/2023\/#\/schema\/logo\/image\/"},"sameAs":["https:\/\/www.facebook.com\/noticieroscanalsiete","https:\/\/x.com\/NOTICIEROS7","https:\/\/www.instagram.com\/canal7_slp","https:\/\/www.youtube.com\/channel\/UCliiYs-gP3JfJeqdPrNdd5A"]},{"@type":"Person","@id":"https:\/\/canal7slp.tv\/2023\/#\/schema\/person\/639c424e3584069003b11ae813915da6","name":"Edici\u00f3n Web","image":{"@type":"ImageObject","inLanguage":"es","@id":"https:\/\/secure.gravatar.com\/avatar\/eee448fc3f7164808013b816ba91ac7e43bbe82a70bebac296f8bc6f0addaa1a?s=96&d=mm&r=g","url":"https:\/\/secure.gravatar.com\/avatar\/eee448fc3f7164808013b816ba91ac7e43bbe82a70bebac296f8bc6f0addaa1a?s=96&d=mm&r=g","contentUrl":"https:\/\/secure.gravatar.com\/avatar\/eee448fc3f7164808013b816ba91ac7e43bbe82a70bebac296f8bc6f0addaa1a?s=96&d=mm&r=g","caption":"Edici\u00f3n Web"},"url":"https:\/\/canal7slp.tv\/2023\/author\/edicionweb\/"}]}},"_links":{"self":[{"href":"https:\/\/canal7slp.tv\/2023\/wp-json\/wp\/v2\/posts\/103808","targetHints":{"allow":["GET"]}}],"collection":[{"href":"https:\/\/canal7slp.tv\/2023\/wp-json\/wp\/v2\/posts"}],"about":[{"href":"https:\/\/canal7slp.tv\/2023\/wp-json\/wp\/v2\/types\/post"}],"author":[{"embeddable":true,"href":"https:\/\/canal7slp.tv\/2023\/wp-json\/wp\/v2\/users\/2"}],"replies":[{"embeddable":true,"href":"https:\/\/canal7slp.tv\/2023\/wp-json\/wp\/v2\/comments?post=103808"}],"version-history":[{"count":2,"href":"https:\/\/canal7slp.tv\/2023\/wp-json\/wp\/v2\/posts\/103808\/revisions"}],"predecessor-version":[{"id":103818,"href":"https:\/\/canal7slp.tv\/2023\/wp-json\/wp\/v2\/posts\/103808\/revisions\/103818"}],"wp:featuredmedia":[{"embeddable":true,"href":"https:\/\/canal7slp.tv\/2023\/wp-json\/wp\/v2\/media\/103817"}],"wp:attachment":[{"href":"https:\/\/canal7slp.tv\/2023\/wp-json\/wp\/v2\/media?parent=103808"}],"wp:term":[{"taxonomy":"category","embeddable":true,"href":"https:\/\/canal7slp.tv\/2023\/wp-json\/wp\/v2\/categories?post=103808"},{"taxonomy":"post_tag","embeddable":true,"href":"https:\/\/canal7slp.tv\/2023\/wp-json\/wp\/v2\/tags?post=103808"}],"curies":[{"name":"wp","href":"https:\/\/api.w.org\/{rel}","templated":true}]}}