{"id":103807,"date":"2023-08-09T16:00:18","date_gmt":"2023-08-09T22:00:18","guid":{"rendered":"https:\/\/canal7slp.tv\/2023\/?p=103807"},"modified":"2023-08-09T16:00:18","modified_gmt":"2023-08-09T22:00:18","slug":"reunen-siete-aspirantes-del-frente-amplio-por-mexico-las-150-mil-firmas-para-la-segunda-etapa","status":"publish","type":"post","link":"https:\/\/canal7slp.tv\/2023\/reunen-siete-aspirantes-del-frente-amplio-por-mexico-las-150-mil-firmas-para-la-segunda-etapa\/","title":{"rendered":"Re\u00fanen siete aspirantes del Frente Amplio por M\u00e9xico las 150 mil firmas para la segunda etapa"},"content":{"rendered":"<p style=\"text-align: justify;\"><span style=\"font-size: 1.21429rem;\">SLP.- Al cierre del registro este martes 8 de Agosto para pasar a la segunda fase del proceso de selecci\u00f3n del coordinador del Frente Amplio Por M\u00e9xico, siete de los 13 aspirantes contendientes recabaron las m\u00e1s de 150 mil firmas requeridas.<\/span><\/p>\n<p style=\"text-align: justify;\">Los aspirantes a la presidencia de la rep\u00fablica que cumplieron con este requisito son tres del PAN, dos del PRI y dos del PRD encabezando la lista X\u00f3chitl G\u00e1lvez Ruiz, quien logr\u00f3 el mayor n\u00famero de respaldos con 554 mil 699 firmas.<\/p>\n<p style=\"text-align: justify;\">Le sigue la pri\u00edsta Beatriz Paredes Rangel con un registro de 452 mil firmas seguida de Santiago Creel Miranda quien obtuvo 358 mil 90 respaldos.<\/p>\n<p style=\"text-align: justify;\">Asimismo, el pri\u00edsta Enrique de la Madrid Cordero obtuvo un registro de 544 mil 729 firmas en tanto que el panista Javier Garc\u00eda Cabeza de Vaca obtuvo 195 mil 548 apoyos, mientras que los perredistas Silvano Aureoles Conejo y Miguel Mancera Aguayo lograron 288 mil 90 apoyos y 195 mil 575 respectivamente.<\/p>\n<p style=\"text-align: justify;\">Cabe se\u00f1alar que estos n\u00fameros deber\u00e1n ser avalados por la Comisi\u00f3n Ciudadana del Frente Amplio Por M\u00e9xico para determinar la valides de los mismos y con ello, pasar a la siguiente fase consistente en un foro entre los 6 mejores posicionados y que tendr\u00e1 verificativo este jueves 10 de agosto.<\/p>\n<p>Por: Claudio Ibarra<\/p>\n","protected":false},"excerpt":{"rendered":"<p>SLP.- Al cierre del registro este martes 8 de Agosto para pasar a la segunda fase del proceso de selecci\u00f3n del coordinador del Frente Amplio Por M\u00e9xico, siete de los 13 aspirantes contendientes recabaron las m\u00e1s de 150 mil firmas requeridas. Los aspirantes a la presidencia de la rep\u00fablica que cumplieron con este requisito son tres del PAN, dos del PRI y dos del PRD encabezando la lista X\u00f3chitl G\u00e1lvez Ruiz, quien logr\u00f3 el mayor n\u00famero de respaldos con 554 mil 699 firmas. Le sigue la pri\u00edsta Beatriz Paredes Rangel con un registro de 452 mil firmas seguida de Santiago [&hellip;]<\/p>\n","protected":false},"author":2,"featured_media":103814,"comment_status":"closed","ping_status":"closed","sticky":false,"template":"","format":"video","meta":{"footnotes":""},"categories":[5,45],"tags":[],"class_list":["post-103807","post","type-post","status-publish","format-video","has-post-thumbnail","hentry","category-destacadas","category-localesyregionales","post_format-post-format-video","post--single"],"yoast_head":"<!-- This site is optimized with the Yoast SEO plugin v27.4 - https:\/\/yoast.com\/product\/yoast-seo-wordpress\/ -->\n<title>Re\u00fanen siete aspirantes del Frente Amplio por M\u00e9xico las 150 mil firmas para la segunda etapa - Canal 7 SLP - 2023<\/title>\n<meta name=\"robots\" content=\"index, follow, max-snippet:-1, max-image-preview:large, max-video-preview:-1\" \/>\n<link rel=\"canonical\" href=\"https:\/\/canal7slp.tv\/2023\/reunen-siete-aspirantes-del-frente-amplio-por-mexico-las-150-mil-firmas-para-la-segunda-etapa\/\" \/>\n<meta property=\"og:locale\" content=\"es_ES\" \/>\n<meta property=\"og:type\" content=\"article\" \/>\n<meta property=\"og:title\" content=\"Re\u00fanen siete aspirantes del Frente Amplio por M\u00e9xico las 150 mil firmas para la segunda etapa - Canal 7 SLP - 2023\" \/>\n<meta property=\"og:description\" content=\"SLP.- Al cierre del registro este martes 8 de Agosto para pasar a la segunda fase del proceso de selecci\u00f3n del coordinador del Frente Amplio Por M\u00e9xico, siete de los 13 aspirantes contendientes recabaron las m\u00e1s de 150 mil firmas requeridas. Los aspirantes a la presidencia de la rep\u00fablica que cumplieron con este requisito son tres del PAN, dos del PRI y dos del PRD encabezando la lista X\u00f3chitl G\u00e1lvez Ruiz, quien logr\u00f3 el mayor n\u00famero de respaldos con 554 mil 699 firmas. Le sigue la pri\u00edsta Beatriz Paredes Rangel con un registro de 452 mil firmas seguida de Santiago [&hellip;]\" \/>\n<meta property=\"og:url\" content=\"https:\/\/canal7slp.tv\/2023\/reunen-siete-aspirantes-del-frente-amplio-por-mexico-las-150-mil-firmas-para-la-segunda-etapa\/\" \/>\n<meta property=\"og:site_name\" content=\"Canal 7 SLP - 2023\" \/>\n<meta property=\"article:publisher\" content=\"https:\/\/www.facebook.com\/noticieroscanalsiete\" \/>\n<meta property=\"article:published_time\" content=\"2023-08-09T22:00:18+00:00\" \/>\n<meta property=\"og:image\" content=\"https:\/\/canal7slp.tv\/2023\/wp-content\/uploads\/2023\/08\/Claudio01Preliminar.jpg\" \/>\n\t<meta property=\"og:image:width\" content=\"1280\" \/>\n\t<meta property=\"og:image:height\" content=\"720\" \/>\n\t<meta property=\"og:image:type\" content=\"image\/jpeg\" \/>\n<meta name=\"author\" content=\"Edici\u00f3n Web\" \/>\n<meta name=\"twitter:card\" content=\"summary_large_image\" \/>\n<meta name=\"twitter:creator\" content=\"@NOTICIEROS7\" \/>\n<meta name=\"twitter:site\" content=\"@NOTICIEROS7\" \/>\n<meta name=\"twitter:label1\" content=\"Escrito por\" \/>\n\t<meta name=\"twitter:data1\" content=\"Edici\u00f3n Web\" \/>\n\t<meta name=\"twitter:label2\" content=\"Tiempo de lectura\" \/>\n\t<meta name=\"twitter:data2\" content=\"1 minuto\" \/>\n<script type=\"application\/ld+json\" class=\"yoast-schema-graph\">{\"@context\":\"https:\\\/\\\/schema.org\",\"@graph\":[{\"@type\":\"Article\",\"@id\":\"https:\\\/\\\/canal7slp.tv\\\/2023\\\/reunen-siete-aspirantes-del-frente-amplio-por-mexico-las-150-mil-firmas-para-la-segunda-etapa\\\/#article\",\"isPartOf\":{\"@id\":\"https:\\\/\\\/canal7slp.tv\\\/2023\\\/reunen-siete-aspirantes-del-frente-amplio-por-mexico-las-150-mil-firmas-para-la-segunda-etapa\\\/\"},\"author\":{\"name\":\"Edici\u00f3n Web\",\"@id\":\"https:\\\/\\\/canal7slp.tv\\\/2023\\\/#\\\/schema\\\/person\\\/639c424e3584069003b11ae813915da6\"},\"headline\":\"Re\u00fanen siete aspirantes del Frente Amplio por M\u00e9xico las 150 mil firmas para la segunda etapa\",\"datePublished\":\"2023-08-09T22:00:18+00:00\",\"mainEntityOfPage\":{\"@id\":\"https:\\\/\\\/canal7slp.tv\\\/2023\\\/reunen-siete-aspirantes-del-frente-amplio-por-mexico-las-150-mil-firmas-para-la-segunda-etapa\\\/\"},\"wordCount\":228,\"publisher\":{\"@id\":\"https:\\\/\\\/canal7slp.tv\\\/2023\\\/#organization\"},\"image\":{\"@id\":\"https:\\\/\\\/canal7slp.tv\\\/2023\\\/reunen-siete-aspirantes-del-frente-amplio-por-mexico-las-150-mil-firmas-para-la-segunda-etapa\\\/#primaryimage\"},\"thumbnailUrl\":\"https:\\\/\\\/canal7slp.tv\\\/2023\\\/wp-content\\\/uploads\\\/2023\\\/08\\\/Claudio01Preliminar.jpg\",\"articleSection\":[\"DESTACADAS\",\"LOCALES Y REGIONALES\"],\"inLanguage\":\"es\"},{\"@type\":\"WebPage\",\"@id\":\"https:\\\/\\\/canal7slp.tv\\\/2023\\\/reunen-siete-aspirantes-del-frente-amplio-por-mexico-las-150-mil-firmas-para-la-segunda-etapa\\\/\",\"url\":\"https:\\\/\\\/canal7slp.tv\\\/2023\\\/reunen-siete-aspirantes-del-frente-amplio-por-mexico-las-150-mil-firmas-para-la-segunda-etapa\\\/\",\"name\":\"Re\u00fanen siete aspirantes del Frente Amplio por M\u00e9xico las 150 mil firmas para la segunda etapa - Canal 7 SLP - 2023\",\"isPartOf\":{\"@id\":\"https:\\\/\\\/canal7slp.tv\\\/2023\\\/#website\"},\"primaryImageOfPage\":{\"@id\":\"https:\\\/\\\/canal7slp.tv\\\/2023\\\/reunen-siete-aspirantes-del-frente-amplio-por-mexico-las-150-mil-firmas-para-la-segunda-etapa\\\/#primaryimage\"},\"image\":{\"@id\":\"https:\\\/\\\/canal7slp.tv\\\/2023\\\/reunen-siete-aspirantes-del-frente-amplio-por-mexico-las-150-mil-firmas-para-la-segunda-etapa\\\/#primaryimage\"},\"thumbnailUrl\":\"https:\\\/\\\/canal7slp.tv\\\/2023\\\/wp-content\\\/uploads\\\/2023\\\/08\\\/Claudio01Preliminar.jpg\",\"datePublished\":\"2023-08-09T22:00:18+00:00\",\"breadcrumb\":{\"@id\":\"https:\\\/\\\/canal7slp.tv\\\/2023\\\/reunen-siete-aspirantes-del-frente-amplio-por-mexico-las-150-mil-firmas-para-la-segunda-etapa\\\/#breadcrumb\"},\"inLanguage\":\"es\",\"potentialAction\":[{\"@type\":\"ReadAction\",\"target\":[\"https:\\\/\\\/canal7slp.tv\\\/2023\\\/reunen-siete-aspirantes-del-frente-amplio-por-mexico-las-150-mil-firmas-para-la-segunda-etapa\\\/\"]}]},{\"@type\":\"ImageObject\",\"inLanguage\":\"es\",\"@id\":\"https:\\\/\\\/canal7slp.tv\\\/2023\\\/reunen-siete-aspirantes-del-frente-amplio-por-mexico-las-150-mil-firmas-para-la-segunda-etapa\\\/#primaryimage\",\"url\":\"https:\\\/\\\/canal7slp.tv\\\/2023\\\/wp-content\\\/uploads\\\/2023\\\/08\\\/Claudio01Preliminar.jpg\",\"contentUrl\":\"https:\\\/\\\/canal7slp.tv\\\/2023\\\/wp-content\\\/uploads\\\/2023\\\/08\\\/Claudio01Preliminar.jpg\",\"width\":1280,\"height\":720},{\"@type\":\"BreadcrumbList\",\"@id\":\"https:\\\/\\\/canal7slp.tv\\\/2023\\\/reunen-siete-aspirantes-del-frente-amplio-por-mexico-las-150-mil-firmas-para-la-segunda-etapa\\\/#breadcrumb\",\"itemListElement\":[{\"@type\":\"ListItem\",\"position\":1,\"name\":\"Portada\",\"item\":\"https:\\\/\\\/canal7slp.tv\\\/2023\\\/\"},{\"@type\":\"ListItem\",\"position\":2,\"name\":\"Re\u00fanen siete aspirantes del Frente Amplio por M\u00e9xico las 150 mil firmas para la segunda etapa\"}]},{\"@type\":\"WebSite\",\"@id\":\"https:\\\/\\\/canal7slp.tv\\\/2023\\\/#website\",\"url\":\"https:\\\/\\\/canal7slp.tv\\\/2023\\\/\",\"name\":\"N7 - Noticieros Canal 7\",\"description\":\"Somos Televisi\u00f3n\",\"publisher\":{\"@id\":\"https:\\\/\\\/canal7slp.tv\\\/2023\\\/#organization\"},\"potentialAction\":[{\"@type\":\"SearchAction\",\"target\":{\"@type\":\"EntryPoint\",\"urlTemplate\":\"https:\\\/\\\/canal7slp.tv\\\/2023\\\/?s={search_term_string}\"},\"query-input\":{\"@type\":\"PropertyValueSpecification\",\"valueRequired\":true,\"valueName\":\"search_term_string\"}}],\"inLanguage\":\"es\"},{\"@type\":\"Organization\",\"@id\":\"https:\\\/\\\/canal7slp.tv\\\/2023\\\/#organization\",\"name\":\"Noticieros Canal 7\",\"url\":\"https:\\\/\\\/canal7slp.tv\\\/2023\\\/\",\"logo\":{\"@type\":\"ImageObject\",\"inLanguage\":\"es\",\"@id\":\"https:\\\/\\\/canal7slp.tv\\\/2023\\\/#\\\/schema\\\/logo\\\/image\\\/\",\"url\":\"https:\\\/\\\/canal7slp.tv\\\/2023\\\/wp-content\\\/uploads\\\/2021\\\/01\\\/logo-noticieros@2x.png\",\"contentUrl\":\"https:\\\/\\\/canal7slp.tv\\\/2023\\\/wp-content\\\/uploads\\\/2021\\\/01\\\/logo-noticieros@2x.png\",\"width\":1017,\"height\":268,\"caption\":\"Noticieros Canal 7\"},\"image\":{\"@id\":\"https:\\\/\\\/canal7slp.tv\\\/2023\\\/#\\\/schema\\\/logo\\\/image\\\/\"},\"sameAs\":[\"https:\\\/\\\/www.facebook.com\\\/noticieroscanalsiete\",\"https:\\\/\\\/x.com\\\/NOTICIEROS7\",\"https:\\\/\\\/www.instagram.com\\\/canal7_slp\",\"https:\\\/\\\/www.youtube.com\\\/channel\\\/UCliiYs-gP3JfJeqdPrNdd5A\"]},{\"@type\":\"Person\",\"@id\":\"https:\\\/\\\/canal7slp.tv\\\/2023\\\/#\\\/schema\\\/person\\\/639c424e3584069003b11ae813915da6\",\"name\":\"Edici\u00f3n Web\",\"image\":{\"@type\":\"ImageObject\",\"inLanguage\":\"es\",\"@id\":\"https:\\\/\\\/secure.gravatar.com\\\/avatar\\\/eee448fc3f7164808013b816ba91ac7e43bbe82a70bebac296f8bc6f0addaa1a?s=96&d=mm&r=g\",\"url\":\"https:\\\/\\\/secure.gravatar.com\\\/avatar\\\/eee448fc3f7164808013b816ba91ac7e43bbe82a70bebac296f8bc6f0addaa1a?s=96&d=mm&r=g\",\"contentUrl\":\"https:\\\/\\\/secure.gravatar.com\\\/avatar\\\/eee448fc3f7164808013b816ba91ac7e43bbe82a70bebac296f8bc6f0addaa1a?s=96&d=mm&r=g\",\"caption\":\"Edici\u00f3n Web\"},\"url\":\"https:\\\/\\\/canal7slp.tv\\\/2023\\\/author\\\/edicionweb\\\/\"}]}<\/script>\n<!-- \/ Yoast SEO plugin. -->","yoast_head_json":{"title":"Re\u00fanen siete aspirantes del Frente Amplio por M\u00e9xico las 150 mil firmas para la segunda etapa - Canal 7 SLP - 2023","robots":{"index":"index","follow":"follow","max-snippet":"max-snippet:-1","max-image-preview":"max-image-preview:large","max-video-preview":"max-video-preview:-1"},"canonical":"https:\/\/canal7slp.tv\/2023\/reunen-siete-aspirantes-del-frente-amplio-por-mexico-las-150-mil-firmas-para-la-segunda-etapa\/","og_locale":"es_ES","og_type":"article","og_title":"Re\u00fanen siete aspirantes del Frente Amplio por M\u00e9xico las 150 mil firmas para la segunda etapa - Canal 7 SLP - 2023","og_description":"SLP.- Al cierre del registro este martes 8 de Agosto para pasar a la segunda fase del proceso de selecci\u00f3n del coordinador del Frente Amplio Por M\u00e9xico, siete de los 13 aspirantes contendientes recabaron las m\u00e1s de 150 mil firmas requeridas. Los aspirantes a la presidencia de la rep\u00fablica que cumplieron con este requisito son tres del PAN, dos del PRI y dos del PRD encabezando la lista X\u00f3chitl G\u00e1lvez Ruiz, quien logr\u00f3 el mayor n\u00famero de respaldos con 554 mil 699 firmas. Le sigue la pri\u00edsta Beatriz Paredes Rangel con un registro de 452 mil firmas seguida de Santiago [&hellip;]","og_url":"https:\/\/canal7slp.tv\/2023\/reunen-siete-aspirantes-del-frente-amplio-por-mexico-las-150-mil-firmas-para-la-segunda-etapa\/","og_site_name":"Canal 7 SLP - 2023","article_publisher":"https:\/\/www.facebook.com\/noticieroscanalsiete","article_published_time":"2023-08-09T22:00:18+00:00","og_image":[{"width":1280,"height":720,"url":"https:\/\/canal7slp.tv\/2023\/wp-content\/uploads\/2023\/08\/Claudio01Preliminar.jpg","type":"image\/jpeg"}],"author":"Edici\u00f3n Web","twitter_card":"summary_large_image","twitter_creator":"@NOTICIEROS7","twitter_site":"@NOTICIEROS7","twitter_misc":{"Escrito por":"Edici\u00f3n Web","Tiempo de lectura":"1 minuto"},"schema":{"@context":"https:\/\/schema.org","@graph":[{"@type":"Article","@id":"https:\/\/canal7slp.tv\/2023\/reunen-siete-aspirantes-del-frente-amplio-por-mexico-las-150-mil-firmas-para-la-segunda-etapa\/#article","isPartOf":{"@id":"https:\/\/canal7slp.tv\/2023\/reunen-siete-aspirantes-del-frente-amplio-por-mexico-las-150-mil-firmas-para-la-segunda-etapa\/"},"author":{"name":"Edici\u00f3n Web","@id":"https:\/\/canal7slp.tv\/2023\/#\/schema\/person\/639c424e3584069003b11ae813915da6"},"headline":"Re\u00fanen siete aspirantes del Frente Amplio por M\u00e9xico las 150 mil firmas para la segunda etapa","datePublished":"2023-08-09T22:00:18+00:00","mainEntityOfPage":{"@id":"https:\/\/canal7slp.tv\/2023\/reunen-siete-aspirantes-del-frente-amplio-por-mexico-las-150-mil-firmas-para-la-segunda-etapa\/"},"wordCount":228,"publisher":{"@id":"https:\/\/canal7slp.tv\/2023\/#organization"},"image":{"@id":"https:\/\/canal7slp.tv\/2023\/reunen-siete-aspirantes-del-frente-amplio-por-mexico-las-150-mil-firmas-para-la-segunda-etapa\/#primaryimage"},"thumbnailUrl":"https:\/\/canal7slp.tv\/2023\/wp-content\/uploads\/2023\/08\/Claudio01Preliminar.jpg","articleSection":["DESTACADAS","LOCALES Y REGIONALES"],"inLanguage":"es"},{"@type":"WebPage","@id":"https:\/\/canal7slp.tv\/2023\/reunen-siete-aspirantes-del-frente-amplio-por-mexico-las-150-mil-firmas-para-la-segunda-etapa\/","url":"https:\/\/canal7slp.tv\/2023\/reunen-siete-aspirantes-del-frente-amplio-por-mexico-las-150-mil-firmas-para-la-segunda-etapa\/","name":"Re\u00fanen siete aspirantes del Frente Amplio por M\u00e9xico las 150 mil firmas para la segunda etapa - Canal 7 SLP - 2023","isPartOf":{"@id":"https:\/\/canal7slp.tv\/2023\/#website"},"primaryImageOfPage":{"@id":"https:\/\/canal7slp.tv\/2023\/reunen-siete-aspirantes-del-frente-amplio-por-mexico-las-150-mil-firmas-para-la-segunda-etapa\/#primaryimage"},"image":{"@id":"https:\/\/canal7slp.tv\/2023\/reunen-siete-aspirantes-del-frente-amplio-por-mexico-las-150-mil-firmas-para-la-segunda-etapa\/#primaryimage"},"thumbnailUrl":"https:\/\/canal7slp.tv\/2023\/wp-content\/uploads\/2023\/08\/Claudio01Preliminar.jpg","datePublished":"2023-08-09T22:00:18+00:00","breadcrumb":{"@id":"https:\/\/canal7slp.tv\/2023\/reunen-siete-aspirantes-del-frente-amplio-por-mexico-las-150-mil-firmas-para-la-segunda-etapa\/#breadcrumb"},"inLanguage":"es","potentialAction":[{"@type":"ReadAction","target":["https:\/\/canal7slp.tv\/2023\/reunen-siete-aspirantes-del-frente-amplio-por-mexico-las-150-mil-firmas-para-la-segunda-etapa\/"]}]},{"@type":"ImageObject","inLanguage":"es","@id":"https:\/\/canal7slp.tv\/2023\/reunen-siete-aspirantes-del-frente-amplio-por-mexico-las-150-mil-firmas-para-la-segunda-etapa\/#primaryimage","url":"https:\/\/canal7slp.tv\/2023\/wp-content\/uploads\/2023\/08\/Claudio01Preliminar.jpg","contentUrl":"https:\/\/canal7slp.tv\/2023\/wp-content\/uploads\/2023\/08\/Claudio01Preliminar.jpg","width":1280,"height":720},{"@type":"BreadcrumbList","@id":"https:\/\/canal7slp.tv\/2023\/reunen-siete-aspirantes-del-frente-amplio-por-mexico-las-150-mil-firmas-para-la-segunda-etapa\/#breadcrumb","itemListElement":[{"@type":"ListItem","position":1,"name":"Portada","item":"https:\/\/canal7slp.tv\/2023\/"},{"@type":"ListItem","position":2,"name":"Re\u00fanen siete aspirantes del Frente Amplio por M\u00e9xico las 150 mil firmas para la segunda etapa"}]},{"@type":"WebSite","@id":"https:\/\/canal7slp.tv\/2023\/#website","url":"https:\/\/canal7slp.tv\/2023\/","name":"N7 - Noticieros Canal 7","description":"Somos Televisi\u00f3n","publisher":{"@id":"https:\/\/canal7slp.tv\/2023\/#organization"},"potentialAction":[{"@type":"SearchAction","target":{"@type":"EntryPoint","urlTemplate":"https:\/\/canal7slp.tv\/2023\/?s={search_term_string}"},"query-input":{"@type":"PropertyValueSpecification","valueRequired":true,"valueName":"search_term_string"}}],"inLanguage":"es"},{"@type":"Organization","@id":"https:\/\/canal7slp.tv\/2023\/#organization","name":"Noticieros Canal 7","url":"https:\/\/canal7slp.tv\/2023\/","logo":{"@type":"ImageObject","inLanguage":"es","@id":"https:\/\/canal7slp.tv\/2023\/#\/schema\/logo\/image\/","url":"https:\/\/canal7slp.tv\/2023\/wp-content\/uploads\/2021\/01\/logo-noticieros@2x.png","contentUrl":"https:\/\/canal7slp.tv\/2023\/wp-content\/uploads\/2021\/01\/logo-noticieros@2x.png","width":1017,"height":268,"caption":"Noticieros Canal 7"},"image":{"@id":"https:\/\/canal7slp.tv\/2023\/#\/schema\/logo\/image\/"},"sameAs":["https:\/\/www.facebook.com\/noticieroscanalsiete","https:\/\/x.com\/NOTICIEROS7","https:\/\/www.instagram.com\/canal7_slp","https:\/\/www.youtube.com\/channel\/UCliiYs-gP3JfJeqdPrNdd5A"]},{"@type":"Person","@id":"https:\/\/canal7slp.tv\/2023\/#\/schema\/person\/639c424e3584069003b11ae813915da6","name":"Edici\u00f3n Web","image":{"@type":"ImageObject","inLanguage":"es","@id":"https:\/\/secure.gravatar.com\/avatar\/eee448fc3f7164808013b816ba91ac7e43bbe82a70bebac296f8bc6f0addaa1a?s=96&d=mm&r=g","url":"https:\/\/secure.gravatar.com\/avatar\/eee448fc3f7164808013b816ba91ac7e43bbe82a70bebac296f8bc6f0addaa1a?s=96&d=mm&r=g","contentUrl":"https:\/\/secure.gravatar.com\/avatar\/eee448fc3f7164808013b816ba91ac7e43bbe82a70bebac296f8bc6f0addaa1a?s=96&d=mm&r=g","caption":"Edici\u00f3n Web"},"url":"https:\/\/canal7slp.tv\/2023\/author\/edicionweb\/"}]}},"_links":{"self":[{"href":"https:\/\/canal7slp.tv\/2023\/wp-json\/wp\/v2\/posts\/103807","targetHints":{"allow":["GET"]}}],"collection":[{"href":"https:\/\/canal7slp.tv\/2023\/wp-json\/wp\/v2\/posts"}],"about":[{"href":"https:\/\/canal7slp.tv\/2023\/wp-json\/wp\/v2\/types\/post"}],"author":[{"embeddable":true,"href":"https:\/\/canal7slp.tv\/2023\/wp-json\/wp\/v2\/users\/2"}],"replies":[{"embeddable":true,"href":"https:\/\/canal7slp.tv\/2023\/wp-json\/wp\/v2\/comments?post=103807"}],"version-history":[{"count":2,"href":"https:\/\/canal7slp.tv\/2023\/wp-json\/wp\/v2\/posts\/103807\/revisions"}],"predecessor-version":[{"id":103815,"href":"https:\/\/canal7slp.tv\/2023\/wp-json\/wp\/v2\/posts\/103807\/revisions\/103815"}],"wp:featuredmedia":[{"embeddable":true,"href":"https:\/\/canal7slp.tv\/2023\/wp-json\/wp\/v2\/media\/103814"}],"wp:attachment":[{"href":"https:\/\/canal7slp.tv\/2023\/wp-json\/wp\/v2\/media?parent=103807"}],"wp:term":[{"taxonomy":"category","embeddable":true,"href":"https:\/\/canal7slp.tv\/2023\/wp-json\/wp\/v2\/categories?post=103807"},{"taxonomy":"post_tag","embeddable":true,"href":"https:\/\/canal7slp.tv\/2023\/wp-json\/wp\/v2\/tags?post=103807"}],"curies":[{"name":"wp","href":"https:\/\/api.w.org\/{rel}","templated":true}]}}