{"id":103803,"date":"2023-08-09T16:28:59","date_gmt":"2023-08-09T22:28:59","guid":{"rendered":"https:\/\/canal7slp.tv\/2023\/?p=103803"},"modified":"2023-08-09T16:28:59","modified_gmt":"2023-08-09T22:28:59","slug":"desigualdad-y-falta-de-apoyo-expresan-indigenas-en-el-marco-de-conmemoracion-internacional","status":"publish","type":"post","link":"https:\/\/canal7slp.tv\/2023\/desigualdad-y-falta-de-apoyo-expresan-indigenas-en-el-marco-de-conmemoracion-internacional\/","title":{"rendered":"Desigualdad y falta de apoyo expresan ind\u00edgenas, en el marco de conmemoraci\u00f3n internacional"},"content":{"rendered":"<p style=\"text-align: justify;\"><span style=\"font-size: 1.21429rem;\">SLP.- Cada 09 de agosto se celebra el D\u00eda Internacional de los Pueblos Ind\u00edgenas, en la capital en San Luis Potos\u00ed los grupos Mazahua, Otom\u00ed y Mixteco realizaron una caminata al Palacio de Gobierno, para denunciar la falta de apoyo.<\/span><\/p>\n<p style=\"text-align: justify;\">El representante de pueblos originarios, Narciso Mendoza L\u00f3pez, habl\u00f3 sobre las dificultades que enfrentan.<\/p>\n<p style=\"text-align: justify;\">\u201cEste d\u00eda estamos celebrando el D\u00eda Internacional de los Pueblos Ind\u00edgenas con este acto pac\u00edfico, con este acto de di\u00e1logo con el gobierno del estado\u201d.<\/p>\n<p style=\"text-align: justify;\">Neg\u00f3 que el Poder Ejecutivo les apoye de alguna forma.<\/p>\n<p style=\"text-align: justify;\">\u201cNosotros hasta ahorita no hemos accedido a ning\u00fan programa social cuando somos los grupos m\u00e1s abandonados\u201d.<\/p>\n<p style=\"text-align: justify;\">Calific\u00f3 al gobierno estatal, municipales y a la legislaci\u00f3n local, como impr\u00e1cticas.<\/p>\n<p style=\"text-align: justify;\">\u201cSimplemente ahorita no hay traductores, nosotros hablamos una lengua; hemos batallado mucho aqu\u00ed en el estado de San Luis Potos\u00ed\u201d.<\/p>\n<p style=\"text-align: justify;\">Tampoco cuentan con servicios.<\/p>\n<p style=\"text-align: justify;\">\u201cA pesar de qu\u00e9 estamos aqu\u00ed en la capital no tenemos agua, no tenemos luz, no tenemos drenaje, no tenemos nada, no tenemos atenci\u00f3n\u201d.<\/p>\n<p style=\"text-align: justify;\">El recorrido comenz\u00f3 frente a las instalaciones de la Comisi\u00f3n Estatal de Derechos Humanos, avanz\u00f3 por avenida Carranza, pas\u00f3 frente a Palacio de Gobierno y culmin\u00f3 en las oficinas del Instituto de Desarrollo Humano y Social de los Pueblos y Comunidades Ind\u00edgenas.<\/p>\n<p style=\"text-align: justify;\">Por: Juan Carlos Contreras<\/p>\n","protected":false},"excerpt":{"rendered":"<p>SLP.- Cada 09 de agosto se celebra el D\u00eda Internacional de los Pueblos Ind\u00edgenas, en la capital en San Luis Potos\u00ed los grupos Mazahua, Otom\u00ed y Mixteco realizaron una caminata al Palacio de Gobierno, para denunciar la falta de apoyo. El representante de pueblos originarios, Narciso Mendoza L\u00f3pez, habl\u00f3 sobre las dificultades que enfrentan. \u201cEste d\u00eda estamos celebrando el D\u00eda Internacional de los Pueblos Ind\u00edgenas con este acto pac\u00edfico, con este acto de di\u00e1logo con el gobierno del estado\u201d. Neg\u00f3 que el Poder Ejecutivo les apoye de alguna forma. \u201cNosotros hasta ahorita no hemos accedido a ning\u00fan programa social cuando [&hellip;]<\/p>\n","protected":false},"author":2,"featured_media":103834,"comment_status":"closed","ping_status":"closed","sticky":false,"template":"","format":"video","meta":{"footnotes":""},"categories":[5,45],"tags":[],"class_list":["post-103803","post","type-post","status-publish","format-video","has-post-thumbnail","hentry","category-destacadas","category-localesyregionales","post_format-post-format-video","post--single"],"yoast_head":"<!-- This site is optimized with the Yoast SEO plugin v27.4 - https:\/\/yoast.com\/product\/yoast-seo-wordpress\/ -->\n<title>Desigualdad y falta de apoyo expresan ind\u00edgenas, en el marco de conmemoraci\u00f3n internacional - Canal 7 SLP - 2023<\/title>\n<meta name=\"robots\" content=\"index, follow, max-snippet:-1, max-image-preview:large, max-video-preview:-1\" \/>\n<link rel=\"canonical\" href=\"https:\/\/canal7slp.tv\/2023\/desigualdad-y-falta-de-apoyo-expresan-indigenas-en-el-marco-de-conmemoracion-internacional\/\" \/>\n<meta property=\"og:locale\" content=\"es_ES\" \/>\n<meta property=\"og:type\" content=\"article\" \/>\n<meta property=\"og:title\" content=\"Desigualdad y falta de apoyo expresan ind\u00edgenas, en el marco de conmemoraci\u00f3n internacional - Canal 7 SLP - 2023\" \/>\n<meta property=\"og:description\" content=\"SLP.- Cada 09 de agosto se celebra el D\u00eda Internacional de los Pueblos Ind\u00edgenas, en la capital en San Luis Potos\u00ed los grupos Mazahua, Otom\u00ed y Mixteco realizaron una caminata al Palacio de Gobierno, para denunciar la falta de apoyo. El representante de pueblos originarios, Narciso Mendoza L\u00f3pez, habl\u00f3 sobre las dificultades que enfrentan. \u201cEste d\u00eda estamos celebrando el D\u00eda Internacional de los Pueblos Ind\u00edgenas con este acto pac\u00edfico, con este acto de di\u00e1logo con el gobierno del estado\u201d. Neg\u00f3 que el Poder Ejecutivo les apoye de alguna forma. \u201cNosotros hasta ahorita no hemos accedido a ning\u00fan programa social cuando [&hellip;]\" \/>\n<meta property=\"og:url\" content=\"https:\/\/canal7slp.tv\/2023\/desigualdad-y-falta-de-apoyo-expresan-indigenas-en-el-marco-de-conmemoracion-internacional\/\" \/>\n<meta property=\"og:site_name\" content=\"Canal 7 SLP - 2023\" \/>\n<meta property=\"article:publisher\" content=\"https:\/\/www.facebook.com\/noticieroscanalsiete\" \/>\n<meta property=\"article:published_time\" content=\"2023-08-09T22:28:59+00:00\" \/>\n<meta property=\"og:image\" content=\"https:\/\/canal7slp.tv\/2023\/wp-content\/uploads\/2023\/08\/Poky03ManifestacionIndigena.jpg\" \/>\n\t<meta property=\"og:image:width\" content=\"1280\" \/>\n\t<meta property=\"og:image:height\" content=\"720\" \/>\n\t<meta property=\"og:image:type\" content=\"image\/jpeg\" \/>\n<meta name=\"author\" content=\"Edici\u00f3n Web\" \/>\n<meta name=\"twitter:card\" content=\"summary_large_image\" \/>\n<meta name=\"twitter:creator\" content=\"@NOTICIEROS7\" \/>\n<meta name=\"twitter:site\" content=\"@NOTICIEROS7\" \/>\n<meta name=\"twitter:label1\" content=\"Escrito por\" \/>\n\t<meta name=\"twitter:data1\" content=\"Edici\u00f3n Web\" \/>\n\t<meta name=\"twitter:label2\" content=\"Tiempo de lectura\" \/>\n\t<meta name=\"twitter:data2\" content=\"1 minuto\" \/>\n<script type=\"application\/ld+json\" class=\"yoast-schema-graph\">{\"@context\":\"https:\\\/\\\/schema.org\",\"@graph\":[{\"@type\":\"Article\",\"@id\":\"https:\\\/\\\/canal7slp.tv\\\/2023\\\/desigualdad-y-falta-de-apoyo-expresan-indigenas-en-el-marco-de-conmemoracion-internacional\\\/#article\",\"isPartOf\":{\"@id\":\"https:\\\/\\\/canal7slp.tv\\\/2023\\\/desigualdad-y-falta-de-apoyo-expresan-indigenas-en-el-marco-de-conmemoracion-internacional\\\/\"},\"author\":{\"name\":\"Edici\u00f3n Web\",\"@id\":\"https:\\\/\\\/canal7slp.tv\\\/2023\\\/#\\\/schema\\\/person\\\/639c424e3584069003b11ae813915da6\"},\"headline\":\"Desigualdad y falta de apoyo expresan ind\u00edgenas, en el marco de conmemoraci\u00f3n internacional\",\"datePublished\":\"2023-08-09T22:28:59+00:00\",\"mainEntityOfPage\":{\"@id\":\"https:\\\/\\\/canal7slp.tv\\\/2023\\\/desigualdad-y-falta-de-apoyo-expresan-indigenas-en-el-marco-de-conmemoracion-internacional\\\/\"},\"wordCount\":241,\"publisher\":{\"@id\":\"https:\\\/\\\/canal7slp.tv\\\/2023\\\/#organization\"},\"image\":{\"@id\":\"https:\\\/\\\/canal7slp.tv\\\/2023\\\/desigualdad-y-falta-de-apoyo-expresan-indigenas-en-el-marco-de-conmemoracion-internacional\\\/#primaryimage\"},\"thumbnailUrl\":\"https:\\\/\\\/canal7slp.tv\\\/2023\\\/wp-content\\\/uploads\\\/2023\\\/08\\\/Poky03ManifestacionIndigena.jpg\",\"articleSection\":[\"DESTACADAS\",\"LOCALES Y REGIONALES\"],\"inLanguage\":\"es\"},{\"@type\":\"WebPage\",\"@id\":\"https:\\\/\\\/canal7slp.tv\\\/2023\\\/desigualdad-y-falta-de-apoyo-expresan-indigenas-en-el-marco-de-conmemoracion-internacional\\\/\",\"url\":\"https:\\\/\\\/canal7slp.tv\\\/2023\\\/desigualdad-y-falta-de-apoyo-expresan-indigenas-en-el-marco-de-conmemoracion-internacional\\\/\",\"name\":\"Desigualdad y falta de apoyo expresan ind\u00edgenas, en el marco de conmemoraci\u00f3n internacional - Canal 7 SLP - 2023\",\"isPartOf\":{\"@id\":\"https:\\\/\\\/canal7slp.tv\\\/2023\\\/#website\"},\"primaryImageOfPage\":{\"@id\":\"https:\\\/\\\/canal7slp.tv\\\/2023\\\/desigualdad-y-falta-de-apoyo-expresan-indigenas-en-el-marco-de-conmemoracion-internacional\\\/#primaryimage\"},\"image\":{\"@id\":\"https:\\\/\\\/canal7slp.tv\\\/2023\\\/desigualdad-y-falta-de-apoyo-expresan-indigenas-en-el-marco-de-conmemoracion-internacional\\\/#primaryimage\"},\"thumbnailUrl\":\"https:\\\/\\\/canal7slp.tv\\\/2023\\\/wp-content\\\/uploads\\\/2023\\\/08\\\/Poky03ManifestacionIndigena.jpg\",\"datePublished\":\"2023-08-09T22:28:59+00:00\",\"breadcrumb\":{\"@id\":\"https:\\\/\\\/canal7slp.tv\\\/2023\\\/desigualdad-y-falta-de-apoyo-expresan-indigenas-en-el-marco-de-conmemoracion-internacional\\\/#breadcrumb\"},\"inLanguage\":\"es\",\"potentialAction\":[{\"@type\":\"ReadAction\",\"target\":[\"https:\\\/\\\/canal7slp.tv\\\/2023\\\/desigualdad-y-falta-de-apoyo-expresan-indigenas-en-el-marco-de-conmemoracion-internacional\\\/\"]}]},{\"@type\":\"ImageObject\",\"inLanguage\":\"es\",\"@id\":\"https:\\\/\\\/canal7slp.tv\\\/2023\\\/desigualdad-y-falta-de-apoyo-expresan-indigenas-en-el-marco-de-conmemoracion-internacional\\\/#primaryimage\",\"url\":\"https:\\\/\\\/canal7slp.tv\\\/2023\\\/wp-content\\\/uploads\\\/2023\\\/08\\\/Poky03ManifestacionIndigena.jpg\",\"contentUrl\":\"https:\\\/\\\/canal7slp.tv\\\/2023\\\/wp-content\\\/uploads\\\/2023\\\/08\\\/Poky03ManifestacionIndigena.jpg\",\"width\":1280,\"height\":720},{\"@type\":\"BreadcrumbList\",\"@id\":\"https:\\\/\\\/canal7slp.tv\\\/2023\\\/desigualdad-y-falta-de-apoyo-expresan-indigenas-en-el-marco-de-conmemoracion-internacional\\\/#breadcrumb\",\"itemListElement\":[{\"@type\":\"ListItem\",\"position\":1,\"name\":\"Portada\",\"item\":\"https:\\\/\\\/canal7slp.tv\\\/2023\\\/\"},{\"@type\":\"ListItem\",\"position\":2,\"name\":\"Desigualdad y falta de apoyo expresan ind\u00edgenas, en el marco de conmemoraci\u00f3n internacional\"}]},{\"@type\":\"WebSite\",\"@id\":\"https:\\\/\\\/canal7slp.tv\\\/2023\\\/#website\",\"url\":\"https:\\\/\\\/canal7slp.tv\\\/2023\\\/\",\"name\":\"N7 - Noticieros Canal 7\",\"description\":\"Somos Televisi\u00f3n\",\"publisher\":{\"@id\":\"https:\\\/\\\/canal7slp.tv\\\/2023\\\/#organization\"},\"potentialAction\":[{\"@type\":\"SearchAction\",\"target\":{\"@type\":\"EntryPoint\",\"urlTemplate\":\"https:\\\/\\\/canal7slp.tv\\\/2023\\\/?s={search_term_string}\"},\"query-input\":{\"@type\":\"PropertyValueSpecification\",\"valueRequired\":true,\"valueName\":\"search_term_string\"}}],\"inLanguage\":\"es\"},{\"@type\":\"Organization\",\"@id\":\"https:\\\/\\\/canal7slp.tv\\\/2023\\\/#organization\",\"name\":\"Noticieros Canal 7\",\"url\":\"https:\\\/\\\/canal7slp.tv\\\/2023\\\/\",\"logo\":{\"@type\":\"ImageObject\",\"inLanguage\":\"es\",\"@id\":\"https:\\\/\\\/canal7slp.tv\\\/2023\\\/#\\\/schema\\\/logo\\\/image\\\/\",\"url\":\"https:\\\/\\\/canal7slp.tv\\\/2023\\\/wp-content\\\/uploads\\\/2021\\\/01\\\/logo-noticieros@2x.png\",\"contentUrl\":\"https:\\\/\\\/canal7slp.tv\\\/2023\\\/wp-content\\\/uploads\\\/2021\\\/01\\\/logo-noticieros@2x.png\",\"width\":1017,\"height\":268,\"caption\":\"Noticieros Canal 7\"},\"image\":{\"@id\":\"https:\\\/\\\/canal7slp.tv\\\/2023\\\/#\\\/schema\\\/logo\\\/image\\\/\"},\"sameAs\":[\"https:\\\/\\\/www.facebook.com\\\/noticieroscanalsiete\",\"https:\\\/\\\/x.com\\\/NOTICIEROS7\",\"https:\\\/\\\/www.instagram.com\\\/canal7_slp\",\"https:\\\/\\\/www.youtube.com\\\/channel\\\/UCliiYs-gP3JfJeqdPrNdd5A\"]},{\"@type\":\"Person\",\"@id\":\"https:\\\/\\\/canal7slp.tv\\\/2023\\\/#\\\/schema\\\/person\\\/639c424e3584069003b11ae813915da6\",\"name\":\"Edici\u00f3n Web\",\"image\":{\"@type\":\"ImageObject\",\"inLanguage\":\"es\",\"@id\":\"https:\\\/\\\/secure.gravatar.com\\\/avatar\\\/eee448fc3f7164808013b816ba91ac7e43bbe82a70bebac296f8bc6f0addaa1a?s=96&d=mm&r=g\",\"url\":\"https:\\\/\\\/secure.gravatar.com\\\/avatar\\\/eee448fc3f7164808013b816ba91ac7e43bbe82a70bebac296f8bc6f0addaa1a?s=96&d=mm&r=g\",\"contentUrl\":\"https:\\\/\\\/secure.gravatar.com\\\/avatar\\\/eee448fc3f7164808013b816ba91ac7e43bbe82a70bebac296f8bc6f0addaa1a?s=96&d=mm&r=g\",\"caption\":\"Edici\u00f3n Web\"},\"url\":\"https:\\\/\\\/canal7slp.tv\\\/2023\\\/author\\\/edicionweb\\\/\"}]}<\/script>\n<!-- \/ Yoast SEO plugin. -->","yoast_head_json":{"title":"Desigualdad y falta de apoyo expresan ind\u00edgenas, en el marco de conmemoraci\u00f3n internacional - Canal 7 SLP - 2023","robots":{"index":"index","follow":"follow","max-snippet":"max-snippet:-1","max-image-preview":"max-image-preview:large","max-video-preview":"max-video-preview:-1"},"canonical":"https:\/\/canal7slp.tv\/2023\/desigualdad-y-falta-de-apoyo-expresan-indigenas-en-el-marco-de-conmemoracion-internacional\/","og_locale":"es_ES","og_type":"article","og_title":"Desigualdad y falta de apoyo expresan ind\u00edgenas, en el marco de conmemoraci\u00f3n internacional - Canal 7 SLP - 2023","og_description":"SLP.- Cada 09 de agosto se celebra el D\u00eda Internacional de los Pueblos Ind\u00edgenas, en la capital en San Luis Potos\u00ed los grupos Mazahua, Otom\u00ed y Mixteco realizaron una caminata al Palacio de Gobierno, para denunciar la falta de apoyo. El representante de pueblos originarios, Narciso Mendoza L\u00f3pez, habl\u00f3 sobre las dificultades que enfrentan. \u201cEste d\u00eda estamos celebrando el D\u00eda Internacional de los Pueblos Ind\u00edgenas con este acto pac\u00edfico, con este acto de di\u00e1logo con el gobierno del estado\u201d. Neg\u00f3 que el Poder Ejecutivo les apoye de alguna forma. \u201cNosotros hasta ahorita no hemos accedido a ning\u00fan programa social cuando [&hellip;]","og_url":"https:\/\/canal7slp.tv\/2023\/desigualdad-y-falta-de-apoyo-expresan-indigenas-en-el-marco-de-conmemoracion-internacional\/","og_site_name":"Canal 7 SLP - 2023","article_publisher":"https:\/\/www.facebook.com\/noticieroscanalsiete","article_published_time":"2023-08-09T22:28:59+00:00","og_image":[{"width":1280,"height":720,"url":"https:\/\/canal7slp.tv\/2023\/wp-content\/uploads\/2023\/08\/Poky03ManifestacionIndigena.jpg","type":"image\/jpeg"}],"author":"Edici\u00f3n Web","twitter_card":"summary_large_image","twitter_creator":"@NOTICIEROS7","twitter_site":"@NOTICIEROS7","twitter_misc":{"Escrito por":"Edici\u00f3n Web","Tiempo de lectura":"1 minuto"},"schema":{"@context":"https:\/\/schema.org","@graph":[{"@type":"Article","@id":"https:\/\/canal7slp.tv\/2023\/desigualdad-y-falta-de-apoyo-expresan-indigenas-en-el-marco-de-conmemoracion-internacional\/#article","isPartOf":{"@id":"https:\/\/canal7slp.tv\/2023\/desigualdad-y-falta-de-apoyo-expresan-indigenas-en-el-marco-de-conmemoracion-internacional\/"},"author":{"name":"Edici\u00f3n Web","@id":"https:\/\/canal7slp.tv\/2023\/#\/schema\/person\/639c424e3584069003b11ae813915da6"},"headline":"Desigualdad y falta de apoyo expresan ind\u00edgenas, en el marco de conmemoraci\u00f3n internacional","datePublished":"2023-08-09T22:28:59+00:00","mainEntityOfPage":{"@id":"https:\/\/canal7slp.tv\/2023\/desigualdad-y-falta-de-apoyo-expresan-indigenas-en-el-marco-de-conmemoracion-internacional\/"},"wordCount":241,"publisher":{"@id":"https:\/\/canal7slp.tv\/2023\/#organization"},"image":{"@id":"https:\/\/canal7slp.tv\/2023\/desigualdad-y-falta-de-apoyo-expresan-indigenas-en-el-marco-de-conmemoracion-internacional\/#primaryimage"},"thumbnailUrl":"https:\/\/canal7slp.tv\/2023\/wp-content\/uploads\/2023\/08\/Poky03ManifestacionIndigena.jpg","articleSection":["DESTACADAS","LOCALES Y REGIONALES"],"inLanguage":"es"},{"@type":"WebPage","@id":"https:\/\/canal7slp.tv\/2023\/desigualdad-y-falta-de-apoyo-expresan-indigenas-en-el-marco-de-conmemoracion-internacional\/","url":"https:\/\/canal7slp.tv\/2023\/desigualdad-y-falta-de-apoyo-expresan-indigenas-en-el-marco-de-conmemoracion-internacional\/","name":"Desigualdad y falta de apoyo expresan ind\u00edgenas, en el marco de conmemoraci\u00f3n internacional - Canal 7 SLP - 2023","isPartOf":{"@id":"https:\/\/canal7slp.tv\/2023\/#website"},"primaryImageOfPage":{"@id":"https:\/\/canal7slp.tv\/2023\/desigualdad-y-falta-de-apoyo-expresan-indigenas-en-el-marco-de-conmemoracion-internacional\/#primaryimage"},"image":{"@id":"https:\/\/canal7slp.tv\/2023\/desigualdad-y-falta-de-apoyo-expresan-indigenas-en-el-marco-de-conmemoracion-internacional\/#primaryimage"},"thumbnailUrl":"https:\/\/canal7slp.tv\/2023\/wp-content\/uploads\/2023\/08\/Poky03ManifestacionIndigena.jpg","datePublished":"2023-08-09T22:28:59+00:00","breadcrumb":{"@id":"https:\/\/canal7slp.tv\/2023\/desigualdad-y-falta-de-apoyo-expresan-indigenas-en-el-marco-de-conmemoracion-internacional\/#breadcrumb"},"inLanguage":"es","potentialAction":[{"@type":"ReadAction","target":["https:\/\/canal7slp.tv\/2023\/desigualdad-y-falta-de-apoyo-expresan-indigenas-en-el-marco-de-conmemoracion-internacional\/"]}]},{"@type":"ImageObject","inLanguage":"es","@id":"https:\/\/canal7slp.tv\/2023\/desigualdad-y-falta-de-apoyo-expresan-indigenas-en-el-marco-de-conmemoracion-internacional\/#primaryimage","url":"https:\/\/canal7slp.tv\/2023\/wp-content\/uploads\/2023\/08\/Poky03ManifestacionIndigena.jpg","contentUrl":"https:\/\/canal7slp.tv\/2023\/wp-content\/uploads\/2023\/08\/Poky03ManifestacionIndigena.jpg","width":1280,"height":720},{"@type":"BreadcrumbList","@id":"https:\/\/canal7slp.tv\/2023\/desigualdad-y-falta-de-apoyo-expresan-indigenas-en-el-marco-de-conmemoracion-internacional\/#breadcrumb","itemListElement":[{"@type":"ListItem","position":1,"name":"Portada","item":"https:\/\/canal7slp.tv\/2023\/"},{"@type":"ListItem","position":2,"name":"Desigualdad y falta de apoyo expresan ind\u00edgenas, en el marco de conmemoraci\u00f3n internacional"}]},{"@type":"WebSite","@id":"https:\/\/canal7slp.tv\/2023\/#website","url":"https:\/\/canal7slp.tv\/2023\/","name":"N7 - Noticieros Canal 7","description":"Somos Televisi\u00f3n","publisher":{"@id":"https:\/\/canal7slp.tv\/2023\/#organization"},"potentialAction":[{"@type":"SearchAction","target":{"@type":"EntryPoint","urlTemplate":"https:\/\/canal7slp.tv\/2023\/?s={search_term_string}"},"query-input":{"@type":"PropertyValueSpecification","valueRequired":true,"valueName":"search_term_string"}}],"inLanguage":"es"},{"@type":"Organization","@id":"https:\/\/canal7slp.tv\/2023\/#organization","name":"Noticieros Canal 7","url":"https:\/\/canal7slp.tv\/2023\/","logo":{"@type":"ImageObject","inLanguage":"es","@id":"https:\/\/canal7slp.tv\/2023\/#\/schema\/logo\/image\/","url":"https:\/\/canal7slp.tv\/2023\/wp-content\/uploads\/2021\/01\/logo-noticieros@2x.png","contentUrl":"https:\/\/canal7slp.tv\/2023\/wp-content\/uploads\/2021\/01\/logo-noticieros@2x.png","width":1017,"height":268,"caption":"Noticieros Canal 7"},"image":{"@id":"https:\/\/canal7slp.tv\/2023\/#\/schema\/logo\/image\/"},"sameAs":["https:\/\/www.facebook.com\/noticieroscanalsiete","https:\/\/x.com\/NOTICIEROS7","https:\/\/www.instagram.com\/canal7_slp","https:\/\/www.youtube.com\/channel\/UCliiYs-gP3JfJeqdPrNdd5A"]},{"@type":"Person","@id":"https:\/\/canal7slp.tv\/2023\/#\/schema\/person\/639c424e3584069003b11ae813915da6","name":"Edici\u00f3n Web","image":{"@type":"ImageObject","inLanguage":"es","@id":"https:\/\/secure.gravatar.com\/avatar\/eee448fc3f7164808013b816ba91ac7e43bbe82a70bebac296f8bc6f0addaa1a?s=96&d=mm&r=g","url":"https:\/\/secure.gravatar.com\/avatar\/eee448fc3f7164808013b816ba91ac7e43bbe82a70bebac296f8bc6f0addaa1a?s=96&d=mm&r=g","contentUrl":"https:\/\/secure.gravatar.com\/avatar\/eee448fc3f7164808013b816ba91ac7e43bbe82a70bebac296f8bc6f0addaa1a?s=96&d=mm&r=g","caption":"Edici\u00f3n Web"},"url":"https:\/\/canal7slp.tv\/2023\/author\/edicionweb\/"}]}},"_links":{"self":[{"href":"https:\/\/canal7slp.tv\/2023\/wp-json\/wp\/v2\/posts\/103803","targetHints":{"allow":["GET"]}}],"collection":[{"href":"https:\/\/canal7slp.tv\/2023\/wp-json\/wp\/v2\/posts"}],"about":[{"href":"https:\/\/canal7slp.tv\/2023\/wp-json\/wp\/v2\/types\/post"}],"author":[{"embeddable":true,"href":"https:\/\/canal7slp.tv\/2023\/wp-json\/wp\/v2\/users\/2"}],"replies":[{"embeddable":true,"href":"https:\/\/canal7slp.tv\/2023\/wp-json\/wp\/v2\/comments?post=103803"}],"version-history":[{"count":2,"href":"https:\/\/canal7slp.tv\/2023\/wp-json\/wp\/v2\/posts\/103803\/revisions"}],"predecessor-version":[{"id":103835,"href":"https:\/\/canal7slp.tv\/2023\/wp-json\/wp\/v2\/posts\/103803\/revisions\/103835"}],"wp:featuredmedia":[{"embeddable":true,"href":"https:\/\/canal7slp.tv\/2023\/wp-json\/wp\/v2\/media\/103834"}],"wp:attachment":[{"href":"https:\/\/canal7slp.tv\/2023\/wp-json\/wp\/v2\/media?parent=103803"}],"wp:term":[{"taxonomy":"category","embeddable":true,"href":"https:\/\/canal7slp.tv\/2023\/wp-json\/wp\/v2\/categories?post=103803"},{"taxonomy":"post_tag","embeddable":true,"href":"https:\/\/canal7slp.tv\/2023\/wp-json\/wp\/v2\/tags?post=103803"}],"curies":[{"name":"wp","href":"https:\/\/api.w.org\/{rel}","templated":true}]}}