{"id":103802,"date":"2023-08-09T16:25:31","date_gmt":"2023-08-09T22:25:31","guid":{"rendered":"https:\/\/canal7slp.tv\/2023\/?p=103802"},"modified":"2023-08-09T16:25:31","modified_gmt":"2023-08-09T22:25:31","slug":"se-inclina-mayoria-de-derechohabientes-del-infonavit-por-vivienda-usada","status":"publish","type":"post","link":"https:\/\/canal7slp.tv\/2023\/se-inclina-mayoria-de-derechohabientes-del-infonavit-por-vivienda-usada\/","title":{"rendered":"Se inclina mayor\u00eda de derechohabientes del INFONAVIT por vivienda usada"},"content":{"rendered":"<p style=\"text-align: justify;\"><span style=\"font-size: 1.21429rem;\">SLP.- Adem\u00e1s de la compra de vivienda nueva, el Infonavit tiene una serie de servicios que enlist\u00f3 el delegado en San Luis Potos\u00ed del instituto, Mario Rojas Hern\u00e1ndez.<\/span><\/p>\n<p style=\"text-align: justify;\">\u201cComo vivienda nueva que es digamos lo m\u00e1s representativo que tiene el Infonavit, bueno tambi\u00e9n tenemos la colocaci\u00f3n de cr\u00e9ditos en otros aspectos como es vivienda usada, como es en terrenos, como es dando cr\u00e9ditos tambi\u00e9n para remodelar, para renovar casa, entonces tenemos un esquema muy amplio\u201d.<\/p>\n<p style=\"text-align: justify;\">Explic\u00f3 porque ha disminuido la compra de casas nuevas.<\/p>\n<p style=\"text-align: justify;\">\u201cEl tema de la vivienda nueva ya no es un tema en el que haya tanta tierra \u00bfno?\u201d.<\/p>\n<p style=\"text-align: justify;\">La vivienda usada, es la compra que se realiza en mayor medida.<\/p>\n<p style=\"text-align: justify;\">\u201cAhorita el esquema que ha tenido m\u00e1s movimiento es la vivienda usada porque digo tenemos una cantidad importante de inventario que son las viviendas que ah\u00ed est\u00e1n\u201d.<\/p>\n<p style=\"text-align: justify;\">Otro de los servicios es la remodelaci\u00f3n o adquisici\u00f3n de tierras.<\/p>\n<p style=\"text-align: justify;\">\u201cSe les ofrece tanto el poder adquirir esa vivienda como est\u00e1, incluso poder remodelarla tambi\u00e9n, poderle darle una nueva vida a la vivienda y pues tambi\u00e9n el esquema de los terrenos que eso es muy novedoso\u201d.<\/p>\n<p style=\"text-align: justify;\">Durante el a\u00f1o 2023, se han colocado cinco mil trescientos cr\u00e9ditos, de los cuales dos mil 800 fueron para comprar vivienda usada.<\/p>\n<p>Por: Juan Carlos Contreras<\/p>\n","protected":false},"excerpt":{"rendered":"<p>SLP.- Adem\u00e1s de la compra de vivienda nueva, el Infonavit tiene una serie de servicios que enlist\u00f3 el delegado en San Luis Potos\u00ed del instituto, Mario Rojas Hern\u00e1ndez. \u201cComo vivienda nueva que es digamos lo m\u00e1s representativo que tiene el Infonavit, bueno tambi\u00e9n tenemos la colocaci\u00f3n de cr\u00e9ditos en otros aspectos como es vivienda usada, como es en terrenos, como es dando cr\u00e9ditos tambi\u00e9n para remodelar, para renovar casa, entonces tenemos un esquema muy amplio\u201d. Explic\u00f3 porque ha disminuido la compra de casas nuevas. \u201cEl tema de la vivienda nueva ya no es un tema en el que haya tanta [&hellip;]<\/p>\n","protected":false},"author":2,"featured_media":103832,"comment_status":"closed","ping_status":"closed","sticky":false,"template":"","format":"video","meta":{"footnotes":""},"categories":[5,45],"tags":[],"class_list":["post-103802","post","type-post","status-publish","format-video","has-post-thumbnail","hentry","category-destacadas","category-localesyregionales","post_format-post-format-video","post--single"],"yoast_head":"<!-- This site is optimized with the Yoast SEO plugin v27.4 - https:\/\/yoast.com\/product\/yoast-seo-wordpress\/ -->\n<title>Se inclina mayor\u00eda de derechohabientes del INFONAVIT por vivienda usada - Canal 7 SLP - 2023<\/title>\n<meta name=\"robots\" content=\"index, follow, max-snippet:-1, max-image-preview:large, max-video-preview:-1\" \/>\n<link rel=\"canonical\" href=\"https:\/\/canal7slp.tv\/2023\/se-inclina-mayoria-de-derechohabientes-del-infonavit-por-vivienda-usada\/\" \/>\n<meta property=\"og:locale\" content=\"es_ES\" \/>\n<meta property=\"og:type\" content=\"article\" \/>\n<meta property=\"og:title\" content=\"Se inclina mayor\u00eda de derechohabientes del INFONAVIT por vivienda usada - Canal 7 SLP - 2023\" \/>\n<meta property=\"og:description\" content=\"SLP.- Adem\u00e1s de la compra de vivienda nueva, el Infonavit tiene una serie de servicios que enlist\u00f3 el delegado en San Luis Potos\u00ed del instituto, Mario Rojas Hern\u00e1ndez. \u201cComo vivienda nueva que es digamos lo m\u00e1s representativo que tiene el Infonavit, bueno tambi\u00e9n tenemos la colocaci\u00f3n de cr\u00e9ditos en otros aspectos como es vivienda usada, como es en terrenos, como es dando cr\u00e9ditos tambi\u00e9n para remodelar, para renovar casa, entonces tenemos un esquema muy amplio\u201d. Explic\u00f3 porque ha disminuido la compra de casas nuevas. \u201cEl tema de la vivienda nueva ya no es un tema en el que haya tanta [&hellip;]\" \/>\n<meta property=\"og:url\" content=\"https:\/\/canal7slp.tv\/2023\/se-inclina-mayoria-de-derechohabientes-del-infonavit-por-vivienda-usada\/\" \/>\n<meta property=\"og:site_name\" content=\"Canal 7 SLP - 2023\" \/>\n<meta property=\"article:publisher\" content=\"https:\/\/www.facebook.com\/noticieroscanalsiete\" \/>\n<meta property=\"article:published_time\" content=\"2023-08-09T22:25:31+00:00\" \/>\n<meta property=\"og:image\" content=\"https:\/\/canal7slp.tv\/2023\/wp-content\/uploads\/2023\/08\/Poky02InfonavitSegundas.jpg\" \/>\n\t<meta property=\"og:image:width\" content=\"1280\" \/>\n\t<meta property=\"og:image:height\" content=\"720\" \/>\n\t<meta property=\"og:image:type\" content=\"image\/jpeg\" \/>\n<meta name=\"author\" content=\"Edici\u00f3n Web\" \/>\n<meta name=\"twitter:card\" content=\"summary_large_image\" \/>\n<meta name=\"twitter:creator\" content=\"@NOTICIEROS7\" \/>\n<meta name=\"twitter:site\" content=\"@NOTICIEROS7\" \/>\n<meta name=\"twitter:label1\" content=\"Escrito por\" \/>\n\t<meta name=\"twitter:data1\" content=\"Edici\u00f3n Web\" \/>\n\t<meta name=\"twitter:label2\" content=\"Tiempo de lectura\" \/>\n\t<meta name=\"twitter:data2\" content=\"1 minuto\" \/>\n<script type=\"application\/ld+json\" class=\"yoast-schema-graph\">{\"@context\":\"https:\\\/\\\/schema.org\",\"@graph\":[{\"@type\":\"Article\",\"@id\":\"https:\\\/\\\/canal7slp.tv\\\/2023\\\/se-inclina-mayoria-de-derechohabientes-del-infonavit-por-vivienda-usada\\\/#article\",\"isPartOf\":{\"@id\":\"https:\\\/\\\/canal7slp.tv\\\/2023\\\/se-inclina-mayoria-de-derechohabientes-del-infonavit-por-vivienda-usada\\\/\"},\"author\":{\"name\":\"Edici\u00f3n Web\",\"@id\":\"https:\\\/\\\/canal7slp.tv\\\/2023\\\/#\\\/schema\\\/person\\\/639c424e3584069003b11ae813915da6\"},\"headline\":\"Se inclina mayor\u00eda de derechohabientes del INFONAVIT por vivienda usada\",\"datePublished\":\"2023-08-09T22:25:31+00:00\",\"mainEntityOfPage\":{\"@id\":\"https:\\\/\\\/canal7slp.tv\\\/2023\\\/se-inclina-mayoria-de-derechohabientes-del-infonavit-por-vivienda-usada\\\/\"},\"wordCount\":240,\"publisher\":{\"@id\":\"https:\\\/\\\/canal7slp.tv\\\/2023\\\/#organization\"},\"image\":{\"@id\":\"https:\\\/\\\/canal7slp.tv\\\/2023\\\/se-inclina-mayoria-de-derechohabientes-del-infonavit-por-vivienda-usada\\\/#primaryimage\"},\"thumbnailUrl\":\"https:\\\/\\\/canal7slp.tv\\\/2023\\\/wp-content\\\/uploads\\\/2023\\\/08\\\/Poky02InfonavitSegundas.jpg\",\"articleSection\":[\"DESTACADAS\",\"LOCALES Y REGIONALES\"],\"inLanguage\":\"es\"},{\"@type\":\"WebPage\",\"@id\":\"https:\\\/\\\/canal7slp.tv\\\/2023\\\/se-inclina-mayoria-de-derechohabientes-del-infonavit-por-vivienda-usada\\\/\",\"url\":\"https:\\\/\\\/canal7slp.tv\\\/2023\\\/se-inclina-mayoria-de-derechohabientes-del-infonavit-por-vivienda-usada\\\/\",\"name\":\"Se inclina mayor\u00eda de derechohabientes del INFONAVIT por vivienda usada - Canal 7 SLP - 2023\",\"isPartOf\":{\"@id\":\"https:\\\/\\\/canal7slp.tv\\\/2023\\\/#website\"},\"primaryImageOfPage\":{\"@id\":\"https:\\\/\\\/canal7slp.tv\\\/2023\\\/se-inclina-mayoria-de-derechohabientes-del-infonavit-por-vivienda-usada\\\/#primaryimage\"},\"image\":{\"@id\":\"https:\\\/\\\/canal7slp.tv\\\/2023\\\/se-inclina-mayoria-de-derechohabientes-del-infonavit-por-vivienda-usada\\\/#primaryimage\"},\"thumbnailUrl\":\"https:\\\/\\\/canal7slp.tv\\\/2023\\\/wp-content\\\/uploads\\\/2023\\\/08\\\/Poky02InfonavitSegundas.jpg\",\"datePublished\":\"2023-08-09T22:25:31+00:00\",\"breadcrumb\":{\"@id\":\"https:\\\/\\\/canal7slp.tv\\\/2023\\\/se-inclina-mayoria-de-derechohabientes-del-infonavit-por-vivienda-usada\\\/#breadcrumb\"},\"inLanguage\":\"es\",\"potentialAction\":[{\"@type\":\"ReadAction\",\"target\":[\"https:\\\/\\\/canal7slp.tv\\\/2023\\\/se-inclina-mayoria-de-derechohabientes-del-infonavit-por-vivienda-usada\\\/\"]}]},{\"@type\":\"ImageObject\",\"inLanguage\":\"es\",\"@id\":\"https:\\\/\\\/canal7slp.tv\\\/2023\\\/se-inclina-mayoria-de-derechohabientes-del-infonavit-por-vivienda-usada\\\/#primaryimage\",\"url\":\"https:\\\/\\\/canal7slp.tv\\\/2023\\\/wp-content\\\/uploads\\\/2023\\\/08\\\/Poky02InfonavitSegundas.jpg\",\"contentUrl\":\"https:\\\/\\\/canal7slp.tv\\\/2023\\\/wp-content\\\/uploads\\\/2023\\\/08\\\/Poky02InfonavitSegundas.jpg\",\"width\":1280,\"height\":720},{\"@type\":\"BreadcrumbList\",\"@id\":\"https:\\\/\\\/canal7slp.tv\\\/2023\\\/se-inclina-mayoria-de-derechohabientes-del-infonavit-por-vivienda-usada\\\/#breadcrumb\",\"itemListElement\":[{\"@type\":\"ListItem\",\"position\":1,\"name\":\"Portada\",\"item\":\"https:\\\/\\\/canal7slp.tv\\\/2023\\\/\"},{\"@type\":\"ListItem\",\"position\":2,\"name\":\"Se inclina mayor\u00eda de derechohabientes del INFONAVIT por vivienda usada\"}]},{\"@type\":\"WebSite\",\"@id\":\"https:\\\/\\\/canal7slp.tv\\\/2023\\\/#website\",\"url\":\"https:\\\/\\\/canal7slp.tv\\\/2023\\\/\",\"name\":\"N7 - Noticieros Canal 7\",\"description\":\"Somos Televisi\u00f3n\",\"publisher\":{\"@id\":\"https:\\\/\\\/canal7slp.tv\\\/2023\\\/#organization\"},\"potentialAction\":[{\"@type\":\"SearchAction\",\"target\":{\"@type\":\"EntryPoint\",\"urlTemplate\":\"https:\\\/\\\/canal7slp.tv\\\/2023\\\/?s={search_term_string}\"},\"query-input\":{\"@type\":\"PropertyValueSpecification\",\"valueRequired\":true,\"valueName\":\"search_term_string\"}}],\"inLanguage\":\"es\"},{\"@type\":\"Organization\",\"@id\":\"https:\\\/\\\/canal7slp.tv\\\/2023\\\/#organization\",\"name\":\"Noticieros Canal 7\",\"url\":\"https:\\\/\\\/canal7slp.tv\\\/2023\\\/\",\"logo\":{\"@type\":\"ImageObject\",\"inLanguage\":\"es\",\"@id\":\"https:\\\/\\\/canal7slp.tv\\\/2023\\\/#\\\/schema\\\/logo\\\/image\\\/\",\"url\":\"https:\\\/\\\/canal7slp.tv\\\/2023\\\/wp-content\\\/uploads\\\/2021\\\/01\\\/logo-noticieros@2x.png\",\"contentUrl\":\"https:\\\/\\\/canal7slp.tv\\\/2023\\\/wp-content\\\/uploads\\\/2021\\\/01\\\/logo-noticieros@2x.png\",\"width\":1017,\"height\":268,\"caption\":\"Noticieros Canal 7\"},\"image\":{\"@id\":\"https:\\\/\\\/canal7slp.tv\\\/2023\\\/#\\\/schema\\\/logo\\\/image\\\/\"},\"sameAs\":[\"https:\\\/\\\/www.facebook.com\\\/noticieroscanalsiete\",\"https:\\\/\\\/x.com\\\/NOTICIEROS7\",\"https:\\\/\\\/www.instagram.com\\\/canal7_slp\",\"https:\\\/\\\/www.youtube.com\\\/channel\\\/UCliiYs-gP3JfJeqdPrNdd5A\"]},{\"@type\":\"Person\",\"@id\":\"https:\\\/\\\/canal7slp.tv\\\/2023\\\/#\\\/schema\\\/person\\\/639c424e3584069003b11ae813915da6\",\"name\":\"Edici\u00f3n Web\",\"image\":{\"@type\":\"ImageObject\",\"inLanguage\":\"es\",\"@id\":\"https:\\\/\\\/secure.gravatar.com\\\/avatar\\\/eee448fc3f7164808013b816ba91ac7e43bbe82a70bebac296f8bc6f0addaa1a?s=96&d=mm&r=g\",\"url\":\"https:\\\/\\\/secure.gravatar.com\\\/avatar\\\/eee448fc3f7164808013b816ba91ac7e43bbe82a70bebac296f8bc6f0addaa1a?s=96&d=mm&r=g\",\"contentUrl\":\"https:\\\/\\\/secure.gravatar.com\\\/avatar\\\/eee448fc3f7164808013b816ba91ac7e43bbe82a70bebac296f8bc6f0addaa1a?s=96&d=mm&r=g\",\"caption\":\"Edici\u00f3n Web\"},\"url\":\"https:\\\/\\\/canal7slp.tv\\\/2023\\\/author\\\/edicionweb\\\/\"}]}<\/script>\n<!-- \/ Yoast SEO plugin. -->","yoast_head_json":{"title":"Se inclina mayor\u00eda de derechohabientes del INFONAVIT por vivienda usada - Canal 7 SLP - 2023","robots":{"index":"index","follow":"follow","max-snippet":"max-snippet:-1","max-image-preview":"max-image-preview:large","max-video-preview":"max-video-preview:-1"},"canonical":"https:\/\/canal7slp.tv\/2023\/se-inclina-mayoria-de-derechohabientes-del-infonavit-por-vivienda-usada\/","og_locale":"es_ES","og_type":"article","og_title":"Se inclina mayor\u00eda de derechohabientes del INFONAVIT por vivienda usada - Canal 7 SLP - 2023","og_description":"SLP.- Adem\u00e1s de la compra de vivienda nueva, el Infonavit tiene una serie de servicios que enlist\u00f3 el delegado en San Luis Potos\u00ed del instituto, Mario Rojas Hern\u00e1ndez. \u201cComo vivienda nueva que es digamos lo m\u00e1s representativo que tiene el Infonavit, bueno tambi\u00e9n tenemos la colocaci\u00f3n de cr\u00e9ditos en otros aspectos como es vivienda usada, como es en terrenos, como es dando cr\u00e9ditos tambi\u00e9n para remodelar, para renovar casa, entonces tenemos un esquema muy amplio\u201d. Explic\u00f3 porque ha disminuido la compra de casas nuevas. \u201cEl tema de la vivienda nueva ya no es un tema en el que haya tanta [&hellip;]","og_url":"https:\/\/canal7slp.tv\/2023\/se-inclina-mayoria-de-derechohabientes-del-infonavit-por-vivienda-usada\/","og_site_name":"Canal 7 SLP - 2023","article_publisher":"https:\/\/www.facebook.com\/noticieroscanalsiete","article_published_time":"2023-08-09T22:25:31+00:00","og_image":[{"width":1280,"height":720,"url":"https:\/\/canal7slp.tv\/2023\/wp-content\/uploads\/2023\/08\/Poky02InfonavitSegundas.jpg","type":"image\/jpeg"}],"author":"Edici\u00f3n Web","twitter_card":"summary_large_image","twitter_creator":"@NOTICIEROS7","twitter_site":"@NOTICIEROS7","twitter_misc":{"Escrito por":"Edici\u00f3n Web","Tiempo de lectura":"1 minuto"},"schema":{"@context":"https:\/\/schema.org","@graph":[{"@type":"Article","@id":"https:\/\/canal7slp.tv\/2023\/se-inclina-mayoria-de-derechohabientes-del-infonavit-por-vivienda-usada\/#article","isPartOf":{"@id":"https:\/\/canal7slp.tv\/2023\/se-inclina-mayoria-de-derechohabientes-del-infonavit-por-vivienda-usada\/"},"author":{"name":"Edici\u00f3n Web","@id":"https:\/\/canal7slp.tv\/2023\/#\/schema\/person\/639c424e3584069003b11ae813915da6"},"headline":"Se inclina mayor\u00eda de derechohabientes del INFONAVIT por vivienda usada","datePublished":"2023-08-09T22:25:31+00:00","mainEntityOfPage":{"@id":"https:\/\/canal7slp.tv\/2023\/se-inclina-mayoria-de-derechohabientes-del-infonavit-por-vivienda-usada\/"},"wordCount":240,"publisher":{"@id":"https:\/\/canal7slp.tv\/2023\/#organization"},"image":{"@id":"https:\/\/canal7slp.tv\/2023\/se-inclina-mayoria-de-derechohabientes-del-infonavit-por-vivienda-usada\/#primaryimage"},"thumbnailUrl":"https:\/\/canal7slp.tv\/2023\/wp-content\/uploads\/2023\/08\/Poky02InfonavitSegundas.jpg","articleSection":["DESTACADAS","LOCALES Y REGIONALES"],"inLanguage":"es"},{"@type":"WebPage","@id":"https:\/\/canal7slp.tv\/2023\/se-inclina-mayoria-de-derechohabientes-del-infonavit-por-vivienda-usada\/","url":"https:\/\/canal7slp.tv\/2023\/se-inclina-mayoria-de-derechohabientes-del-infonavit-por-vivienda-usada\/","name":"Se inclina mayor\u00eda de derechohabientes del INFONAVIT por vivienda usada - Canal 7 SLP - 2023","isPartOf":{"@id":"https:\/\/canal7slp.tv\/2023\/#website"},"primaryImageOfPage":{"@id":"https:\/\/canal7slp.tv\/2023\/se-inclina-mayoria-de-derechohabientes-del-infonavit-por-vivienda-usada\/#primaryimage"},"image":{"@id":"https:\/\/canal7slp.tv\/2023\/se-inclina-mayoria-de-derechohabientes-del-infonavit-por-vivienda-usada\/#primaryimage"},"thumbnailUrl":"https:\/\/canal7slp.tv\/2023\/wp-content\/uploads\/2023\/08\/Poky02InfonavitSegundas.jpg","datePublished":"2023-08-09T22:25:31+00:00","breadcrumb":{"@id":"https:\/\/canal7slp.tv\/2023\/se-inclina-mayoria-de-derechohabientes-del-infonavit-por-vivienda-usada\/#breadcrumb"},"inLanguage":"es","potentialAction":[{"@type":"ReadAction","target":["https:\/\/canal7slp.tv\/2023\/se-inclina-mayoria-de-derechohabientes-del-infonavit-por-vivienda-usada\/"]}]},{"@type":"ImageObject","inLanguage":"es","@id":"https:\/\/canal7slp.tv\/2023\/se-inclina-mayoria-de-derechohabientes-del-infonavit-por-vivienda-usada\/#primaryimage","url":"https:\/\/canal7slp.tv\/2023\/wp-content\/uploads\/2023\/08\/Poky02InfonavitSegundas.jpg","contentUrl":"https:\/\/canal7slp.tv\/2023\/wp-content\/uploads\/2023\/08\/Poky02InfonavitSegundas.jpg","width":1280,"height":720},{"@type":"BreadcrumbList","@id":"https:\/\/canal7slp.tv\/2023\/se-inclina-mayoria-de-derechohabientes-del-infonavit-por-vivienda-usada\/#breadcrumb","itemListElement":[{"@type":"ListItem","position":1,"name":"Portada","item":"https:\/\/canal7slp.tv\/2023\/"},{"@type":"ListItem","position":2,"name":"Se inclina mayor\u00eda de derechohabientes del INFONAVIT por vivienda usada"}]},{"@type":"WebSite","@id":"https:\/\/canal7slp.tv\/2023\/#website","url":"https:\/\/canal7slp.tv\/2023\/","name":"N7 - Noticieros Canal 7","description":"Somos Televisi\u00f3n","publisher":{"@id":"https:\/\/canal7slp.tv\/2023\/#organization"},"potentialAction":[{"@type":"SearchAction","target":{"@type":"EntryPoint","urlTemplate":"https:\/\/canal7slp.tv\/2023\/?s={search_term_string}"},"query-input":{"@type":"PropertyValueSpecification","valueRequired":true,"valueName":"search_term_string"}}],"inLanguage":"es"},{"@type":"Organization","@id":"https:\/\/canal7slp.tv\/2023\/#organization","name":"Noticieros Canal 7","url":"https:\/\/canal7slp.tv\/2023\/","logo":{"@type":"ImageObject","inLanguage":"es","@id":"https:\/\/canal7slp.tv\/2023\/#\/schema\/logo\/image\/","url":"https:\/\/canal7slp.tv\/2023\/wp-content\/uploads\/2021\/01\/logo-noticieros@2x.png","contentUrl":"https:\/\/canal7slp.tv\/2023\/wp-content\/uploads\/2021\/01\/logo-noticieros@2x.png","width":1017,"height":268,"caption":"Noticieros Canal 7"},"image":{"@id":"https:\/\/canal7slp.tv\/2023\/#\/schema\/logo\/image\/"},"sameAs":["https:\/\/www.facebook.com\/noticieroscanalsiete","https:\/\/x.com\/NOTICIEROS7","https:\/\/www.instagram.com\/canal7_slp","https:\/\/www.youtube.com\/channel\/UCliiYs-gP3JfJeqdPrNdd5A"]},{"@type":"Person","@id":"https:\/\/canal7slp.tv\/2023\/#\/schema\/person\/639c424e3584069003b11ae813915da6","name":"Edici\u00f3n Web","image":{"@type":"ImageObject","inLanguage":"es","@id":"https:\/\/secure.gravatar.com\/avatar\/eee448fc3f7164808013b816ba91ac7e43bbe82a70bebac296f8bc6f0addaa1a?s=96&d=mm&r=g","url":"https:\/\/secure.gravatar.com\/avatar\/eee448fc3f7164808013b816ba91ac7e43bbe82a70bebac296f8bc6f0addaa1a?s=96&d=mm&r=g","contentUrl":"https:\/\/secure.gravatar.com\/avatar\/eee448fc3f7164808013b816ba91ac7e43bbe82a70bebac296f8bc6f0addaa1a?s=96&d=mm&r=g","caption":"Edici\u00f3n Web"},"url":"https:\/\/canal7slp.tv\/2023\/author\/edicionweb\/"}]}},"_links":{"self":[{"href":"https:\/\/canal7slp.tv\/2023\/wp-json\/wp\/v2\/posts\/103802","targetHints":{"allow":["GET"]}}],"collection":[{"href":"https:\/\/canal7slp.tv\/2023\/wp-json\/wp\/v2\/posts"}],"about":[{"href":"https:\/\/canal7slp.tv\/2023\/wp-json\/wp\/v2\/types\/post"}],"author":[{"embeddable":true,"href":"https:\/\/canal7slp.tv\/2023\/wp-json\/wp\/v2\/users\/2"}],"replies":[{"embeddable":true,"href":"https:\/\/canal7slp.tv\/2023\/wp-json\/wp\/v2\/comments?post=103802"}],"version-history":[{"count":2,"href":"https:\/\/canal7slp.tv\/2023\/wp-json\/wp\/v2\/posts\/103802\/revisions"}],"predecessor-version":[{"id":103833,"href":"https:\/\/canal7slp.tv\/2023\/wp-json\/wp\/v2\/posts\/103802\/revisions\/103833"}],"wp:featuredmedia":[{"embeddable":true,"href":"https:\/\/canal7slp.tv\/2023\/wp-json\/wp\/v2\/media\/103832"}],"wp:attachment":[{"href":"https:\/\/canal7slp.tv\/2023\/wp-json\/wp\/v2\/media?parent=103802"}],"wp:term":[{"taxonomy":"category","embeddable":true,"href":"https:\/\/canal7slp.tv\/2023\/wp-json\/wp\/v2\/categories?post=103802"},{"taxonomy":"post_tag","embeddable":true,"href":"https:\/\/canal7slp.tv\/2023\/wp-json\/wp\/v2\/tags?post=103802"}],"curies":[{"name":"wp","href":"https:\/\/api.w.org\/{rel}","templated":true}]}}